{"id":10218,"date":"2021-09-14T01:56:00","date_gmt":"2021-09-14T00:56:00","guid":{"rendered":"http:\/\/spazio-news.it\/?p=10218"},"modified":"2021-09-11T13:58:20","modified_gmt":"2021-09-11T12:58:20","slug":"la-crescita-economica-ce-ma-rallenta-ad-agosto","status":"publish","type":"post","link":"http:\/\/spazio-news.it\/?p=10218","title":{"rendered":"LA CRESCITA ECONOMICA C\u2019\u00c8, MA RALLENTA AD AGOSTO"},"content":{"rendered":"\n<p><em>\u201cDopo la forte ripresa nella prima parte dell\u2019anno legata alla progressiva rimozione delle misure di distanziamento, l\u2019economia mondiale ha mostrato segni di decelerazione, risentendo dell\u2019andamento del settore industriale<\/em>\u201d. A renderlo noto \u00e8 l\u2019<a href=\"https:\/\/www.istat.it\">Istituto Nazionale di Statistica \u2013 Istat<\/a> con l\u2019<a href=\"https:\/\/www.istat.it\/it\/archivio\/260927\">ultima nota mensile sull\u2019andamento dell\u2019economia nel nostro Paese<\/a>.<\/p>\n<p>Nel secondo trimestre, il Prodotto Interno Lordo &#8211; Pil italiano ha segnato un aumento congiunturale, pari al 2,7%, pi\u00f9 accentuato di quello registrato da Francia e Germania. La variazione acquisita per il 2021 \u00e8 +4,7%. A luglio, \u00e8 proseguita la fase di recupero della produzione industriale. L\u2019indice misurato al netto delle costruzioni si \u00e8 attestato sui livelli pre-crisi, segnando un ulteriore rialzo congiunturale (+0,8%).<\/p>\n<p>La crescita economica ha determinato un miglioramento anche del mercato del lavoro, con un aumento significativo nel secondo trimestre delle ore lavorate e delle unit\u00e0 di lavoro. I dati di luglio indicano un livello dei lavoratori dipendenti superiore a quello di febbraio 2020 sebbene il totale degli occupati sia ancora inferiore di 265.000 unit\u00e0.<\/p>\n<p>Il clima di fiducia, ad agosto, ha registrato un lieve peggioramento sia per le famiglie sia per le imprese; per queste ultime la limitata flessione appare attribuibile a una parziale correzione rispetto ai livelli particolarmente elevati raggiunti nei mesi precedenti<\/p>\n","protected":false},"excerpt":{"rendered":"<p>\u201cDopo la forte ripresa nella prima parte dell\u2019anno legata alla progressiva rimozione delle misure di distanziamento, l\u2019economia mondiale ha mostrato<\/p>\n","protected":false},"author":1,"featured_media":8298,"comment_status":"closed","ping_status":"open","sticky":false,"template":"","format":"standard","meta":{"colormag_page_container_layout":"default_layout","colormag_page_sidebar_layout":"default_layout","footnotes":""},"categories":[32,6],"tags":[1657,447,2460,2322,558,39,4822,446],"class_list":["post-10218","post","type-post","status-publish","format-standard","has-post-thumbnail","hentry","category-prima-pagina","category-economia-societa","tag-dati-occupazione","tag-disoccupazione","tag-economia-internazionale","tag-economia-italiana","tag-istituto-nazionale-di-statistica-istat","tag-lavoro","tag-nota-trimestrale-occupazione-italiana","tag-occupazione"],"yoast_head":"<!-- This site is optimized with the Yoast SEO plugin v26.8 - https:\/\/yoast.com\/product\/yoast-seo-wordpress\/ -->\n<title>LA CRESCITA ECONOMICA C\u2019\u00c8, MA RALLENTA AD AGOSTO &#187; Spazio-News Magazine<\/title>\n<meta name=\"description\" content=\"Dopo la forte ripresa nella prima parte dell\u2019anno legata alla progressiva rimozione delle misure di distanziamento, l\u2019economia mondiale ha\" \/>\n<meta name=\"robots\" content=\"index, follow, max-snippet:-1, max-image-preview:large, max-video-preview:-1\" \/>\n<link rel=\"canonical\" href=\"http:\/\/spazio-news.it\/?p=10218\" \/>\n<meta property=\"og:locale\" content=\"it_IT\" \/>\n<meta property=\"og:type\" content=\"article\" \/>\n<meta property=\"og:title\" content=\"LA CRESCITA ECONOMICA C\u2019\u00c8, MA RALLENTA AD AGOSTO &#187; Spazio-News Magazine\" \/>\n<meta property=\"og:description\" content=\"Dopo la forte ripresa nella prima parte dell\u2019anno legata alla progressiva rimozione delle misure di distanziamento, l\u2019economia mondiale ha\" \/>\n<meta property=\"og:url\" content=\"http:\/\/spazio-news.it\/?p=10218\" \/>\n<meta property=\"og:site_name\" content=\"Spazio-News Magazine\" \/>\n<meta property=\"article:publisher\" content=\"https:\/\/m.facebook.com\/spazio-news-magazine\" \/>\n<meta property=\"article:author\" content=\"@SpazioNewsMagazine\" \/>\n<meta property=\"article:published_time\" content=\"2021-09-14T00:56:00+00:00\" \/>\n<meta property=\"og:image\" content=\"http:\/\/spazio-news.it\/wp-content\/uploads\/2020\/03\/Cargo-logistica-lavoro-economia-export-import.jpg\" \/>\n\t<meta property=\"og:image:width\" content=\"800\" \/>\n\t<meta property=\"og:image:height\" content=\"446\" \/>\n\t<meta property=\"og:image:type\" content=\"image\/jpeg\" \/>\n<meta name=\"author\" content=\"Redazione\" \/>\n<meta name=\"twitter:card\" content=\"summary_large_image\" \/>\n<meta name=\"twitter:creator\" content=\"@news_spazio\" \/>\n<meta name=\"twitter:site\" content=\"@News_spazio\" \/>\n<meta name=\"twitter:label1\" content=\"Scritto da\" \/>\n\t<meta name=\"twitter:data1\" content=\"Redazione\" \/>\n\t<meta name=\"twitter:label2\" content=\"Tempo di lettura stimato\" \/>\n\t<meta name=\"twitter:data2\" content=\"1 minuto\" \/>\n<script type=\"application\/ld+json\" class=\"yoast-schema-graph\">{\"@context\":\"https:\/\/schema.org\",\"@graph\":[{\"@type\":\"NewsArticle\",\"@id\":\"http:\/\/spazio-news.it\/?p=10218#article\",\"isPartOf\":{\"@id\":\"http:\/\/spazio-news.it\/?p=10218\"},\"author\":{\"name\":\"Redazione\",\"@id\":\"https:\/\/spazio-news.it\/#\/schema\/person\/c600904e882e9e166ed8e5e3773d37b3\"},\"headline\":\"LA CRESCITA ECONOMICA C\u2019\u00c8, MA RALLENTA AD AGOSTO\",\"datePublished\":\"2021-09-14T00:56:00+00:00\",\"mainEntityOfPage\":{\"@id\":\"http:\/\/spazio-news.it\/?p=10218\"},\"wordCount\":210,\"publisher\":{\"@id\":\"https:\/\/spazio-news.it\/#organization\"},\"image\":{\"@id\":\"http:\/\/spazio-news.it\/?p=10218#primaryimage\"},\"thumbnailUrl\":\"http:\/\/spazio-news.it\/wp-content\/uploads\/2020\/03\/Cargo-logistica-lavoro-economia-export-import.jpg\",\"keywords\":[\"Dati occupazione\",\"disoccupazione\",\"economia internazionale\",\"Economia Italiana\",\"Istituto Nazionale di Statistica \u2013 ISTAT\",\"lavoro\",\"Nota trimestrale occupazione italiana\",\"occupazione\"],\"articleSection\":[\"01 - PRIMA PAGINA\",\"04 - ECONOMIA &amp; SOCIET\u00c0\"],\"inLanguage\":\"it-IT\"},{\"@type\":\"WebPage\",\"@id\":\"http:\/\/spazio-news.it\/?p=10218\",\"url\":\"http:\/\/spazio-news.it\/?p=10218\",\"name\":\"LA CRESCITA ECONOMICA C\u2019\u00c8, MA RALLENTA AD AGOSTO &#187; Spazio-News Magazine\",\"isPartOf\":{\"@id\":\"https:\/\/spazio-news.it\/#website\"},\"primaryImageOfPage\":{\"@id\":\"http:\/\/spazio-news.it\/?p=10218#primaryimage\"},\"image\":{\"@id\":\"http:\/\/spazio-news.it\/?p=10218#primaryimage\"},\"thumbnailUrl\":\"http:\/\/spazio-news.it\/wp-content\/uploads\/2020\/03\/Cargo-logistica-lavoro-economia-export-import.jpg\",\"datePublished\":\"2021-09-14T00:56:00+00:00\",\"description\":\"Dopo la forte ripresa nella prima parte dell\u2019anno legata alla progressiva rimozione delle misure di distanziamento, l\u2019economia mondiale ha\",\"breadcrumb\":{\"@id\":\"http:\/\/spazio-news.it\/?p=10218#breadcrumb\"},\"inLanguage\":\"it-IT\",\"potentialAction\":[{\"@type\":\"ReadAction\",\"target\":[\"http:\/\/spazio-news.it\/?p=10218\"]}]},{\"@type\":\"ImageObject\",\"inLanguage\":\"it-IT\",\"@id\":\"http:\/\/spazio-news.it\/?p=10218#primaryimage\",\"url\":\"http:\/\/spazio-news.it\/wp-content\/uploads\/2020\/03\/Cargo-logistica-lavoro-economia-export-import.jpg\",\"contentUrl\":\"http:\/\/spazio-news.it\/wp-content\/uploads\/2020\/03\/Cargo-logistica-lavoro-economia-export-import.jpg\",\"width\":800,\"height\":446,\"caption\":\"Cargo logistica lavoro economia export import\"},{\"@type\":\"BreadcrumbList\",\"@id\":\"http:\/\/spazio-news.it\/?p=10218#breadcrumb\",\"itemListElement\":[{\"@type\":\"ListItem\",\"position\":1,\"name\":\"Home\",\"item\":\"https:\/\/spazio-news.it\/\"},{\"@type\":\"ListItem\",\"position\":2,\"name\":\"LA CRESCITA ECONOMICA C\u2019\u00c8, MA RALLENTA AD AGOSTO\"}]},{\"@type\":\"WebSite\",\"@id\":\"https:\/\/spazio-news.it\/#website\",\"url\":\"https:\/\/spazio-news.it\/\",\"name\":\"Spazio-News Magazine\",\"description\":\"La guida che sfida la complessit\u00e0 del mondo industriale\",\"publisher\":{\"@id\":\"https:\/\/spazio-news.it\/#organization\"},\"alternateName\":\"Spazio-news.it\",\"potentialAction\":[{\"@type\":\"SearchAction\",\"target\":{\"@type\":\"EntryPoint\",\"urlTemplate\":\"https:\/\/spazio-news.it\/?s={search_term_string}\"},\"query-input\":{\"@type\":\"PropertyValueSpecification\",\"valueRequired\":true,\"valueName\":\"search_term_string\"}}],\"inLanguage\":\"it-IT\"},{\"@type\":\"Organization\",\"@id\":\"https:\/\/spazio-news.it\/#organization\",\"name\":\"Spazio-News Magazine\",\"url\":\"https:\/\/spazio-news.it\/\",\"logo\":{\"@type\":\"ImageObject\",\"inLanguage\":\"it-IT\",\"@id\":\"https:\/\/spazio-news.it\/#\/schema\/logo\/image\/\",\"url\":\"http:\/\/spazio-news.it\/wp-content\/uploads\/2023\/09\/Logo-Spazio-News-512-x-512-NO-testo.jpg\",\"contentUrl\":\"http:\/\/spazio-news.it\/wp-content\/uploads\/2023\/09\/Logo-Spazio-News-512-x-512-NO-testo.jpg\",\"width\":512,\"height\":512,\"caption\":\"Spazio-News Magazine\"},\"image\":{\"@id\":\"https:\/\/spazio-news.it\/#\/schema\/logo\/image\/\"},\"sameAs\":[\"https:\/\/m.facebook.com\/spazio-news-magazine\",\"https:\/\/x.com\/News_spazio\"]},{\"@type\":\"Person\",\"@id\":\"https:\/\/spazio-news.it\/#\/schema\/person\/c600904e882e9e166ed8e5e3773d37b3\",\"name\":\"Redazione\",\"sameAs\":[\"http:\/\/spazio-news.it\",\"@SpazioNewsMagazine\",\"https:\/\/x.com\/@news_spazio\"],\"url\":\"http:\/\/spazio-news.it\/?author=1\"}]}<\/script>\n<!-- \/ Yoast SEO plugin. -->","yoast_head_json":{"title":"LA CRESCITA ECONOMICA C\u2019\u00c8, MA RALLENTA AD AGOSTO &#187; Spazio-News Magazine","description":"Dopo la forte ripresa nella prima parte dell\u2019anno legata alla progressiva rimozione delle misure di distanziamento, l\u2019economia mondiale ha","robots":{"index":"index","follow":"follow","max-snippet":"max-snippet:-1","max-image-preview":"max-image-preview:large","max-video-preview":"max-video-preview:-1"},"canonical":"http:\/\/spazio-news.it\/?p=10218","og_locale":"it_IT","og_type":"article","og_title":"LA CRESCITA ECONOMICA C\u2019\u00c8, MA RALLENTA AD AGOSTO &#187; Spazio-News Magazine","og_description":"Dopo la forte ripresa nella prima parte dell\u2019anno legata alla progressiva rimozione delle misure di distanziamento, l\u2019economia mondiale ha","og_url":"http:\/\/spazio-news.it\/?p=10218","og_site_name":"Spazio-News Magazine","article_publisher":"https:\/\/m.facebook.com\/spazio-news-magazine","article_author":"@SpazioNewsMagazine","article_published_time":"2021-09-14T00:56:00+00:00","og_image":[{"width":800,"height":446,"url":"http:\/\/spazio-news.it\/wp-content\/uploads\/2020\/03\/Cargo-logistica-lavoro-economia-export-import.jpg","type":"image\/jpeg"}],"author":"Redazione","twitter_card":"summary_large_image","twitter_creator":"@news_spazio","twitter_site":"@News_spazio","twitter_misc":{"Scritto da":"Redazione","Tempo di lettura stimato":"1 minuto"},"schema":{"@context":"https:\/\/schema.org","@graph":[{"@type":"NewsArticle","@id":"http:\/\/spazio-news.it\/?p=10218#article","isPartOf":{"@id":"http:\/\/spazio-news.it\/?p=10218"},"author":{"name":"Redazione","@id":"https:\/\/spazio-news.it\/#\/schema\/person\/c600904e882e9e166ed8e5e3773d37b3"},"headline":"LA CRESCITA ECONOMICA C\u2019\u00c8, MA RALLENTA AD AGOSTO","datePublished":"2021-09-14T00:56:00+00:00","mainEntityOfPage":{"@id":"http:\/\/spazio-news.it\/?p=10218"},"wordCount":210,"publisher":{"@id":"https:\/\/spazio-news.it\/#organization"},"image":{"@id":"http:\/\/spazio-news.it\/?p=10218#primaryimage"},"thumbnailUrl":"http:\/\/spazio-news.it\/wp-content\/uploads\/2020\/03\/Cargo-logistica-lavoro-economia-export-import.jpg","keywords":["Dati occupazione","disoccupazione","economia internazionale","Economia Italiana","Istituto Nazionale di Statistica \u2013 ISTAT","lavoro","Nota trimestrale occupazione italiana","occupazione"],"articleSection":["01 - PRIMA PAGINA","04 - ECONOMIA &amp; SOCIET\u00c0"],"inLanguage":"it-IT"},{"@type":"WebPage","@id":"http:\/\/spazio-news.it\/?p=10218","url":"http:\/\/spazio-news.it\/?p=10218","name":"LA CRESCITA ECONOMICA C\u2019\u00c8, MA RALLENTA AD AGOSTO &#187; Spazio-News Magazine","isPartOf":{"@id":"https:\/\/spazio-news.it\/#website"},"primaryImageOfPage":{"@id":"http:\/\/spazio-news.it\/?p=10218#primaryimage"},"image":{"@id":"http:\/\/spazio-news.it\/?p=10218#primaryimage"},"thumbnailUrl":"http:\/\/spazio-news.it\/wp-content\/uploads\/2020\/03\/Cargo-logistica-lavoro-economia-export-import.jpg","datePublished":"2021-09-14T00:56:00+00:00","description":"Dopo la forte ripresa nella prima parte dell\u2019anno legata alla progressiva rimozione delle misure di distanziamento, l\u2019economia mondiale ha","breadcrumb":{"@id":"http:\/\/spazio-news.it\/?p=10218#breadcrumb"},"inLanguage":"it-IT","potentialAction":[{"@type":"ReadAction","target":["http:\/\/spazio-news.it\/?p=10218"]}]},{"@type":"ImageObject","inLanguage":"it-IT","@id":"http:\/\/spazio-news.it\/?p=10218#primaryimage","url":"http:\/\/spazio-news.it\/wp-content\/uploads\/2020\/03\/Cargo-logistica-lavoro-economia-export-import.jpg","contentUrl":"http:\/\/spazio-news.it\/wp-content\/uploads\/2020\/03\/Cargo-logistica-lavoro-economia-export-import.jpg","width":800,"height":446,"caption":"Cargo logistica lavoro economia export import"},{"@type":"BreadcrumbList","@id":"http:\/\/spazio-news.it\/?p=10218#breadcrumb","itemListElement":[{"@type":"ListItem","position":1,"name":"Home","item":"https:\/\/spazio-news.it\/"},{"@type":"ListItem","position":2,"name":"LA CRESCITA ECONOMICA C\u2019\u00c8, MA RALLENTA AD AGOSTO"}]},{"@type":"WebSite","@id":"https:\/\/spazio-news.it\/#website","url":"https:\/\/spazio-news.it\/","name":"Spazio-News Magazine","description":"La guida che sfida la complessit\u00e0 del mondo industriale","publisher":{"@id":"https:\/\/spazio-news.it\/#organization"},"alternateName":"Spazio-news.it","potentialAction":[{"@type":"SearchAction","target":{"@type":"EntryPoint","urlTemplate":"https:\/\/spazio-news.it\/?s={search_term_string}"},"query-input":{"@type":"PropertyValueSpecification","valueRequired":true,"valueName":"search_term_string"}}],"inLanguage":"it-IT"},{"@type":"Organization","@id":"https:\/\/spazio-news.it\/#organization","name":"Spazio-News Magazine","url":"https:\/\/spazio-news.it\/","logo":{"@type":"ImageObject","inLanguage":"it-IT","@id":"https:\/\/spazio-news.it\/#\/schema\/logo\/image\/","url":"http:\/\/spazio-news.it\/wp-content\/uploads\/2023\/09\/Logo-Spazio-News-512-x-512-NO-testo.jpg","contentUrl":"http:\/\/spazio-news.it\/wp-content\/uploads\/2023\/09\/Logo-Spazio-News-512-x-512-NO-testo.jpg","width":512,"height":512,"caption":"Spazio-News Magazine"},"image":{"@id":"https:\/\/spazio-news.it\/#\/schema\/logo\/image\/"},"sameAs":["https:\/\/m.facebook.com\/spazio-news-magazine","https:\/\/x.com\/News_spazio"]},{"@type":"Person","@id":"https:\/\/spazio-news.it\/#\/schema\/person\/c600904e882e9e166ed8e5e3773d37b3","name":"Redazione","sameAs":["http:\/\/spazio-news.it","@SpazioNewsMagazine","https:\/\/x.com\/@news_spazio"],"url":"http:\/\/spazio-news.it\/?author=1"}]}},"_links":{"self":[{"href":"http:\/\/spazio-news.it\/index.php?rest_route=\/wp\/v2\/posts\/10218","targetHints":{"allow":["GET"]}}],"collection":[{"href":"http:\/\/spazio-news.it\/index.php?rest_route=\/wp\/v2\/posts"}],"about":[{"href":"http:\/\/spazio-news.it\/index.php?rest_route=\/wp\/v2\/types\/post"}],"author":[{"embeddable":true,"href":"http:\/\/spazio-news.it\/index.php?rest_route=\/wp\/v2\/users\/1"}],"replies":[{"embeddable":true,"href":"http:\/\/spazio-news.it\/index.php?rest_route=%2Fwp%2Fv2%2Fcomments&post=10218"}],"version-history":[{"count":1,"href":"http:\/\/spazio-news.it\/index.php?rest_route=\/wp\/v2\/posts\/10218\/revisions"}],"predecessor-version":[{"id":10219,"href":"http:\/\/spazio-news.it\/index.php?rest_route=\/wp\/v2\/posts\/10218\/revisions\/10219"}],"wp:featuredmedia":[{"embeddable":true,"href":"http:\/\/spazio-news.it\/index.php?rest_route=\/wp\/v2\/media\/8298"}],"wp:attachment":[{"href":"http:\/\/spazio-news.it\/index.php?rest_route=%2Fwp%2Fv2%2Fmedia&parent=10218"}],"wp:term":[{"taxonomy":"category","embeddable":true,"href":"http:\/\/spazio-news.it\/index.php?rest_route=%2Fwp%2Fv2%2Fcategories&post=10218"},{"taxonomy":"post_tag","embeddable":true,"href":"http:\/\/spazio-news.it\/index.php?rest_route=%2Fwp%2Fv2%2Ftags&post=10218"}],"curies":[{"name":"wp","href":"https:\/\/api.w.org\/{rel}","templated":true}]}}