{"id":11803,"date":"2024-05-06T01:43:00","date_gmt":"2024-05-06T00:43:00","guid":{"rendered":"http:\/\/spazio-news.it\/?p=11803"},"modified":"2024-03-24T19:45:16","modified_gmt":"2024-03-24T18:45:16","slug":"filippine-ue-ripartono-i-negoziati-di-libero-scambio","status":"publish","type":"post","link":"http:\/\/spazio-news.it\/?p=11803","title":{"rendered":"FILIPPINE \u2013 UE: RIPARTONO I NEGOZIATI DI LIBERO SCAMBIO"},"content":{"rendered":"\n<p>L&#8217;Unione Europea e le Filippine hanno ripreso i negoziati per un accordo di libero scambio &#8211; ALS ambizioso, moderno, equilibrato e incentrato sulla sostenibilit\u00e0.<\/p>\n<p><em>\u201cLa ripresa dei negoziati commerciali tra l&#8217;UE e le Filippine ci porta un passo avanti verso un nuovo partenariato all&#8217;insegna della prosperit\u00e0<\/em> \u2013 ha sottolineato <a href=\"https:\/\/ec.europa.eu\/commission\/presscorner\/detail\/it\/ip_24_1504\">Valdis Dombrovskis, vicepresidente esecutivo responsabile per il Commercio<\/a> -. <em>Un accordo di libero scambio moderno, globale e basato sui valori con questa economia in rapida crescita aprirebbe nuove opportunit\u00e0 per entrambe le parti, rafforzerebbe le nostre catene di approvvigionamento e promuoverebbe il commercio sostenibile. Intensificherebbe inoltre il legame con un partner cruciale nella fiorente regione indo-pacifica\u201d.<\/em><\/p>\n<p>Accordi commerciali di questo tipo sono fondamentali per la sicurezza economica dell&#8217;UE, aprono nuove opportunit\u00e0 per le imprese e i consumatori, rafforzano le catene di approvvigionamento e promuovono pratiche commerciali sostenibili. Un ALS con le Filippine &#8211; un&#8217;economia in piena espansione che vede coinvolte 115 milioni di persone al centro di una regione, quella indo-pacifica, di grande importanza strategica &#8211; costituirebbe pertanto una preziosa integrazione della rete di accordi commerciali dell&#8217;UE.<\/p>\n<p>L&#8217;UE mira a sottoscrivere con le Filippine un accordo di libero scambio globale che includa un ambizioso accesso al mercato per beni, servizi, investimenti e appalti pubblici; l&#8217;eliminazione degli ostacoli al commercio digitale e al commercio di energia e materie prime, a sostegno delle transizioni digitale e verde; procedure sanitarie e fitosanitarie rapide ed efficaci; sistemi alimentari sostenibili; la tutela dei diritti di propriet\u00e0 intellettuale, comprese le indicazioni geografiche &#8211; IG e discipline solide e vincolanti in materia di commercio e sviluppo sostenibile, in linea con la comunicazione della Commissione del giugno 2022 sul riesame delle misure sul commercio e lo sviluppo sostenibile, che sostenga livelli elevati di tutela dei diritti dei lavoratori e dell&#8217;ambiente e il conseguimento di obiettivi climatici ambiziosi.<\/p>\n<p>L&#8217;Unione e le Filippine vantano gi\u00e0 solide relazioni commerciali e sussiste un chiaro potenziale per relazioni ancora pi\u00f9 strette: nel 2022 gli scambi di merci ammontavano a oltre 18,4 miliardi di \u20ac, mentre gli scambi di servizi ammontavano a oltre 4,7 miliardi di \u20ac nel 2021; l&#8217;UE \u00e8 il quarto partner commerciale delle Filippine in ordine di importanza; le Filippine sono la quinta maggiore economia della regione dell&#8217;ASEAN e il settimo partner commerciale dell&#8217;UE nella regione, il 41\u00b0 a livello mondiale; le Filippine sono tra le economie emergenti a pi\u00f9 rapida crescita del mondo, e nel 2024 registreranno la seconda pi\u00f9 alta crescita economica dell&#8217;ASEAN, con un incremento del PIL del 5,9 % e l&#8217;UE \u00e8 uno dei maggiori investitori nelle Filippine, con uno stock di investimenti esteri diretti dell&#8217;UE nelle Filippine che ha raggiunto i 13,7 miliardi di euro nel 2021.<\/p>\n<p>Oltre a rappresentare un&#8217;importante economia in crescita, le Filippine dispongono anche di importanti riserve di materie prime critiche, tra cui nichel, rame e cromite, che sono essenziali per la produzione di tecnologie verdi. Considerando inoltre i rinnovati sforzi delle Filippine per lo sfruttamento del potenziale in termini di energie rinnovabili e la recente liberalizzazione del settore per gli investitori stranieri, il paese \u00e8 un importante partner nella transizione verde.<\/p>\n<p>F. C.<\/p>\n","protected":false},"excerpt":{"rendered":"<p>L&#8217;Unione Europea e le Filippine hanno ripreso i negoziati per un accordo di libero scambio &#8211; ALS ambizioso, moderno, equilibrato<\/p>\n","protected":false},"author":1,"featured_media":8613,"comment_status":"closed","ping_status":"open","sticky":false,"template":"","format":"standard","meta":{"colormag_page_container_layout":"default_layout","colormag_page_sidebar_layout":"default_layout","footnotes":""},"categories":[32,6],"tags":[8160,8159,765],"class_list":["post-11803","post","type-post","status-publish","format-standard","has-post-thumbnail","hentry","category-prima-pagina","category-economia-societa","tag-accordi-libero-scambio-als","tag-filippine","tag-unione-europea"],"yoast_head":"<!-- This site is optimized with the Yoast SEO plugin v26.8 - https:\/\/yoast.com\/product\/yoast-seo-wordpress\/ -->\n<title>FILIPPINE \u2013 UE: RIPARTONO I NEGOZIATI DI LIBERO SCAMBIO &#187; Spazio-News Magazine<\/title>\n<meta name=\"description\" content=\"L&#039;UE e le Filippine hanno ripreso i negoziati per un accordo di libero scambio ambizioso, moderno, equilibrato e incentrato sulla\" \/>\n<meta name=\"robots\" content=\"index, follow, max-snippet:-1, max-image-preview:large, max-video-preview:-1\" \/>\n<link rel=\"canonical\" href=\"http:\/\/spazio-news.it\/?p=11803\" \/>\n<meta property=\"og:locale\" content=\"it_IT\" \/>\n<meta property=\"og:type\" content=\"article\" \/>\n<meta property=\"og:title\" content=\"FILIPPINE \u2013 UE: RIPARTONO I NEGOZIATI DI LIBERO SCAMBIO &#187; Spazio-News Magazine\" \/>\n<meta property=\"og:description\" content=\"L&#039;UE e le Filippine hanno ripreso i negoziati per un accordo di libero scambio ambizioso, moderno, equilibrato e incentrato sulla\" \/>\n<meta property=\"og:url\" content=\"http:\/\/spazio-news.it\/?p=11803\" \/>\n<meta property=\"og:site_name\" content=\"Spazio-News Magazine\" \/>\n<meta property=\"article:publisher\" content=\"https:\/\/m.facebook.com\/spazio-news-magazine\" \/>\n<meta property=\"article:author\" content=\"@SpazioNewsMagazine\" \/>\n<meta property=\"article:published_time\" content=\"2024-05-06T00:43:00+00:00\" \/>\n<meta property=\"og:image\" content=\"http:\/\/spazio-news.it\/wp-content\/uploads\/2020\/04\/Cargo-Merci-Trasporto-Avazione-Logistica-Spazio-News-Magazine.jpg\" \/>\n\t<meta property=\"og:image:width\" content=\"800\" \/>\n\t<meta property=\"og:image:height\" content=\"446\" \/>\n\t<meta property=\"og:image:type\" content=\"image\/jpeg\" \/>\n<meta name=\"author\" content=\"Redazione\" \/>\n<meta name=\"twitter:card\" content=\"summary_large_image\" \/>\n<meta name=\"twitter:creator\" content=\"@news_spazio\" \/>\n<meta name=\"twitter:site\" content=\"@News_spazio\" \/>\n<meta name=\"twitter:label1\" content=\"Scritto da\" \/>\n\t<meta name=\"twitter:data1\" content=\"Redazione\" \/>\n\t<meta name=\"twitter:label2\" content=\"Tempo di lettura stimato\" \/>\n\t<meta name=\"twitter:data2\" content=\"3 minuti\" \/>\n<script type=\"application\/ld+json\" class=\"yoast-schema-graph\">{\"@context\":\"https:\/\/schema.org\",\"@graph\":[{\"@type\":\"NewsArticle\",\"@id\":\"http:\/\/spazio-news.it\/?p=11803#article\",\"isPartOf\":{\"@id\":\"http:\/\/spazio-news.it\/?p=11803\"},\"author\":{\"name\":\"Redazione\",\"@id\":\"https:\/\/spazio-news.it\/#\/schema\/person\/c600904e882e9e166ed8e5e3773d37b3\"},\"headline\":\"FILIPPINE \u2013 UE: RIPARTONO I NEGOZIATI DI LIBERO SCAMBIO\",\"datePublished\":\"2024-05-06T00:43:00+00:00\",\"mainEntityOfPage\":{\"@id\":\"http:\/\/spazio-news.it\/?p=11803\"},\"wordCount\":518,\"publisher\":{\"@id\":\"https:\/\/spazio-news.it\/#organization\"},\"image\":{\"@id\":\"http:\/\/spazio-news.it\/?p=11803#primaryimage\"},\"thumbnailUrl\":\"http:\/\/spazio-news.it\/wp-content\/uploads\/2020\/04\/Cargo-Merci-Trasporto-Avazione-Logistica-Spazio-News-Magazine.jpg\",\"keywords\":[\"Accordi Libero Scambio - ALS\",\"Filippine\",\"Unione Europea\"],\"articleSection\":[\"01 - PRIMA PAGINA\",\"04 - ECONOMIA &amp; SOCIET\u00c0\"],\"inLanguage\":\"it-IT\"},{\"@type\":\"WebPage\",\"@id\":\"http:\/\/spazio-news.it\/?p=11803\",\"url\":\"http:\/\/spazio-news.it\/?p=11803\",\"name\":\"FILIPPINE \u2013 UE: RIPARTONO I NEGOZIATI DI LIBERO SCAMBIO &#187; Spazio-News Magazine\",\"isPartOf\":{\"@id\":\"https:\/\/spazio-news.it\/#website\"},\"primaryImageOfPage\":{\"@id\":\"http:\/\/spazio-news.it\/?p=11803#primaryimage\"},\"image\":{\"@id\":\"http:\/\/spazio-news.it\/?p=11803#primaryimage\"},\"thumbnailUrl\":\"http:\/\/spazio-news.it\/wp-content\/uploads\/2020\/04\/Cargo-Merci-Trasporto-Avazione-Logistica-Spazio-News-Magazine.jpg\",\"datePublished\":\"2024-05-06T00:43:00+00:00\",\"description\":\"L'UE e le Filippine hanno ripreso i negoziati per un accordo di libero scambio ambizioso, moderno, equilibrato e incentrato sulla\",\"breadcrumb\":{\"@id\":\"http:\/\/spazio-news.it\/?p=11803#breadcrumb\"},\"inLanguage\":\"it-IT\",\"potentialAction\":[{\"@type\":\"ReadAction\",\"target\":[\"http:\/\/spazio-news.it\/?p=11803\"]}]},{\"@type\":\"ImageObject\",\"inLanguage\":\"it-IT\",\"@id\":\"http:\/\/spazio-news.it\/?p=11803#primaryimage\",\"url\":\"http:\/\/spazio-news.it\/wp-content\/uploads\/2020\/04\/Cargo-Merci-Trasporto-Avazione-Logistica-Spazio-News-Magazine.jpg\",\"contentUrl\":\"http:\/\/spazio-news.it\/wp-content\/uploads\/2020\/04\/Cargo-Merci-Trasporto-Avazione-Logistica-Spazio-News-Magazine.jpg\",\"width\":800,\"height\":446,\"caption\":\"Cargo Merci Trasporto Avazione Logistica - Spazio-News Magazine\"},{\"@type\":\"BreadcrumbList\",\"@id\":\"http:\/\/spazio-news.it\/?p=11803#breadcrumb\",\"itemListElement\":[{\"@type\":\"ListItem\",\"position\":1,\"name\":\"Home\",\"item\":\"https:\/\/spazio-news.it\/\"},{\"@type\":\"ListItem\",\"position\":2,\"name\":\"FILIPPINE \u2013 UE: RIPARTONO I NEGOZIATI DI LIBERO SCAMBIO\"}]},{\"@type\":\"WebSite\",\"@id\":\"https:\/\/spazio-news.it\/#website\",\"url\":\"https:\/\/spazio-news.it\/\",\"name\":\"Spazio-News Magazine\",\"description\":\"La guida che sfida la complessit\u00e0 del mondo industriale\",\"publisher\":{\"@id\":\"https:\/\/spazio-news.it\/#organization\"},\"alternateName\":\"Spazio-news.it\",\"potentialAction\":[{\"@type\":\"SearchAction\",\"target\":{\"@type\":\"EntryPoint\",\"urlTemplate\":\"https:\/\/spazio-news.it\/?s={search_term_string}\"},\"query-input\":{\"@type\":\"PropertyValueSpecification\",\"valueRequired\":true,\"valueName\":\"search_term_string\"}}],\"inLanguage\":\"it-IT\"},{\"@type\":\"Organization\",\"@id\":\"https:\/\/spazio-news.it\/#organization\",\"name\":\"Spazio-News Magazine\",\"url\":\"https:\/\/spazio-news.it\/\",\"logo\":{\"@type\":\"ImageObject\",\"inLanguage\":\"it-IT\",\"@id\":\"https:\/\/spazio-news.it\/#\/schema\/logo\/image\/\",\"url\":\"http:\/\/spazio-news.it\/wp-content\/uploads\/2023\/09\/Logo-Spazio-News-512-x-512-NO-testo.jpg\",\"contentUrl\":\"http:\/\/spazio-news.it\/wp-content\/uploads\/2023\/09\/Logo-Spazio-News-512-x-512-NO-testo.jpg\",\"width\":512,\"height\":512,\"caption\":\"Spazio-News Magazine\"},\"image\":{\"@id\":\"https:\/\/spazio-news.it\/#\/schema\/logo\/image\/\"},\"sameAs\":[\"https:\/\/m.facebook.com\/spazio-news-magazine\",\"https:\/\/x.com\/News_spazio\"]},{\"@type\":\"Person\",\"@id\":\"https:\/\/spazio-news.it\/#\/schema\/person\/c600904e882e9e166ed8e5e3773d37b3\",\"name\":\"Redazione\",\"sameAs\":[\"http:\/\/spazio-news.it\",\"@SpazioNewsMagazine\",\"https:\/\/x.com\/@news_spazio\"],\"url\":\"http:\/\/spazio-news.it\/?author=1\"}]}<\/script>\n<!-- \/ Yoast SEO plugin. -->","yoast_head_json":{"title":"FILIPPINE \u2013 UE: RIPARTONO I NEGOZIATI DI LIBERO SCAMBIO &#187; Spazio-News Magazine","description":"L'UE e le Filippine hanno ripreso i negoziati per un accordo di libero scambio ambizioso, moderno, equilibrato e incentrato sulla","robots":{"index":"index","follow":"follow","max-snippet":"max-snippet:-1","max-image-preview":"max-image-preview:large","max-video-preview":"max-video-preview:-1"},"canonical":"http:\/\/spazio-news.it\/?p=11803","og_locale":"it_IT","og_type":"article","og_title":"FILIPPINE \u2013 UE: RIPARTONO I NEGOZIATI DI LIBERO SCAMBIO &#187; Spazio-News Magazine","og_description":"L'UE e le Filippine hanno ripreso i negoziati per un accordo di libero scambio ambizioso, moderno, equilibrato e incentrato sulla","og_url":"http:\/\/spazio-news.it\/?p=11803","og_site_name":"Spazio-News Magazine","article_publisher":"https:\/\/m.facebook.com\/spazio-news-magazine","article_author":"@SpazioNewsMagazine","article_published_time":"2024-05-06T00:43:00+00:00","og_image":[{"width":800,"height":446,"url":"http:\/\/spazio-news.it\/wp-content\/uploads\/2020\/04\/Cargo-Merci-Trasporto-Avazione-Logistica-Spazio-News-Magazine.jpg","type":"image\/jpeg"}],"author":"Redazione","twitter_card":"summary_large_image","twitter_creator":"@news_spazio","twitter_site":"@News_spazio","twitter_misc":{"Scritto da":"Redazione","Tempo di lettura stimato":"3 minuti"},"schema":{"@context":"https:\/\/schema.org","@graph":[{"@type":"NewsArticle","@id":"http:\/\/spazio-news.it\/?p=11803#article","isPartOf":{"@id":"http:\/\/spazio-news.it\/?p=11803"},"author":{"name":"Redazione","@id":"https:\/\/spazio-news.it\/#\/schema\/person\/c600904e882e9e166ed8e5e3773d37b3"},"headline":"FILIPPINE \u2013 UE: RIPARTONO I NEGOZIATI DI LIBERO SCAMBIO","datePublished":"2024-05-06T00:43:00+00:00","mainEntityOfPage":{"@id":"http:\/\/spazio-news.it\/?p=11803"},"wordCount":518,"publisher":{"@id":"https:\/\/spazio-news.it\/#organization"},"image":{"@id":"http:\/\/spazio-news.it\/?p=11803#primaryimage"},"thumbnailUrl":"http:\/\/spazio-news.it\/wp-content\/uploads\/2020\/04\/Cargo-Merci-Trasporto-Avazione-Logistica-Spazio-News-Magazine.jpg","keywords":["Accordi Libero Scambio - ALS","Filippine","Unione Europea"],"articleSection":["01 - PRIMA PAGINA","04 - ECONOMIA &amp; SOCIET\u00c0"],"inLanguage":"it-IT"},{"@type":"WebPage","@id":"http:\/\/spazio-news.it\/?p=11803","url":"http:\/\/spazio-news.it\/?p=11803","name":"FILIPPINE \u2013 UE: RIPARTONO I NEGOZIATI DI LIBERO SCAMBIO &#187; Spazio-News Magazine","isPartOf":{"@id":"https:\/\/spazio-news.it\/#website"},"primaryImageOfPage":{"@id":"http:\/\/spazio-news.it\/?p=11803#primaryimage"},"image":{"@id":"http:\/\/spazio-news.it\/?p=11803#primaryimage"},"thumbnailUrl":"http:\/\/spazio-news.it\/wp-content\/uploads\/2020\/04\/Cargo-Merci-Trasporto-Avazione-Logistica-Spazio-News-Magazine.jpg","datePublished":"2024-05-06T00:43:00+00:00","description":"L'UE e le Filippine hanno ripreso i negoziati per un accordo di libero scambio ambizioso, moderno, equilibrato e incentrato sulla","breadcrumb":{"@id":"http:\/\/spazio-news.it\/?p=11803#breadcrumb"},"inLanguage":"it-IT","potentialAction":[{"@type":"ReadAction","target":["http:\/\/spazio-news.it\/?p=11803"]}]},{"@type":"ImageObject","inLanguage":"it-IT","@id":"http:\/\/spazio-news.it\/?p=11803#primaryimage","url":"http:\/\/spazio-news.it\/wp-content\/uploads\/2020\/04\/Cargo-Merci-Trasporto-Avazione-Logistica-Spazio-News-Magazine.jpg","contentUrl":"http:\/\/spazio-news.it\/wp-content\/uploads\/2020\/04\/Cargo-Merci-Trasporto-Avazione-Logistica-Spazio-News-Magazine.jpg","width":800,"height":446,"caption":"Cargo Merci Trasporto Avazione Logistica - Spazio-News Magazine"},{"@type":"BreadcrumbList","@id":"http:\/\/spazio-news.it\/?p=11803#breadcrumb","itemListElement":[{"@type":"ListItem","position":1,"name":"Home","item":"https:\/\/spazio-news.it\/"},{"@type":"ListItem","position":2,"name":"FILIPPINE \u2013 UE: RIPARTONO I NEGOZIATI DI LIBERO SCAMBIO"}]},{"@type":"WebSite","@id":"https:\/\/spazio-news.it\/#website","url":"https:\/\/spazio-news.it\/","name":"Spazio-News Magazine","description":"La guida che sfida la complessit\u00e0 del mondo industriale","publisher":{"@id":"https:\/\/spazio-news.it\/#organization"},"alternateName":"Spazio-news.it","potentialAction":[{"@type":"SearchAction","target":{"@type":"EntryPoint","urlTemplate":"https:\/\/spazio-news.it\/?s={search_term_string}"},"query-input":{"@type":"PropertyValueSpecification","valueRequired":true,"valueName":"search_term_string"}}],"inLanguage":"it-IT"},{"@type":"Organization","@id":"https:\/\/spazio-news.it\/#organization","name":"Spazio-News Magazine","url":"https:\/\/spazio-news.it\/","logo":{"@type":"ImageObject","inLanguage":"it-IT","@id":"https:\/\/spazio-news.it\/#\/schema\/logo\/image\/","url":"http:\/\/spazio-news.it\/wp-content\/uploads\/2023\/09\/Logo-Spazio-News-512-x-512-NO-testo.jpg","contentUrl":"http:\/\/spazio-news.it\/wp-content\/uploads\/2023\/09\/Logo-Spazio-News-512-x-512-NO-testo.jpg","width":512,"height":512,"caption":"Spazio-News Magazine"},"image":{"@id":"https:\/\/spazio-news.it\/#\/schema\/logo\/image\/"},"sameAs":["https:\/\/m.facebook.com\/spazio-news-magazine","https:\/\/x.com\/News_spazio"]},{"@type":"Person","@id":"https:\/\/spazio-news.it\/#\/schema\/person\/c600904e882e9e166ed8e5e3773d37b3","name":"Redazione","sameAs":["http:\/\/spazio-news.it","@SpazioNewsMagazine","https:\/\/x.com\/@news_spazio"],"url":"http:\/\/spazio-news.it\/?author=1"}]}},"_links":{"self":[{"href":"http:\/\/spazio-news.it\/index.php?rest_route=\/wp\/v2\/posts\/11803","targetHints":{"allow":["GET"]}}],"collection":[{"href":"http:\/\/spazio-news.it\/index.php?rest_route=\/wp\/v2\/posts"}],"about":[{"href":"http:\/\/spazio-news.it\/index.php?rest_route=\/wp\/v2\/types\/post"}],"author":[{"embeddable":true,"href":"http:\/\/spazio-news.it\/index.php?rest_route=\/wp\/v2\/users\/1"}],"replies":[{"embeddable":true,"href":"http:\/\/spazio-news.it\/index.php?rest_route=%2Fwp%2Fv2%2Fcomments&post=11803"}],"version-history":[{"count":1,"href":"http:\/\/spazio-news.it\/index.php?rest_route=\/wp\/v2\/posts\/11803\/revisions"}],"predecessor-version":[{"id":11804,"href":"http:\/\/spazio-news.it\/index.php?rest_route=\/wp\/v2\/posts\/11803\/revisions\/11804"}],"wp:featuredmedia":[{"embeddable":true,"href":"http:\/\/spazio-news.it\/index.php?rest_route=\/wp\/v2\/media\/8613"}],"wp:attachment":[{"href":"http:\/\/spazio-news.it\/index.php?rest_route=%2Fwp%2Fv2%2Fmedia&parent=11803"}],"wp:term":[{"taxonomy":"category","embeddable":true,"href":"http:\/\/spazio-news.it\/index.php?rest_route=%2Fwp%2Fv2%2Fcategories&post=11803"},{"taxonomy":"post_tag","embeddable":true,"href":"http:\/\/spazio-news.it\/index.php?rest_route=%2Fwp%2Fv2%2Ftags&post=11803"}],"curies":[{"name":"wp","href":"https:\/\/api.w.org\/{rel}","templated":true}]}}