{"id":11811,"date":"2024-05-09T01:09:00","date_gmt":"2024-05-09T00:09:00","guid":{"rendered":"http:\/\/spazio-news.it\/?p=11811"},"modified":"2024-03-24T20:11:47","modified_gmt":"2024-03-24T19:11:47","slug":"bce-la-ripresa-sara-piu-lenta-di-quanto-previsto","status":"publish","type":"post","link":"http:\/\/spazio-news.it\/?p=11811","title":{"rendered":"BCE: LA RIPRESA SAR\u00c0 PI\u00d9 LENTA DI QUANTO PREVISTO"},"content":{"rendered":"\n<p><em>\u201cL\u2019economia dell\u2019area dell\u2019euro ha ristagnato alla fine del 2023 a fronte di condizioni di finanziamento tese, della debolezza del clima di fiducia e delle perdite di competitivit\u00e0 subite in passato. Le informazioni pi\u00f9 recenti indicano per il breve periodo una ripresa pi\u00f9 lenta di quanto prospettato nelle proiezioni di dicembre 2023<\/em>\u201d. \u00c8 quanto emerge dallo studio pubblicato nelle scorse settimane dalla <a href=\"http:\/\/spazio-news.it\/?tag=banca-centrale-europea-bce\">Banca Centrale Europea \u2013 BCE<\/a> con il titolo \u201c<a href=\"https:\/\/www.ecb.europa.eu\/pub\/projections\/html\/ecb.projections202403_ecbstaff~f2f2d34d5a.it.html\">Proiezioni macroeconomiche per l\u2019area dell\u2019euro<\/a>\u201d.<\/p>\n<p>L\u2019attivit\u00e0 economica dovrebbe tuttavia accelerare gradualmente nel corso di quest\u2019anno con l\u2019aumento del reddito disponibile reale, in presenza di un calo dell\u2019inflazione e di una robusta dinamica salariale, e con il miglioramento delle ragioni di scambio. In un contesto in cui \u00e8 improbabile che le attuali turbative del trasporto marittimo nel Mar Rosso provochino nuove limitazioni significative nell\u2019offerta, la dinamica delle esportazioni dovrebbe allinearsi al rafforzamento della domanda esterna.<\/p>\n<p>A medio termine la ripresa sarebbe altres\u00ec sorretta dal graduale venir meno dell\u2019impatto esercitato dall\u2019inasprimento della politica monetaria della BCE. Si prevede complessivamente che il tasso di incremento medio annuo del PIL in termini reali si collochi allo 0,6% nel 2024, per poi salire all\u20191,5% nel 2025 e all\u20191,6% nel 2026. Nel confronto con le proiezioni dello scorso dicembre le prospettive per la crescita del PIL sono state riviste verso il basso per il 2024, a causa di effetti di trascinamento derivanti da dati peggiori del previsto pubblicati in passato e di informazioni prospettiche recenti che indicano un\u2019evoluzione pi\u00f9 debole, risultano invariate per il 2025 e sono state oggetto di una lieve correzione verso l\u2019alto per il 2026.<\/p>\n<p>L\u2019inflazione dovrebbe moderarsi ulteriormente grazie alla perdurante attenuazione delle spinte inflazionistiche e all\u2019impatto dell\u2019inasprimento della politica monetaria, anche se il ritmo di diminuzione sarebbe pi\u00f9 modesto di quello osservato nel 2023. Le pressioni inflazionistiche continuerebbero ad attenuarsi in un contesto in cui ci si attende che le turbative nei trasporti marittimi nel Mar Rosso esercitino un impatto al rialzo solo limitato. Con il calo dei prezzi dell\u2019energia, la robusta dinamica del costo del lavoro dovrebbe costituire la determinante principale dell\u2019inflazione misurata sull\u2019indice armonizzato dei prezzi al consumo (IAPC) al netto della componente energetica e alimentare.<\/p>\n<p>La crescita dei salari nominali rimarrebbe elevata, come conseguenza del perdurare di condizioni tese nel mercato del lavoro, ma dovrebbe gradualmente ridursi nell\u2019orizzonte temporale considerato al venir meno degli effetti verso l\u2019alto esercitati dalla compensazione per l\u2019aumento dell\u2019inflazione. Un\u2019accelerazione della produttivit\u00e0 sorreggerebbe la moderazione delle pressioni dal lato del costo del lavoro. I profitti dovrebbero rallentare nel periodo in esame e attenuare la trasmissione del costo del lavoro.<\/p>\n<p>Nell\u2019insieme ci si attende che l\u2019inflazione complessiva misurata sullo IAPC scenda in media d\u2019anno dal 5,4% nel 2023 al 2,3% nel 2024, al 2,0% nel 2025 e all\u20191,9% nel 2026 e che, date le deboli prospettive riguardanti la componente dei beni energetici, si mantenga inferiore al tasso calcolato al netto dell\u2019energia e dei beni alimentari per l\u2019intero orizzonte temporale di riferimento.<\/p>\n<p>Da un confronto con l\u2019esercizio previsivo di dicembre emerge che l\u2019inflazione misurata sullo IAPC \u00e8 stata corretta verso il basso per il 2024 e il 2025, principalmente a causa degli effetti diretti e indiretti di ipotesi di un calo dei prezzi delle materie prime energetiche e di minori pressioni dal lato del costo del lavoro, mentre \u00e8 invariata per il 2026.<\/p>\n","protected":false},"excerpt":{"rendered":"<p>\u201cL\u2019economia dell\u2019area dell\u2019euro ha ristagnato alla fine del 2023 a fronte di condizioni di finanziamento tese, della debolezza del clima<\/p>\n","protected":false},"author":1,"featured_media":9976,"comment_status":"closed","ping_status":"open","sticky":false,"template":"","format":"standard","meta":{"colormag_page_container_layout":"default_layout","colormag_page_sidebar_layout":"default_layout","footnotes":""},"categories":[32,6],"tags":[6443,8170,341,1702],"class_list":["post-11811","post","type-post","status-publish","format-standard","has-post-thumbnail","hentry","category-prima-pagina","category-economia-societa","tag-banca-centrale-europea-bce","tag-bce-proiezioni-macroeconomiche-area-euro","tag-economia","tag-economia-europea"],"yoast_head":"<!-- This site is optimized with the Yoast SEO plugin v26.8 - https:\/\/yoast.com\/product\/yoast-seo-wordpress\/ -->\n<title>BCE: LA RIPRESA SAR\u00c0 PI\u00d9 LENTA DI QUANTO PREVISTO &#187; Spazio-News Magazine<\/title>\n<meta name=\"description\" content=\"L\u2019economia dell\u2019area dell\u2019euro ha ristagnato alla fine del 2023 a fronte di condizioni di finanziamento tese, della debolezza del clima\" \/>\n<meta name=\"robots\" content=\"index, follow, max-snippet:-1, max-image-preview:large, max-video-preview:-1\" \/>\n<link rel=\"canonical\" href=\"http:\/\/spazio-news.it\/?p=11811\" \/>\n<meta property=\"og:locale\" content=\"it_IT\" \/>\n<meta property=\"og:type\" content=\"article\" \/>\n<meta property=\"og:title\" content=\"BCE: LA RIPRESA SAR\u00c0 PI\u00d9 LENTA DI QUANTO PREVISTO &#187; Spazio-News Magazine\" \/>\n<meta property=\"og:description\" content=\"L\u2019economia dell\u2019area dell\u2019euro ha ristagnato alla fine del 2023 a fronte di condizioni di finanziamento tese, della debolezza del clima\" \/>\n<meta property=\"og:url\" content=\"http:\/\/spazio-news.it\/?p=11811\" \/>\n<meta property=\"og:site_name\" content=\"Spazio-News Magazine\" \/>\n<meta property=\"article:publisher\" content=\"https:\/\/m.facebook.com\/spazio-news-magazine\" \/>\n<meta property=\"article:author\" content=\"@SpazioNewsMagazine\" \/>\n<meta property=\"article:published_time\" content=\"2024-05-09T00:09:00+00:00\" \/>\n<meta property=\"og:image\" content=\"http:\/\/spazio-news.it\/wp-content\/uploads\/2021\/04\/Banca-Centrale-Europea-\u2013-BCE.jpg\" \/>\n\t<meta property=\"og:image:width\" content=\"800\" \/>\n\t<meta property=\"og:image:height\" content=\"446\" \/>\n\t<meta property=\"og:image:type\" content=\"image\/jpeg\" \/>\n<meta name=\"author\" content=\"Redazione\" \/>\n<meta name=\"twitter:card\" content=\"summary_large_image\" \/>\n<meta name=\"twitter:creator\" content=\"@news_spazio\" \/>\n<meta name=\"twitter:site\" content=\"@News_spazio\" \/>\n<meta name=\"twitter:label1\" content=\"Scritto da\" \/>\n\t<meta name=\"twitter:data1\" content=\"Redazione\" \/>\n\t<meta name=\"twitter:label2\" content=\"Tempo di lettura stimato\" \/>\n\t<meta name=\"twitter:data2\" content=\"3 minuti\" \/>\n<script type=\"application\/ld+json\" class=\"yoast-schema-graph\">{\"@context\":\"https:\/\/schema.org\",\"@graph\":[{\"@type\":\"NewsArticle\",\"@id\":\"http:\/\/spazio-news.it\/?p=11811#article\",\"isPartOf\":{\"@id\":\"http:\/\/spazio-news.it\/?p=11811\"},\"author\":{\"name\":\"Redazione\",\"@id\":\"http:\/\/spazio-news.it\/#\/schema\/person\/c600904e882e9e166ed8e5e3773d37b3\"},\"headline\":\"BCE: LA RIPRESA SAR\u00c0 PI\u00d9 LENTA DI QUANTO PREVISTO\",\"datePublished\":\"2024-05-09T00:09:00+00:00\",\"mainEntityOfPage\":{\"@id\":\"http:\/\/spazio-news.it\/?p=11811\"},\"wordCount\":562,\"publisher\":{\"@id\":\"http:\/\/spazio-news.it\/#organization\"},\"image\":{\"@id\":\"http:\/\/spazio-news.it\/?p=11811#primaryimage\"},\"thumbnailUrl\":\"http:\/\/spazio-news.it\/wp-content\/uploads\/2021\/04\/Banca-Centrale-Europea-\u2013-BCE.jpg\",\"keywords\":[\"Banca Centrale Europea \u2013 BCE\",\"BCE - Proiezioni Macroeconomiche Area Euro\",\"Economia\",\"economia Europea\"],\"articleSection\":[\"01 - PRIMA PAGINA\",\"04 - ECONOMIA &amp; SOCIET\u00c0\"],\"inLanguage\":\"it-IT\"},{\"@type\":\"WebPage\",\"@id\":\"http:\/\/spazio-news.it\/?p=11811\",\"url\":\"http:\/\/spazio-news.it\/?p=11811\",\"name\":\"BCE: LA RIPRESA SAR\u00c0 PI\u00d9 LENTA DI QUANTO PREVISTO &#187; Spazio-News Magazine\",\"isPartOf\":{\"@id\":\"http:\/\/spazio-news.it\/#website\"},\"primaryImageOfPage\":{\"@id\":\"http:\/\/spazio-news.it\/?p=11811#primaryimage\"},\"image\":{\"@id\":\"http:\/\/spazio-news.it\/?p=11811#primaryimage\"},\"thumbnailUrl\":\"http:\/\/spazio-news.it\/wp-content\/uploads\/2021\/04\/Banca-Centrale-Europea-\u2013-BCE.jpg\",\"datePublished\":\"2024-05-09T00:09:00+00:00\",\"description\":\"L\u2019economia dell\u2019area dell\u2019euro ha ristagnato alla fine del 2023 a fronte di condizioni di finanziamento tese, della debolezza del clima\",\"breadcrumb\":{\"@id\":\"http:\/\/spazio-news.it\/?p=11811#breadcrumb\"},\"inLanguage\":\"it-IT\",\"potentialAction\":[{\"@type\":\"ReadAction\",\"target\":[\"http:\/\/spazio-news.it\/?p=11811\"]}]},{\"@type\":\"ImageObject\",\"inLanguage\":\"it-IT\",\"@id\":\"http:\/\/spazio-news.it\/?p=11811#primaryimage\",\"url\":\"http:\/\/spazio-news.it\/wp-content\/uploads\/2021\/04\/Banca-Centrale-Europea-\u2013-BCE.jpg\",\"contentUrl\":\"http:\/\/spazio-news.it\/wp-content\/uploads\/2021\/04\/Banca-Centrale-Europea-\u2013-BCE.jpg\",\"width\":800,\"height\":446,\"caption\":\"Banca Centrale Europea \u2013 BCE\"},{\"@type\":\"BreadcrumbList\",\"@id\":\"http:\/\/spazio-news.it\/?p=11811#breadcrumb\",\"itemListElement\":[{\"@type\":\"ListItem\",\"position\":1,\"name\":\"Home\",\"item\":\"http:\/\/spazio-news.it\/\"},{\"@type\":\"ListItem\",\"position\":2,\"name\":\"BCE: LA RIPRESA SAR\u00c0 PI\u00d9 LENTA DI QUANTO PREVISTO\"}]},{\"@type\":\"WebSite\",\"@id\":\"http:\/\/spazio-news.it\/#website\",\"url\":\"http:\/\/spazio-news.it\/\",\"name\":\"Spazio-News Magazine\",\"description\":\"La guida che sfida la complessit\u00e0 del mondo industriale\",\"publisher\":{\"@id\":\"http:\/\/spazio-news.it\/#organization\"},\"alternateName\":\"Spazio-news.it\",\"potentialAction\":[{\"@type\":\"SearchAction\",\"target\":{\"@type\":\"EntryPoint\",\"urlTemplate\":\"http:\/\/spazio-news.it\/?s={search_term_string}\"},\"query-input\":{\"@type\":\"PropertyValueSpecification\",\"valueRequired\":true,\"valueName\":\"search_term_string\"}}],\"inLanguage\":\"it-IT\"},{\"@type\":\"Organization\",\"@id\":\"http:\/\/spazio-news.it\/#organization\",\"name\":\"Spazio-News Magazine\",\"url\":\"http:\/\/spazio-news.it\/\",\"logo\":{\"@type\":\"ImageObject\",\"inLanguage\":\"it-IT\",\"@id\":\"http:\/\/spazio-news.it\/#\/schema\/logo\/image\/\",\"url\":\"http:\/\/spazio-news.it\/wp-content\/uploads\/2023\/09\/Logo-Spazio-News-512-x-512-NO-testo.jpg\",\"contentUrl\":\"http:\/\/spazio-news.it\/wp-content\/uploads\/2023\/09\/Logo-Spazio-News-512-x-512-NO-testo.jpg\",\"width\":512,\"height\":512,\"caption\":\"Spazio-News Magazine\"},\"image\":{\"@id\":\"http:\/\/spazio-news.it\/#\/schema\/logo\/image\/\"},\"sameAs\":[\"https:\/\/m.facebook.com\/spazio-news-magazine\",\"https:\/\/x.com\/News_spazio\"]},{\"@type\":\"Person\",\"@id\":\"http:\/\/spazio-news.it\/#\/schema\/person\/c600904e882e9e166ed8e5e3773d37b3\",\"name\":\"Redazione\",\"sameAs\":[\"http:\/\/spazio-news.it\",\"@SpazioNewsMagazine\",\"https:\/\/x.com\/@news_spazio\"],\"url\":\"http:\/\/spazio-news.it\/?author=1\"}]}<\/script>\n<!-- \/ Yoast SEO plugin. -->","yoast_head_json":{"title":"BCE: LA RIPRESA SAR\u00c0 PI\u00d9 LENTA DI QUANTO PREVISTO &#187; Spazio-News Magazine","description":"L\u2019economia dell\u2019area dell\u2019euro ha ristagnato alla fine del 2023 a fronte di condizioni di finanziamento tese, della debolezza del clima","robots":{"index":"index","follow":"follow","max-snippet":"max-snippet:-1","max-image-preview":"max-image-preview:large","max-video-preview":"max-video-preview:-1"},"canonical":"http:\/\/spazio-news.it\/?p=11811","og_locale":"it_IT","og_type":"article","og_title":"BCE: LA RIPRESA SAR\u00c0 PI\u00d9 LENTA DI QUANTO PREVISTO &#187; Spazio-News Magazine","og_description":"L\u2019economia dell\u2019area dell\u2019euro ha ristagnato alla fine del 2023 a fronte di condizioni di finanziamento tese, della debolezza del clima","og_url":"http:\/\/spazio-news.it\/?p=11811","og_site_name":"Spazio-News Magazine","article_publisher":"https:\/\/m.facebook.com\/spazio-news-magazine","article_author":"@SpazioNewsMagazine","article_published_time":"2024-05-09T00:09:00+00:00","og_image":[{"width":800,"height":446,"url":"http:\/\/spazio-news.it\/wp-content\/uploads\/2021\/04\/Banca-Centrale-Europea-\u2013-BCE.jpg","type":"image\/jpeg"}],"author":"Redazione","twitter_card":"summary_large_image","twitter_creator":"@news_spazio","twitter_site":"@News_spazio","twitter_misc":{"Scritto da":"Redazione","Tempo di lettura stimato":"3 minuti"},"schema":{"@context":"https:\/\/schema.org","@graph":[{"@type":"NewsArticle","@id":"http:\/\/spazio-news.it\/?p=11811#article","isPartOf":{"@id":"http:\/\/spazio-news.it\/?p=11811"},"author":{"name":"Redazione","@id":"http:\/\/spazio-news.it\/#\/schema\/person\/c600904e882e9e166ed8e5e3773d37b3"},"headline":"BCE: LA RIPRESA SAR\u00c0 PI\u00d9 LENTA DI QUANTO PREVISTO","datePublished":"2024-05-09T00:09:00+00:00","mainEntityOfPage":{"@id":"http:\/\/spazio-news.it\/?p=11811"},"wordCount":562,"publisher":{"@id":"http:\/\/spazio-news.it\/#organization"},"image":{"@id":"http:\/\/spazio-news.it\/?p=11811#primaryimage"},"thumbnailUrl":"http:\/\/spazio-news.it\/wp-content\/uploads\/2021\/04\/Banca-Centrale-Europea-\u2013-BCE.jpg","keywords":["Banca Centrale Europea \u2013 BCE","BCE - Proiezioni Macroeconomiche Area Euro","Economia","economia Europea"],"articleSection":["01 - PRIMA PAGINA","04 - ECONOMIA &amp; SOCIET\u00c0"],"inLanguage":"it-IT"},{"@type":"WebPage","@id":"http:\/\/spazio-news.it\/?p=11811","url":"http:\/\/spazio-news.it\/?p=11811","name":"BCE: LA RIPRESA SAR\u00c0 PI\u00d9 LENTA DI QUANTO PREVISTO &#187; Spazio-News Magazine","isPartOf":{"@id":"http:\/\/spazio-news.it\/#website"},"primaryImageOfPage":{"@id":"http:\/\/spazio-news.it\/?p=11811#primaryimage"},"image":{"@id":"http:\/\/spazio-news.it\/?p=11811#primaryimage"},"thumbnailUrl":"http:\/\/spazio-news.it\/wp-content\/uploads\/2021\/04\/Banca-Centrale-Europea-\u2013-BCE.jpg","datePublished":"2024-05-09T00:09:00+00:00","description":"L\u2019economia dell\u2019area dell\u2019euro ha ristagnato alla fine del 2023 a fronte di condizioni di finanziamento tese, della debolezza del clima","breadcrumb":{"@id":"http:\/\/spazio-news.it\/?p=11811#breadcrumb"},"inLanguage":"it-IT","potentialAction":[{"@type":"ReadAction","target":["http:\/\/spazio-news.it\/?p=11811"]}]},{"@type":"ImageObject","inLanguage":"it-IT","@id":"http:\/\/spazio-news.it\/?p=11811#primaryimage","url":"http:\/\/spazio-news.it\/wp-content\/uploads\/2021\/04\/Banca-Centrale-Europea-\u2013-BCE.jpg","contentUrl":"http:\/\/spazio-news.it\/wp-content\/uploads\/2021\/04\/Banca-Centrale-Europea-\u2013-BCE.jpg","width":800,"height":446,"caption":"Banca Centrale Europea \u2013 BCE"},{"@type":"BreadcrumbList","@id":"http:\/\/spazio-news.it\/?p=11811#breadcrumb","itemListElement":[{"@type":"ListItem","position":1,"name":"Home","item":"http:\/\/spazio-news.it\/"},{"@type":"ListItem","position":2,"name":"BCE: LA RIPRESA SAR\u00c0 PI\u00d9 LENTA DI QUANTO PREVISTO"}]},{"@type":"WebSite","@id":"http:\/\/spazio-news.it\/#website","url":"http:\/\/spazio-news.it\/","name":"Spazio-News Magazine","description":"La guida che sfida la complessit\u00e0 del mondo industriale","publisher":{"@id":"http:\/\/spazio-news.it\/#organization"},"alternateName":"Spazio-news.it","potentialAction":[{"@type":"SearchAction","target":{"@type":"EntryPoint","urlTemplate":"http:\/\/spazio-news.it\/?s={search_term_string}"},"query-input":{"@type":"PropertyValueSpecification","valueRequired":true,"valueName":"search_term_string"}}],"inLanguage":"it-IT"},{"@type":"Organization","@id":"http:\/\/spazio-news.it\/#organization","name":"Spazio-News Magazine","url":"http:\/\/spazio-news.it\/","logo":{"@type":"ImageObject","inLanguage":"it-IT","@id":"http:\/\/spazio-news.it\/#\/schema\/logo\/image\/","url":"http:\/\/spazio-news.it\/wp-content\/uploads\/2023\/09\/Logo-Spazio-News-512-x-512-NO-testo.jpg","contentUrl":"http:\/\/spazio-news.it\/wp-content\/uploads\/2023\/09\/Logo-Spazio-News-512-x-512-NO-testo.jpg","width":512,"height":512,"caption":"Spazio-News Magazine"},"image":{"@id":"http:\/\/spazio-news.it\/#\/schema\/logo\/image\/"},"sameAs":["https:\/\/m.facebook.com\/spazio-news-magazine","https:\/\/x.com\/News_spazio"]},{"@type":"Person","@id":"http:\/\/spazio-news.it\/#\/schema\/person\/c600904e882e9e166ed8e5e3773d37b3","name":"Redazione","sameAs":["http:\/\/spazio-news.it","@SpazioNewsMagazine","https:\/\/x.com\/@news_spazio"],"url":"http:\/\/spazio-news.it\/?author=1"}]}},"_links":{"self":[{"href":"http:\/\/spazio-news.it\/index.php?rest_route=\/wp\/v2\/posts\/11811","targetHints":{"allow":["GET"]}}],"collection":[{"href":"http:\/\/spazio-news.it\/index.php?rest_route=\/wp\/v2\/posts"}],"about":[{"href":"http:\/\/spazio-news.it\/index.php?rest_route=\/wp\/v2\/types\/post"}],"author":[{"embeddable":true,"href":"http:\/\/spazio-news.it\/index.php?rest_route=\/wp\/v2\/users\/1"}],"replies":[{"embeddable":true,"href":"http:\/\/spazio-news.it\/index.php?rest_route=%2Fwp%2Fv2%2Fcomments&post=11811"}],"version-history":[{"count":1,"href":"http:\/\/spazio-news.it\/index.php?rest_route=\/wp\/v2\/posts\/11811\/revisions"}],"predecessor-version":[{"id":11812,"href":"http:\/\/spazio-news.it\/index.php?rest_route=\/wp\/v2\/posts\/11811\/revisions\/11812"}],"wp:featuredmedia":[{"embeddable":true,"href":"http:\/\/spazio-news.it\/index.php?rest_route=\/wp\/v2\/media\/9976"}],"wp:attachment":[{"href":"http:\/\/spazio-news.it\/index.php?rest_route=%2Fwp%2Fv2%2Fmedia&parent=11811"}],"wp:term":[{"taxonomy":"category","embeddable":true,"href":"http:\/\/spazio-news.it\/index.php?rest_route=%2Fwp%2Fv2%2Fcategories&post=11811"},{"taxonomy":"post_tag","embeddable":true,"href":"http:\/\/spazio-news.it\/index.php?rest_route=%2Fwp%2Fv2%2Ftags&post=11811"}],"curies":[{"name":"wp","href":"https:\/\/api.w.org\/{rel}","templated":true}]}}