{"id":1186,"date":"2018-09-27T09:32:44","date_gmt":"2018-09-27T09:32:44","guid":{"rendered":"http:\/\/spazio-news.it\/?p=1186"},"modified":"2018-09-27T09:35:02","modified_gmt":"2018-09-27T09:35:02","slug":"commissari-alitalia-ricevuti-in-audizione-alla-camera","status":"publish","type":"post","link":"http:\/\/spazio-news.it\/?p=1186","title":{"rendered":"COMMISSARI ALITALIA RICEVUTI IN AUDIZIONE ALLA CAMERA"},"content":{"rendered":"<p>I commissari straordinari di <strong>Alitalia<\/strong>, Gubitosi, Laghi e Paleari, sono stati ricevuti in audizione dalle <strong>Commissioni Trasporti e Attivit\u00e0 produttive della Camera dei Deputati<\/strong>, dove hanno fatto il punto sullo stato di salute della compagnia e le prospettive per il prosieguo della gestione, in attesa dell\u2019esito della procedura di vendita.<\/p>\n<p>Il commissario <strong>Gubitosi<\/strong> ha cos\u00ec sintetizzato la situazione: <em>\u201cAbbiamo cercato di tenerla in vita\u201d<\/em> e <em>\u201coggi Alitalia \u00e8 sicuramente molto pi\u00f9 interessante per un acquirente di quanto non lo fosse 12 mesi fa. Credo che Alitalia abbia bisogno di tre cose: mezzi finanziari per fare investimenti, management e posizionamento. Sul management c\u2019\u00e8 stato un ricambio molto significativo, con una quarantina di dirigenti usciti su 65, e credo sia importante mantenere il management valido che c&#8217;\u00e8, non dico i commissari<\/em>\u201d.<\/p>\n<p>Il terzo trimestre \u00e8 stato molto positivo: \u201c<em>Speravamo in un buon risultato in questo trimestre <\/em>&#8211; ha proseguito <strong>Gubitosi<\/strong> &#8211;<em>. Stiamo comunque parlando del miglior trimestre per le compagnie aeree. Poi viene l&#8217;inverno e, come ebbi a dire in passato, gli inverni per le compagnie sono spesso lunghi e freddi. Una buona notizia \u00e8 che il costo del leasing scender\u00e0 ancora nel 2019, la cattiva notizia \u00e8 che vedremo un&#8217;incidenza maggiore del petrolio. Continueremo a migliorare sul lato dei costi, ci aspettiamo un miglioramento dei ricavi, abbiamo un problema, ma non solo noi, tutte le compagnie, sul costo della bolletta petrolifera\u201d<\/em>.<\/p>\n<p>Per quanto riguarda lo stato della liquidit\u00e0, al 30 settembre sono in cassa 770 milioni. <em>\u201cQuest&#8217;inverno non avremo problemi, poi in primavera si ricostituir\u00e0 la cassa <\/em>&#8211; ha precisato <strong>Gubitosi<\/strong> &#8211;<em>. Le prenotazioni per il quarto trimestre sono buone, possiamo stimare una crescita dei ricavi nell&#8217;ordine del 7-9%. Quindi, non abbiamo problemi, siamo ragionevolmente tranquilli. Poi, certo, dipende da quanto lungo sar\u00e0 l&#8217;orizzonte\u201d <\/em>ha aggiunto il commissario, evitando scrupolosamente di commentare gli scenari su vendita e partner e sottolineando che<em> \u201cLa competenza \u00e8 del Governo\u201d<\/em>.<\/p>\n<p>Successivamente \u00e8 stato Paleari a soffermarsi sulla situazione della compagnia rispetto allo scenario generale del Paese, spiegando che: <em>\u201cAlitalia \u00e8 un&#8217;azienda che fattura 3 miliardi di euro, non ci sono tante aziende in Italia che fatturano 3 miliardi. Vorrei, da cittadino, che Alitalia partecipasse ad un nuovo sviluppo infrastrutturale del Paese. Parlare del futuro di Alitalia <\/em>&#8211; ha puntualizzato &#8211;<em> \u00e8 come immaginare la nostra vita dopo il commissariamento\u201d<\/em>. Paleari ha proseguito, sottolineando che c\u2019\u00e8 <em>\u201cmolto da fare in questo paese\u201d<\/em> sul tema dell&#8217;accessibilit\u00e0 ferroviaria degli aeroporti, <em>\u201ca partire dall&#8217;<strong>Aeroporto di Roma<\/strong>, che per usare un eufemismo \u00e8 significativamente migliorabile\u201d<\/em> e questo aumenterebbe le prospettive di sviluppo anche dei vettori che vi operano.<br \/>\nAnche per quanto riguarda <strong>Linate<\/strong>, Gubitosi ha dichiarato che si tratta di <em>\u201cun asset estremamente importante, che Alitalia ha sottoutilizzato. Bisogna aumentare la capacit\u00e0 e i voli internazionali\u201d<\/em>. Gubitosi ha anche ricordato che l&#8217;aeroporto milanese <em>\u201csi rafforzer\u00e0 perch\u00e9 sar\u00e0 raggiunto dalla metropolitana nel 2021\u201d<\/em>, che lo collegher\u00e0 in 20 minuti al centro:<em> \u201csi tratta di una unicit\u00e0 tra gli aeroporti europei. Milano \u00e8 estremamente importante per noi\u201d<\/em>.<\/p>\n","protected":false},"excerpt":{"rendered":"<p>I commissari straordinari di Alitalia, Gubitosi, Laghi e Paleari, sono stati ricevuti in audizione dalle Commissioni Trasporti e Attivit\u00e0 produttive<\/p>\n","protected":false},"author":1,"featured_media":208,"comment_status":"closed","ping_status":"open","sticky":false,"template":"","format":"standard","meta":{"colormag_page_container_layout":"default_layout","colormag_page_sidebar_layout":"default_layout","footnotes":""},"categories":[32,4],"tags":[160,279,815],"class_list":["post-1186","post","type-post","status-publish","format-standard","has-post-thumbnail","hentry","category-prima-pagina","category-istituzioni","tag-alitalia","tag-camera-dei-deputati","tag-commissione-trasporti"],"yoast_head":"<!-- This site is optimized with the Yoast SEO plugin v26.8 - https:\/\/yoast.com\/product\/yoast-seo-wordpress\/ -->\n<title>COMMISSARI ALITALIA RICEVUTI IN AUDIZIONE ALLA CAMERA &#187; Spazio-News Magazine<\/title>\n<meta name=\"description\" content=\"Commissari straordinari Alitalia ricevuti in audizione alla Camera dei Deputati dalle Commissioni Trasporti e Attivit\u00e0 produttive.\" \/>\n<meta name=\"robots\" content=\"index, follow, max-snippet:-1, max-image-preview:large, max-video-preview:-1\" \/>\n<link rel=\"canonical\" href=\"http:\/\/spazio-news.it\/?p=1186\" \/>\n<meta property=\"og:locale\" content=\"it_IT\" \/>\n<meta property=\"og:type\" content=\"article\" \/>\n<meta property=\"og:title\" content=\"COMMISSARI ALITALIA RICEVUTI IN AUDIZIONE ALLA CAMERA &#187; Spazio-News Magazine\" \/>\n<meta property=\"og:description\" content=\"Commissari straordinari Alitalia ricevuti in audizione alla Camera dei Deputati dalle Commissioni Trasporti e Attivit\u00e0 produttive.\" \/>\n<meta property=\"og:url\" content=\"http:\/\/spazio-news.it\/?p=1186\" \/>\n<meta property=\"og:site_name\" content=\"Spazio-News Magazine\" \/>\n<meta property=\"article:publisher\" content=\"https:\/\/m.facebook.com\/spazio-news-magazine\" \/>\n<meta property=\"article:author\" content=\"@SpazioNewsMagazine\" \/>\n<meta property=\"article:published_time\" content=\"2018-09-27T09:32:44+00:00\" \/>\n<meta property=\"article:modified_time\" content=\"2018-09-27T09:35:02+00:00\" \/>\n<meta property=\"og:image\" content=\"http:\/\/spazio-news.it\/wp-content\/uploads\/2018\/07\/Spazio-News.it-Alitalia-B777-800-x-445.jpg\" \/>\n\t<meta property=\"og:image:width\" content=\"800\" \/>\n\t<meta property=\"og:image:height\" content=\"445\" \/>\n\t<meta property=\"og:image:type\" content=\"image\/jpeg\" \/>\n<meta name=\"author\" content=\"Redazione\" \/>\n<meta name=\"twitter:card\" content=\"summary_large_image\" \/>\n<meta name=\"twitter:creator\" content=\"@news_spazio\" \/>\n<meta name=\"twitter:site\" content=\"@News_spazio\" \/>\n<meta name=\"twitter:label1\" content=\"Scritto da\" \/>\n\t<meta name=\"twitter:data1\" content=\"Redazione\" \/>\n\t<meta name=\"twitter:label2\" content=\"Tempo di lettura stimato\" \/>\n\t<meta name=\"twitter:data2\" content=\"2 minuti\" \/>\n<script type=\"application\/ld+json\" class=\"yoast-schema-graph\">{\"@context\":\"https:\/\/schema.org\",\"@graph\":[{\"@type\":\"NewsArticle\",\"@id\":\"http:\/\/spazio-news.it\/?p=1186#article\",\"isPartOf\":{\"@id\":\"http:\/\/spazio-news.it\/?p=1186\"},\"author\":{\"name\":\"Redazione\",\"@id\":\"https:\/\/spazio-news.it\/#\/schema\/person\/c600904e882e9e166ed8e5e3773d37b3\"},\"headline\":\"COMMISSARI ALITALIA RICEVUTI IN AUDIZIONE ALLA CAMERA\",\"datePublished\":\"2018-09-27T09:32:44+00:00\",\"dateModified\":\"2018-09-27T09:35:02+00:00\",\"mainEntityOfPage\":{\"@id\":\"http:\/\/spazio-news.it\/?p=1186\"},\"wordCount\":493,\"publisher\":{\"@id\":\"https:\/\/spazio-news.it\/#organization\"},\"image\":{\"@id\":\"http:\/\/spazio-news.it\/?p=1186#primaryimage\"},\"thumbnailUrl\":\"http:\/\/spazio-news.it\/wp-content\/uploads\/2018\/07\/Spazio-News.it-Alitalia-B777-800-x-445.jpg\",\"keywords\":[\"Alitalia\",\"Camera dei Deputati\",\"Commissione Trasporti\"],\"articleSection\":[\"01 - PRIMA PAGINA\",\"03 - ISTITUZIONI\"],\"inLanguage\":\"it-IT\"},{\"@type\":\"WebPage\",\"@id\":\"http:\/\/spazio-news.it\/?p=1186\",\"url\":\"http:\/\/spazio-news.it\/?p=1186\",\"name\":\"COMMISSARI ALITALIA RICEVUTI IN AUDIZIONE ALLA CAMERA &#187; Spazio-News Magazine\",\"isPartOf\":{\"@id\":\"https:\/\/spazio-news.it\/#website\"},\"primaryImageOfPage\":{\"@id\":\"http:\/\/spazio-news.it\/?p=1186#primaryimage\"},\"image\":{\"@id\":\"http:\/\/spazio-news.it\/?p=1186#primaryimage\"},\"thumbnailUrl\":\"http:\/\/spazio-news.it\/wp-content\/uploads\/2018\/07\/Spazio-News.it-Alitalia-B777-800-x-445.jpg\",\"datePublished\":\"2018-09-27T09:32:44+00:00\",\"dateModified\":\"2018-09-27T09:35:02+00:00\",\"description\":\"Commissari straordinari Alitalia ricevuti in audizione alla Camera dei Deputati dalle Commissioni Trasporti e Attivit\u00e0 produttive.\",\"breadcrumb\":{\"@id\":\"http:\/\/spazio-news.it\/?p=1186#breadcrumb\"},\"inLanguage\":\"it-IT\",\"potentialAction\":[{\"@type\":\"ReadAction\",\"target\":[\"http:\/\/spazio-news.it\/?p=1186\"]}]},{\"@type\":\"ImageObject\",\"inLanguage\":\"it-IT\",\"@id\":\"http:\/\/spazio-news.it\/?p=1186#primaryimage\",\"url\":\"http:\/\/spazio-news.it\/wp-content\/uploads\/2018\/07\/Spazio-News.it-Alitalia-B777-800-x-445.jpg\",\"contentUrl\":\"http:\/\/spazio-news.it\/wp-content\/uploads\/2018\/07\/Spazio-News.it-Alitalia-B777-800-x-445.jpg\",\"width\":800,\"height\":445,\"caption\":\"Spazio-News.it - Alitalia B777 800 x 445\"},{\"@type\":\"BreadcrumbList\",\"@id\":\"http:\/\/spazio-news.it\/?p=1186#breadcrumb\",\"itemListElement\":[{\"@type\":\"ListItem\",\"position\":1,\"name\":\"Home\",\"item\":\"https:\/\/spazio-news.it\/\"},{\"@type\":\"ListItem\",\"position\":2,\"name\":\"COMMISSARI ALITALIA RICEVUTI IN AUDIZIONE ALLA CAMERA\"}]},{\"@type\":\"WebSite\",\"@id\":\"https:\/\/spazio-news.it\/#website\",\"url\":\"https:\/\/spazio-news.it\/\",\"name\":\"Spazio-News Magazine\",\"description\":\"La guida che sfida la complessit\u00e0 del mondo industriale\",\"publisher\":{\"@id\":\"https:\/\/spazio-news.it\/#organization\"},\"alternateName\":\"Spazio-news.it\",\"potentialAction\":[{\"@type\":\"SearchAction\",\"target\":{\"@type\":\"EntryPoint\",\"urlTemplate\":\"https:\/\/spazio-news.it\/?s={search_term_string}\"},\"query-input\":{\"@type\":\"PropertyValueSpecification\",\"valueRequired\":true,\"valueName\":\"search_term_string\"}}],\"inLanguage\":\"it-IT\"},{\"@type\":\"Organization\",\"@id\":\"https:\/\/spazio-news.it\/#organization\",\"name\":\"Spazio-News Magazine\",\"url\":\"https:\/\/spazio-news.it\/\",\"logo\":{\"@type\":\"ImageObject\",\"inLanguage\":\"it-IT\",\"@id\":\"https:\/\/spazio-news.it\/#\/schema\/logo\/image\/\",\"url\":\"http:\/\/spazio-news.it\/wp-content\/uploads\/2023\/09\/Logo-Spazio-News-512-x-512-NO-testo.jpg\",\"contentUrl\":\"http:\/\/spazio-news.it\/wp-content\/uploads\/2023\/09\/Logo-Spazio-News-512-x-512-NO-testo.jpg\",\"width\":512,\"height\":512,\"caption\":\"Spazio-News Magazine\"},\"image\":{\"@id\":\"https:\/\/spazio-news.it\/#\/schema\/logo\/image\/\"},\"sameAs\":[\"https:\/\/m.facebook.com\/spazio-news-magazine\",\"https:\/\/x.com\/News_spazio\"]},{\"@type\":\"Person\",\"@id\":\"https:\/\/spazio-news.it\/#\/schema\/person\/c600904e882e9e166ed8e5e3773d37b3\",\"name\":\"Redazione\",\"sameAs\":[\"http:\/\/spazio-news.it\",\"@SpazioNewsMagazine\",\"https:\/\/x.com\/@news_spazio\"],\"url\":\"http:\/\/spazio-news.it\/?author=1\"}]}<\/script>\n<!-- \/ Yoast SEO plugin. -->","yoast_head_json":{"title":"COMMISSARI ALITALIA RICEVUTI IN AUDIZIONE ALLA CAMERA &#187; Spazio-News Magazine","description":"Commissari straordinari Alitalia ricevuti in audizione alla Camera dei Deputati dalle Commissioni Trasporti e Attivit\u00e0 produttive.","robots":{"index":"index","follow":"follow","max-snippet":"max-snippet:-1","max-image-preview":"max-image-preview:large","max-video-preview":"max-video-preview:-1"},"canonical":"http:\/\/spazio-news.it\/?p=1186","og_locale":"it_IT","og_type":"article","og_title":"COMMISSARI ALITALIA RICEVUTI IN AUDIZIONE ALLA CAMERA &#187; Spazio-News Magazine","og_description":"Commissari straordinari Alitalia ricevuti in audizione alla Camera dei Deputati dalle Commissioni Trasporti e Attivit\u00e0 produttive.","og_url":"http:\/\/spazio-news.it\/?p=1186","og_site_name":"Spazio-News Magazine","article_publisher":"https:\/\/m.facebook.com\/spazio-news-magazine","article_author":"@SpazioNewsMagazine","article_published_time":"2018-09-27T09:32:44+00:00","article_modified_time":"2018-09-27T09:35:02+00:00","og_image":[{"width":800,"height":445,"url":"http:\/\/spazio-news.it\/wp-content\/uploads\/2018\/07\/Spazio-News.it-Alitalia-B777-800-x-445.jpg","type":"image\/jpeg"}],"author":"Redazione","twitter_card":"summary_large_image","twitter_creator":"@news_spazio","twitter_site":"@News_spazio","twitter_misc":{"Scritto da":"Redazione","Tempo di lettura stimato":"2 minuti"},"schema":{"@context":"https:\/\/schema.org","@graph":[{"@type":"NewsArticle","@id":"http:\/\/spazio-news.it\/?p=1186#article","isPartOf":{"@id":"http:\/\/spazio-news.it\/?p=1186"},"author":{"name":"Redazione","@id":"https:\/\/spazio-news.it\/#\/schema\/person\/c600904e882e9e166ed8e5e3773d37b3"},"headline":"COMMISSARI ALITALIA RICEVUTI IN AUDIZIONE ALLA CAMERA","datePublished":"2018-09-27T09:32:44+00:00","dateModified":"2018-09-27T09:35:02+00:00","mainEntityOfPage":{"@id":"http:\/\/spazio-news.it\/?p=1186"},"wordCount":493,"publisher":{"@id":"https:\/\/spazio-news.it\/#organization"},"image":{"@id":"http:\/\/spazio-news.it\/?p=1186#primaryimage"},"thumbnailUrl":"http:\/\/spazio-news.it\/wp-content\/uploads\/2018\/07\/Spazio-News.it-Alitalia-B777-800-x-445.jpg","keywords":["Alitalia","Camera dei Deputati","Commissione Trasporti"],"articleSection":["01 - PRIMA PAGINA","03 - ISTITUZIONI"],"inLanguage":"it-IT"},{"@type":"WebPage","@id":"http:\/\/spazio-news.it\/?p=1186","url":"http:\/\/spazio-news.it\/?p=1186","name":"COMMISSARI ALITALIA RICEVUTI IN AUDIZIONE ALLA CAMERA &#187; Spazio-News Magazine","isPartOf":{"@id":"https:\/\/spazio-news.it\/#website"},"primaryImageOfPage":{"@id":"http:\/\/spazio-news.it\/?p=1186#primaryimage"},"image":{"@id":"http:\/\/spazio-news.it\/?p=1186#primaryimage"},"thumbnailUrl":"http:\/\/spazio-news.it\/wp-content\/uploads\/2018\/07\/Spazio-News.it-Alitalia-B777-800-x-445.jpg","datePublished":"2018-09-27T09:32:44+00:00","dateModified":"2018-09-27T09:35:02+00:00","description":"Commissari straordinari Alitalia ricevuti in audizione alla Camera dei Deputati dalle Commissioni Trasporti e Attivit\u00e0 produttive.","breadcrumb":{"@id":"http:\/\/spazio-news.it\/?p=1186#breadcrumb"},"inLanguage":"it-IT","potentialAction":[{"@type":"ReadAction","target":["http:\/\/spazio-news.it\/?p=1186"]}]},{"@type":"ImageObject","inLanguage":"it-IT","@id":"http:\/\/spazio-news.it\/?p=1186#primaryimage","url":"http:\/\/spazio-news.it\/wp-content\/uploads\/2018\/07\/Spazio-News.it-Alitalia-B777-800-x-445.jpg","contentUrl":"http:\/\/spazio-news.it\/wp-content\/uploads\/2018\/07\/Spazio-News.it-Alitalia-B777-800-x-445.jpg","width":800,"height":445,"caption":"Spazio-News.it - Alitalia B777 800 x 445"},{"@type":"BreadcrumbList","@id":"http:\/\/spazio-news.it\/?p=1186#breadcrumb","itemListElement":[{"@type":"ListItem","position":1,"name":"Home","item":"https:\/\/spazio-news.it\/"},{"@type":"ListItem","position":2,"name":"COMMISSARI ALITALIA RICEVUTI IN AUDIZIONE ALLA CAMERA"}]},{"@type":"WebSite","@id":"https:\/\/spazio-news.it\/#website","url":"https:\/\/spazio-news.it\/","name":"Spazio-News Magazine","description":"La guida che sfida la complessit\u00e0 del mondo industriale","publisher":{"@id":"https:\/\/spazio-news.it\/#organization"},"alternateName":"Spazio-news.it","potentialAction":[{"@type":"SearchAction","target":{"@type":"EntryPoint","urlTemplate":"https:\/\/spazio-news.it\/?s={search_term_string}"},"query-input":{"@type":"PropertyValueSpecification","valueRequired":true,"valueName":"search_term_string"}}],"inLanguage":"it-IT"},{"@type":"Organization","@id":"https:\/\/spazio-news.it\/#organization","name":"Spazio-News Magazine","url":"https:\/\/spazio-news.it\/","logo":{"@type":"ImageObject","inLanguage":"it-IT","@id":"https:\/\/spazio-news.it\/#\/schema\/logo\/image\/","url":"http:\/\/spazio-news.it\/wp-content\/uploads\/2023\/09\/Logo-Spazio-News-512-x-512-NO-testo.jpg","contentUrl":"http:\/\/spazio-news.it\/wp-content\/uploads\/2023\/09\/Logo-Spazio-News-512-x-512-NO-testo.jpg","width":512,"height":512,"caption":"Spazio-News Magazine"},"image":{"@id":"https:\/\/spazio-news.it\/#\/schema\/logo\/image\/"},"sameAs":["https:\/\/m.facebook.com\/spazio-news-magazine","https:\/\/x.com\/News_spazio"]},{"@type":"Person","@id":"https:\/\/spazio-news.it\/#\/schema\/person\/c600904e882e9e166ed8e5e3773d37b3","name":"Redazione","sameAs":["http:\/\/spazio-news.it","@SpazioNewsMagazine","https:\/\/x.com\/@news_spazio"],"url":"http:\/\/spazio-news.it\/?author=1"}]}},"_links":{"self":[{"href":"http:\/\/spazio-news.it\/index.php?rest_route=\/wp\/v2\/posts\/1186","targetHints":{"allow":["GET"]}}],"collection":[{"href":"http:\/\/spazio-news.it\/index.php?rest_route=\/wp\/v2\/posts"}],"about":[{"href":"http:\/\/spazio-news.it\/index.php?rest_route=\/wp\/v2\/types\/post"}],"author":[{"embeddable":true,"href":"http:\/\/spazio-news.it\/index.php?rest_route=\/wp\/v2\/users\/1"}],"replies":[{"embeddable":true,"href":"http:\/\/spazio-news.it\/index.php?rest_route=%2Fwp%2Fv2%2Fcomments&post=1186"}],"version-history":[{"count":3,"href":"http:\/\/spazio-news.it\/index.php?rest_route=\/wp\/v2\/posts\/1186\/revisions"}],"predecessor-version":[{"id":1189,"href":"http:\/\/spazio-news.it\/index.php?rest_route=\/wp\/v2\/posts\/1186\/revisions\/1189"}],"wp:featuredmedia":[{"embeddable":true,"href":"http:\/\/spazio-news.it\/index.php?rest_route=\/wp\/v2\/media\/208"}],"wp:attachment":[{"href":"http:\/\/spazio-news.it\/index.php?rest_route=%2Fwp%2Fv2%2Fmedia&parent=1186"}],"wp:term":[{"taxonomy":"category","embeddable":true,"href":"http:\/\/spazio-news.it\/index.php?rest_route=%2Fwp%2Fv2%2Fcategories&post=1186"},{"taxonomy":"post_tag","embeddable":true,"href":"http:\/\/spazio-news.it\/index.php?rest_route=%2Fwp%2Fv2%2Ftags&post=1186"}],"curies":[{"name":"wp","href":"https:\/\/api.w.org\/{rel}","templated":true}]}}