{"id":1196,"date":"2018-09-28T06:48:35","date_gmt":"2018-09-28T06:48:35","guid":{"rendered":"http:\/\/spazio-news.it\/?p=1196"},"modified":"2018-09-27T14:05:38","modified_gmt":"2018-09-27T14:05:38","slug":"leonardo-partecipa-alla-notte-europea-dei-ricercatori","status":"publish","type":"post","link":"http:\/\/spazio-news.it\/?p=1196","title":{"rendered":"LEONARDO PARTECIPA ALLA NOTTE EUROPEA DEI RICERCATORI"},"content":{"rendered":"<p>Anche <a href=\"http:\/\/www.leonardocompany.com\" target=\"_blank\" rel=\"noopener\"><strong>Leonardo<\/strong><\/a> partecipa alla <a href=\"http:\/\/www.nottedeiricercatori.it\/\" target=\"_blank\" rel=\"noopener\"><strong>Notte Europea dei Ricercatori<\/strong><\/a>, l\u2019iniziativa promossa dalla <strong>Commissione europea<\/strong> e dedicata al mondo della scienza e della ricerca che si svolger\u00e0 in pi\u00f9 di cento citt\u00e0 italiane <strong>Venerd\u00ec 28 settembre<\/strong>. La manifestazione, che prevede l\u2019accesso gratuito al pubblico nelle strutture di ricerca, propone tantissimi eventi per tutti, anche per i pi\u00f9 piccoli.<\/p>\n<p>Per Leonardo la ricerca scientifica \u00e8 un elemento centrale di crescita e la collaborazione con Universit\u00e0, Istituti ed Enti di ricerca rappresenta uno strumento fondamentale nella strategia di <strong>Open Innovation<\/strong> dell\u2019Azienda, che nel 2017 ha investito 1,5 miliardi di euro in Ricerca e Sviluppo, pari a oltre il 13% dei ricavi. L\u2019iniziativa si inserisce, inoltre, nelle attivit\u00e0 di Leonardo volte alla diffusione della cittadinanza scientifica e la promozione, tra le nuove generazioni, di temi e percorsi orientati alle discipline STEM (Science, Technology, Engineering and Maths).<\/p>\n<p>Molti gli appuntamenti per promuovere la cultura dell\u2019innovazione e mostrare al pubblico tecnologie e prodotti all\u2019avanguardia.<\/p>\n<p>A <strong>Roma<\/strong>, all\u2019interno dell\u2019area del <strong>CNR di Tor Vergata<\/strong>, saranno tre i laboratori di Leonardo aperti al pubblico che potr\u00e0 sperimentare gli straordinari aspetti della Fisica Quantistica e il suo utilizzo nelle comunicazioni sicure, nella sensoristica e nel calcolo. Verranno mostrati i primi prototipi di circuiti di luce neuromorfici, in grado di replicare, nel prossimo futuro, il funzionamento del cervello umano. Esperimenti interferometrici riveleranno la struttura dei vortici ottici, un nuovo alfabeto di comunicazione, mentre con l\u2019esperimento interattivo <strong>\u201c007 QUANTUM\u201d<\/strong>, bambini e ragazzi giocheranno alle \u201cspie quantistiche\u201d, utilizzando la luce per generare chiavi crittografiche per messaggi segreti. Nello stesso padiglione sar\u00e0 visibile il sistema <strong>MORPHEUS-XR<\/strong>, che consente al visitatore di vivere un\u2019esperienza immersiva in un ambiente di lavoro riprodotto virtualmente. Con il supporto di <strong>Telespazio<\/strong> ed <strong>e-Geos<\/strong> sar\u00e0 possibile, inoltre, approfondire il tema dell\u2019utilizzo dei dati satellitari di Osservazione della Terra nella gestione del territorio, delle risorse naturali e delle attivit\u00e0 umane. Partendo dai risultati di un progetto realizzato per la Commissione Europea, sar\u00e0 poi sottolineata l\u2019importanza delle previsioni di eventi meteorologici che avvengono nello Spazio, come eruzioni o tempeste solari, che potrebbero mettere a rischio il funzionamento e la sicurezza di mezzi &#8211; gli aerei ad esempio &#8211; e infrastrutture critiche che utilizzano sistemi di posizionamento satellitare.<\/p>\n<p>A <strong>Milano<\/strong>, Leonardo sar\u00e0 presente al <a href=\"http:\/\/www.museoscienza.org\/\" target=\"_blank\" rel=\"noopener\"><strong>Museo Nazionale della Scienza e della Tecnologia<\/strong><\/a> all\u2019evento <strong>\u201cOpen Night | A tu per tu con la ricerca\u201d<\/strong>. Protagonista della serata sar\u00e0 ancora una volta Marte, con la missione <strong>ExoMars 2020<\/strong>, la sonda europea che andr\u00e0 a caccia di segni di vita nel sottosuolo del Pianeta Rosso. Un prototipo della trivella, prodotta da Leonardo e utilizzata per perforare il suolo marziano nel corso della missione, \u00e8 stata donata al Museo Nazionale della Scienza e della Tecnologia di Milano, dove \u00e8 stabilmente esposta.<\/p>\n","protected":false},"excerpt":{"rendered":"<p>Anche Leonardo partecipa alla Notte Europea dei Ricercatori, l\u2019iniziativa promossa dalla Commissione europea e dedicata al mondo della scienza e<\/p>\n","protected":false},"author":1,"featured_media":1198,"comment_status":"closed","ping_status":"open","sticky":false,"template":"","format":"standard","meta":{"colormag_page_container_layout":"default_layout","colormag_page_sidebar_layout":"default_layout","footnotes":""},"categories":[32,5],"tags":[821,819,820],"class_list":["post-1196","post","type-post","status-publish","format-standard","has-post-thumbnail","hentry","category-prima-pagina","category-ricerca-innovazione","tag-museo-nazionale-della-scienza-e-della-tecnologia","tag-notte-europea-dei-ricercatori","tag-universita-di-roma-tor-vergata"],"yoast_head":"<!-- This site is optimized with the Yoast SEO plugin v26.8 - https:\/\/yoast.com\/product\/yoast-seo-wordpress\/ -->\n<title>LEONARDO PARTECIPA ALLA NOTTE EUROPEA DEI RICERCATORI &#187; Spazio-News Magazine<\/title>\n<meta name=\"description\" content=\"Anche Leonardo parteciper\u00e0 alla Notte europea dei ricercatori, che si svolger\u00e0 Venerd\u00ec 28 settembre, con numerosi eventi in diverse citt\u00e0 italiane.\" \/>\n<meta name=\"robots\" content=\"index, follow, max-snippet:-1, max-image-preview:large, max-video-preview:-1\" \/>\n<link rel=\"canonical\" href=\"http:\/\/spazio-news.it\/?p=1196\" \/>\n<meta property=\"og:locale\" content=\"it_IT\" \/>\n<meta property=\"og:type\" content=\"article\" \/>\n<meta property=\"og:title\" content=\"LEONARDO PARTECIPA ALLA NOTTE EUROPEA DEI RICERCATORI &#187; Spazio-News Magazine\" \/>\n<meta property=\"og:description\" content=\"Anche Leonardo parteciper\u00e0 alla Notte europea dei ricercatori, che si svolger\u00e0 Venerd\u00ec 28 settembre, con numerosi eventi in diverse citt\u00e0 italiane.\" \/>\n<meta property=\"og:url\" content=\"http:\/\/spazio-news.it\/?p=1196\" \/>\n<meta property=\"og:site_name\" content=\"Spazio-News Magazine\" \/>\n<meta property=\"article:publisher\" content=\"https:\/\/m.facebook.com\/spazio-news-magazine\" \/>\n<meta property=\"article:author\" content=\"@SpazioNewsMagazine\" \/>\n<meta property=\"article:published_time\" content=\"2018-09-28T06:48:35+00:00\" \/>\n<meta property=\"og:image\" content=\"http:\/\/spazio-news.it\/wp-content\/uploads\/2018\/09\/Notteeuropearicercatori_Terra_Spazio-news-e1561307228153.jpg\" \/>\n\t<meta property=\"og:image:width\" content=\"800\" \/>\n\t<meta property=\"og:image:height\" content=\"446\" \/>\n\t<meta property=\"og:image:type\" content=\"image\/jpeg\" \/>\n<meta name=\"author\" content=\"Redazione\" \/>\n<meta name=\"twitter:card\" content=\"summary_large_image\" \/>\n<meta name=\"twitter:creator\" content=\"@news_spazio\" \/>\n<meta name=\"twitter:site\" content=\"@News_spazio\" \/>\n<meta name=\"twitter:label1\" content=\"Scritto da\" \/>\n\t<meta name=\"twitter:data1\" content=\"Redazione\" \/>\n\t<meta name=\"twitter:label2\" content=\"Tempo di lettura stimato\" \/>\n\t<meta name=\"twitter:data2\" content=\"2 minuti\" \/>\n<script type=\"application\/ld+json\" class=\"yoast-schema-graph\">{\"@context\":\"https:\/\/schema.org\",\"@graph\":[{\"@type\":\"NewsArticle\",\"@id\":\"http:\/\/spazio-news.it\/?p=1196#article\",\"isPartOf\":{\"@id\":\"http:\/\/spazio-news.it\/?p=1196\"},\"author\":{\"name\":\"Redazione\",\"@id\":\"http:\/\/spazio-news.it\/#\/schema\/person\/c600904e882e9e166ed8e5e3773d37b3\"},\"headline\":\"LEONARDO PARTECIPA ALLA NOTTE EUROPEA DEI RICERCATORI\",\"datePublished\":\"2018-09-28T06:48:35+00:00\",\"mainEntityOfPage\":{\"@id\":\"http:\/\/spazio-news.it\/?p=1196\"},\"wordCount\":463,\"publisher\":{\"@id\":\"http:\/\/spazio-news.it\/#organization\"},\"image\":{\"@id\":\"http:\/\/spazio-news.it\/?p=1196#primaryimage\"},\"thumbnailUrl\":\"http:\/\/spazio-news.it\/wp-content\/uploads\/2018\/09\/Notteeuropearicercatori_Terra_Spazio-news-e1561307228153.jpg\",\"keywords\":[\"Museo Nazionale della Scienza e della Tecnologia\",\"Notte Europea dei Ricercatori\",\"Universit\u00e0 di Roma Tor Vergata\"],\"articleSection\":[\"01 - PRIMA PAGINA\",\"05 - RICERCA &amp; INNOVAZIONE\"],\"inLanguage\":\"it-IT\"},{\"@type\":\"WebPage\",\"@id\":\"http:\/\/spazio-news.it\/?p=1196\",\"url\":\"http:\/\/spazio-news.it\/?p=1196\",\"name\":\"LEONARDO PARTECIPA ALLA NOTTE EUROPEA DEI RICERCATORI &#187; Spazio-News Magazine\",\"isPartOf\":{\"@id\":\"http:\/\/spazio-news.it\/#website\"},\"primaryImageOfPage\":{\"@id\":\"http:\/\/spazio-news.it\/?p=1196#primaryimage\"},\"image\":{\"@id\":\"http:\/\/spazio-news.it\/?p=1196#primaryimage\"},\"thumbnailUrl\":\"http:\/\/spazio-news.it\/wp-content\/uploads\/2018\/09\/Notteeuropearicercatori_Terra_Spazio-news-e1561307228153.jpg\",\"datePublished\":\"2018-09-28T06:48:35+00:00\",\"description\":\"Anche Leonardo parteciper\u00e0 alla Notte europea dei ricercatori, che si svolger\u00e0 Venerd\u00ec 28 settembre, con numerosi eventi in diverse citt\u00e0 italiane.\",\"breadcrumb\":{\"@id\":\"http:\/\/spazio-news.it\/?p=1196#breadcrumb\"},\"inLanguage\":\"it-IT\",\"potentialAction\":[{\"@type\":\"ReadAction\",\"target\":[\"http:\/\/spazio-news.it\/?p=1196\"]}]},{\"@type\":\"ImageObject\",\"inLanguage\":\"it-IT\",\"@id\":\"http:\/\/spazio-news.it\/?p=1196#primaryimage\",\"url\":\"http:\/\/spazio-news.it\/wp-content\/uploads\/2018\/09\/Notteeuropearicercatori_Terra_Spazio-news-e1561307228153.jpg\",\"contentUrl\":\"http:\/\/spazio-news.it\/wp-content\/uploads\/2018\/09\/Notteeuropearicercatori_Terra_Spazio-news-e1561307228153.jpg\",\"width\":800,\"height\":446,\"caption\":\"Notteeuropearicercatori_Terra_Spazio-news\"},{\"@type\":\"BreadcrumbList\",\"@id\":\"http:\/\/spazio-news.it\/?p=1196#breadcrumb\",\"itemListElement\":[{\"@type\":\"ListItem\",\"position\":1,\"name\":\"Home\",\"item\":\"http:\/\/spazio-news.it\/\"},{\"@type\":\"ListItem\",\"position\":2,\"name\":\"LEONARDO PARTECIPA ALLA NOTTE EUROPEA DEI RICERCATORI\"}]},{\"@type\":\"WebSite\",\"@id\":\"http:\/\/spazio-news.it\/#website\",\"url\":\"http:\/\/spazio-news.it\/\",\"name\":\"Spazio-News Magazine\",\"description\":\"La guida che sfida la complessit\u00e0 del mondo industriale\",\"publisher\":{\"@id\":\"http:\/\/spazio-news.it\/#organization\"},\"alternateName\":\"Spazio-news.it\",\"potentialAction\":[{\"@type\":\"SearchAction\",\"target\":{\"@type\":\"EntryPoint\",\"urlTemplate\":\"http:\/\/spazio-news.it\/?s={search_term_string}\"},\"query-input\":{\"@type\":\"PropertyValueSpecification\",\"valueRequired\":true,\"valueName\":\"search_term_string\"}}],\"inLanguage\":\"it-IT\"},{\"@type\":\"Organization\",\"@id\":\"http:\/\/spazio-news.it\/#organization\",\"name\":\"Spazio-News Magazine\",\"url\":\"http:\/\/spazio-news.it\/\",\"logo\":{\"@type\":\"ImageObject\",\"inLanguage\":\"it-IT\",\"@id\":\"http:\/\/spazio-news.it\/#\/schema\/logo\/image\/\",\"url\":\"http:\/\/spazio-news.it\/wp-content\/uploads\/2023\/09\/Logo-Spazio-News-512-x-512-NO-testo.jpg\",\"contentUrl\":\"http:\/\/spazio-news.it\/wp-content\/uploads\/2023\/09\/Logo-Spazio-News-512-x-512-NO-testo.jpg\",\"width\":512,\"height\":512,\"caption\":\"Spazio-News Magazine\"},\"image\":{\"@id\":\"http:\/\/spazio-news.it\/#\/schema\/logo\/image\/\"},\"sameAs\":[\"https:\/\/m.facebook.com\/spazio-news-magazine\",\"https:\/\/x.com\/News_spazio\"]},{\"@type\":\"Person\",\"@id\":\"http:\/\/spazio-news.it\/#\/schema\/person\/c600904e882e9e166ed8e5e3773d37b3\",\"name\":\"Redazione\",\"sameAs\":[\"http:\/\/spazio-news.it\",\"@SpazioNewsMagazine\",\"https:\/\/x.com\/@news_spazio\"],\"url\":\"http:\/\/spazio-news.it\/?author=1\"}]}<\/script>\n<!-- \/ Yoast SEO plugin. -->","yoast_head_json":{"title":"LEONARDO PARTECIPA ALLA NOTTE EUROPEA DEI RICERCATORI &#187; Spazio-News Magazine","description":"Anche Leonardo parteciper\u00e0 alla Notte europea dei ricercatori, che si svolger\u00e0 Venerd\u00ec 28 settembre, con numerosi eventi in diverse citt\u00e0 italiane.","robots":{"index":"index","follow":"follow","max-snippet":"max-snippet:-1","max-image-preview":"max-image-preview:large","max-video-preview":"max-video-preview:-1"},"canonical":"http:\/\/spazio-news.it\/?p=1196","og_locale":"it_IT","og_type":"article","og_title":"LEONARDO PARTECIPA ALLA NOTTE EUROPEA DEI RICERCATORI &#187; Spazio-News Magazine","og_description":"Anche Leonardo parteciper\u00e0 alla Notte europea dei ricercatori, che si svolger\u00e0 Venerd\u00ec 28 settembre, con numerosi eventi in diverse citt\u00e0 italiane.","og_url":"http:\/\/spazio-news.it\/?p=1196","og_site_name":"Spazio-News Magazine","article_publisher":"https:\/\/m.facebook.com\/spazio-news-magazine","article_author":"@SpazioNewsMagazine","article_published_time":"2018-09-28T06:48:35+00:00","og_image":[{"width":800,"height":446,"url":"http:\/\/spazio-news.it\/wp-content\/uploads\/2018\/09\/Notteeuropearicercatori_Terra_Spazio-news-e1561307228153.jpg","type":"image\/jpeg"}],"author":"Redazione","twitter_card":"summary_large_image","twitter_creator":"@news_spazio","twitter_site":"@News_spazio","twitter_misc":{"Scritto da":"Redazione","Tempo di lettura stimato":"2 minuti"},"schema":{"@context":"https:\/\/schema.org","@graph":[{"@type":"NewsArticle","@id":"http:\/\/spazio-news.it\/?p=1196#article","isPartOf":{"@id":"http:\/\/spazio-news.it\/?p=1196"},"author":{"name":"Redazione","@id":"http:\/\/spazio-news.it\/#\/schema\/person\/c600904e882e9e166ed8e5e3773d37b3"},"headline":"LEONARDO PARTECIPA ALLA NOTTE EUROPEA DEI RICERCATORI","datePublished":"2018-09-28T06:48:35+00:00","mainEntityOfPage":{"@id":"http:\/\/spazio-news.it\/?p=1196"},"wordCount":463,"publisher":{"@id":"http:\/\/spazio-news.it\/#organization"},"image":{"@id":"http:\/\/spazio-news.it\/?p=1196#primaryimage"},"thumbnailUrl":"http:\/\/spazio-news.it\/wp-content\/uploads\/2018\/09\/Notteeuropearicercatori_Terra_Spazio-news-e1561307228153.jpg","keywords":["Museo Nazionale della Scienza e della Tecnologia","Notte Europea dei Ricercatori","Universit\u00e0 di Roma Tor Vergata"],"articleSection":["01 - PRIMA PAGINA","05 - RICERCA &amp; INNOVAZIONE"],"inLanguage":"it-IT"},{"@type":"WebPage","@id":"http:\/\/spazio-news.it\/?p=1196","url":"http:\/\/spazio-news.it\/?p=1196","name":"LEONARDO PARTECIPA ALLA NOTTE EUROPEA DEI RICERCATORI &#187; Spazio-News Magazine","isPartOf":{"@id":"http:\/\/spazio-news.it\/#website"},"primaryImageOfPage":{"@id":"http:\/\/spazio-news.it\/?p=1196#primaryimage"},"image":{"@id":"http:\/\/spazio-news.it\/?p=1196#primaryimage"},"thumbnailUrl":"http:\/\/spazio-news.it\/wp-content\/uploads\/2018\/09\/Notteeuropearicercatori_Terra_Spazio-news-e1561307228153.jpg","datePublished":"2018-09-28T06:48:35+00:00","description":"Anche Leonardo parteciper\u00e0 alla Notte europea dei ricercatori, che si svolger\u00e0 Venerd\u00ec 28 settembre, con numerosi eventi in diverse citt\u00e0 italiane.","breadcrumb":{"@id":"http:\/\/spazio-news.it\/?p=1196#breadcrumb"},"inLanguage":"it-IT","potentialAction":[{"@type":"ReadAction","target":["http:\/\/spazio-news.it\/?p=1196"]}]},{"@type":"ImageObject","inLanguage":"it-IT","@id":"http:\/\/spazio-news.it\/?p=1196#primaryimage","url":"http:\/\/spazio-news.it\/wp-content\/uploads\/2018\/09\/Notteeuropearicercatori_Terra_Spazio-news-e1561307228153.jpg","contentUrl":"http:\/\/spazio-news.it\/wp-content\/uploads\/2018\/09\/Notteeuropearicercatori_Terra_Spazio-news-e1561307228153.jpg","width":800,"height":446,"caption":"Notteeuropearicercatori_Terra_Spazio-news"},{"@type":"BreadcrumbList","@id":"http:\/\/spazio-news.it\/?p=1196#breadcrumb","itemListElement":[{"@type":"ListItem","position":1,"name":"Home","item":"http:\/\/spazio-news.it\/"},{"@type":"ListItem","position":2,"name":"LEONARDO PARTECIPA ALLA NOTTE EUROPEA DEI RICERCATORI"}]},{"@type":"WebSite","@id":"http:\/\/spazio-news.it\/#website","url":"http:\/\/spazio-news.it\/","name":"Spazio-News Magazine","description":"La guida che sfida la complessit\u00e0 del mondo industriale","publisher":{"@id":"http:\/\/spazio-news.it\/#organization"},"alternateName":"Spazio-news.it","potentialAction":[{"@type":"SearchAction","target":{"@type":"EntryPoint","urlTemplate":"http:\/\/spazio-news.it\/?s={search_term_string}"},"query-input":{"@type":"PropertyValueSpecification","valueRequired":true,"valueName":"search_term_string"}}],"inLanguage":"it-IT"},{"@type":"Organization","@id":"http:\/\/spazio-news.it\/#organization","name":"Spazio-News Magazine","url":"http:\/\/spazio-news.it\/","logo":{"@type":"ImageObject","inLanguage":"it-IT","@id":"http:\/\/spazio-news.it\/#\/schema\/logo\/image\/","url":"http:\/\/spazio-news.it\/wp-content\/uploads\/2023\/09\/Logo-Spazio-News-512-x-512-NO-testo.jpg","contentUrl":"http:\/\/spazio-news.it\/wp-content\/uploads\/2023\/09\/Logo-Spazio-News-512-x-512-NO-testo.jpg","width":512,"height":512,"caption":"Spazio-News Magazine"},"image":{"@id":"http:\/\/spazio-news.it\/#\/schema\/logo\/image\/"},"sameAs":["https:\/\/m.facebook.com\/spazio-news-magazine","https:\/\/x.com\/News_spazio"]},{"@type":"Person","@id":"http:\/\/spazio-news.it\/#\/schema\/person\/c600904e882e9e166ed8e5e3773d37b3","name":"Redazione","sameAs":["http:\/\/spazio-news.it","@SpazioNewsMagazine","https:\/\/x.com\/@news_spazio"],"url":"http:\/\/spazio-news.it\/?author=1"}]}},"_links":{"self":[{"href":"http:\/\/spazio-news.it\/index.php?rest_route=\/wp\/v2\/posts\/1196","targetHints":{"allow":["GET"]}}],"collection":[{"href":"http:\/\/spazio-news.it\/index.php?rest_route=\/wp\/v2\/posts"}],"about":[{"href":"http:\/\/spazio-news.it\/index.php?rest_route=\/wp\/v2\/types\/post"}],"author":[{"embeddable":true,"href":"http:\/\/spazio-news.it\/index.php?rest_route=\/wp\/v2\/users\/1"}],"replies":[{"embeddable":true,"href":"http:\/\/spazio-news.it\/index.php?rest_route=%2Fwp%2Fv2%2Fcomments&post=1196"}],"version-history":[{"count":1,"href":"http:\/\/spazio-news.it\/index.php?rest_route=\/wp\/v2\/posts\/1196\/revisions"}],"predecessor-version":[{"id":1199,"href":"http:\/\/spazio-news.it\/index.php?rest_route=\/wp\/v2\/posts\/1196\/revisions\/1199"}],"wp:featuredmedia":[{"embeddable":true,"href":"http:\/\/spazio-news.it\/index.php?rest_route=\/wp\/v2\/media\/1198"}],"wp:attachment":[{"href":"http:\/\/spazio-news.it\/index.php?rest_route=%2Fwp%2Fv2%2Fmedia&parent=1196"}],"wp:term":[{"taxonomy":"category","embeddable":true,"href":"http:\/\/spazio-news.it\/index.php?rest_route=%2Fwp%2Fv2%2Fcategories&post=1196"},{"taxonomy":"post_tag","embeddable":true,"href":"http:\/\/spazio-news.it\/index.php?rest_route=%2Fwp%2Fv2%2Ftags&post=1196"}],"curies":[{"name":"wp","href":"https:\/\/api.w.org\/{rel}","templated":true}]}}