{"id":11972,"date":"2024-10-09T02:48:00","date_gmt":"2024-10-09T01:48:00","guid":{"rendered":"https:\/\/spazio-news.it\/?p=11972"},"modified":"2024-10-06T14:52:17","modified_gmt":"2024-10-06T13:52:17","slug":"thinkb4uclick-ottobre-e-il-mese-europeo-della-cibersicurezza","status":"publish","type":"post","link":"http:\/\/spazio-news.it\/?p=11972","title":{"rendered":"#THINKB4UCLICK: OTTOBRE \u00c8 IL MESE EUROPEO DELLA CIBERSICUREZZA"},"content":{"rendered":"\n<p>\u00c8 partita a inizio ottobre il \u201cmese europeo della Cybersecurity\u201d, la campagna annuale che promuove la sensibilizzazione alla Cyber sicurezza e le migliori pratiche online. Ogni anno a ottobre si svolgono centinaia di attivit\u00e0 in tutta Europa, tra cui conferenze, seminari, formazioni, webinar, presentazioni e molto altro ancora, per far conoscere al pubblico le minacce online e far capire l&#8217;importanza della sicurezza digitale.<\/p>\n<p>L&#8217;edizione del 2024, dedicata al tema #ThinkB4UClick, cio\u00e8 &#8220;Pensa prima di cliccare&#8221;, si concentra su come proteggersi dalla cosiddetta ingegneria sociale, una pratica sempre pi\u00f9 diffusa con cui i truffatori sfruttano tecniche di impersonificazione, e-mail di phishing oppure false offerte per indurre le persone a compiere determinate azioni online o a fornire informazioni sensibili o personali. La campagna intende promuovere la sicurezza cibernetica tra le persone e le organizzazioni e fornisce informazioni sulla sicurezza online proponendo attivit\u00e0 di sensibilizzazione e condividendo le buone pratiche.<\/p>\n<p>L&#8217;UE lavora su vari fronti per promuovere la Cyber-resilienza. La strategia dell&#8217;UE per la cyber-sicurezza punta a rafforzare la resilienza alle minacce informatiche e a garantire che i cittadini e le imprese beneficino di tecnologie digitali affidabili, mentre il regolamento dell&#8217;UE sulla cyber-solidariet\u00e0 propone misure concrete che consentiranno all&#8217;UE di rispondere a minacce e attacchi.<\/p>\n<p>Nel 2022 la carenza di esperti di cibersicurezza in tutta l&#8217;UE variava tra le 260 000 e le 500 000 persone. Una recente indagine sulle competenze in materia di CyberSecurity ha evidenziato la necessit\u00e0 di sensibilizzare e formare su questo tema. Per colmare questa carenza di competenze, \u00e8 stata istituita l&#8217;Accademia per le competenze in materia di sicurezza cibernetica, che funger\u00e0 da piattaforma online per offrire una serie di corsi sulle competenze necessarie in questo settore accessibili a tutti in tutta Europa.<\/p>\n<p>F. C.<\/p>\n","protected":false},"excerpt":{"rendered":"<p>\u00c8 partita a inizio ottobre il \u201cmese europeo della Cybersecurity\u201d, la campagna annuale che promuove la sensibilizzazione alla Cyber sicurezza<\/p>\n","protected":false},"author":1,"featured_media":7008,"comment_status":"closed","ping_status":"open","sticky":false,"template":"","format":"standard","meta":{"colormag_page_container_layout":"default_layout","colormag_page_sidebar_layout":"default_layout","footnotes":""},"categories":[32,6],"tags":[8242,126,14],"class_list":["post-11972","post","type-post","status-publish","format-standard","has-post-thumbnail","hentry","category-prima-pagina","category-economia-societa","tag-thinkb4uclick","tag-cyber","tag-cybersecurity"],"yoast_head":"<!-- This site is optimized with the Yoast SEO plugin v26.8 - https:\/\/yoast.com\/product\/yoast-seo-wordpress\/ -->\n<title>#THINKB4UCLICK: OTTOBRE \u00c8 IL MESE EUROPEO DELLA CIBERSICUREZZA &#187; Spazio-News Magazine<\/title>\n<meta name=\"description\" content=\"\u00c8 partita a inizio ottobre il \u201cmese europeo della Cybersecurity\u201d, la campagna annuale che promuove la sensibilizzazione alla sicurezza cyber\" \/>\n<meta name=\"robots\" content=\"index, follow, max-snippet:-1, max-image-preview:large, max-video-preview:-1\" \/>\n<link rel=\"canonical\" href=\"http:\/\/spazio-news.it\/?p=11972\" \/>\n<meta property=\"og:locale\" content=\"it_IT\" \/>\n<meta property=\"og:type\" content=\"article\" \/>\n<meta property=\"og:title\" content=\"#THINKB4UCLICK: OTTOBRE \u00c8 IL MESE EUROPEO DELLA CIBERSICUREZZA &#187; Spazio-News Magazine\" \/>\n<meta property=\"og:description\" content=\"\u00c8 partita a inizio ottobre il \u201cmese europeo della Cybersecurity\u201d, la campagna annuale che promuove la sensibilizzazione alla sicurezza cyber\" \/>\n<meta property=\"og:url\" content=\"http:\/\/spazio-news.it\/?p=11972\" \/>\n<meta property=\"og:site_name\" content=\"Spazio-News Magazine\" \/>\n<meta property=\"article:publisher\" content=\"https:\/\/m.facebook.com\/spazio-news-magazine\" \/>\n<meta property=\"article:author\" content=\"@SpazioNewsMagazine\" \/>\n<meta property=\"article:published_time\" content=\"2024-10-09T01:48:00+00:00\" \/>\n<meta property=\"og:image\" content=\"http:\/\/spazio-news.it\/wp-content\/uploads\/2019\/11\/Cybersecurity-Cyber-defence-Cyber-crime-Spazio-News-Magazine.jpg\" \/>\n\t<meta property=\"og:image:width\" content=\"800\" \/>\n\t<meta property=\"og:image:height\" content=\"446\" \/>\n\t<meta property=\"og:image:type\" content=\"image\/jpeg\" \/>\n<meta name=\"author\" content=\"Redazione\" \/>\n<meta name=\"twitter:card\" content=\"summary_large_image\" \/>\n<meta name=\"twitter:creator\" content=\"@news_spazio\" \/>\n<meta name=\"twitter:site\" content=\"@News_spazio\" \/>\n<meta name=\"twitter:label1\" content=\"Scritto da\" \/>\n\t<meta name=\"twitter:data1\" content=\"Redazione\" \/>\n\t<meta name=\"twitter:label2\" content=\"Tempo di lettura stimato\" \/>\n\t<meta name=\"twitter:data2\" content=\"2 minuti\" \/>\n<script type=\"application\/ld+json\" class=\"yoast-schema-graph\">{\"@context\":\"https:\/\/schema.org\",\"@graph\":[{\"@type\":\"NewsArticle\",\"@id\":\"http:\/\/spazio-news.it\/?p=11972#article\",\"isPartOf\":{\"@id\":\"http:\/\/spazio-news.it\/?p=11972\"},\"author\":{\"name\":\"Redazione\",\"@id\":\"https:\/\/spazio-news.it\/#\/schema\/person\/c600904e882e9e166ed8e5e3773d37b3\"},\"headline\":\"#THINKB4UCLICK: OTTOBRE \u00c8 IL MESE EUROPEO DELLA CIBERSICUREZZA\",\"datePublished\":\"2024-10-09T01:48:00+00:00\",\"mainEntityOfPage\":{\"@id\":\"http:\/\/spazio-news.it\/?p=11972\"},\"wordCount\":295,\"publisher\":{\"@id\":\"https:\/\/spazio-news.it\/#organization\"},\"image\":{\"@id\":\"http:\/\/spazio-news.it\/?p=11972#primaryimage\"},\"thumbnailUrl\":\"http:\/\/spazio-news.it\/wp-content\/uploads\/2019\/11\/Cybersecurity-Cyber-defence-Cyber-crime-Spazio-News-Magazine.jpg\",\"keywords\":[\"#ThinkB4UClick\",\"Cyber\",\"cybersecurity\"],\"articleSection\":[\"01 - PRIMA PAGINA\",\"04 - ECONOMIA &amp; SOCIET\u00c0\"],\"inLanguage\":\"it-IT\"},{\"@type\":\"WebPage\",\"@id\":\"http:\/\/spazio-news.it\/?p=11972\",\"url\":\"http:\/\/spazio-news.it\/?p=11972\",\"name\":\"#THINKB4UCLICK: OTTOBRE \u00c8 IL MESE EUROPEO DELLA CIBERSICUREZZA &#187; Spazio-News Magazine\",\"isPartOf\":{\"@id\":\"https:\/\/spazio-news.it\/#website\"},\"primaryImageOfPage\":{\"@id\":\"http:\/\/spazio-news.it\/?p=11972#primaryimage\"},\"image\":{\"@id\":\"http:\/\/spazio-news.it\/?p=11972#primaryimage\"},\"thumbnailUrl\":\"http:\/\/spazio-news.it\/wp-content\/uploads\/2019\/11\/Cybersecurity-Cyber-defence-Cyber-crime-Spazio-News-Magazine.jpg\",\"datePublished\":\"2024-10-09T01:48:00+00:00\",\"description\":\"\u00c8 partita a inizio ottobre il \u201cmese europeo della Cybersecurity\u201d, la campagna annuale che promuove la sensibilizzazione alla sicurezza cyber\",\"breadcrumb\":{\"@id\":\"http:\/\/spazio-news.it\/?p=11972#breadcrumb\"},\"inLanguage\":\"it-IT\",\"potentialAction\":[{\"@type\":\"ReadAction\",\"target\":[\"http:\/\/spazio-news.it\/?p=11972\"]}]},{\"@type\":\"ImageObject\",\"inLanguage\":\"it-IT\",\"@id\":\"http:\/\/spazio-news.it\/?p=11972#primaryimage\",\"url\":\"http:\/\/spazio-news.it\/wp-content\/uploads\/2019\/11\/Cybersecurity-Cyber-defence-Cyber-crime-Spazio-News-Magazine.jpg\",\"contentUrl\":\"http:\/\/spazio-news.it\/wp-content\/uploads\/2019\/11\/Cybersecurity-Cyber-defence-Cyber-crime-Spazio-News-Magazine.jpg\",\"width\":800,\"height\":446,\"caption\":\"Cybersecurity - Cyber defence - Cyber crime Spazio-News Magazine\"},{\"@type\":\"BreadcrumbList\",\"@id\":\"http:\/\/spazio-news.it\/?p=11972#breadcrumb\",\"itemListElement\":[{\"@type\":\"ListItem\",\"position\":1,\"name\":\"Home\",\"item\":\"https:\/\/spazio-news.it\/\"},{\"@type\":\"ListItem\",\"position\":2,\"name\":\"#THINKB4UCLICK: OTTOBRE \u00c8 IL MESE EUROPEO DELLA CIBERSICUREZZA\"}]},{\"@type\":\"WebSite\",\"@id\":\"https:\/\/spazio-news.it\/#website\",\"url\":\"https:\/\/spazio-news.it\/\",\"name\":\"Spazio-News Magazine\",\"description\":\"La guida che sfida la complessit\u00e0 del mondo industriale\",\"publisher\":{\"@id\":\"https:\/\/spazio-news.it\/#organization\"},\"alternateName\":\"Spazio-news.it\",\"potentialAction\":[{\"@type\":\"SearchAction\",\"target\":{\"@type\":\"EntryPoint\",\"urlTemplate\":\"https:\/\/spazio-news.it\/?s={search_term_string}\"},\"query-input\":{\"@type\":\"PropertyValueSpecification\",\"valueRequired\":true,\"valueName\":\"search_term_string\"}}],\"inLanguage\":\"it-IT\"},{\"@type\":\"Organization\",\"@id\":\"https:\/\/spazio-news.it\/#organization\",\"name\":\"Spazio-News Magazine\",\"url\":\"https:\/\/spazio-news.it\/\",\"logo\":{\"@type\":\"ImageObject\",\"inLanguage\":\"it-IT\",\"@id\":\"https:\/\/spazio-news.it\/#\/schema\/logo\/image\/\",\"url\":\"http:\/\/spazio-news.it\/wp-content\/uploads\/2023\/09\/Logo-Spazio-News-512-x-512-NO-testo.jpg\",\"contentUrl\":\"http:\/\/spazio-news.it\/wp-content\/uploads\/2023\/09\/Logo-Spazio-News-512-x-512-NO-testo.jpg\",\"width\":512,\"height\":512,\"caption\":\"Spazio-News Magazine\"},\"image\":{\"@id\":\"https:\/\/spazio-news.it\/#\/schema\/logo\/image\/\"},\"sameAs\":[\"https:\/\/m.facebook.com\/spazio-news-magazine\",\"https:\/\/x.com\/News_spazio\"]},{\"@type\":\"Person\",\"@id\":\"https:\/\/spazio-news.it\/#\/schema\/person\/c600904e882e9e166ed8e5e3773d37b3\",\"name\":\"Redazione\",\"sameAs\":[\"http:\/\/spazio-news.it\",\"@SpazioNewsMagazine\",\"https:\/\/x.com\/@news_spazio\"],\"url\":\"http:\/\/spazio-news.it\/?author=1\"}]}<\/script>\n<!-- \/ Yoast SEO plugin. -->","yoast_head_json":{"title":"#THINKB4UCLICK: OTTOBRE \u00c8 IL MESE EUROPEO DELLA CIBERSICUREZZA &#187; Spazio-News Magazine","description":"\u00c8 partita a inizio ottobre il \u201cmese europeo della Cybersecurity\u201d, la campagna annuale che promuove la sensibilizzazione alla sicurezza cyber","robots":{"index":"index","follow":"follow","max-snippet":"max-snippet:-1","max-image-preview":"max-image-preview:large","max-video-preview":"max-video-preview:-1"},"canonical":"http:\/\/spazio-news.it\/?p=11972","og_locale":"it_IT","og_type":"article","og_title":"#THINKB4UCLICK: OTTOBRE \u00c8 IL MESE EUROPEO DELLA CIBERSICUREZZA &#187; Spazio-News Magazine","og_description":"\u00c8 partita a inizio ottobre il \u201cmese europeo della Cybersecurity\u201d, la campagna annuale che promuove la sensibilizzazione alla sicurezza cyber","og_url":"http:\/\/spazio-news.it\/?p=11972","og_site_name":"Spazio-News Magazine","article_publisher":"https:\/\/m.facebook.com\/spazio-news-magazine","article_author":"@SpazioNewsMagazine","article_published_time":"2024-10-09T01:48:00+00:00","og_image":[{"width":800,"height":446,"url":"http:\/\/spazio-news.it\/wp-content\/uploads\/2019\/11\/Cybersecurity-Cyber-defence-Cyber-crime-Spazio-News-Magazine.jpg","type":"image\/jpeg"}],"author":"Redazione","twitter_card":"summary_large_image","twitter_creator":"@news_spazio","twitter_site":"@News_spazio","twitter_misc":{"Scritto da":"Redazione","Tempo di lettura stimato":"2 minuti"},"schema":{"@context":"https:\/\/schema.org","@graph":[{"@type":"NewsArticle","@id":"http:\/\/spazio-news.it\/?p=11972#article","isPartOf":{"@id":"http:\/\/spazio-news.it\/?p=11972"},"author":{"name":"Redazione","@id":"https:\/\/spazio-news.it\/#\/schema\/person\/c600904e882e9e166ed8e5e3773d37b3"},"headline":"#THINKB4UCLICK: OTTOBRE \u00c8 IL MESE EUROPEO DELLA CIBERSICUREZZA","datePublished":"2024-10-09T01:48:00+00:00","mainEntityOfPage":{"@id":"http:\/\/spazio-news.it\/?p=11972"},"wordCount":295,"publisher":{"@id":"https:\/\/spazio-news.it\/#organization"},"image":{"@id":"http:\/\/spazio-news.it\/?p=11972#primaryimage"},"thumbnailUrl":"http:\/\/spazio-news.it\/wp-content\/uploads\/2019\/11\/Cybersecurity-Cyber-defence-Cyber-crime-Spazio-News-Magazine.jpg","keywords":["#ThinkB4UClick","Cyber","cybersecurity"],"articleSection":["01 - PRIMA PAGINA","04 - ECONOMIA &amp; SOCIET\u00c0"],"inLanguage":"it-IT"},{"@type":"WebPage","@id":"http:\/\/spazio-news.it\/?p=11972","url":"http:\/\/spazio-news.it\/?p=11972","name":"#THINKB4UCLICK: OTTOBRE \u00c8 IL MESE EUROPEO DELLA CIBERSICUREZZA &#187; Spazio-News Magazine","isPartOf":{"@id":"https:\/\/spazio-news.it\/#website"},"primaryImageOfPage":{"@id":"http:\/\/spazio-news.it\/?p=11972#primaryimage"},"image":{"@id":"http:\/\/spazio-news.it\/?p=11972#primaryimage"},"thumbnailUrl":"http:\/\/spazio-news.it\/wp-content\/uploads\/2019\/11\/Cybersecurity-Cyber-defence-Cyber-crime-Spazio-News-Magazine.jpg","datePublished":"2024-10-09T01:48:00+00:00","description":"\u00c8 partita a inizio ottobre il \u201cmese europeo della Cybersecurity\u201d, la campagna annuale che promuove la sensibilizzazione alla sicurezza cyber","breadcrumb":{"@id":"http:\/\/spazio-news.it\/?p=11972#breadcrumb"},"inLanguage":"it-IT","potentialAction":[{"@type":"ReadAction","target":["http:\/\/spazio-news.it\/?p=11972"]}]},{"@type":"ImageObject","inLanguage":"it-IT","@id":"http:\/\/spazio-news.it\/?p=11972#primaryimage","url":"http:\/\/spazio-news.it\/wp-content\/uploads\/2019\/11\/Cybersecurity-Cyber-defence-Cyber-crime-Spazio-News-Magazine.jpg","contentUrl":"http:\/\/spazio-news.it\/wp-content\/uploads\/2019\/11\/Cybersecurity-Cyber-defence-Cyber-crime-Spazio-News-Magazine.jpg","width":800,"height":446,"caption":"Cybersecurity - Cyber defence - Cyber crime Spazio-News Magazine"},{"@type":"BreadcrumbList","@id":"http:\/\/spazio-news.it\/?p=11972#breadcrumb","itemListElement":[{"@type":"ListItem","position":1,"name":"Home","item":"https:\/\/spazio-news.it\/"},{"@type":"ListItem","position":2,"name":"#THINKB4UCLICK: OTTOBRE \u00c8 IL MESE EUROPEO DELLA CIBERSICUREZZA"}]},{"@type":"WebSite","@id":"https:\/\/spazio-news.it\/#website","url":"https:\/\/spazio-news.it\/","name":"Spazio-News Magazine","description":"La guida che sfida la complessit\u00e0 del mondo industriale","publisher":{"@id":"https:\/\/spazio-news.it\/#organization"},"alternateName":"Spazio-news.it","potentialAction":[{"@type":"SearchAction","target":{"@type":"EntryPoint","urlTemplate":"https:\/\/spazio-news.it\/?s={search_term_string}"},"query-input":{"@type":"PropertyValueSpecification","valueRequired":true,"valueName":"search_term_string"}}],"inLanguage":"it-IT"},{"@type":"Organization","@id":"https:\/\/spazio-news.it\/#organization","name":"Spazio-News Magazine","url":"https:\/\/spazio-news.it\/","logo":{"@type":"ImageObject","inLanguage":"it-IT","@id":"https:\/\/spazio-news.it\/#\/schema\/logo\/image\/","url":"http:\/\/spazio-news.it\/wp-content\/uploads\/2023\/09\/Logo-Spazio-News-512-x-512-NO-testo.jpg","contentUrl":"http:\/\/spazio-news.it\/wp-content\/uploads\/2023\/09\/Logo-Spazio-News-512-x-512-NO-testo.jpg","width":512,"height":512,"caption":"Spazio-News Magazine"},"image":{"@id":"https:\/\/spazio-news.it\/#\/schema\/logo\/image\/"},"sameAs":["https:\/\/m.facebook.com\/spazio-news-magazine","https:\/\/x.com\/News_spazio"]},{"@type":"Person","@id":"https:\/\/spazio-news.it\/#\/schema\/person\/c600904e882e9e166ed8e5e3773d37b3","name":"Redazione","sameAs":["http:\/\/spazio-news.it","@SpazioNewsMagazine","https:\/\/x.com\/@news_spazio"],"url":"http:\/\/spazio-news.it\/?author=1"}]}},"_links":{"self":[{"href":"http:\/\/spazio-news.it\/index.php?rest_route=\/wp\/v2\/posts\/11972","targetHints":{"allow":["GET"]}}],"collection":[{"href":"http:\/\/spazio-news.it\/index.php?rest_route=\/wp\/v2\/posts"}],"about":[{"href":"http:\/\/spazio-news.it\/index.php?rest_route=\/wp\/v2\/types\/post"}],"author":[{"embeddable":true,"href":"http:\/\/spazio-news.it\/index.php?rest_route=\/wp\/v2\/users\/1"}],"replies":[{"embeddable":true,"href":"http:\/\/spazio-news.it\/index.php?rest_route=%2Fwp%2Fv2%2Fcomments&post=11972"}],"version-history":[{"count":1,"href":"http:\/\/spazio-news.it\/index.php?rest_route=\/wp\/v2\/posts\/11972\/revisions"}],"predecessor-version":[{"id":11973,"href":"http:\/\/spazio-news.it\/index.php?rest_route=\/wp\/v2\/posts\/11972\/revisions\/11973"}],"wp:featuredmedia":[{"embeddable":true,"href":"http:\/\/spazio-news.it\/index.php?rest_route=\/wp\/v2\/media\/7008"}],"wp:attachment":[{"href":"http:\/\/spazio-news.it\/index.php?rest_route=%2Fwp%2Fv2%2Fmedia&parent=11972"}],"wp:term":[{"taxonomy":"category","embeddable":true,"href":"http:\/\/spazio-news.it\/index.php?rest_route=%2Fwp%2Fv2%2Fcategories&post=11972"},{"taxonomy":"post_tag","embeddable":true,"href":"http:\/\/spazio-news.it\/index.php?rest_route=%2Fwp%2Fv2%2Ftags&post=11972"}],"curies":[{"name":"wp","href":"https:\/\/api.w.org\/{rel}","templated":true}]}}