{"id":1204,"date":"2018-09-28T09:32:07","date_gmt":"2018-09-28T09:32:07","guid":{"rendered":"http:\/\/spazio-news.it\/?p=1204"},"modified":"2018-09-27T14:37:46","modified_gmt":"2018-09-27T14:37:46","slug":"volotea-apre-nuova-base-a-cagliari","status":"publish","type":"post","link":"http:\/\/spazio-news.it\/?p=1204","title":{"rendered":"VOLOTEA APRE NUOVA BASE A CAGLIARI"},"content":{"rendered":"<p><strong>Volotea<\/strong> ha annunciato di aver scelto l\u2019<strong>Aeroporto di Cagliari<\/strong> come sua <strong>quinta base italiana<\/strong>. Tutti i dettagli &#8211; dalle rotte operate alle opportunit\u00e0 di impiego di Volotea presso lo scalo &#8211; verranno annunciati nel corso di una conferenza stampa il prossimo 23 ottobre nel capoluogo sardo.<\/p>\n<p>Con l\u2019apertura della nuova base, l\u2019anno prossimo, la compagnia andr\u00e0 a rafforzare la connettivit\u00e0 del Sud Sardegna, permettendo spostamenti pi\u00f9 facili, comodi e diretti per i passeggeri sardi, non solo nel periodo estivo ma durante tutto l\u2019anno. L\u2019obiettivo \u00e8 anche di apportare nuovi mercati che favoriscano la crescita del flusso di turisti incoming nazionali e internazionali, supportando l\u2019economia isolana.<\/p>\n<p>\u201c<em>Cagliari ricopre un ruolo chiave nei nostri piani di sviluppo e proprio per questo abbiamo deciso di aprire presso lo scalo la nostra nuova base operativa, quinta in Italia e tredicesima a livello internazionale\u201d<\/em> \u2013 ha dichiarato <strong>Carlos Mu\u00f1oz<\/strong>, presidente e fondatore di Volotea.<\/p>\n<p><em>\u201cSiamo entusiasti che Volotea nel suo piano di crescita abbia scelto lo scalo di Cagliari come quinta base in Italia <\/em>&#8211; ha aggiunto <strong>Alberto Scanu<\/strong>, Amministratore Delegato di <strong>SOGAER<\/strong>, la societ\u00e0 di gestione dell\u2019Aeroporto di Cagliari &#8211;<em>. Grazie alla nuova base il vettore amplier\u00e0 ulteriormente il suo network contribuendo a sviluppare l\u2019attrattivit\u00e0 turistica e l\u2019accessibilit\u00e0 di quest\u2019area del Mediterraneo, rafforzando contestualmente le opportunit\u00e0 di collegamento diretto per tutti i residenti della Sardegna\u201d<\/em>.<\/p>\n<p>La compagnia spagnola opera da Cagliari dal 2012 e ha recentemente sorpassato i suoi 500.000 passeggeri presso lo scalo. Sono ottimi i risultati registrati a Cagliari nel periodo da giugno ad agosto 2018, con 141.000 passeggeri trasportati a livello locale, pari a un incremento del 55% rispetto allo stesso periodo dell\u2019anno precedente. Durante la stagione pi\u00f9 calda, infine, la compagnia ha operato a Cagliari circa 1.000 voli, raggiungendo un load factor del 95%.<\/p>\n<p>Volotea ha raggiunto il traguardo dei 18 milioni di passeggeri trasportati dal suo primo volo nel 2012, totalizzando pi\u00f9 di 4,8 milioni di passeggeri nel 2017.<\/p>\n<p>Nel 2018 ha aperto 58 nuove rotte per un totale di 293 collegamenti in 78 medie e piccole destinazioni europee in 13 Paesi: Francia, Italia, Spagna, Germania, Grecia, Croazia, Repubblica Ceca, Albania, Portogallo, Malta, Austria, Irlanda e Lussemburgo. La compagnia aerea stima di trasportare tra i 5,7 e i 6 milioni di passeggeri nel 2018.<\/p>\n<p>Al momento la compagnia ha 12 basi operative: Venezia, Nantes, Bordeaux, Palermo, Strasburgo, Asturie, Verona, Tolosa, Genova, Bilbao, Marsiglia e Atene. Queste ultime 3 sono state recentemente inaugurate nel 2018.<\/p>\n","protected":false},"excerpt":{"rendered":"<p>Volotea ha annunciato di aver scelto l\u2019Aeroporto di Cagliari come sua quinta base italiana. Tutti i dettagli &#8211; dalle rotte<\/p>\n","protected":false},"author":1,"featured_media":1205,"comment_status":"closed","ping_status":"open","sticky":false,"template":"","format":"standard","meta":{"colormag_page_container_layout":"default_layout","colormag_page_sidebar_layout":"default_layout","footnotes":""},"categories":[32,3],"tags":[824,652,38],"class_list":["post-1204","post","type-post","status-publish","format-standard","has-post-thumbnail","hentry","category-prima-pagina","category-industria","tag-aeroporto-di-cagliari","tag-low-cost","tag-ryanair"],"yoast_head":"<!-- This site is optimized with the Yoast SEO plugin v26.8 - https:\/\/yoast.com\/product\/yoast-seo-wordpress\/ -->\n<title>Aeroporto di Cagliari quinta base italiana di Volotea &#187; Spazio-News Magazine<\/title>\n<meta name=\"description\" content=\"Volotea ha annunciato che l&#039;Aeroporto di Cagliari sar\u00e0 la quinta base della compagnia in Italia, a partire dal prossimo anno\" \/>\n<meta name=\"robots\" content=\"index, follow, max-snippet:-1, max-image-preview:large, max-video-preview:-1\" \/>\n<link rel=\"canonical\" href=\"http:\/\/spazio-news.it\/?p=1204\" \/>\n<meta property=\"og:locale\" content=\"it_IT\" \/>\n<meta property=\"og:type\" content=\"article\" \/>\n<meta property=\"og:title\" content=\"Aeroporto di Cagliari quinta base italiana di Volotea &#187; Spazio-News Magazine\" \/>\n<meta property=\"og:description\" content=\"Volotea ha annunciato che l&#039;Aeroporto di Cagliari sar\u00e0 la quinta base della compagnia in Italia, a partire dal prossimo anno\" \/>\n<meta property=\"og:url\" content=\"http:\/\/spazio-news.it\/?p=1204\" \/>\n<meta property=\"og:site_name\" content=\"Spazio-News Magazine\" \/>\n<meta property=\"article:publisher\" content=\"https:\/\/m.facebook.com\/spazio-news-magazine\" \/>\n<meta property=\"article:author\" content=\"@SpazioNewsMagazine\" \/>\n<meta property=\"article:published_time\" content=\"2018-09-28T09:32:07+00:00\" \/>\n<meta property=\"og:image\" content=\"http:\/\/spazio-news.it\/wp-content\/uploads\/2018\/09\/Volotea_Spazio-news.jpg\" \/>\n\t<meta property=\"og:image:width\" content=\"800\" \/>\n\t<meta property=\"og:image:height\" content=\"533\" \/>\n\t<meta property=\"og:image:type\" content=\"image\/jpeg\" \/>\n<meta name=\"author\" content=\"Redazione\" \/>\n<meta name=\"twitter:card\" content=\"summary_large_image\" \/>\n<meta name=\"twitter:creator\" content=\"@news_spazio\" \/>\n<meta name=\"twitter:site\" content=\"@News_spazio\" \/>\n<meta name=\"twitter:label1\" content=\"Scritto da\" \/>\n\t<meta name=\"twitter:data1\" content=\"Redazione\" \/>\n\t<meta name=\"twitter:label2\" content=\"Tempo di lettura stimato\" \/>\n\t<meta name=\"twitter:data2\" content=\"2 minuti\" \/>\n<script type=\"application\/ld+json\" class=\"yoast-schema-graph\">{\"@context\":\"https:\/\/schema.org\",\"@graph\":[{\"@type\":\"NewsArticle\",\"@id\":\"http:\/\/spazio-news.it\/?p=1204#article\",\"isPartOf\":{\"@id\":\"http:\/\/spazio-news.it\/?p=1204\"},\"author\":{\"name\":\"Redazione\",\"@id\":\"https:\/\/spazio-news.it\/#\/schema\/person\/c600904e882e9e166ed8e5e3773d37b3\"},\"headline\":\"VOLOTEA APRE NUOVA BASE A CAGLIARI\",\"datePublished\":\"2018-09-28T09:32:07+00:00\",\"mainEntityOfPage\":{\"@id\":\"http:\/\/spazio-news.it\/?p=1204\"},\"wordCount\":398,\"publisher\":{\"@id\":\"https:\/\/spazio-news.it\/#organization\"},\"image\":{\"@id\":\"http:\/\/spazio-news.it\/?p=1204#primaryimage\"},\"thumbnailUrl\":\"http:\/\/spazio-news.it\/wp-content\/uploads\/2018\/09\/Volotea_Spazio-news.jpg\",\"keywords\":[\"Aeroporto di Cagliari\",\"Low cost\",\"Ryanair\"],\"articleSection\":[\"01 - PRIMA PAGINA\",\"02 - INDUSTRIA\"],\"inLanguage\":\"it-IT\"},{\"@type\":\"WebPage\",\"@id\":\"http:\/\/spazio-news.it\/?p=1204\",\"url\":\"http:\/\/spazio-news.it\/?p=1204\",\"name\":\"Aeroporto di Cagliari quinta base italiana di Volotea &#187; Spazio-News Magazine\",\"isPartOf\":{\"@id\":\"https:\/\/spazio-news.it\/#website\"},\"primaryImageOfPage\":{\"@id\":\"http:\/\/spazio-news.it\/?p=1204#primaryimage\"},\"image\":{\"@id\":\"http:\/\/spazio-news.it\/?p=1204#primaryimage\"},\"thumbnailUrl\":\"http:\/\/spazio-news.it\/wp-content\/uploads\/2018\/09\/Volotea_Spazio-news.jpg\",\"datePublished\":\"2018-09-28T09:32:07+00:00\",\"description\":\"Volotea ha annunciato che l'Aeroporto di Cagliari sar\u00e0 la quinta base della compagnia in Italia, a partire dal prossimo anno\",\"breadcrumb\":{\"@id\":\"http:\/\/spazio-news.it\/?p=1204#breadcrumb\"},\"inLanguage\":\"it-IT\",\"potentialAction\":[{\"@type\":\"ReadAction\",\"target\":[\"http:\/\/spazio-news.it\/?p=1204\"]}]},{\"@type\":\"ImageObject\",\"inLanguage\":\"it-IT\",\"@id\":\"http:\/\/spazio-news.it\/?p=1204#primaryimage\",\"url\":\"http:\/\/spazio-news.it\/wp-content\/uploads\/2018\/09\/Volotea_Spazio-news.jpg\",\"contentUrl\":\"http:\/\/spazio-news.it\/wp-content\/uploads\/2018\/09\/Volotea_Spazio-news.jpg\",\"width\":800,\"height\":533,\"caption\":\"Volotea_Spazio-news\"},{\"@type\":\"BreadcrumbList\",\"@id\":\"http:\/\/spazio-news.it\/?p=1204#breadcrumb\",\"itemListElement\":[{\"@type\":\"ListItem\",\"position\":1,\"name\":\"Home\",\"item\":\"https:\/\/spazio-news.it\/\"},{\"@type\":\"ListItem\",\"position\":2,\"name\":\"VOLOTEA APRE NUOVA BASE A CAGLIARI\"}]},{\"@type\":\"WebSite\",\"@id\":\"https:\/\/spazio-news.it\/#website\",\"url\":\"https:\/\/spazio-news.it\/\",\"name\":\"Spazio-News Magazine\",\"description\":\"La guida che sfida la complessit\u00e0 del mondo industriale\",\"publisher\":{\"@id\":\"https:\/\/spazio-news.it\/#organization\"},\"alternateName\":\"Spazio-news.it\",\"potentialAction\":[{\"@type\":\"SearchAction\",\"target\":{\"@type\":\"EntryPoint\",\"urlTemplate\":\"https:\/\/spazio-news.it\/?s={search_term_string}\"},\"query-input\":{\"@type\":\"PropertyValueSpecification\",\"valueRequired\":true,\"valueName\":\"search_term_string\"}}],\"inLanguage\":\"it-IT\"},{\"@type\":\"Organization\",\"@id\":\"https:\/\/spazio-news.it\/#organization\",\"name\":\"Spazio-News Magazine\",\"url\":\"https:\/\/spazio-news.it\/\",\"logo\":{\"@type\":\"ImageObject\",\"inLanguage\":\"it-IT\",\"@id\":\"https:\/\/spazio-news.it\/#\/schema\/logo\/image\/\",\"url\":\"http:\/\/spazio-news.it\/wp-content\/uploads\/2023\/09\/Logo-Spazio-News-512-x-512-NO-testo.jpg\",\"contentUrl\":\"http:\/\/spazio-news.it\/wp-content\/uploads\/2023\/09\/Logo-Spazio-News-512-x-512-NO-testo.jpg\",\"width\":512,\"height\":512,\"caption\":\"Spazio-News Magazine\"},\"image\":{\"@id\":\"https:\/\/spazio-news.it\/#\/schema\/logo\/image\/\"},\"sameAs\":[\"https:\/\/m.facebook.com\/spazio-news-magazine\",\"https:\/\/x.com\/News_spazio\"]},{\"@type\":\"Person\",\"@id\":\"https:\/\/spazio-news.it\/#\/schema\/person\/c600904e882e9e166ed8e5e3773d37b3\",\"name\":\"Redazione\",\"sameAs\":[\"http:\/\/spazio-news.it\",\"@SpazioNewsMagazine\",\"https:\/\/x.com\/@news_spazio\"],\"url\":\"http:\/\/spazio-news.it\/?author=1\"}]}<\/script>\n<!-- \/ Yoast SEO plugin. -->","yoast_head_json":{"title":"Aeroporto di Cagliari quinta base italiana di Volotea &#187; Spazio-News Magazine","description":"Volotea ha annunciato che l'Aeroporto di Cagliari sar\u00e0 la quinta base della compagnia in Italia, a partire dal prossimo anno","robots":{"index":"index","follow":"follow","max-snippet":"max-snippet:-1","max-image-preview":"max-image-preview:large","max-video-preview":"max-video-preview:-1"},"canonical":"http:\/\/spazio-news.it\/?p=1204","og_locale":"it_IT","og_type":"article","og_title":"Aeroporto di Cagliari quinta base italiana di Volotea &#187; Spazio-News Magazine","og_description":"Volotea ha annunciato che l'Aeroporto di Cagliari sar\u00e0 la quinta base della compagnia in Italia, a partire dal prossimo anno","og_url":"http:\/\/spazio-news.it\/?p=1204","og_site_name":"Spazio-News Magazine","article_publisher":"https:\/\/m.facebook.com\/spazio-news-magazine","article_author":"@SpazioNewsMagazine","article_published_time":"2018-09-28T09:32:07+00:00","og_image":[{"width":800,"height":533,"url":"http:\/\/spazio-news.it\/wp-content\/uploads\/2018\/09\/Volotea_Spazio-news.jpg","type":"image\/jpeg"}],"author":"Redazione","twitter_card":"summary_large_image","twitter_creator":"@news_spazio","twitter_site":"@News_spazio","twitter_misc":{"Scritto da":"Redazione","Tempo di lettura stimato":"2 minuti"},"schema":{"@context":"https:\/\/schema.org","@graph":[{"@type":"NewsArticle","@id":"http:\/\/spazio-news.it\/?p=1204#article","isPartOf":{"@id":"http:\/\/spazio-news.it\/?p=1204"},"author":{"name":"Redazione","@id":"https:\/\/spazio-news.it\/#\/schema\/person\/c600904e882e9e166ed8e5e3773d37b3"},"headline":"VOLOTEA APRE NUOVA BASE A CAGLIARI","datePublished":"2018-09-28T09:32:07+00:00","mainEntityOfPage":{"@id":"http:\/\/spazio-news.it\/?p=1204"},"wordCount":398,"publisher":{"@id":"https:\/\/spazio-news.it\/#organization"},"image":{"@id":"http:\/\/spazio-news.it\/?p=1204#primaryimage"},"thumbnailUrl":"http:\/\/spazio-news.it\/wp-content\/uploads\/2018\/09\/Volotea_Spazio-news.jpg","keywords":["Aeroporto di Cagliari","Low cost","Ryanair"],"articleSection":["01 - PRIMA PAGINA","02 - INDUSTRIA"],"inLanguage":"it-IT"},{"@type":"WebPage","@id":"http:\/\/spazio-news.it\/?p=1204","url":"http:\/\/spazio-news.it\/?p=1204","name":"Aeroporto di Cagliari quinta base italiana di Volotea &#187; Spazio-News Magazine","isPartOf":{"@id":"https:\/\/spazio-news.it\/#website"},"primaryImageOfPage":{"@id":"http:\/\/spazio-news.it\/?p=1204#primaryimage"},"image":{"@id":"http:\/\/spazio-news.it\/?p=1204#primaryimage"},"thumbnailUrl":"http:\/\/spazio-news.it\/wp-content\/uploads\/2018\/09\/Volotea_Spazio-news.jpg","datePublished":"2018-09-28T09:32:07+00:00","description":"Volotea ha annunciato che l'Aeroporto di Cagliari sar\u00e0 la quinta base della compagnia in Italia, a partire dal prossimo anno","breadcrumb":{"@id":"http:\/\/spazio-news.it\/?p=1204#breadcrumb"},"inLanguage":"it-IT","potentialAction":[{"@type":"ReadAction","target":["http:\/\/spazio-news.it\/?p=1204"]}]},{"@type":"ImageObject","inLanguage":"it-IT","@id":"http:\/\/spazio-news.it\/?p=1204#primaryimage","url":"http:\/\/spazio-news.it\/wp-content\/uploads\/2018\/09\/Volotea_Spazio-news.jpg","contentUrl":"http:\/\/spazio-news.it\/wp-content\/uploads\/2018\/09\/Volotea_Spazio-news.jpg","width":800,"height":533,"caption":"Volotea_Spazio-news"},{"@type":"BreadcrumbList","@id":"http:\/\/spazio-news.it\/?p=1204#breadcrumb","itemListElement":[{"@type":"ListItem","position":1,"name":"Home","item":"https:\/\/spazio-news.it\/"},{"@type":"ListItem","position":2,"name":"VOLOTEA APRE NUOVA BASE A CAGLIARI"}]},{"@type":"WebSite","@id":"https:\/\/spazio-news.it\/#website","url":"https:\/\/spazio-news.it\/","name":"Spazio-News Magazine","description":"La guida che sfida la complessit\u00e0 del mondo industriale","publisher":{"@id":"https:\/\/spazio-news.it\/#organization"},"alternateName":"Spazio-news.it","potentialAction":[{"@type":"SearchAction","target":{"@type":"EntryPoint","urlTemplate":"https:\/\/spazio-news.it\/?s={search_term_string}"},"query-input":{"@type":"PropertyValueSpecification","valueRequired":true,"valueName":"search_term_string"}}],"inLanguage":"it-IT"},{"@type":"Organization","@id":"https:\/\/spazio-news.it\/#organization","name":"Spazio-News Magazine","url":"https:\/\/spazio-news.it\/","logo":{"@type":"ImageObject","inLanguage":"it-IT","@id":"https:\/\/spazio-news.it\/#\/schema\/logo\/image\/","url":"http:\/\/spazio-news.it\/wp-content\/uploads\/2023\/09\/Logo-Spazio-News-512-x-512-NO-testo.jpg","contentUrl":"http:\/\/spazio-news.it\/wp-content\/uploads\/2023\/09\/Logo-Spazio-News-512-x-512-NO-testo.jpg","width":512,"height":512,"caption":"Spazio-News Magazine"},"image":{"@id":"https:\/\/spazio-news.it\/#\/schema\/logo\/image\/"},"sameAs":["https:\/\/m.facebook.com\/spazio-news-magazine","https:\/\/x.com\/News_spazio"]},{"@type":"Person","@id":"https:\/\/spazio-news.it\/#\/schema\/person\/c600904e882e9e166ed8e5e3773d37b3","name":"Redazione","sameAs":["http:\/\/spazio-news.it","@SpazioNewsMagazine","https:\/\/x.com\/@news_spazio"],"url":"http:\/\/spazio-news.it\/?author=1"}]}},"_links":{"self":[{"href":"http:\/\/spazio-news.it\/index.php?rest_route=\/wp\/v2\/posts\/1204","targetHints":{"allow":["GET"]}}],"collection":[{"href":"http:\/\/spazio-news.it\/index.php?rest_route=\/wp\/v2\/posts"}],"about":[{"href":"http:\/\/spazio-news.it\/index.php?rest_route=\/wp\/v2\/types\/post"}],"author":[{"embeddable":true,"href":"http:\/\/spazio-news.it\/index.php?rest_route=\/wp\/v2\/users\/1"}],"replies":[{"embeddable":true,"href":"http:\/\/spazio-news.it\/index.php?rest_route=%2Fwp%2Fv2%2Fcomments&post=1204"}],"version-history":[{"count":1,"href":"http:\/\/spazio-news.it\/index.php?rest_route=\/wp\/v2\/posts\/1204\/revisions"}],"predecessor-version":[{"id":1206,"href":"http:\/\/spazio-news.it\/index.php?rest_route=\/wp\/v2\/posts\/1204\/revisions\/1206"}],"wp:featuredmedia":[{"embeddable":true,"href":"http:\/\/spazio-news.it\/index.php?rest_route=\/wp\/v2\/media\/1205"}],"wp:attachment":[{"href":"http:\/\/spazio-news.it\/index.php?rest_route=%2Fwp%2Fv2%2Fmedia&parent=1204"}],"wp:term":[{"taxonomy":"category","embeddable":true,"href":"http:\/\/spazio-news.it\/index.php?rest_route=%2Fwp%2Fv2%2Fcategories&post=1204"},{"taxonomy":"post_tag","embeddable":true,"href":"http:\/\/spazio-news.it\/index.php?rest_route=%2Fwp%2Fv2%2Ftags&post=1204"}],"curies":[{"name":"wp","href":"https:\/\/api.w.org\/{rel}","templated":true}]}}