{"id":1220,"date":"2018-09-28T07:33:30","date_gmt":"2018-09-28T07:33:30","guid":{"rendered":"http:\/\/spazio-news.it\/?p=1220"},"modified":"2018-09-27T15:43:35","modified_gmt":"2018-09-27T15:43:35","slug":"spazio-beyond-e-il-nome-della-nuova-missione-di-parmitano","status":"publish","type":"post","link":"http:\/\/spazio-news.it\/?p=1220","title":{"rendered":"SPAZIO: BEYOND \u00c8 IL NOME DELLA NUOVA MISSIONE DI PARMITANO"},"content":{"rendered":"<p>\u00c9 stato reso noto, lo scorso 27 settembre, il nome della seconda missione tra le stelle di <strong>Luca Parmitano<\/strong>:\u00a0<strong>Beyond<\/strong>, in italiano &#8220;oltre&#8221;.<\/p>\n<p>Il logo e il patch sono stati presentati durante un evento alla sede <strong>Esrin dell\u2019Agenzia Spaziale Europea a Frascati<\/strong>, proprio nel giorno in cui Parmitano compie 42 anni.<\/p>\n<p>Presenti anche gli astronauti Esa\u00a0<strong>Thomas<\/strong>\u00a0<strong>Pesquet<\/strong>\u00a0e\u00a0<strong>Frank<\/strong>\u00a0<strong>De Winne<\/strong>, il Direttore Generale dell\u2019Esa\u00a0<strong>Johann Dietrich Wo\u0308rner<\/strong>, il direttore dell\u2019Esplorazione umana dell\u2019agenzia europea\u00a0<strong>David<\/strong>\u00a0<strong>Parker<\/strong>\u00a0e il presidente dell\u2019Agenzia Spaziale italiana\u00a0<strong>Roberto Battiston<\/strong>.<\/p>\n<p>\u201c<em>Luca porter\u00e0 non solo la bandiera dell\u2019Esa<\/em> \u2013 commenta Battiston \u2013 <em>ma anche quella dell\u2019Italia e le attivit\u00e0 scientifiche che l\u2019Asi gli ha assegnato. Questo riconferma una serie di missioni che i nostri astronauti effettuano ogni due anni: un impegno che rappresenta l\u2019eccellenza scientifica italiana e la nostra presenza sulla Iss.\u201d<\/em><\/p>\n<p>Beyond porter\u00e0 AstroLuca a bordo della Iss nel luglio del 2019 con\u00a0<strong>Expedition 60\/61<\/strong>\u00a0insieme agli astronauti\u00a0<strong>Andrew<\/strong>\u00a0<strong>Morgan<\/strong>\u00a0della Nasa e\u00a0<strong>Alexander<\/strong>\u00a0<strong>Skvortsov<\/strong>\u00a0di Roscosmos.<\/p>\n<p>Parmitano assumer\u00e0 il ruolo di comandante durante la seconda met\u00e0 del suo soggiorno a bordo della casa spaziale: \u00e8 la terza volta che un astronauta europeo assume il comando della Iss, ma Luca sar\u00e0 il primo italiano ad avere questo privilegio.<\/p>\n<p>La missione vedr\u00e0 l\u2019equipaggio impegnato in\u00a0<strong>oltre 50 esperimenti<\/strong>, inclusi progetti di\u00a0<strong>telerobotica<\/strong>. Verranno inoltre testate nuove tecnologie per migliorare la protezione degli astronauti, in vista di\u00a0<strong>missioni di lunga durata<\/strong>\u00a0verso lo spazio profondo e Marte.<\/p>\n","protected":false},"excerpt":{"rendered":"<p>\u00c9 stato reso noto, lo scorso 27 settembre, il nome della seconda missione tra le stelle di Luca Parmitano:\u00a0Beyond, in<\/p>\n","protected":false},"author":1,"featured_media":399,"comment_status":"closed","ping_status":"open","sticky":false,"template":"","format":"standard","meta":{"colormag_page_container_layout":"default_layout","colormag_page_sidebar_layout":"default_layout","footnotes":""},"categories":[32,5],"tags":[812,811,766,113,129],"class_list":["post-1220","post","type-post","status-publish","format-standard","has-post-thumbnail","hentry","category-prima-pagina","category-ricerca-innovazione","tag-agenzia-spaziale-europea-esa","tag-agenzia-spaziale-italiana-asi","tag-luca-parmitano","tag-ricerca","tag-spazio"],"yoast_head":"<!-- This site is optimized with the Yoast SEO plugin v26.8 - https:\/\/yoast.com\/product\/yoast-seo-wordpress\/ -->\n<title>SPAZIO: BEYOND \u00c8 IL NOME DELLA NUOVA MISSIONE DI PARMITANO &#187; Spazio-News Magazine<\/title>\n<meta name=\"description\" content=\"\u00c9 stato reso noto, lo scorso 27 settembre, il nome della seconda missione tra le stelle di Luca Parmitano:\u00a0Beyond, in italiano &quot;oltre&quot;.\" \/>\n<meta name=\"robots\" content=\"index, follow, max-snippet:-1, max-image-preview:large, max-video-preview:-1\" \/>\n<link rel=\"canonical\" href=\"http:\/\/spazio-news.it\/?p=1220\" \/>\n<meta property=\"og:locale\" content=\"it_IT\" \/>\n<meta property=\"og:type\" content=\"article\" \/>\n<meta property=\"og:title\" content=\"SPAZIO: BEYOND \u00c8 IL NOME DELLA NUOVA MISSIONE DI PARMITANO &#187; Spazio-News Magazine\" \/>\n<meta property=\"og:description\" content=\"\u00c9 stato reso noto, lo scorso 27 settembre, il nome della seconda missione tra le stelle di Luca Parmitano:\u00a0Beyond, in italiano &quot;oltre&quot;.\" \/>\n<meta property=\"og:url\" content=\"http:\/\/spazio-news.it\/?p=1220\" \/>\n<meta property=\"og:site_name\" content=\"Spazio-News Magazine\" \/>\n<meta property=\"article:publisher\" content=\"https:\/\/m.facebook.com\/spazio-news-magazine\" \/>\n<meta property=\"article:author\" content=\"@SpazioNewsMagazine\" \/>\n<meta property=\"article:published_time\" content=\"2018-09-28T07:33:30+00:00\" \/>\n<meta property=\"og:image\" content=\"http:\/\/spazio-news.it\/wp-content\/uploads\/2018\/07\/Spazio-News-Ariane-GPS-Galileo-EASA--e1564476149416.jpg\" \/>\n\t<meta property=\"og:image:width\" content=\"800\" \/>\n\t<meta property=\"og:image:height\" content=\"446\" \/>\n\t<meta property=\"og:image:type\" content=\"image\/jpeg\" \/>\n<meta name=\"author\" content=\"Redazione\" \/>\n<meta name=\"twitter:card\" content=\"summary_large_image\" \/>\n<meta name=\"twitter:creator\" content=\"@news_spazio\" \/>\n<meta name=\"twitter:site\" content=\"@News_spazio\" \/>\n<meta name=\"twitter:label1\" content=\"Scritto da\" \/>\n\t<meta name=\"twitter:data1\" content=\"Redazione\" \/>\n\t<meta name=\"twitter:label2\" content=\"Tempo di lettura stimato\" \/>\n\t<meta name=\"twitter:data2\" content=\"1 minuto\" \/>\n<script type=\"application\/ld+json\" class=\"yoast-schema-graph\">{\"@context\":\"https:\/\/schema.org\",\"@graph\":[{\"@type\":\"NewsArticle\",\"@id\":\"http:\/\/spazio-news.it\/?p=1220#article\",\"isPartOf\":{\"@id\":\"http:\/\/spazio-news.it\/?p=1220\"},\"author\":{\"name\":\"Redazione\",\"@id\":\"https:\/\/spazio-news.it\/#\/schema\/person\/c600904e882e9e166ed8e5e3773d37b3\"},\"headline\":\"SPAZIO: BEYOND \u00c8 IL NOME DELLA NUOVA MISSIONE DI PARMITANO\",\"datePublished\":\"2018-09-28T07:33:30+00:00\",\"mainEntityOfPage\":{\"@id\":\"http:\/\/spazio-news.it\/?p=1220\"},\"wordCount\":251,\"publisher\":{\"@id\":\"https:\/\/spazio-news.it\/#organization\"},\"image\":{\"@id\":\"http:\/\/spazio-news.it\/?p=1220#primaryimage\"},\"thumbnailUrl\":\"http:\/\/spazio-news.it\/wp-content\/uploads\/2018\/07\/Spazio-News-Ariane-GPS-Galileo-EASA--e1564476149416.jpg\",\"keywords\":[\"Agenzia Spaziale Europea - ESA\",\"Agenzia Spaziale Italiana - ASI\",\"Luca Parmitano\",\"ricerca\",\"Spazio\"],\"articleSection\":[\"01 - PRIMA PAGINA\",\"05 - RICERCA &amp; INNOVAZIONE\"],\"inLanguage\":\"it-IT\"},{\"@type\":\"WebPage\",\"@id\":\"http:\/\/spazio-news.it\/?p=1220\",\"url\":\"http:\/\/spazio-news.it\/?p=1220\",\"name\":\"SPAZIO: BEYOND \u00c8 IL NOME DELLA NUOVA MISSIONE DI PARMITANO &#187; Spazio-News Magazine\",\"isPartOf\":{\"@id\":\"https:\/\/spazio-news.it\/#website\"},\"primaryImageOfPage\":{\"@id\":\"http:\/\/spazio-news.it\/?p=1220#primaryimage\"},\"image\":{\"@id\":\"http:\/\/spazio-news.it\/?p=1220#primaryimage\"},\"thumbnailUrl\":\"http:\/\/spazio-news.it\/wp-content\/uploads\/2018\/07\/Spazio-News-Ariane-GPS-Galileo-EASA--e1564476149416.jpg\",\"datePublished\":\"2018-09-28T07:33:30+00:00\",\"description\":\"\u00c9 stato reso noto, lo scorso 27 settembre, il nome della seconda missione tra le stelle di Luca Parmitano:\u00a0Beyond, in italiano \\\"oltre\\\".\",\"breadcrumb\":{\"@id\":\"http:\/\/spazio-news.it\/?p=1220#breadcrumb\"},\"inLanguage\":\"it-IT\",\"potentialAction\":[{\"@type\":\"ReadAction\",\"target\":[\"http:\/\/spazio-news.it\/?p=1220\"]}]},{\"@type\":\"ImageObject\",\"inLanguage\":\"it-IT\",\"@id\":\"http:\/\/spazio-news.it\/?p=1220#primaryimage\",\"url\":\"http:\/\/spazio-news.it\/wp-content\/uploads\/2018\/07\/Spazio-News-Ariane-GPS-Galileo-EASA--e1564476149416.jpg\",\"contentUrl\":\"http:\/\/spazio-news.it\/wp-content\/uploads\/2018\/07\/Spazio-News-Ariane-GPS-Galileo-EASA--e1564476149416.jpg\",\"width\":800,\"height\":446,\"caption\":\"Spazio-News Ariane GPS Galileo EASA\"},{\"@type\":\"BreadcrumbList\",\"@id\":\"http:\/\/spazio-news.it\/?p=1220#breadcrumb\",\"itemListElement\":[{\"@type\":\"ListItem\",\"position\":1,\"name\":\"Home\",\"item\":\"https:\/\/spazio-news.it\/\"},{\"@type\":\"ListItem\",\"position\":2,\"name\":\"SPAZIO: BEYOND \u00c8 IL NOME DELLA NUOVA MISSIONE DI PARMITANO\"}]},{\"@type\":\"WebSite\",\"@id\":\"https:\/\/spazio-news.it\/#website\",\"url\":\"https:\/\/spazio-news.it\/\",\"name\":\"Spazio-News Magazine\",\"description\":\"La guida che sfida la complessit\u00e0 del mondo industriale\",\"publisher\":{\"@id\":\"https:\/\/spazio-news.it\/#organization\"},\"alternateName\":\"Spazio-news.it\",\"potentialAction\":[{\"@type\":\"SearchAction\",\"target\":{\"@type\":\"EntryPoint\",\"urlTemplate\":\"https:\/\/spazio-news.it\/?s={search_term_string}\"},\"query-input\":{\"@type\":\"PropertyValueSpecification\",\"valueRequired\":true,\"valueName\":\"search_term_string\"}}],\"inLanguage\":\"it-IT\"},{\"@type\":\"Organization\",\"@id\":\"https:\/\/spazio-news.it\/#organization\",\"name\":\"Spazio-News Magazine\",\"url\":\"https:\/\/spazio-news.it\/\",\"logo\":{\"@type\":\"ImageObject\",\"inLanguage\":\"it-IT\",\"@id\":\"https:\/\/spazio-news.it\/#\/schema\/logo\/image\/\",\"url\":\"http:\/\/spazio-news.it\/wp-content\/uploads\/2023\/09\/Logo-Spazio-News-512-x-512-NO-testo.jpg\",\"contentUrl\":\"http:\/\/spazio-news.it\/wp-content\/uploads\/2023\/09\/Logo-Spazio-News-512-x-512-NO-testo.jpg\",\"width\":512,\"height\":512,\"caption\":\"Spazio-News Magazine\"},\"image\":{\"@id\":\"https:\/\/spazio-news.it\/#\/schema\/logo\/image\/\"},\"sameAs\":[\"https:\/\/m.facebook.com\/spazio-news-magazine\",\"https:\/\/x.com\/News_spazio\"]},{\"@type\":\"Person\",\"@id\":\"https:\/\/spazio-news.it\/#\/schema\/person\/c600904e882e9e166ed8e5e3773d37b3\",\"name\":\"Redazione\",\"sameAs\":[\"http:\/\/spazio-news.it\",\"@SpazioNewsMagazine\",\"https:\/\/x.com\/@news_spazio\"],\"url\":\"http:\/\/spazio-news.it\/?author=1\"}]}<\/script>\n<!-- \/ Yoast SEO plugin. -->","yoast_head_json":{"title":"SPAZIO: BEYOND \u00c8 IL NOME DELLA NUOVA MISSIONE DI PARMITANO &#187; Spazio-News Magazine","description":"\u00c9 stato reso noto, lo scorso 27 settembre, il nome della seconda missione tra le stelle di Luca Parmitano:\u00a0Beyond, in italiano \"oltre\".","robots":{"index":"index","follow":"follow","max-snippet":"max-snippet:-1","max-image-preview":"max-image-preview:large","max-video-preview":"max-video-preview:-1"},"canonical":"http:\/\/spazio-news.it\/?p=1220","og_locale":"it_IT","og_type":"article","og_title":"SPAZIO: BEYOND \u00c8 IL NOME DELLA NUOVA MISSIONE DI PARMITANO &#187; Spazio-News Magazine","og_description":"\u00c9 stato reso noto, lo scorso 27 settembre, il nome della seconda missione tra le stelle di Luca Parmitano:\u00a0Beyond, in italiano \"oltre\".","og_url":"http:\/\/spazio-news.it\/?p=1220","og_site_name":"Spazio-News Magazine","article_publisher":"https:\/\/m.facebook.com\/spazio-news-magazine","article_author":"@SpazioNewsMagazine","article_published_time":"2018-09-28T07:33:30+00:00","og_image":[{"width":800,"height":446,"url":"http:\/\/spazio-news.it\/wp-content\/uploads\/2018\/07\/Spazio-News-Ariane-GPS-Galileo-EASA--e1564476149416.jpg","type":"image\/jpeg"}],"author":"Redazione","twitter_card":"summary_large_image","twitter_creator":"@news_spazio","twitter_site":"@News_spazio","twitter_misc":{"Scritto da":"Redazione","Tempo di lettura stimato":"1 minuto"},"schema":{"@context":"https:\/\/schema.org","@graph":[{"@type":"NewsArticle","@id":"http:\/\/spazio-news.it\/?p=1220#article","isPartOf":{"@id":"http:\/\/spazio-news.it\/?p=1220"},"author":{"name":"Redazione","@id":"https:\/\/spazio-news.it\/#\/schema\/person\/c600904e882e9e166ed8e5e3773d37b3"},"headline":"SPAZIO: BEYOND \u00c8 IL NOME DELLA NUOVA MISSIONE DI PARMITANO","datePublished":"2018-09-28T07:33:30+00:00","mainEntityOfPage":{"@id":"http:\/\/spazio-news.it\/?p=1220"},"wordCount":251,"publisher":{"@id":"https:\/\/spazio-news.it\/#organization"},"image":{"@id":"http:\/\/spazio-news.it\/?p=1220#primaryimage"},"thumbnailUrl":"http:\/\/spazio-news.it\/wp-content\/uploads\/2018\/07\/Spazio-News-Ariane-GPS-Galileo-EASA--e1564476149416.jpg","keywords":["Agenzia Spaziale Europea - ESA","Agenzia Spaziale Italiana - ASI","Luca Parmitano","ricerca","Spazio"],"articleSection":["01 - PRIMA PAGINA","05 - RICERCA &amp; INNOVAZIONE"],"inLanguage":"it-IT"},{"@type":"WebPage","@id":"http:\/\/spazio-news.it\/?p=1220","url":"http:\/\/spazio-news.it\/?p=1220","name":"SPAZIO: BEYOND \u00c8 IL NOME DELLA NUOVA MISSIONE DI PARMITANO &#187; Spazio-News Magazine","isPartOf":{"@id":"https:\/\/spazio-news.it\/#website"},"primaryImageOfPage":{"@id":"http:\/\/spazio-news.it\/?p=1220#primaryimage"},"image":{"@id":"http:\/\/spazio-news.it\/?p=1220#primaryimage"},"thumbnailUrl":"http:\/\/spazio-news.it\/wp-content\/uploads\/2018\/07\/Spazio-News-Ariane-GPS-Galileo-EASA--e1564476149416.jpg","datePublished":"2018-09-28T07:33:30+00:00","description":"\u00c9 stato reso noto, lo scorso 27 settembre, il nome della seconda missione tra le stelle di Luca Parmitano:\u00a0Beyond, in italiano \"oltre\".","breadcrumb":{"@id":"http:\/\/spazio-news.it\/?p=1220#breadcrumb"},"inLanguage":"it-IT","potentialAction":[{"@type":"ReadAction","target":["http:\/\/spazio-news.it\/?p=1220"]}]},{"@type":"ImageObject","inLanguage":"it-IT","@id":"http:\/\/spazio-news.it\/?p=1220#primaryimage","url":"http:\/\/spazio-news.it\/wp-content\/uploads\/2018\/07\/Spazio-News-Ariane-GPS-Galileo-EASA--e1564476149416.jpg","contentUrl":"http:\/\/spazio-news.it\/wp-content\/uploads\/2018\/07\/Spazio-News-Ariane-GPS-Galileo-EASA--e1564476149416.jpg","width":800,"height":446,"caption":"Spazio-News Ariane GPS Galileo EASA"},{"@type":"BreadcrumbList","@id":"http:\/\/spazio-news.it\/?p=1220#breadcrumb","itemListElement":[{"@type":"ListItem","position":1,"name":"Home","item":"https:\/\/spazio-news.it\/"},{"@type":"ListItem","position":2,"name":"SPAZIO: BEYOND \u00c8 IL NOME DELLA NUOVA MISSIONE DI PARMITANO"}]},{"@type":"WebSite","@id":"https:\/\/spazio-news.it\/#website","url":"https:\/\/spazio-news.it\/","name":"Spazio-News Magazine","description":"La guida che sfida la complessit\u00e0 del mondo industriale","publisher":{"@id":"https:\/\/spazio-news.it\/#organization"},"alternateName":"Spazio-news.it","potentialAction":[{"@type":"SearchAction","target":{"@type":"EntryPoint","urlTemplate":"https:\/\/spazio-news.it\/?s={search_term_string}"},"query-input":{"@type":"PropertyValueSpecification","valueRequired":true,"valueName":"search_term_string"}}],"inLanguage":"it-IT"},{"@type":"Organization","@id":"https:\/\/spazio-news.it\/#organization","name":"Spazio-News Magazine","url":"https:\/\/spazio-news.it\/","logo":{"@type":"ImageObject","inLanguage":"it-IT","@id":"https:\/\/spazio-news.it\/#\/schema\/logo\/image\/","url":"http:\/\/spazio-news.it\/wp-content\/uploads\/2023\/09\/Logo-Spazio-News-512-x-512-NO-testo.jpg","contentUrl":"http:\/\/spazio-news.it\/wp-content\/uploads\/2023\/09\/Logo-Spazio-News-512-x-512-NO-testo.jpg","width":512,"height":512,"caption":"Spazio-News Magazine"},"image":{"@id":"https:\/\/spazio-news.it\/#\/schema\/logo\/image\/"},"sameAs":["https:\/\/m.facebook.com\/spazio-news-magazine","https:\/\/x.com\/News_spazio"]},{"@type":"Person","@id":"https:\/\/spazio-news.it\/#\/schema\/person\/c600904e882e9e166ed8e5e3773d37b3","name":"Redazione","sameAs":["http:\/\/spazio-news.it","@SpazioNewsMagazine","https:\/\/x.com\/@news_spazio"],"url":"http:\/\/spazio-news.it\/?author=1"}]}},"_links":{"self":[{"href":"http:\/\/spazio-news.it\/index.php?rest_route=\/wp\/v2\/posts\/1220","targetHints":{"allow":["GET"]}}],"collection":[{"href":"http:\/\/spazio-news.it\/index.php?rest_route=\/wp\/v2\/posts"}],"about":[{"href":"http:\/\/spazio-news.it\/index.php?rest_route=\/wp\/v2\/types\/post"}],"author":[{"embeddable":true,"href":"http:\/\/spazio-news.it\/index.php?rest_route=\/wp\/v2\/users\/1"}],"replies":[{"embeddable":true,"href":"http:\/\/spazio-news.it\/index.php?rest_route=%2Fwp%2Fv2%2Fcomments&post=1220"}],"version-history":[{"count":2,"href":"http:\/\/spazio-news.it\/index.php?rest_route=\/wp\/v2\/posts\/1220\/revisions"}],"predecessor-version":[{"id":1222,"href":"http:\/\/spazio-news.it\/index.php?rest_route=\/wp\/v2\/posts\/1220\/revisions\/1222"}],"wp:featuredmedia":[{"embeddable":true,"href":"http:\/\/spazio-news.it\/index.php?rest_route=\/wp\/v2\/media\/399"}],"wp:attachment":[{"href":"http:\/\/spazio-news.it\/index.php?rest_route=%2Fwp%2Fv2%2Fmedia&parent=1220"}],"wp:term":[{"taxonomy":"category","embeddable":true,"href":"http:\/\/spazio-news.it\/index.php?rest_route=%2Fwp%2Fv2%2Fcategories&post=1220"},{"taxonomy":"post_tag","embeddable":true,"href":"http:\/\/spazio-news.it\/index.php?rest_route=%2Fwp%2Fv2%2Ftags&post=1220"}],"curies":[{"name":"wp","href":"https:\/\/api.w.org\/{rel}","templated":true}]}}