{"id":1299,"date":"2018-10-02T15:14:09","date_gmt":"2018-10-02T15:14:09","guid":{"rendered":"http:\/\/spazio-news.it\/?p=1299"},"modified":"2018-10-02T13:26:47","modified_gmt":"2018-10-02T13:26:47","slug":"lairbus-a321neo-riceve-certificazione-easa-faa-per-capacita-lungo-raggio","status":"publish","type":"post","link":"http:\/\/spazio-news.it\/?p=1299","title":{"rendered":"L\u2019AIRBUS A321neo RICEVE CERTIFICAZIONE EASA\/FAA PER CAPACITA&#8217; LUNGO RAGGIO"},"content":{"rendered":"<p><strong><a href=\"https:\/\/www.easa.europa.eu\/\" rel=\"noopener\" target=\"_blank\">EASA<\/a><\/strong> e <strong><a href=\"https:\/\/www.faa.gov\/\" rel=\"noopener\" target=\"_blank\">FAA<\/a><\/strong> hanno assegnato una certificazione congiunta all&#8217;<strong><a href=\"https:\/\/www.airbus.com\/\" rel=\"noopener\" target=\"_blank\">Airbus<\/a> A321neo<\/strong>, attestandone l&#8217;idoneit\u00e0 ad operare ospitando fino a tre Additional Centre Tanks (ACT), serbatoi centrali supplementari sottopavimento, anche per le operazioni ETOPS. Si tratta di un significativo passo in avanti per l\u2019A321 verso la disponibilit\u00e0 a iniziare le operazioni <strong>\u201cLong Range\u201d (LR)<\/strong> con i clienti di lancio.<\/p>\n<p>Questo ultimo traguardo costituisce solo una delle diverse opzioni dell\u2019aeromobile che, insieme ad altre, consentono alla versione <strong>A321LR<\/strong> di percorrere fino a 4.000 mn con 206 passeggeri e con carburante aggiuntivo immagazzinato nei tre ACT, anche sulle rotte <strong>ETOPS<\/strong>. Inoltre, l\u2019autorizzazione ETOPS consente fino a 180 minuti di single-engine diversion, un tempo sufficiente a percorrere qualsiasi rotta transatlantica.<\/p>\n<p>La certificazione A321LR comprende: l\u2019approvazione della modifica pi\u00f9 sostanziale, vale a dire l\u2019istallazione di fino a tre ACT facoltativi all\u2019interno dell\u2019A321neo, insieme ai nuovi sistemi di gestione del carburante a loro collegati e ai rinforzi strutturali della parte inferiore della fusoliera; e l\u2019approvazione dell\u2019opzione \u201cAirbus Cabin Flex\u201d (ACF), che comprende una modifica della struttura della fusoliera con una diversa disposizione dei portelloni e un maggiore peso massimo al decollo (MTOW \u2013 Maximum Take-Off Weight) \u2013 fino a 97 tonnellate. Da notare, inoltre, che solo gli A321neo dotati della nuova struttura ACF possono offrire un peso massimo al decollo di 97 tonnellate e la possibilit\u00e0 di installare tre ACT. In precedenza, la Famiglia A321 poteva ospitare fino a due ACT.<\/p>\n<p>Mentre la configurazione ACF diventer\u00e0 standard per tutti i nuovi A321neo consegnati a partire dal 2020 circa, la capacit\u00e0 di MTOW di 97 tonnellate e la possibilit\u00e0 di alloggiare fino a tre ACT saranno opzionali. Per quanto riguarda gli ACT, i clienti dovranno specificare, prima della sua produzione, se l\u2019aeromobile dovr\u00e0 essere dotato di un sistema di gestione del carburante \u2018ampliato\u2019 e dei necessari rinforzi strutturali per fissare gli ACT sottopavimento.  <\/p>\n<p>Queste nuove opzioni &#8211; la capacit\u00e0 di aggiungere o togliere gli ACT, la Airbus Cabin Flex, il MTOW di 97 tonnellate e l\u2019autorizzazione da parte dell\u2019EASA e della FAA a utilizzare gli ACT per gli ETOPS &#8211; se insieme, conferiscono ai vettori una flessibilit\u00e0 senza precedenti in termini di configurazione di cabina, densit\u00e0 di poltrone, carico utile cargo, capacit\u00e0 di carburante e rotte da seguire.<\/p>\n","protected":false},"excerpt":{"rendered":"<p>EASA e FAA hanno assegnato una certificazione congiunta all&#8217;Airbus A321neo, attestandone l&#8217;idoneit\u00e0 ad operare ospitando fino a tre Additional Centre<\/p>\n","protected":false},"author":1,"featured_media":1300,"comment_status":"closed","ping_status":"open","sticky":false,"template":"","format":"standard","meta":{"colormag_page_container_layout":"default_layout","colormag_page_sidebar_layout":"default_layout","footnotes":""},"categories":[32,3],"tags":[33,864,878,875],"class_list":["post-1299","post","type-post","status-publish","format-standard","has-post-thumbnail","hentry","category-prima-pagina","category-industria","tag-airbus","tag-airbus-a321neo","tag-european-aviation-safety-agency-easa","tag-federal-aviation-administration-faa"],"yoast_head":"<!-- This site is optimized with the Yoast SEO plugin v26.8 - https:\/\/yoast.com\/product\/yoast-seo-wordpress\/ -->\n<title>Certificazione EASA\/FAA per capacit\u00e0 di lungo raggio all&#039;A321neo &#187; Spazio-News Magazine<\/title>\n<meta name=\"description\" content=\"L&#039;Airbus A321neo ha ricevuto la certificazione congiunta EASA\/FAA per capacit\u00e0 di lungo raggio. Significativo passo in avanti per inizio operazioni A321LR\" \/>\n<meta name=\"robots\" content=\"index, follow, max-snippet:-1, max-image-preview:large, max-video-preview:-1\" \/>\n<link rel=\"canonical\" href=\"http:\/\/spazio-news.it\/?p=1299\" \/>\n<meta property=\"og:locale\" content=\"it_IT\" \/>\n<meta property=\"og:type\" content=\"article\" \/>\n<meta property=\"og:title\" content=\"Certificazione EASA\/FAA per capacit\u00e0 di lungo raggio all&#039;A321neo &#187; Spazio-News Magazine\" \/>\n<meta property=\"og:description\" content=\"L&#039;Airbus A321neo ha ricevuto la certificazione congiunta EASA\/FAA per capacit\u00e0 di lungo raggio. Significativo passo in avanti per inizio operazioni A321LR\" \/>\n<meta property=\"og:url\" content=\"http:\/\/spazio-news.it\/?p=1299\" \/>\n<meta property=\"og:site_name\" content=\"Spazio-News Magazine\" \/>\n<meta property=\"article:publisher\" content=\"https:\/\/m.facebook.com\/spazio-news-magazine\" \/>\n<meta property=\"article:author\" content=\"@SpazioNewsMagazine\" \/>\n<meta property=\"article:published_time\" content=\"2018-10-02T15:14:09+00:00\" \/>\n<meta property=\"og:image\" content=\"http:\/\/spazio-news.it\/wp-content\/uploads\/2018\/10\/Airbus_A321LR_Spazio-news-.jpeg\" \/>\n\t<meta property=\"og:image:width\" content=\"800\" \/>\n\t<meta property=\"og:image:height\" content=\"557\" \/>\n\t<meta property=\"og:image:type\" content=\"image\/jpeg\" \/>\n<meta name=\"author\" content=\"Redazione\" \/>\n<meta name=\"twitter:card\" content=\"summary_large_image\" \/>\n<meta name=\"twitter:creator\" content=\"@news_spazio\" \/>\n<meta name=\"twitter:site\" content=\"@News_spazio\" \/>\n<meta name=\"twitter:label1\" content=\"Scritto da\" \/>\n\t<meta name=\"twitter:data1\" content=\"Redazione\" \/>\n\t<meta name=\"twitter:label2\" content=\"Tempo di lettura stimato\" \/>\n\t<meta name=\"twitter:data2\" content=\"2 minuti\" \/>\n<script type=\"application\/ld+json\" class=\"yoast-schema-graph\">{\"@context\":\"https:\/\/schema.org\",\"@graph\":[{\"@type\":\"NewsArticle\",\"@id\":\"http:\/\/spazio-news.it\/?p=1299#article\",\"isPartOf\":{\"@id\":\"http:\/\/spazio-news.it\/?p=1299\"},\"author\":{\"name\":\"Redazione\",\"@id\":\"https:\/\/spazio-news.it\/#\/schema\/person\/c600904e882e9e166ed8e5e3773d37b3\"},\"headline\":\"L\u2019AIRBUS A321neo RICEVE CERTIFICAZIONE EASA\/FAA PER CAPACITA&#8217; LUNGO RAGGIO\",\"datePublished\":\"2018-10-02T15:14:09+00:00\",\"mainEntityOfPage\":{\"@id\":\"http:\/\/spazio-news.it\/?p=1299\"},\"wordCount\":391,\"publisher\":{\"@id\":\"https:\/\/spazio-news.it\/#organization\"},\"image\":{\"@id\":\"http:\/\/spazio-news.it\/?p=1299#primaryimage\"},\"thumbnailUrl\":\"http:\/\/spazio-news.it\/wp-content\/uploads\/2018\/10\/Airbus_A321LR_Spazio-news-.jpeg\",\"keywords\":[\"Airbus\",\"Airbus A321neo\",\"European Aviation Safety Agency - EASA\",\"Federal Aviation Administration - FAA\"],\"articleSection\":[\"01 - PRIMA PAGINA\",\"02 - INDUSTRIA\"],\"inLanguage\":\"it-IT\"},{\"@type\":\"WebPage\",\"@id\":\"http:\/\/spazio-news.it\/?p=1299\",\"url\":\"http:\/\/spazio-news.it\/?p=1299\",\"name\":\"Certificazione EASA\/FAA per capacit\u00e0 di lungo raggio all'A321neo &#187; Spazio-News Magazine\",\"isPartOf\":{\"@id\":\"https:\/\/spazio-news.it\/#website\"},\"primaryImageOfPage\":{\"@id\":\"http:\/\/spazio-news.it\/?p=1299#primaryimage\"},\"image\":{\"@id\":\"http:\/\/spazio-news.it\/?p=1299#primaryimage\"},\"thumbnailUrl\":\"http:\/\/spazio-news.it\/wp-content\/uploads\/2018\/10\/Airbus_A321LR_Spazio-news-.jpeg\",\"datePublished\":\"2018-10-02T15:14:09+00:00\",\"description\":\"L'Airbus A321neo ha ricevuto la certificazione congiunta EASA\/FAA per capacit\u00e0 di lungo raggio. Significativo passo in avanti per inizio operazioni A321LR\",\"breadcrumb\":{\"@id\":\"http:\/\/spazio-news.it\/?p=1299#breadcrumb\"},\"inLanguage\":\"it-IT\",\"potentialAction\":[{\"@type\":\"ReadAction\",\"target\":[\"http:\/\/spazio-news.it\/?p=1299\"]}]},{\"@type\":\"ImageObject\",\"inLanguage\":\"it-IT\",\"@id\":\"http:\/\/spazio-news.it\/?p=1299#primaryimage\",\"url\":\"http:\/\/spazio-news.it\/wp-content\/uploads\/2018\/10\/Airbus_A321LR_Spazio-news-.jpeg\",\"contentUrl\":\"http:\/\/spazio-news.it\/wp-content\/uploads\/2018\/10\/Airbus_A321LR_Spazio-news-.jpeg\",\"width\":800,\"height\":557,\"caption\":\"Airbus_A321LR_Spazio-news-\"},{\"@type\":\"BreadcrumbList\",\"@id\":\"http:\/\/spazio-news.it\/?p=1299#breadcrumb\",\"itemListElement\":[{\"@type\":\"ListItem\",\"position\":1,\"name\":\"Home\",\"item\":\"https:\/\/spazio-news.it\/\"},{\"@type\":\"ListItem\",\"position\":2,\"name\":\"L\u2019AIRBUS A321neo RICEVE CERTIFICAZIONE EASA\/FAA PER CAPACITA&#8217; LUNGO RAGGIO\"}]},{\"@type\":\"WebSite\",\"@id\":\"https:\/\/spazio-news.it\/#website\",\"url\":\"https:\/\/spazio-news.it\/\",\"name\":\"Spazio-News Magazine\",\"description\":\"La guida che sfida la complessit\u00e0 del mondo industriale\",\"publisher\":{\"@id\":\"https:\/\/spazio-news.it\/#organization\"},\"alternateName\":\"Spazio-news.it\",\"potentialAction\":[{\"@type\":\"SearchAction\",\"target\":{\"@type\":\"EntryPoint\",\"urlTemplate\":\"https:\/\/spazio-news.it\/?s={search_term_string}\"},\"query-input\":{\"@type\":\"PropertyValueSpecification\",\"valueRequired\":true,\"valueName\":\"search_term_string\"}}],\"inLanguage\":\"it-IT\"},{\"@type\":\"Organization\",\"@id\":\"https:\/\/spazio-news.it\/#organization\",\"name\":\"Spazio-News Magazine\",\"url\":\"https:\/\/spazio-news.it\/\",\"logo\":{\"@type\":\"ImageObject\",\"inLanguage\":\"it-IT\",\"@id\":\"https:\/\/spazio-news.it\/#\/schema\/logo\/image\/\",\"url\":\"http:\/\/spazio-news.it\/wp-content\/uploads\/2023\/09\/Logo-Spazio-News-512-x-512-NO-testo.jpg\",\"contentUrl\":\"http:\/\/spazio-news.it\/wp-content\/uploads\/2023\/09\/Logo-Spazio-News-512-x-512-NO-testo.jpg\",\"width\":512,\"height\":512,\"caption\":\"Spazio-News Magazine\"},\"image\":{\"@id\":\"https:\/\/spazio-news.it\/#\/schema\/logo\/image\/\"},\"sameAs\":[\"https:\/\/m.facebook.com\/spazio-news-magazine\",\"https:\/\/x.com\/News_spazio\"]},{\"@type\":\"Person\",\"@id\":\"https:\/\/spazio-news.it\/#\/schema\/person\/c600904e882e9e166ed8e5e3773d37b3\",\"name\":\"Redazione\",\"sameAs\":[\"http:\/\/spazio-news.it\",\"@SpazioNewsMagazine\",\"https:\/\/x.com\/@news_spazio\"],\"url\":\"http:\/\/spazio-news.it\/?author=1\"}]}<\/script>\n<!-- \/ Yoast SEO plugin. -->","yoast_head_json":{"title":"Certificazione EASA\/FAA per capacit\u00e0 di lungo raggio all'A321neo &#187; Spazio-News Magazine","description":"L'Airbus A321neo ha ricevuto la certificazione congiunta EASA\/FAA per capacit\u00e0 di lungo raggio. Significativo passo in avanti per inizio operazioni A321LR","robots":{"index":"index","follow":"follow","max-snippet":"max-snippet:-1","max-image-preview":"max-image-preview:large","max-video-preview":"max-video-preview:-1"},"canonical":"http:\/\/spazio-news.it\/?p=1299","og_locale":"it_IT","og_type":"article","og_title":"Certificazione EASA\/FAA per capacit\u00e0 di lungo raggio all'A321neo &#187; Spazio-News Magazine","og_description":"L'Airbus A321neo ha ricevuto la certificazione congiunta EASA\/FAA per capacit\u00e0 di lungo raggio. Significativo passo in avanti per inizio operazioni A321LR","og_url":"http:\/\/spazio-news.it\/?p=1299","og_site_name":"Spazio-News Magazine","article_publisher":"https:\/\/m.facebook.com\/spazio-news-magazine","article_author":"@SpazioNewsMagazine","article_published_time":"2018-10-02T15:14:09+00:00","og_image":[{"width":800,"height":557,"url":"http:\/\/spazio-news.it\/wp-content\/uploads\/2018\/10\/Airbus_A321LR_Spazio-news-.jpeg","type":"image\/jpeg"}],"author":"Redazione","twitter_card":"summary_large_image","twitter_creator":"@news_spazio","twitter_site":"@News_spazio","twitter_misc":{"Scritto da":"Redazione","Tempo di lettura stimato":"2 minuti"},"schema":{"@context":"https:\/\/schema.org","@graph":[{"@type":"NewsArticle","@id":"http:\/\/spazio-news.it\/?p=1299#article","isPartOf":{"@id":"http:\/\/spazio-news.it\/?p=1299"},"author":{"name":"Redazione","@id":"https:\/\/spazio-news.it\/#\/schema\/person\/c600904e882e9e166ed8e5e3773d37b3"},"headline":"L\u2019AIRBUS A321neo RICEVE CERTIFICAZIONE EASA\/FAA PER CAPACITA&#8217; LUNGO RAGGIO","datePublished":"2018-10-02T15:14:09+00:00","mainEntityOfPage":{"@id":"http:\/\/spazio-news.it\/?p=1299"},"wordCount":391,"publisher":{"@id":"https:\/\/spazio-news.it\/#organization"},"image":{"@id":"http:\/\/spazio-news.it\/?p=1299#primaryimage"},"thumbnailUrl":"http:\/\/spazio-news.it\/wp-content\/uploads\/2018\/10\/Airbus_A321LR_Spazio-news-.jpeg","keywords":["Airbus","Airbus A321neo","European Aviation Safety Agency - EASA","Federal Aviation Administration - FAA"],"articleSection":["01 - PRIMA PAGINA","02 - INDUSTRIA"],"inLanguage":"it-IT"},{"@type":"WebPage","@id":"http:\/\/spazio-news.it\/?p=1299","url":"http:\/\/spazio-news.it\/?p=1299","name":"Certificazione EASA\/FAA per capacit\u00e0 di lungo raggio all'A321neo &#187; Spazio-News Magazine","isPartOf":{"@id":"https:\/\/spazio-news.it\/#website"},"primaryImageOfPage":{"@id":"http:\/\/spazio-news.it\/?p=1299#primaryimage"},"image":{"@id":"http:\/\/spazio-news.it\/?p=1299#primaryimage"},"thumbnailUrl":"http:\/\/spazio-news.it\/wp-content\/uploads\/2018\/10\/Airbus_A321LR_Spazio-news-.jpeg","datePublished":"2018-10-02T15:14:09+00:00","description":"L'Airbus A321neo ha ricevuto la certificazione congiunta EASA\/FAA per capacit\u00e0 di lungo raggio. Significativo passo in avanti per inizio operazioni A321LR","breadcrumb":{"@id":"http:\/\/spazio-news.it\/?p=1299#breadcrumb"},"inLanguage":"it-IT","potentialAction":[{"@type":"ReadAction","target":["http:\/\/spazio-news.it\/?p=1299"]}]},{"@type":"ImageObject","inLanguage":"it-IT","@id":"http:\/\/spazio-news.it\/?p=1299#primaryimage","url":"http:\/\/spazio-news.it\/wp-content\/uploads\/2018\/10\/Airbus_A321LR_Spazio-news-.jpeg","contentUrl":"http:\/\/spazio-news.it\/wp-content\/uploads\/2018\/10\/Airbus_A321LR_Spazio-news-.jpeg","width":800,"height":557,"caption":"Airbus_A321LR_Spazio-news-"},{"@type":"BreadcrumbList","@id":"http:\/\/spazio-news.it\/?p=1299#breadcrumb","itemListElement":[{"@type":"ListItem","position":1,"name":"Home","item":"https:\/\/spazio-news.it\/"},{"@type":"ListItem","position":2,"name":"L\u2019AIRBUS A321neo RICEVE CERTIFICAZIONE EASA\/FAA PER CAPACITA&#8217; LUNGO RAGGIO"}]},{"@type":"WebSite","@id":"https:\/\/spazio-news.it\/#website","url":"https:\/\/spazio-news.it\/","name":"Spazio-News Magazine","description":"La guida che sfida la complessit\u00e0 del mondo industriale","publisher":{"@id":"https:\/\/spazio-news.it\/#organization"},"alternateName":"Spazio-news.it","potentialAction":[{"@type":"SearchAction","target":{"@type":"EntryPoint","urlTemplate":"https:\/\/spazio-news.it\/?s={search_term_string}"},"query-input":{"@type":"PropertyValueSpecification","valueRequired":true,"valueName":"search_term_string"}}],"inLanguage":"it-IT"},{"@type":"Organization","@id":"https:\/\/spazio-news.it\/#organization","name":"Spazio-News Magazine","url":"https:\/\/spazio-news.it\/","logo":{"@type":"ImageObject","inLanguage":"it-IT","@id":"https:\/\/spazio-news.it\/#\/schema\/logo\/image\/","url":"http:\/\/spazio-news.it\/wp-content\/uploads\/2023\/09\/Logo-Spazio-News-512-x-512-NO-testo.jpg","contentUrl":"http:\/\/spazio-news.it\/wp-content\/uploads\/2023\/09\/Logo-Spazio-News-512-x-512-NO-testo.jpg","width":512,"height":512,"caption":"Spazio-News Magazine"},"image":{"@id":"https:\/\/spazio-news.it\/#\/schema\/logo\/image\/"},"sameAs":["https:\/\/m.facebook.com\/spazio-news-magazine","https:\/\/x.com\/News_spazio"]},{"@type":"Person","@id":"https:\/\/spazio-news.it\/#\/schema\/person\/c600904e882e9e166ed8e5e3773d37b3","name":"Redazione","sameAs":["http:\/\/spazio-news.it","@SpazioNewsMagazine","https:\/\/x.com\/@news_spazio"],"url":"http:\/\/spazio-news.it\/?author=1"}]}},"_links":{"self":[{"href":"http:\/\/spazio-news.it\/index.php?rest_route=\/wp\/v2\/posts\/1299","targetHints":{"allow":["GET"]}}],"collection":[{"href":"http:\/\/spazio-news.it\/index.php?rest_route=\/wp\/v2\/posts"}],"about":[{"href":"http:\/\/spazio-news.it\/index.php?rest_route=\/wp\/v2\/types\/post"}],"author":[{"embeddable":true,"href":"http:\/\/spazio-news.it\/index.php?rest_route=\/wp\/v2\/users\/1"}],"replies":[{"embeddable":true,"href":"http:\/\/spazio-news.it\/index.php?rest_route=%2Fwp%2Fv2%2Fcomments&post=1299"}],"version-history":[{"count":1,"href":"http:\/\/spazio-news.it\/index.php?rest_route=\/wp\/v2\/posts\/1299\/revisions"}],"predecessor-version":[{"id":1301,"href":"http:\/\/spazio-news.it\/index.php?rest_route=\/wp\/v2\/posts\/1299\/revisions\/1301"}],"wp:featuredmedia":[{"embeddable":true,"href":"http:\/\/spazio-news.it\/index.php?rest_route=\/wp\/v2\/media\/1300"}],"wp:attachment":[{"href":"http:\/\/spazio-news.it\/index.php?rest_route=%2Fwp%2Fv2%2Fmedia&parent=1299"}],"wp:term":[{"taxonomy":"category","embeddable":true,"href":"http:\/\/spazio-news.it\/index.php?rest_route=%2Fwp%2Fv2%2Fcategories&post=1299"},{"taxonomy":"post_tag","embeddable":true,"href":"http:\/\/spazio-news.it\/index.php?rest_route=%2Fwp%2Fv2%2Ftags&post=1299"}],"curies":[{"name":"wp","href":"https:\/\/api.w.org\/{rel}","templated":true}]}}