{"id":1456,"date":"2018-10-10T07:10:32","date_gmt":"2018-10-10T06:10:32","guid":{"rendered":"http:\/\/spazio-news.it\/?p=1456"},"modified":"2019-05-27T20:06:58","modified_gmt":"2019-05-27T19:06:58","slug":"mm-mediterraneo-partita-lesercitazione-mare-aperto-2018","status":"publish","type":"post","link":"http:\/\/spazio-news.it\/?p=1456","title":{"rendered":"MM, MEDITERRANEO: PARTITA L\u2019ESERCITAZIONE MARE APERTO 18"},"content":{"rendered":"<ul>\n<li>\u00c9 partita nella giornata di <strong>ieri<\/strong>, e durer\u00e0 fino al <strong>12 ottobre<\/strong>, l\u2019<strong>esercitazione \u201cMare Aperto\u201d<\/strong>, finalizzata al <strong>mantenimento<\/strong> di elevati <strong>standard<\/strong> di <strong>interoperabilit\u00e0<\/strong> ed <strong>integrazione<\/strong> delle <strong>forze nazionali<\/strong> e <strong>NATO<\/strong>, sempre pi\u00f9 necessari per assicurare la <strong>difesa<\/strong> degli interessi <strong>nazionali<\/strong>, rafforzando in particolar modo la <strong>sorveglianza<\/strong> nella vasta area del <strong>Mediterraneo<\/strong> per la <strong>sicurezza<\/strong> della dimensione marittima comune dell&#8217;<strong>Italia<\/strong>, dell\u2019<strong>Europa<\/strong> e dell\u2019<strong>Alleanza Atlantica<\/strong>.<\/li>\n<\/ul>\n<p>Gli assetti coinvolti sono: <strong>unit\u00e0 di altura<\/strong>, <strong>sommergibili<\/strong>, <strong>aerei<\/strong> ed <strong>elicotteri<\/strong> delle forze aeree della Marina Militare Italiana, che opereranno in uno <strong>scenario<\/strong> molto realistico, svolgendo attivit\u00e0 a connotazione anche <strong>interforze<\/strong> ed <strong>internazionale<\/strong>, visto il coinvolgimento di alcuni reparti dell\u2019<strong>Esercito<\/strong> e dell\u2019<strong>Aeronautica Militare<\/strong>, di un plotone di <strong>Marines<\/strong> dello <strong>United States Marine Corps<\/strong>, di un <strong>cacciatorpediniere<\/strong> della Marina degli <strong>Stati Uniti<\/strong>, di <strong>velivoli<\/strong> statunitensi per il pattugliamento marittimo e di una nave della <strong>Marina francese<\/strong>.<\/p>\n<p>In questo periodo operer\u00e0 un\u2019aliquota di fucilieri della  Brigata Marina San Marco e una del  Reggimento Lagunari Serenissima.<\/p>\n<p>L\u2019<strong>addestramento congiunto <\/strong>sar\u00e0 condotto con l\u2019obiettivo di addestrare gli equipaggi delle unit\u00e0 della <strong> Squadra Navale<\/strong> nelle principali forme di <strong>lotta sul mare e dal mare<\/strong> (difesa antiaerea, antinave e antisommergibile), nelle <strong>Maritime Interdiction Operations<\/strong> (operazioni di embargo, controllo del traffico mercantile, compilazione della Maritime Situational Awareness), nella gestione delle <strong>emergenze<\/strong> di bordo, nelle <strong>attivit\u00e0 idrografiche<\/strong> e di <strong>cacciamine<\/strong> e nella <strong>proiezione della forza anfibia<\/strong> dal <strong>mare<\/strong> su <strong>terra<\/strong>.<\/p>\n<p>La <strong>Mare Aperto<\/strong> rappresenta uno dei momenti pi\u00f9 importanti per la Marina Militare, grazie al quale la Forza armata \u00e8 in grado anche di impiegare le molteplici capacit\u00e0 possedute nell\u2019ambito <strong>delle attivit\u00e0 duali <\/strong>e complementari a favore della <strong>collettivit\u00e0<\/strong> e del <strong>mondo accademico<\/strong> e <strong>scientifico<\/strong>, volte a garantire ad esempio la <strong> sicurezza delle vie di comunicazione<\/strong>, a sviluppare la <strong>conoscenza scientifica<\/strong> dell\u2019<strong>ambiente marino <\/strong>e della sua biodiversit\u00e0.<\/p>\n<p>A bordo delle navi della Marina Militare saranno inoltre presenti\u00a0 un gruppo di <strong>studenti<\/strong> provenienti dalle <strong>Universit\u00e0 Aldo Moro di Bari, C\u00e0 Foscari di Venezia<\/strong> e <strong>Sapienza di Roma<\/strong> che affiancheranno il personale della Forza Armata nel ruolo di advisor politici e legali e di addetti all\u2019ufficio stampa.<\/p>\n","protected":false},"excerpt":{"rendered":"<p>\u00c9 partita nella giornata di ieri, e durer\u00e0 fino al 12 ottobre, l\u2019esercitazione \u201cMare Aperto\u201d, finalizzata al mantenimento di elevati<\/p>\n","protected":false},"author":1,"featured_media":1457,"comment_status":"closed","ping_status":"open","sticky":false,"template":"","format":"standard","meta":{"colormag_page_container_layout":"default_layout","colormag_page_sidebar_layout":"default_layout","footnotes":""},"categories":[32,4],"tags":[54,311,953,213,105,536],"class_list":["post-1456","post","type-post","status-publish","format-standard","has-post-thumbnail","hentry","category-prima-pagina","category-istituzioni","tag-aeronautica-militare-italiana","tag-esercitazione","tag-mare-aperto","tag-marina-militare","tag-ministero-della-difesa","tag-us-navy"],"yoast_head":"<!-- This site is optimized with the Yoast SEO plugin v26.8 - https:\/\/yoast.com\/product\/yoast-seo-wordpress\/ -->\n<title>MM, MEDITERRANEO: PARTITA L\u2019ESERCITAZIONE MARE APERTO 18 &#187; Spazio-News Magazine<\/title>\n<meta name=\"description\" content=\"\u00c9 partita nella giornata di ieri, e durer\u00e0 fino al 12 ottobre, l\u2019esercitazione \u201cMare Aperto\u201d, finalizzata al mantenimento di elevati standard di\" \/>\n<meta name=\"robots\" content=\"index, follow, max-snippet:-1, max-image-preview:large, max-video-preview:-1\" \/>\n<link rel=\"canonical\" href=\"http:\/\/spazio-news.it\/?p=1456\" \/>\n<meta property=\"og:locale\" content=\"it_IT\" \/>\n<meta property=\"og:type\" content=\"article\" \/>\n<meta property=\"og:title\" content=\"MM, MEDITERRANEO: PARTITA L\u2019ESERCITAZIONE MARE APERTO 18 &#187; Spazio-News Magazine\" \/>\n<meta property=\"og:description\" content=\"\u00c9 partita nella giornata di ieri, e durer\u00e0 fino al 12 ottobre, l\u2019esercitazione \u201cMare Aperto\u201d, finalizzata al mantenimento di elevati standard di\" \/>\n<meta property=\"og:url\" content=\"http:\/\/spazio-news.it\/?p=1456\" \/>\n<meta property=\"og:site_name\" content=\"Spazio-News Magazine\" \/>\n<meta property=\"article:publisher\" content=\"https:\/\/m.facebook.com\/spazio-news-magazine\" \/>\n<meta property=\"article:author\" content=\"@SpazioNewsMagazine\" \/>\n<meta property=\"article:published_time\" content=\"2018-10-10T06:10:32+00:00\" \/>\n<meta property=\"article:modified_time\" content=\"2019-05-27T19:06:58+00:00\" \/>\n<meta property=\"og:image\" content=\"http:\/\/spazio-news.it\/wp-content\/uploads\/2018\/10\/Marina-Militare-Cavour-e-FREMM-e1550513229697.jpg\" \/>\n\t<meta property=\"og:image:width\" content=\"800\" \/>\n\t<meta property=\"og:image:height\" content=\"446\" \/>\n\t<meta property=\"og:image:type\" content=\"image\/jpeg\" \/>\n<meta name=\"author\" content=\"Redazione\" \/>\n<meta name=\"twitter:card\" content=\"summary_large_image\" \/>\n<meta name=\"twitter:creator\" content=\"@news_spazio\" \/>\n<meta name=\"twitter:site\" content=\"@News_spazio\" \/>\n<meta name=\"twitter:label1\" content=\"Scritto da\" \/>\n\t<meta name=\"twitter:data1\" content=\"Redazione\" \/>\n\t<meta name=\"twitter:label2\" content=\"Tempo di lettura stimato\" \/>\n\t<meta name=\"twitter:data2\" content=\"2 minuti\" \/>\n<script type=\"application\/ld+json\" class=\"yoast-schema-graph\">{\"@context\":\"https:\/\/schema.org\",\"@graph\":[{\"@type\":\"NewsArticle\",\"@id\":\"http:\/\/spazio-news.it\/?p=1456#article\",\"isPartOf\":{\"@id\":\"http:\/\/spazio-news.it\/?p=1456\"},\"author\":{\"name\":\"Redazione\",\"@id\":\"http:\/\/spazio-news.it\/#\/schema\/person\/c600904e882e9e166ed8e5e3773d37b3\"},\"headline\":\"MM, MEDITERRANEO: PARTITA L\u2019ESERCITAZIONE MARE APERTO 18\",\"datePublished\":\"2018-10-10T06:10:32+00:00\",\"dateModified\":\"2019-05-27T19:06:58+00:00\",\"mainEntityOfPage\":{\"@id\":\"http:\/\/spazio-news.it\/?p=1456\"},\"wordCount\":355,\"publisher\":{\"@id\":\"http:\/\/spazio-news.it\/#organization\"},\"image\":{\"@id\":\"http:\/\/spazio-news.it\/?p=1456#primaryimage\"},\"thumbnailUrl\":\"http:\/\/spazio-news.it\/wp-content\/uploads\/2018\/10\/Marina-Militare-Cavour-e-FREMM-e1550513229697.jpg\",\"keywords\":[\"Aeronautica Militare Italiana\",\"Esercitazione\",\"Mare aperto\",\"Marina Militare\",\"Ministero della Difesa\",\"US Navy\"],\"articleSection\":[\"01 - PRIMA PAGINA\",\"03 - ISTITUZIONI\"],\"inLanguage\":\"it-IT\"},{\"@type\":\"WebPage\",\"@id\":\"http:\/\/spazio-news.it\/?p=1456\",\"url\":\"http:\/\/spazio-news.it\/?p=1456\",\"name\":\"MM, MEDITERRANEO: PARTITA L\u2019ESERCITAZIONE MARE APERTO 18 &#187; Spazio-News Magazine\",\"isPartOf\":{\"@id\":\"http:\/\/spazio-news.it\/#website\"},\"primaryImageOfPage\":{\"@id\":\"http:\/\/spazio-news.it\/?p=1456#primaryimage\"},\"image\":{\"@id\":\"http:\/\/spazio-news.it\/?p=1456#primaryimage\"},\"thumbnailUrl\":\"http:\/\/spazio-news.it\/wp-content\/uploads\/2018\/10\/Marina-Militare-Cavour-e-FREMM-e1550513229697.jpg\",\"datePublished\":\"2018-10-10T06:10:32+00:00\",\"dateModified\":\"2019-05-27T19:06:58+00:00\",\"description\":\"\u00c9 partita nella giornata di ieri, e durer\u00e0 fino al 12 ottobre, l\u2019esercitazione \u201cMare Aperto\u201d, finalizzata al mantenimento di elevati standard di\",\"breadcrumb\":{\"@id\":\"http:\/\/spazio-news.it\/?p=1456#breadcrumb\"},\"inLanguage\":\"it-IT\",\"potentialAction\":[{\"@type\":\"ReadAction\",\"target\":[\"http:\/\/spazio-news.it\/?p=1456\"]}]},{\"@type\":\"ImageObject\",\"inLanguage\":\"it-IT\",\"@id\":\"http:\/\/spazio-news.it\/?p=1456#primaryimage\",\"url\":\"http:\/\/spazio-news.it\/wp-content\/uploads\/2018\/10\/Marina-Militare-Cavour-e-FREMM-e1550513229697.jpg\",\"contentUrl\":\"http:\/\/spazio-news.it\/wp-content\/uploads\/2018\/10\/Marina-Militare-Cavour-e-FREMM-e1550513229697.jpg\",\"width\":800,\"height\":446,\"caption\":\"Marina Militare Cavour e FREMM\"},{\"@type\":\"BreadcrumbList\",\"@id\":\"http:\/\/spazio-news.it\/?p=1456#breadcrumb\",\"itemListElement\":[{\"@type\":\"ListItem\",\"position\":1,\"name\":\"Home\",\"item\":\"http:\/\/spazio-news.it\/\"},{\"@type\":\"ListItem\",\"position\":2,\"name\":\"MM, MEDITERRANEO: PARTITA L\u2019ESERCITAZIONE MARE APERTO 18\"}]},{\"@type\":\"WebSite\",\"@id\":\"http:\/\/spazio-news.it\/#website\",\"url\":\"http:\/\/spazio-news.it\/\",\"name\":\"Spazio-News Magazine\",\"description\":\"La guida che sfida la complessit\u00e0 del mondo industriale\",\"publisher\":{\"@id\":\"http:\/\/spazio-news.it\/#organization\"},\"alternateName\":\"Spazio-news.it\",\"potentialAction\":[{\"@type\":\"SearchAction\",\"target\":{\"@type\":\"EntryPoint\",\"urlTemplate\":\"http:\/\/spazio-news.it\/?s={search_term_string}\"},\"query-input\":{\"@type\":\"PropertyValueSpecification\",\"valueRequired\":true,\"valueName\":\"search_term_string\"}}],\"inLanguage\":\"it-IT\"},{\"@type\":\"Organization\",\"@id\":\"http:\/\/spazio-news.it\/#organization\",\"name\":\"Spazio-News Magazine\",\"url\":\"http:\/\/spazio-news.it\/\",\"logo\":{\"@type\":\"ImageObject\",\"inLanguage\":\"it-IT\",\"@id\":\"http:\/\/spazio-news.it\/#\/schema\/logo\/image\/\",\"url\":\"http:\/\/spazio-news.it\/wp-content\/uploads\/2023\/09\/Logo-Spazio-News-512-x-512-NO-testo.jpg\",\"contentUrl\":\"http:\/\/spazio-news.it\/wp-content\/uploads\/2023\/09\/Logo-Spazio-News-512-x-512-NO-testo.jpg\",\"width\":512,\"height\":512,\"caption\":\"Spazio-News Magazine\"},\"image\":{\"@id\":\"http:\/\/spazio-news.it\/#\/schema\/logo\/image\/\"},\"sameAs\":[\"https:\/\/m.facebook.com\/spazio-news-magazine\",\"https:\/\/x.com\/News_spazio\"]},{\"@type\":\"Person\",\"@id\":\"http:\/\/spazio-news.it\/#\/schema\/person\/c600904e882e9e166ed8e5e3773d37b3\",\"name\":\"Redazione\",\"sameAs\":[\"http:\/\/spazio-news.it\",\"@SpazioNewsMagazine\",\"https:\/\/x.com\/@news_spazio\"],\"url\":\"http:\/\/spazio-news.it\/?author=1\"}]}<\/script>\n<!-- \/ Yoast SEO plugin. -->","yoast_head_json":{"title":"MM, MEDITERRANEO: PARTITA L\u2019ESERCITAZIONE MARE APERTO 18 &#187; Spazio-News Magazine","description":"\u00c9 partita nella giornata di ieri, e durer\u00e0 fino al 12 ottobre, l\u2019esercitazione \u201cMare Aperto\u201d, finalizzata al mantenimento di elevati standard di","robots":{"index":"index","follow":"follow","max-snippet":"max-snippet:-1","max-image-preview":"max-image-preview:large","max-video-preview":"max-video-preview:-1"},"canonical":"http:\/\/spazio-news.it\/?p=1456","og_locale":"it_IT","og_type":"article","og_title":"MM, MEDITERRANEO: PARTITA L\u2019ESERCITAZIONE MARE APERTO 18 &#187; Spazio-News Magazine","og_description":"\u00c9 partita nella giornata di ieri, e durer\u00e0 fino al 12 ottobre, l\u2019esercitazione \u201cMare Aperto\u201d, finalizzata al mantenimento di elevati standard di","og_url":"http:\/\/spazio-news.it\/?p=1456","og_site_name":"Spazio-News Magazine","article_publisher":"https:\/\/m.facebook.com\/spazio-news-magazine","article_author":"@SpazioNewsMagazine","article_published_time":"2018-10-10T06:10:32+00:00","article_modified_time":"2019-05-27T19:06:58+00:00","og_image":[{"width":800,"height":446,"url":"http:\/\/spazio-news.it\/wp-content\/uploads\/2018\/10\/Marina-Militare-Cavour-e-FREMM-e1550513229697.jpg","type":"image\/jpeg"}],"author":"Redazione","twitter_card":"summary_large_image","twitter_creator":"@news_spazio","twitter_site":"@News_spazio","twitter_misc":{"Scritto da":"Redazione","Tempo di lettura stimato":"2 minuti"},"schema":{"@context":"https:\/\/schema.org","@graph":[{"@type":"NewsArticle","@id":"http:\/\/spazio-news.it\/?p=1456#article","isPartOf":{"@id":"http:\/\/spazio-news.it\/?p=1456"},"author":{"name":"Redazione","@id":"http:\/\/spazio-news.it\/#\/schema\/person\/c600904e882e9e166ed8e5e3773d37b3"},"headline":"MM, MEDITERRANEO: PARTITA L\u2019ESERCITAZIONE MARE APERTO 18","datePublished":"2018-10-10T06:10:32+00:00","dateModified":"2019-05-27T19:06:58+00:00","mainEntityOfPage":{"@id":"http:\/\/spazio-news.it\/?p=1456"},"wordCount":355,"publisher":{"@id":"http:\/\/spazio-news.it\/#organization"},"image":{"@id":"http:\/\/spazio-news.it\/?p=1456#primaryimage"},"thumbnailUrl":"http:\/\/spazio-news.it\/wp-content\/uploads\/2018\/10\/Marina-Militare-Cavour-e-FREMM-e1550513229697.jpg","keywords":["Aeronautica Militare Italiana","Esercitazione","Mare aperto","Marina Militare","Ministero della Difesa","US Navy"],"articleSection":["01 - PRIMA PAGINA","03 - ISTITUZIONI"],"inLanguage":"it-IT"},{"@type":"WebPage","@id":"http:\/\/spazio-news.it\/?p=1456","url":"http:\/\/spazio-news.it\/?p=1456","name":"MM, MEDITERRANEO: PARTITA L\u2019ESERCITAZIONE MARE APERTO 18 &#187; Spazio-News Magazine","isPartOf":{"@id":"http:\/\/spazio-news.it\/#website"},"primaryImageOfPage":{"@id":"http:\/\/spazio-news.it\/?p=1456#primaryimage"},"image":{"@id":"http:\/\/spazio-news.it\/?p=1456#primaryimage"},"thumbnailUrl":"http:\/\/spazio-news.it\/wp-content\/uploads\/2018\/10\/Marina-Militare-Cavour-e-FREMM-e1550513229697.jpg","datePublished":"2018-10-10T06:10:32+00:00","dateModified":"2019-05-27T19:06:58+00:00","description":"\u00c9 partita nella giornata di ieri, e durer\u00e0 fino al 12 ottobre, l\u2019esercitazione \u201cMare Aperto\u201d, finalizzata al mantenimento di elevati standard di","breadcrumb":{"@id":"http:\/\/spazio-news.it\/?p=1456#breadcrumb"},"inLanguage":"it-IT","potentialAction":[{"@type":"ReadAction","target":["http:\/\/spazio-news.it\/?p=1456"]}]},{"@type":"ImageObject","inLanguage":"it-IT","@id":"http:\/\/spazio-news.it\/?p=1456#primaryimage","url":"http:\/\/spazio-news.it\/wp-content\/uploads\/2018\/10\/Marina-Militare-Cavour-e-FREMM-e1550513229697.jpg","contentUrl":"http:\/\/spazio-news.it\/wp-content\/uploads\/2018\/10\/Marina-Militare-Cavour-e-FREMM-e1550513229697.jpg","width":800,"height":446,"caption":"Marina Militare Cavour e FREMM"},{"@type":"BreadcrumbList","@id":"http:\/\/spazio-news.it\/?p=1456#breadcrumb","itemListElement":[{"@type":"ListItem","position":1,"name":"Home","item":"http:\/\/spazio-news.it\/"},{"@type":"ListItem","position":2,"name":"MM, MEDITERRANEO: PARTITA L\u2019ESERCITAZIONE MARE APERTO 18"}]},{"@type":"WebSite","@id":"http:\/\/spazio-news.it\/#website","url":"http:\/\/spazio-news.it\/","name":"Spazio-News Magazine","description":"La guida che sfida la complessit\u00e0 del mondo industriale","publisher":{"@id":"http:\/\/spazio-news.it\/#organization"},"alternateName":"Spazio-news.it","potentialAction":[{"@type":"SearchAction","target":{"@type":"EntryPoint","urlTemplate":"http:\/\/spazio-news.it\/?s={search_term_string}"},"query-input":{"@type":"PropertyValueSpecification","valueRequired":true,"valueName":"search_term_string"}}],"inLanguage":"it-IT"},{"@type":"Organization","@id":"http:\/\/spazio-news.it\/#organization","name":"Spazio-News Magazine","url":"http:\/\/spazio-news.it\/","logo":{"@type":"ImageObject","inLanguage":"it-IT","@id":"http:\/\/spazio-news.it\/#\/schema\/logo\/image\/","url":"http:\/\/spazio-news.it\/wp-content\/uploads\/2023\/09\/Logo-Spazio-News-512-x-512-NO-testo.jpg","contentUrl":"http:\/\/spazio-news.it\/wp-content\/uploads\/2023\/09\/Logo-Spazio-News-512-x-512-NO-testo.jpg","width":512,"height":512,"caption":"Spazio-News Magazine"},"image":{"@id":"http:\/\/spazio-news.it\/#\/schema\/logo\/image\/"},"sameAs":["https:\/\/m.facebook.com\/spazio-news-magazine","https:\/\/x.com\/News_spazio"]},{"@type":"Person","@id":"http:\/\/spazio-news.it\/#\/schema\/person\/c600904e882e9e166ed8e5e3773d37b3","name":"Redazione","sameAs":["http:\/\/spazio-news.it","@SpazioNewsMagazine","https:\/\/x.com\/@news_spazio"],"url":"http:\/\/spazio-news.it\/?author=1"}]}},"_links":{"self":[{"href":"http:\/\/spazio-news.it\/index.php?rest_route=\/wp\/v2\/posts\/1456","targetHints":{"allow":["GET"]}}],"collection":[{"href":"http:\/\/spazio-news.it\/index.php?rest_route=\/wp\/v2\/posts"}],"about":[{"href":"http:\/\/spazio-news.it\/index.php?rest_route=\/wp\/v2\/types\/post"}],"author":[{"embeddable":true,"href":"http:\/\/spazio-news.it\/index.php?rest_route=\/wp\/v2\/users\/1"}],"replies":[{"embeddable":true,"href":"http:\/\/spazio-news.it\/index.php?rest_route=%2Fwp%2Fv2%2Fcomments&post=1456"}],"version-history":[{"count":7,"href":"http:\/\/spazio-news.it\/index.php?rest_route=\/wp\/v2\/posts\/1456\/revisions"}],"predecessor-version":[{"id":4607,"href":"http:\/\/spazio-news.it\/index.php?rest_route=\/wp\/v2\/posts\/1456\/revisions\/4607"}],"wp:featuredmedia":[{"embeddable":true,"href":"http:\/\/spazio-news.it\/index.php?rest_route=\/wp\/v2\/media\/1457"}],"wp:attachment":[{"href":"http:\/\/spazio-news.it\/index.php?rest_route=%2Fwp%2Fv2%2Fmedia&parent=1456"}],"wp:term":[{"taxonomy":"category","embeddable":true,"href":"http:\/\/spazio-news.it\/index.php?rest_route=%2Fwp%2Fv2%2Fcategories&post=1456"},{"taxonomy":"post_tag","embeddable":true,"href":"http:\/\/spazio-news.it\/index.php?rest_route=%2Fwp%2Fv2%2Ftags&post=1456"}],"curies":[{"name":"wp","href":"https:\/\/api.w.org\/{rel}","templated":true}]}}