{"id":1478,"date":"2018-10-11T04:43:02","date_gmt":"2018-10-11T03:43:02","guid":{"rendered":"http:\/\/spazio-news.it\/?p=1478"},"modified":"2019-05-27T20:06:54","modified_gmt":"2019-05-27T19:06:54","slug":"nicolo-falsaperna-e-il-nuovo-direttore-di-segredifesa","status":"publish","type":"post","link":"http:\/\/spazio-news.it\/?p=1478","title":{"rendered":"NICOL\u00d2 FALSAPERNA \u00c8 IL NUOVO DIRETTORE DI SEGREDIFESA"},"content":{"rendered":"<p>Si \u00e8 svolta, nella giornata del <strong>9 ottobre<\/strong> scorso a Palazzo Guidoni alla presenza del <strong>Ministro della Difesa<\/strong> <strong>Elisabetta Trenta<\/strong>, la cerimonia che ha sancito il <strong>passaggio di consegne,<\/strong> tra il <strong>Generale di Squadra<\/strong> <strong>Aerea<\/strong> <strong>Carlo Magrassi<\/strong> e il <strong>Generale di Corpo d\u2019Armata<\/strong>, <strong>Nicol\u00f2 Falsaperna<\/strong>, alla guida di \u00a0<strong>Segredifesa, <\/strong><strong>il Segretariato Generale della Difesa e della Direzione Nazionale degli Armamenti<\/strong>.<\/p>\n<p>Alla cerimonia erano presenti anche il <strong>Capo di Stato Maggiore della Difesa<\/strong>, <strong>Generale Claudio Graziano<\/strong>, e i <strong>Sottosegretari<\/strong> <strong>alla Difesa<\/strong>, Raffaele<strong> Volpi<\/strong> e Angelo<strong> Tofalo<\/strong>.<\/p>\n<p>Al Generale Magrassi, che lascia il servizio attivo, il <strong>Ministro Trenta<\/strong> ha espresso il suo ringraziamento \u201c<em>per l\u2019equilibrio, la competenza, la solidit\u00e0 che hanno contraddistinto la sua azione in una fase delicata del suo mandato, in cui ha saputo confrontarsi con coerenza e professionalit\u00e0 con le nuove scelte del Governo della Repubblica<\/em>\u201d.<\/p>\n<p>Al nuovo <strong>Segretario Generale della Difesa\/DNA<\/strong>, la titolare del Dicastero ha rivolto, invece, i pi\u00f9 sinceri auguri di buon lavoro: \u201c<em>La sua nomina \u00e8 il giusto riconoscimento per il suo eccezionale percorso professionale, non ultimo quale Vice Segretario Generale della Difesa e Vice Direttore Nazionale Armamenti<\/em>\u201d.<\/p>\n<p>Nel suo intervento, il Ministro Trenta ha sottolineato il ruolo fondamentale del Segretariato Generale nel settore dell\u2019<strong>industria della Difesa<\/strong> che oggi rappresenta un asset strategico del <strong>Sistema Paese<\/strong>, che contribuisce al posizionamento <strong>economico<\/strong>, alla <strong>produttivit\u00e0<\/strong> e <strong>redditivit\u00e0<\/strong>, nonch\u00e9 alla percepita \u201c<strong>potenza<\/strong>\u201d dell\u2019Italia come capacit\u00e0 di <strong>protezione<\/strong> degli <strong>interessi<\/strong> vitali e di influenza sugli <strong>attori internazionali<\/strong>.<\/p>\n<p>Segredifesa \u00e8, infatti, \u201c<em>in prima linea nel sostenere la ricerca, lo sviluppo tecnologico e l\u2019innovazione al fine di garantire il pieno soddisfacimento delle esigenze delle nostre Forze armate\u201d.<\/em><\/p>\n<p>Basilare, per il Ministro Trenta, attuare un ammodernamento della <strong>Forze Armate<\/strong> \u201c<em>sempre pi\u00f9 in sinergia con il Sistema Paese, per creare lo sviluppo necessario e aprire nuove realt\u00e0 occupazionali\u201d.<\/em><\/p>\n<p><em>\u201cLa rivisitazione della spesa per ridurre gli sprechi di risorse sar\u00e0 necessaria<\/em>\u201d ha detto, evidenziando come \u201c<em>la diffusione nell\u2019Industria della Difesa del paradigma del \u2018Multipurpose-By-Design\u2019 per lo sviluppo di capacit\u00e0 militari a molteplice scopo sar\u00e0 una necessit\u00e0 imprescindibile\u201d.<\/em><\/p>\n","protected":false},"excerpt":{"rendered":"<p>Si \u00e8 svolta, nella giornata del 9 ottobre scorso a Palazzo Guidoni alla presenza del Ministro della Difesa Elisabetta Trenta,<\/p>\n","protected":false},"author":1,"featured_media":1482,"comment_status":"closed","ping_status":"open","sticky":false,"template":"","format":"standard","meta":{"colormag_page_container_layout":"default_layout","colormag_page_sidebar_layout":"default_layout","footnotes":""},"categories":[32,4],"tags":[54,432,105,964],"class_list":["post-1478","post","type-post","status-publish","format-standard","has-post-thumbnail","hentry","category-prima-pagina","category-istituzioni","tag-aeronautica-militare-italiana","tag-elisabetta-trenta","tag-ministero-della-difesa","tag-nicolo-falsaperna"],"yoast_head":"<!-- This site is optimized with the Yoast SEO plugin v26.8 - https:\/\/yoast.com\/product\/yoast-seo-wordpress\/ -->\n<title>NICOL\u00d2 FALSAPERNA \u00c8 IL NUOVO DIRETTORE DI SEGREDIFESA &#187; Spazio-News Magazine<\/title>\n<meta name=\"description\" content=\"Si \u00e8 svolta a Palazzo Guidoni, alla presenza del Ministro Trenta, la cerimonia per il passaggio di consegne a Falsaperna alla guida di \u00a0Segredifesa\" \/>\n<meta name=\"robots\" content=\"index, follow, max-snippet:-1, max-image-preview:large, max-video-preview:-1\" \/>\n<link rel=\"canonical\" href=\"http:\/\/spazio-news.it\/?p=1478\" \/>\n<meta property=\"og:locale\" content=\"it_IT\" \/>\n<meta property=\"og:type\" content=\"article\" \/>\n<meta property=\"og:title\" content=\"NICOL\u00d2 FALSAPERNA \u00c8 IL NUOVO DIRETTORE DI SEGREDIFESA &#187; Spazio-News Magazine\" \/>\n<meta property=\"og:description\" content=\"Si \u00e8 svolta a Palazzo Guidoni, alla presenza del Ministro Trenta, la cerimonia per il passaggio di consegne a Falsaperna alla guida di \u00a0Segredifesa\" \/>\n<meta property=\"og:url\" content=\"http:\/\/spazio-news.it\/?p=1478\" \/>\n<meta property=\"og:site_name\" content=\"Spazio-News Magazine\" \/>\n<meta property=\"article:publisher\" content=\"https:\/\/m.facebook.com\/spazio-news-magazine\" \/>\n<meta property=\"article:author\" content=\"@SpazioNewsMagazine\" \/>\n<meta property=\"article:published_time\" content=\"2018-10-11T03:43:02+00:00\" \/>\n<meta property=\"article:modified_time\" content=\"2019-05-27T19:06:54+00:00\" \/>\n<meta property=\"og:image\" content=\"http:\/\/spazio-news.it\/wp-content\/uploads\/2018\/10\/Segredifesa-Carlo-Magrassi-Nicol\u00f2-Falsaperna..jpg\" \/>\n\t<meta property=\"og:image:width\" content=\"800\" \/>\n\t<meta property=\"og:image:height\" content=\"447\" \/>\n\t<meta property=\"og:image:type\" content=\"image\/jpeg\" \/>\n<meta name=\"author\" content=\"Redazione\" \/>\n<meta name=\"twitter:card\" content=\"summary_large_image\" \/>\n<meta name=\"twitter:creator\" content=\"@news_spazio\" \/>\n<meta name=\"twitter:site\" content=\"@News_spazio\" \/>\n<meta name=\"twitter:label1\" content=\"Scritto da\" \/>\n\t<meta name=\"twitter:data1\" content=\"Redazione\" \/>\n\t<meta name=\"twitter:label2\" content=\"Tempo di lettura stimato\" \/>\n\t<meta name=\"twitter:data2\" content=\"2 minuti\" \/>\n<script type=\"application\/ld+json\" class=\"yoast-schema-graph\">{\"@context\":\"https:\/\/schema.org\",\"@graph\":[{\"@type\":\"NewsArticle\",\"@id\":\"http:\/\/spazio-news.it\/?p=1478#article\",\"isPartOf\":{\"@id\":\"http:\/\/spazio-news.it\/?p=1478\"},\"author\":{\"name\":\"Redazione\",\"@id\":\"http:\/\/spazio-news.it\/#\/schema\/person\/c600904e882e9e166ed8e5e3773d37b3\"},\"headline\":\"NICOL\u00d2 FALSAPERNA \u00c8 IL NUOVO DIRETTORE DI SEGREDIFESA\",\"datePublished\":\"2018-10-11T03:43:02+00:00\",\"dateModified\":\"2019-05-27T19:06:54+00:00\",\"mainEntityOfPage\":{\"@id\":\"http:\/\/spazio-news.it\/?p=1478\"},\"wordCount\":343,\"publisher\":{\"@id\":\"http:\/\/spazio-news.it\/#organization\"},\"image\":{\"@id\":\"http:\/\/spazio-news.it\/?p=1478#primaryimage\"},\"thumbnailUrl\":\"http:\/\/spazio-news.it\/wp-content\/uploads\/2018\/10\/Segredifesa-Carlo-Magrassi-Nicol\u00f2-Falsaperna..jpg\",\"keywords\":[\"Aeronautica Militare Italiana\",\"Elisabetta Trenta\",\"Ministero della Difesa\",\"Nicol\u00f2 Falsaperna\"],\"articleSection\":[\"01 - PRIMA PAGINA\",\"03 - ISTITUZIONI\"],\"inLanguage\":\"it-IT\"},{\"@type\":\"WebPage\",\"@id\":\"http:\/\/spazio-news.it\/?p=1478\",\"url\":\"http:\/\/spazio-news.it\/?p=1478\",\"name\":\"NICOL\u00d2 FALSAPERNA \u00c8 IL NUOVO DIRETTORE DI SEGREDIFESA &#187; Spazio-News Magazine\",\"isPartOf\":{\"@id\":\"http:\/\/spazio-news.it\/#website\"},\"primaryImageOfPage\":{\"@id\":\"http:\/\/spazio-news.it\/?p=1478#primaryimage\"},\"image\":{\"@id\":\"http:\/\/spazio-news.it\/?p=1478#primaryimage\"},\"thumbnailUrl\":\"http:\/\/spazio-news.it\/wp-content\/uploads\/2018\/10\/Segredifesa-Carlo-Magrassi-Nicol\u00f2-Falsaperna..jpg\",\"datePublished\":\"2018-10-11T03:43:02+00:00\",\"dateModified\":\"2019-05-27T19:06:54+00:00\",\"description\":\"Si \u00e8 svolta a Palazzo Guidoni, alla presenza del Ministro Trenta, la cerimonia per il passaggio di consegne a Falsaperna alla guida di \u00a0Segredifesa\",\"breadcrumb\":{\"@id\":\"http:\/\/spazio-news.it\/?p=1478#breadcrumb\"},\"inLanguage\":\"it-IT\",\"potentialAction\":[{\"@type\":\"ReadAction\",\"target\":[\"http:\/\/spazio-news.it\/?p=1478\"]}]},{\"@type\":\"ImageObject\",\"inLanguage\":\"it-IT\",\"@id\":\"http:\/\/spazio-news.it\/?p=1478#primaryimage\",\"url\":\"http:\/\/spazio-news.it\/wp-content\/uploads\/2018\/10\/Segredifesa-Carlo-Magrassi-Nicol\u00f2-Falsaperna..jpg\",\"contentUrl\":\"http:\/\/spazio-news.it\/wp-content\/uploads\/2018\/10\/Segredifesa-Carlo-Magrassi-Nicol\u00f2-Falsaperna..jpg\",\"width\":800,\"height\":447},{\"@type\":\"BreadcrumbList\",\"@id\":\"http:\/\/spazio-news.it\/?p=1478#breadcrumb\",\"itemListElement\":[{\"@type\":\"ListItem\",\"position\":1,\"name\":\"Home\",\"item\":\"http:\/\/spazio-news.it\/\"},{\"@type\":\"ListItem\",\"position\":2,\"name\":\"NICOL\u00d2 FALSAPERNA \u00c8 IL NUOVO DIRETTORE DI SEGREDIFESA\"}]},{\"@type\":\"WebSite\",\"@id\":\"http:\/\/spazio-news.it\/#website\",\"url\":\"http:\/\/spazio-news.it\/\",\"name\":\"Spazio-News Magazine\",\"description\":\"La guida che sfida la complessit\u00e0 del mondo industriale\",\"publisher\":{\"@id\":\"http:\/\/spazio-news.it\/#organization\"},\"alternateName\":\"Spazio-news.it\",\"potentialAction\":[{\"@type\":\"SearchAction\",\"target\":{\"@type\":\"EntryPoint\",\"urlTemplate\":\"http:\/\/spazio-news.it\/?s={search_term_string}\"},\"query-input\":{\"@type\":\"PropertyValueSpecification\",\"valueRequired\":true,\"valueName\":\"search_term_string\"}}],\"inLanguage\":\"it-IT\"},{\"@type\":\"Organization\",\"@id\":\"http:\/\/spazio-news.it\/#organization\",\"name\":\"Spazio-News Magazine\",\"url\":\"http:\/\/spazio-news.it\/\",\"logo\":{\"@type\":\"ImageObject\",\"inLanguage\":\"it-IT\",\"@id\":\"http:\/\/spazio-news.it\/#\/schema\/logo\/image\/\",\"url\":\"http:\/\/spazio-news.it\/wp-content\/uploads\/2023\/09\/Logo-Spazio-News-512-x-512-NO-testo.jpg\",\"contentUrl\":\"http:\/\/spazio-news.it\/wp-content\/uploads\/2023\/09\/Logo-Spazio-News-512-x-512-NO-testo.jpg\",\"width\":512,\"height\":512,\"caption\":\"Spazio-News Magazine\"},\"image\":{\"@id\":\"http:\/\/spazio-news.it\/#\/schema\/logo\/image\/\"},\"sameAs\":[\"https:\/\/m.facebook.com\/spazio-news-magazine\",\"https:\/\/x.com\/News_spazio\"]},{\"@type\":\"Person\",\"@id\":\"http:\/\/spazio-news.it\/#\/schema\/person\/c600904e882e9e166ed8e5e3773d37b3\",\"name\":\"Redazione\",\"sameAs\":[\"http:\/\/spazio-news.it\",\"@SpazioNewsMagazine\",\"https:\/\/x.com\/@news_spazio\"],\"url\":\"http:\/\/spazio-news.it\/?author=1\"}]}<\/script>\n<!-- \/ Yoast SEO plugin. -->","yoast_head_json":{"title":"NICOL\u00d2 FALSAPERNA \u00c8 IL NUOVO DIRETTORE DI SEGREDIFESA &#187; Spazio-News Magazine","description":"Si \u00e8 svolta a Palazzo Guidoni, alla presenza del Ministro Trenta, la cerimonia per il passaggio di consegne a Falsaperna alla guida di \u00a0Segredifesa","robots":{"index":"index","follow":"follow","max-snippet":"max-snippet:-1","max-image-preview":"max-image-preview:large","max-video-preview":"max-video-preview:-1"},"canonical":"http:\/\/spazio-news.it\/?p=1478","og_locale":"it_IT","og_type":"article","og_title":"NICOL\u00d2 FALSAPERNA \u00c8 IL NUOVO DIRETTORE DI SEGREDIFESA &#187; Spazio-News Magazine","og_description":"Si \u00e8 svolta a Palazzo Guidoni, alla presenza del Ministro Trenta, la cerimonia per il passaggio di consegne a Falsaperna alla guida di \u00a0Segredifesa","og_url":"http:\/\/spazio-news.it\/?p=1478","og_site_name":"Spazio-News Magazine","article_publisher":"https:\/\/m.facebook.com\/spazio-news-magazine","article_author":"@SpazioNewsMagazine","article_published_time":"2018-10-11T03:43:02+00:00","article_modified_time":"2019-05-27T19:06:54+00:00","og_image":[{"width":800,"height":447,"url":"http:\/\/spazio-news.it\/wp-content\/uploads\/2018\/10\/Segredifesa-Carlo-Magrassi-Nicol\u00f2-Falsaperna..jpg","type":"image\/jpeg"}],"author":"Redazione","twitter_card":"summary_large_image","twitter_creator":"@news_spazio","twitter_site":"@News_spazio","twitter_misc":{"Scritto da":"Redazione","Tempo di lettura stimato":"2 minuti"},"schema":{"@context":"https:\/\/schema.org","@graph":[{"@type":"NewsArticle","@id":"http:\/\/spazio-news.it\/?p=1478#article","isPartOf":{"@id":"http:\/\/spazio-news.it\/?p=1478"},"author":{"name":"Redazione","@id":"http:\/\/spazio-news.it\/#\/schema\/person\/c600904e882e9e166ed8e5e3773d37b3"},"headline":"NICOL\u00d2 FALSAPERNA \u00c8 IL NUOVO DIRETTORE DI SEGREDIFESA","datePublished":"2018-10-11T03:43:02+00:00","dateModified":"2019-05-27T19:06:54+00:00","mainEntityOfPage":{"@id":"http:\/\/spazio-news.it\/?p=1478"},"wordCount":343,"publisher":{"@id":"http:\/\/spazio-news.it\/#organization"},"image":{"@id":"http:\/\/spazio-news.it\/?p=1478#primaryimage"},"thumbnailUrl":"http:\/\/spazio-news.it\/wp-content\/uploads\/2018\/10\/Segredifesa-Carlo-Magrassi-Nicol\u00f2-Falsaperna..jpg","keywords":["Aeronautica Militare Italiana","Elisabetta Trenta","Ministero della Difesa","Nicol\u00f2 Falsaperna"],"articleSection":["01 - PRIMA PAGINA","03 - ISTITUZIONI"],"inLanguage":"it-IT"},{"@type":"WebPage","@id":"http:\/\/spazio-news.it\/?p=1478","url":"http:\/\/spazio-news.it\/?p=1478","name":"NICOL\u00d2 FALSAPERNA \u00c8 IL NUOVO DIRETTORE DI SEGREDIFESA &#187; Spazio-News Magazine","isPartOf":{"@id":"http:\/\/spazio-news.it\/#website"},"primaryImageOfPage":{"@id":"http:\/\/spazio-news.it\/?p=1478#primaryimage"},"image":{"@id":"http:\/\/spazio-news.it\/?p=1478#primaryimage"},"thumbnailUrl":"http:\/\/spazio-news.it\/wp-content\/uploads\/2018\/10\/Segredifesa-Carlo-Magrassi-Nicol\u00f2-Falsaperna..jpg","datePublished":"2018-10-11T03:43:02+00:00","dateModified":"2019-05-27T19:06:54+00:00","description":"Si \u00e8 svolta a Palazzo Guidoni, alla presenza del Ministro Trenta, la cerimonia per il passaggio di consegne a Falsaperna alla guida di \u00a0Segredifesa","breadcrumb":{"@id":"http:\/\/spazio-news.it\/?p=1478#breadcrumb"},"inLanguage":"it-IT","potentialAction":[{"@type":"ReadAction","target":["http:\/\/spazio-news.it\/?p=1478"]}]},{"@type":"ImageObject","inLanguage":"it-IT","@id":"http:\/\/spazio-news.it\/?p=1478#primaryimage","url":"http:\/\/spazio-news.it\/wp-content\/uploads\/2018\/10\/Segredifesa-Carlo-Magrassi-Nicol\u00f2-Falsaperna..jpg","contentUrl":"http:\/\/spazio-news.it\/wp-content\/uploads\/2018\/10\/Segredifesa-Carlo-Magrassi-Nicol\u00f2-Falsaperna..jpg","width":800,"height":447},{"@type":"BreadcrumbList","@id":"http:\/\/spazio-news.it\/?p=1478#breadcrumb","itemListElement":[{"@type":"ListItem","position":1,"name":"Home","item":"http:\/\/spazio-news.it\/"},{"@type":"ListItem","position":2,"name":"NICOL\u00d2 FALSAPERNA \u00c8 IL NUOVO DIRETTORE DI SEGREDIFESA"}]},{"@type":"WebSite","@id":"http:\/\/spazio-news.it\/#website","url":"http:\/\/spazio-news.it\/","name":"Spazio-News Magazine","description":"La guida che sfida la complessit\u00e0 del mondo industriale","publisher":{"@id":"http:\/\/spazio-news.it\/#organization"},"alternateName":"Spazio-news.it","potentialAction":[{"@type":"SearchAction","target":{"@type":"EntryPoint","urlTemplate":"http:\/\/spazio-news.it\/?s={search_term_string}"},"query-input":{"@type":"PropertyValueSpecification","valueRequired":true,"valueName":"search_term_string"}}],"inLanguage":"it-IT"},{"@type":"Organization","@id":"http:\/\/spazio-news.it\/#organization","name":"Spazio-News Magazine","url":"http:\/\/spazio-news.it\/","logo":{"@type":"ImageObject","inLanguage":"it-IT","@id":"http:\/\/spazio-news.it\/#\/schema\/logo\/image\/","url":"http:\/\/spazio-news.it\/wp-content\/uploads\/2023\/09\/Logo-Spazio-News-512-x-512-NO-testo.jpg","contentUrl":"http:\/\/spazio-news.it\/wp-content\/uploads\/2023\/09\/Logo-Spazio-News-512-x-512-NO-testo.jpg","width":512,"height":512,"caption":"Spazio-News Magazine"},"image":{"@id":"http:\/\/spazio-news.it\/#\/schema\/logo\/image\/"},"sameAs":["https:\/\/m.facebook.com\/spazio-news-magazine","https:\/\/x.com\/News_spazio"]},{"@type":"Person","@id":"http:\/\/spazio-news.it\/#\/schema\/person\/c600904e882e9e166ed8e5e3773d37b3","name":"Redazione","sameAs":["http:\/\/spazio-news.it","@SpazioNewsMagazine","https:\/\/x.com\/@news_spazio"],"url":"http:\/\/spazio-news.it\/?author=1"}]}},"_links":{"self":[{"href":"http:\/\/spazio-news.it\/index.php?rest_route=\/wp\/v2\/posts\/1478","targetHints":{"allow":["GET"]}}],"collection":[{"href":"http:\/\/spazio-news.it\/index.php?rest_route=\/wp\/v2\/posts"}],"about":[{"href":"http:\/\/spazio-news.it\/index.php?rest_route=\/wp\/v2\/types\/post"}],"author":[{"embeddable":true,"href":"http:\/\/spazio-news.it\/index.php?rest_route=\/wp\/v2\/users\/1"}],"replies":[{"embeddable":true,"href":"http:\/\/spazio-news.it\/index.php?rest_route=%2Fwp%2Fv2%2Fcomments&post=1478"}],"version-history":[{"count":5,"href":"http:\/\/spazio-news.it\/index.php?rest_route=\/wp\/v2\/posts\/1478\/revisions"}],"predecessor-version":[{"id":4559,"href":"http:\/\/spazio-news.it\/index.php?rest_route=\/wp\/v2\/posts\/1478\/revisions\/4559"}],"wp:featuredmedia":[{"embeddable":true,"href":"http:\/\/spazio-news.it\/index.php?rest_route=\/wp\/v2\/media\/1482"}],"wp:attachment":[{"href":"http:\/\/spazio-news.it\/index.php?rest_route=%2Fwp%2Fv2%2Fmedia&parent=1478"}],"wp:term":[{"taxonomy":"category","embeddable":true,"href":"http:\/\/spazio-news.it\/index.php?rest_route=%2Fwp%2Fv2%2Fcategories&post=1478"},{"taxonomy":"post_tag","embeddable":true,"href":"http:\/\/spazio-news.it\/index.php?rest_route=%2Fwp%2Fv2%2Ftags&post=1478"}],"curies":[{"name":"wp","href":"https:\/\/api.w.org\/{rel}","templated":true}]}}