{"id":1481,"date":"2018-10-12T09:52:58","date_gmt":"2018-10-12T08:52:58","guid":{"rendered":"http:\/\/spazio-news.it\/?p=1481"},"modified":"2026-01-29T19:49:37","modified_gmt":"2026-01-29T18:49:37","slug":"dal-2019-nuovo-volo-brindisi-hannover","status":"publish","type":"post","link":"http:\/\/spazio-news.it\/?p=1481","title":{"rendered":"DAL 2019 NUOVO  VOLO  BRINDISI-HANNOVER"},"content":{"rendered":"<p>Sar\u00e0 attivo dal prossimo 7 maggio alla fine di ottobre 2019 il nuovo volo Brindisi-Hannover, operato da <strong>Eurowings<\/strong>, vettore low cost tedesco del <strong>Gruppo Lufthansa<\/strong>, il marted\u00ec.<\/p>\n<p><em>\u201cAlla luce dei numerosi nuovi collegamenti gi\u00e0 previsti, la prossima stagione estiva dell\u2019aeroporto del Salento nasce sotto i migliori auspici<\/em> \u2013 ha dichiarato il presidente di Aeroporti di Puglia, <strong>Tiziano Onesti<\/strong> \u2013. <em>Il nuovo collegamento, infatti, si aggiunge a quelli gi\u00e0 annunciati nei giorni scorsi e rappresenta una importante opportunit\u00e0 di crescita per il traffico incoming sia turistico che industriale. Siamo certi che tutto ci\u00f2 consentir\u00e0 di migliorare i gi\u00e0 brillanti risultati conseguiti dallo scalo brindisino in termini di incremento del traffico internazionale, contribuendo altres\u00ec al processo di destagionalizzazione dell\u2019offerta che contraddistingue l\u2019azione avviata da Aeroporti di Puglia di concerto con l\u2019Amministrazione regionale\u201d<\/em>.<\/p>\n<p>Hannover, capitale della Bassa Sassonia, \u00e8 un centro industriale e commerciale, nonch\u00e9 sede di uno dei pi\u00f9 importanti poli fieristici al mondo.<\/p>\n<p>\u201c<em>Hannover \u00e8 la nostra quinta destinazione tedesca su Brindisi<\/em> \u2013 ha sottolineato <strong>Ivan Orec<\/strong>, direttore Network Development &amp; Airport Relations di Eurowings \u2013. <em>Il prossimo anno stimiamo di trasportare in Puglia pi\u00f9 di 120.000 passeggeri. Siamo quindi particolarmente lieti di dare nuovo impulso al turismo pugliese e stiamo lavorando a un ulteriore sviluppo delle attivit\u00e0 nella regione e in Italia<\/em>\u201d.<\/p>\n","protected":false},"excerpt":{"rendered":"<p>Sar\u00e0 attivo dal prossimo 7 maggio alla fine di ottobre 2019 il nuovo volo Brindisi-Hannover, operato da Eurowings, vettore low<\/p>\n","protected":false},"author":1,"featured_media":1487,"comment_status":"closed","ping_status":"open","sticky":false,"template":"","format":"standard","meta":{"colormag_page_container_layout":"default_layout","colormag_page_sidebar_layout":"default_layout","footnotes":""},"categories":[32,3],"tags":[28,458,960,376,898],"class_list":["post-1481","post","type-post","status-publish","format-standard","has-post-thumbnail","hentry","category-prima-pagina","category-industria","tag-aeroporti","tag-aeroporti-di-puglia","tag-aeroporto-di-brindisi","tag-compagnie-aeree","tag-eurowings"],"yoast_head":"<!-- This site is optimized with the Yoast SEO plugin v26.8 - https:\/\/yoast.com\/product\/yoast-seo-wordpress\/ -->\n<title>DAL 2019 NUOVO VOLO BRINDISI-HANNOVER &#187; Spazio-News Magazine<\/title>\n<meta name=\"description\" content=\"Sar\u00e0 attivo da maggio a ottobre 2019 il nuovo volo Brindisi-Hannover operato ogni marted\u00ec da Eurowings, vettore del Gruppo Lufthansa.\" \/>\n<meta name=\"robots\" content=\"index, follow, max-snippet:-1, max-image-preview:large, max-video-preview:-1\" \/>\n<link rel=\"canonical\" href=\"http:\/\/spazio-news.it\/?p=1481\" \/>\n<meta property=\"og:locale\" content=\"it_IT\" \/>\n<meta property=\"og:type\" content=\"article\" \/>\n<meta property=\"og:title\" content=\"DAL 2019 NUOVO VOLO BRINDISI-HANNOVER &#187; Spazio-News Magazine\" \/>\n<meta property=\"og:description\" content=\"Sar\u00e0 attivo da maggio a ottobre 2019 il nuovo volo Brindisi-Hannover operato ogni marted\u00ec da Eurowings, vettore del Gruppo Lufthansa.\" \/>\n<meta property=\"og:url\" content=\"http:\/\/spazio-news.it\/?p=1481\" \/>\n<meta property=\"og:site_name\" content=\"Spazio-News Magazine\" \/>\n<meta property=\"article:publisher\" content=\"https:\/\/m.facebook.com\/spazio-news-magazine\" \/>\n<meta property=\"article:author\" content=\"@SpazioNewsMagazine\" \/>\n<meta property=\"article:published_time\" content=\"2018-10-12T08:52:58+00:00\" \/>\n<meta property=\"article:modified_time\" content=\"2026-01-29T18:49:37+00:00\" \/>\n<meta property=\"og:image\" content=\"http:\/\/spazio-news.it\/wp-content\/uploads\/2018\/10\/Aeroporto_-Brindisi_Spazio-news-e1554565775935.jpg\" \/>\n\t<meta property=\"og:image:width\" content=\"800\" \/>\n\t<meta property=\"og:image:height\" content=\"446\" \/>\n\t<meta property=\"og:image:type\" content=\"image\/jpeg\" \/>\n<meta name=\"author\" content=\"Redazione\" \/>\n<meta name=\"twitter:card\" content=\"summary_large_image\" \/>\n<meta name=\"twitter:creator\" content=\"@news_spazio\" \/>\n<meta name=\"twitter:site\" content=\"@News_spazio\" \/>\n<meta name=\"twitter:label1\" content=\"Scritto da\" \/>\n\t<meta name=\"twitter:data1\" content=\"Redazione\" \/>\n\t<meta name=\"twitter:label2\" content=\"Tempo di lettura stimato\" \/>\n\t<meta name=\"twitter:data2\" content=\"1 minuto\" \/>\n<script type=\"application\/ld+json\" class=\"yoast-schema-graph\">{\"@context\":\"https:\/\/schema.org\",\"@graph\":[{\"@type\":\"NewsArticle\",\"@id\":\"http:\/\/spazio-news.it\/?p=1481#article\",\"isPartOf\":{\"@id\":\"http:\/\/spazio-news.it\/?p=1481\"},\"author\":{\"name\":\"Redazione\",\"@id\":\"http:\/\/spazio-news.it\/#\/schema\/person\/c600904e882e9e166ed8e5e3773d37b3\"},\"headline\":\"DAL 2019 NUOVO VOLO BRINDISI-HANNOVER\",\"datePublished\":\"2018-10-12T08:52:58+00:00\",\"dateModified\":\"2026-01-29T18:49:37+00:00\",\"mainEntityOfPage\":{\"@id\":\"http:\/\/spazio-news.it\/?p=1481\"},\"wordCount\":211,\"publisher\":{\"@id\":\"http:\/\/spazio-news.it\/#organization\"},\"image\":{\"@id\":\"http:\/\/spazio-news.it\/?p=1481#primaryimage\"},\"thumbnailUrl\":\"http:\/\/spazio-news.it\/wp-content\/uploads\/2018\/10\/Aeroporto_-Brindisi_Spazio-news-e1554565775935.jpg\",\"keywords\":[\"aeroporti\",\"Aeroporti di Puglia\",\"Aeroporto di Brindisi\",\"Compagnie aeree\",\"Eurowings\"],\"articleSection\":[\"01 - PRIMA PAGINA\",\"02 - INDUSTRIA\"],\"inLanguage\":\"it-IT\"},{\"@type\":\"WebPage\",\"@id\":\"http:\/\/spazio-news.it\/?p=1481\",\"url\":\"http:\/\/spazio-news.it\/?p=1481\",\"name\":\"DAL 2019 NUOVO VOLO BRINDISI-HANNOVER &#187; Spazio-News Magazine\",\"isPartOf\":{\"@id\":\"http:\/\/spazio-news.it\/#website\"},\"primaryImageOfPage\":{\"@id\":\"http:\/\/spazio-news.it\/?p=1481#primaryimage\"},\"image\":{\"@id\":\"http:\/\/spazio-news.it\/?p=1481#primaryimage\"},\"thumbnailUrl\":\"http:\/\/spazio-news.it\/wp-content\/uploads\/2018\/10\/Aeroporto_-Brindisi_Spazio-news-e1554565775935.jpg\",\"datePublished\":\"2018-10-12T08:52:58+00:00\",\"dateModified\":\"2026-01-29T18:49:37+00:00\",\"description\":\"Sar\u00e0 attivo da maggio a ottobre 2019 il nuovo volo Brindisi-Hannover operato ogni marted\u00ec da Eurowings, vettore del Gruppo Lufthansa.\",\"breadcrumb\":{\"@id\":\"http:\/\/spazio-news.it\/?p=1481#breadcrumb\"},\"inLanguage\":\"it-IT\",\"potentialAction\":[{\"@type\":\"ReadAction\",\"target\":[\"http:\/\/spazio-news.it\/?p=1481\"]}]},{\"@type\":\"ImageObject\",\"inLanguage\":\"it-IT\",\"@id\":\"http:\/\/spazio-news.it\/?p=1481#primaryimage\",\"url\":\"http:\/\/spazio-news.it\/wp-content\/uploads\/2018\/10\/Aeroporto_-Brindisi_Spazio-news-e1554565775935.jpg\",\"contentUrl\":\"http:\/\/spazio-news.it\/wp-content\/uploads\/2018\/10\/Aeroporto_-Brindisi_Spazio-news-e1554565775935.jpg\",\"width\":800,\"height\":446,\"caption\":\"Aeroporto_ Brindisi_Spazio-news\"},{\"@type\":\"BreadcrumbList\",\"@id\":\"http:\/\/spazio-news.it\/?p=1481#breadcrumb\",\"itemListElement\":[{\"@type\":\"ListItem\",\"position\":1,\"name\":\"Home\",\"item\":\"http:\/\/spazio-news.it\/\"},{\"@type\":\"ListItem\",\"position\":2,\"name\":\"DAL 2019 NUOVO VOLO BRINDISI-HANNOVER\"}]},{\"@type\":\"WebSite\",\"@id\":\"http:\/\/spazio-news.it\/#website\",\"url\":\"http:\/\/spazio-news.it\/\",\"name\":\"Spazio-News Magazine\",\"description\":\"La guida che sfida la complessit\u00e0 del mondo industriale\",\"publisher\":{\"@id\":\"http:\/\/spazio-news.it\/#organization\"},\"alternateName\":\"Spazio-news.it\",\"potentialAction\":[{\"@type\":\"SearchAction\",\"target\":{\"@type\":\"EntryPoint\",\"urlTemplate\":\"http:\/\/spazio-news.it\/?s={search_term_string}\"},\"query-input\":{\"@type\":\"PropertyValueSpecification\",\"valueRequired\":true,\"valueName\":\"search_term_string\"}}],\"inLanguage\":\"it-IT\"},{\"@type\":\"Organization\",\"@id\":\"http:\/\/spazio-news.it\/#organization\",\"name\":\"Spazio-News Magazine\",\"url\":\"http:\/\/spazio-news.it\/\",\"logo\":{\"@type\":\"ImageObject\",\"inLanguage\":\"it-IT\",\"@id\":\"http:\/\/spazio-news.it\/#\/schema\/logo\/image\/\",\"url\":\"http:\/\/spazio-news.it\/wp-content\/uploads\/2023\/09\/Logo-Spazio-News-512-x-512-NO-testo.jpg\",\"contentUrl\":\"http:\/\/spazio-news.it\/wp-content\/uploads\/2023\/09\/Logo-Spazio-News-512-x-512-NO-testo.jpg\",\"width\":512,\"height\":512,\"caption\":\"Spazio-News Magazine\"},\"image\":{\"@id\":\"http:\/\/spazio-news.it\/#\/schema\/logo\/image\/\"},\"sameAs\":[\"https:\/\/m.facebook.com\/spazio-news-magazine\",\"https:\/\/x.com\/News_spazio\"]},{\"@type\":\"Person\",\"@id\":\"http:\/\/spazio-news.it\/#\/schema\/person\/c600904e882e9e166ed8e5e3773d37b3\",\"name\":\"Redazione\",\"sameAs\":[\"http:\/\/spazio-news.it\",\"@SpazioNewsMagazine\",\"https:\/\/x.com\/@news_spazio\"],\"url\":\"http:\/\/spazio-news.it\/?author=1\"}]}<\/script>\n<!-- \/ Yoast SEO plugin. -->","yoast_head_json":{"title":"DAL 2019 NUOVO VOLO BRINDISI-HANNOVER &#187; Spazio-News Magazine","description":"Sar\u00e0 attivo da maggio a ottobre 2019 il nuovo volo Brindisi-Hannover operato ogni marted\u00ec da Eurowings, vettore del Gruppo Lufthansa.","robots":{"index":"index","follow":"follow","max-snippet":"max-snippet:-1","max-image-preview":"max-image-preview:large","max-video-preview":"max-video-preview:-1"},"canonical":"http:\/\/spazio-news.it\/?p=1481","og_locale":"it_IT","og_type":"article","og_title":"DAL 2019 NUOVO VOLO BRINDISI-HANNOVER &#187; Spazio-News Magazine","og_description":"Sar\u00e0 attivo da maggio a ottobre 2019 il nuovo volo Brindisi-Hannover operato ogni marted\u00ec da Eurowings, vettore del Gruppo Lufthansa.","og_url":"http:\/\/spazio-news.it\/?p=1481","og_site_name":"Spazio-News Magazine","article_publisher":"https:\/\/m.facebook.com\/spazio-news-magazine","article_author":"@SpazioNewsMagazine","article_published_time":"2018-10-12T08:52:58+00:00","article_modified_time":"2026-01-29T18:49:37+00:00","og_image":[{"width":800,"height":446,"url":"http:\/\/spazio-news.it\/wp-content\/uploads\/2018\/10\/Aeroporto_-Brindisi_Spazio-news-e1554565775935.jpg","type":"image\/jpeg"}],"author":"Redazione","twitter_card":"summary_large_image","twitter_creator":"@news_spazio","twitter_site":"@News_spazio","twitter_misc":{"Scritto da":"Redazione","Tempo di lettura stimato":"1 minuto"},"schema":{"@context":"https:\/\/schema.org","@graph":[{"@type":"NewsArticle","@id":"http:\/\/spazio-news.it\/?p=1481#article","isPartOf":{"@id":"http:\/\/spazio-news.it\/?p=1481"},"author":{"name":"Redazione","@id":"http:\/\/spazio-news.it\/#\/schema\/person\/c600904e882e9e166ed8e5e3773d37b3"},"headline":"DAL 2019 NUOVO VOLO BRINDISI-HANNOVER","datePublished":"2018-10-12T08:52:58+00:00","dateModified":"2026-01-29T18:49:37+00:00","mainEntityOfPage":{"@id":"http:\/\/spazio-news.it\/?p=1481"},"wordCount":211,"publisher":{"@id":"http:\/\/spazio-news.it\/#organization"},"image":{"@id":"http:\/\/spazio-news.it\/?p=1481#primaryimage"},"thumbnailUrl":"http:\/\/spazio-news.it\/wp-content\/uploads\/2018\/10\/Aeroporto_-Brindisi_Spazio-news-e1554565775935.jpg","keywords":["aeroporti","Aeroporti di Puglia","Aeroporto di Brindisi","Compagnie aeree","Eurowings"],"articleSection":["01 - PRIMA PAGINA","02 - INDUSTRIA"],"inLanguage":"it-IT"},{"@type":"WebPage","@id":"http:\/\/spazio-news.it\/?p=1481","url":"http:\/\/spazio-news.it\/?p=1481","name":"DAL 2019 NUOVO VOLO BRINDISI-HANNOVER &#187; Spazio-News Magazine","isPartOf":{"@id":"http:\/\/spazio-news.it\/#website"},"primaryImageOfPage":{"@id":"http:\/\/spazio-news.it\/?p=1481#primaryimage"},"image":{"@id":"http:\/\/spazio-news.it\/?p=1481#primaryimage"},"thumbnailUrl":"http:\/\/spazio-news.it\/wp-content\/uploads\/2018\/10\/Aeroporto_-Brindisi_Spazio-news-e1554565775935.jpg","datePublished":"2018-10-12T08:52:58+00:00","dateModified":"2026-01-29T18:49:37+00:00","description":"Sar\u00e0 attivo da maggio a ottobre 2019 il nuovo volo Brindisi-Hannover operato ogni marted\u00ec da Eurowings, vettore del Gruppo Lufthansa.","breadcrumb":{"@id":"http:\/\/spazio-news.it\/?p=1481#breadcrumb"},"inLanguage":"it-IT","potentialAction":[{"@type":"ReadAction","target":["http:\/\/spazio-news.it\/?p=1481"]}]},{"@type":"ImageObject","inLanguage":"it-IT","@id":"http:\/\/spazio-news.it\/?p=1481#primaryimage","url":"http:\/\/spazio-news.it\/wp-content\/uploads\/2018\/10\/Aeroporto_-Brindisi_Spazio-news-e1554565775935.jpg","contentUrl":"http:\/\/spazio-news.it\/wp-content\/uploads\/2018\/10\/Aeroporto_-Brindisi_Spazio-news-e1554565775935.jpg","width":800,"height":446,"caption":"Aeroporto_ Brindisi_Spazio-news"},{"@type":"BreadcrumbList","@id":"http:\/\/spazio-news.it\/?p=1481#breadcrumb","itemListElement":[{"@type":"ListItem","position":1,"name":"Home","item":"http:\/\/spazio-news.it\/"},{"@type":"ListItem","position":2,"name":"DAL 2019 NUOVO VOLO BRINDISI-HANNOVER"}]},{"@type":"WebSite","@id":"http:\/\/spazio-news.it\/#website","url":"http:\/\/spazio-news.it\/","name":"Spazio-News Magazine","description":"La guida che sfida la complessit\u00e0 del mondo industriale","publisher":{"@id":"http:\/\/spazio-news.it\/#organization"},"alternateName":"Spazio-news.it","potentialAction":[{"@type":"SearchAction","target":{"@type":"EntryPoint","urlTemplate":"http:\/\/spazio-news.it\/?s={search_term_string}"},"query-input":{"@type":"PropertyValueSpecification","valueRequired":true,"valueName":"search_term_string"}}],"inLanguage":"it-IT"},{"@type":"Organization","@id":"http:\/\/spazio-news.it\/#organization","name":"Spazio-News Magazine","url":"http:\/\/spazio-news.it\/","logo":{"@type":"ImageObject","inLanguage":"it-IT","@id":"http:\/\/spazio-news.it\/#\/schema\/logo\/image\/","url":"http:\/\/spazio-news.it\/wp-content\/uploads\/2023\/09\/Logo-Spazio-News-512-x-512-NO-testo.jpg","contentUrl":"http:\/\/spazio-news.it\/wp-content\/uploads\/2023\/09\/Logo-Spazio-News-512-x-512-NO-testo.jpg","width":512,"height":512,"caption":"Spazio-News Magazine"},"image":{"@id":"http:\/\/spazio-news.it\/#\/schema\/logo\/image\/"},"sameAs":["https:\/\/m.facebook.com\/spazio-news-magazine","https:\/\/x.com\/News_spazio"]},{"@type":"Person","@id":"http:\/\/spazio-news.it\/#\/schema\/person\/c600904e882e9e166ed8e5e3773d37b3","name":"Redazione","sameAs":["http:\/\/spazio-news.it","@SpazioNewsMagazine","https:\/\/x.com\/@news_spazio"],"url":"http:\/\/spazio-news.it\/?author=1"}]}},"_links":{"self":[{"href":"http:\/\/spazio-news.it\/index.php?rest_route=\/wp\/v2\/posts\/1481","targetHints":{"allow":["GET"]}}],"collection":[{"href":"http:\/\/spazio-news.it\/index.php?rest_route=\/wp\/v2\/posts"}],"about":[{"href":"http:\/\/spazio-news.it\/index.php?rest_route=\/wp\/v2\/types\/post"}],"author":[{"embeddable":true,"href":"http:\/\/spazio-news.it\/index.php?rest_route=\/wp\/v2\/users\/1"}],"replies":[{"embeddable":true,"href":"http:\/\/spazio-news.it\/index.php?rest_route=%2Fwp%2Fv2%2Fcomments&post=1481"}],"version-history":[{"count":3,"href":"http:\/\/spazio-news.it\/index.php?rest_route=\/wp\/v2\/posts\/1481\/revisions"}],"predecessor-version":[{"id":12805,"href":"http:\/\/spazio-news.it\/index.php?rest_route=\/wp\/v2\/posts\/1481\/revisions\/12805"}],"wp:featuredmedia":[{"embeddable":true,"href":"http:\/\/spazio-news.it\/index.php?rest_route=\/wp\/v2\/media\/1487"}],"wp:attachment":[{"href":"http:\/\/spazio-news.it\/index.php?rest_route=%2Fwp%2Fv2%2Fmedia&parent=1481"}],"wp:term":[{"taxonomy":"category","embeddable":true,"href":"http:\/\/spazio-news.it\/index.php?rest_route=%2Fwp%2Fv2%2Fcategories&post=1481"},{"taxonomy":"post_tag","embeddable":true,"href":"http:\/\/spazio-news.it\/index.php?rest_route=%2Fwp%2Fv2%2Ftags&post=1481"}],"curies":[{"name":"wp","href":"https:\/\/api.w.org\/{rel}","templated":true}]}}