{"id":1567,"date":"2018-10-15T09:20:42","date_gmt":"2018-10-15T08:20:42","guid":{"rendered":"http:\/\/spazio-news.it\/?p=1567"},"modified":"2026-01-29T19:41:13","modified_gmt":"2026-01-29T18:41:13","slug":"chiusura-linate-luglio-2019-alitalia-sposta-voli-su-malpensa-e-bergamo","status":"publish","type":"post","link":"http:\/\/spazio-news.it\/?p=1567","title":{"rendered":"CHIUSURA LINATE LUGLIO 2019: ALITALIA SPOSTA VOLI SU MALPENSA E BERGAMO"},"content":{"rendered":"<p>A seguito della chiusura dell\u2019aeroporto di <strong><a href=\"https:\/\/seamilano.eu\/it\/\" rel=\"noopener\" target=\"_blank\">Milano Linate<\/a><\/strong> per lavori alla pista, <strong>dal 27 luglio al 27 ottobre 2019<\/strong>, <strong><a href=\"https:\/\/www.alitalia.com\/it_it\/\" rel=\"noopener\" target=\"_blank\">Alitalia<\/a><\/strong> trasferir\u00e0 i collegamenti verso tutte le destinazioni nazionali e internazionali servite da Linate sull\u2019Aeroporto di <strong>Milano Malpensa<\/strong>. Si tratta, in media, di circa 200 voli al giorno.<\/p>\n<p>La compagnia dar\u00e0 la possibilit\u00e0 ai viaggiatori che avessero gi\u00e0 acquistato un biglietto per un volo previsto nel periodo fra il 27 luglio e il 27 ottobre da o per Milano Linate di scegliere se essere riprenotati sul volo da o per Milano Malpensa senza penale o se chiedere il rimborso del biglietto.<\/p>\n<p>I passeggeri della tratta <strong>Milano Linate-Roma Fiumicino<\/strong>, inoltre, potranno scegliere se partire o atterrare sull\u2019Aeroporto di Milano Malpensa, dove avranno a disposizione 9 collegamenti giornalieri con Roma, o sullo scalo di <strong><a href=\"https:\/\/www.milanbergamoairport.it\/it\/\" rel=\"noopener\" target=\"_blank\">Bergamo Orio al Serio<\/a><\/strong>, dove Alitalia attiver\u00e0 4 collegamenti giornalieri.<\/p>\n<p><em>\u201cLa decisione assunta da Alitalia di allocare un proprio aeromobile sull\u2019Aeroporto di Milano Bergamo, nel periodo di chiusura programmata dello scalo di Milano Linate da luglio a ottobre 2019, \u00e8 motivo di soddisfazione perch\u00e9 fa leva sui riconosciuti livelli di flessibilit\u00e0 ed efficienza del nostro scalo che la compagnia aerea dimostra di apprezzare<\/em> \u2013 ha dichiarato <strong>Emilio Bellingardi<\/strong>, direttore generale SACBO \u2013. <em>Si conferma, altres\u00ec, la capacit\u00e0 operativa che Milano Bergamo \u00e8 in grado di offrire. La serie di frequenze giornaliere che l\u2019aeromobile Alitalia operer\u00e0 sulla rotta con Roma Fiumicino, collegamento assente nella programmazione dei voli del nostro aeroporto, permetter\u00e0 di verificare la fruizione del servizio di shuttle con la capitale da parte della clientela Alitalia residente a est di Milano\u201d<\/em>.<\/p>\n","protected":false},"excerpt":{"rendered":"<p>A seguito della chiusura dell\u2019aeroporto di Milano Linate per lavori alla pista, dal 27 luglio al 27 ottobre 2019, Alitalia<\/p>\n","protected":false},"author":1,"featured_media":208,"comment_status":"closed","ping_status":"open","sticky":false,"template":"","format":"standard","meta":{"colormag_page_container_layout":"default_layout","colormag_page_sidebar_layout":"default_layout","footnotes":""},"categories":[32,1],"tags":[1014,1012,1013,160,1015],"class_list":["post-1567","post","type-post","status-publish","format-standard","has-post-thumbnail","hentry","category-prima-pagina","category-notizie-di-servizio","tag-aeroporto-bergamo-orio-al-serio","tag-aeroporto-milano-linate","tag-aeroporto-milano-malpensa","tag-alitalia","tag-sacbo"],"yoast_head":"<!-- This site is optimized with the Yoast SEO plugin v26.8 - https:\/\/yoast.com\/product\/yoast-seo-wordpress\/ -->\n<title>Alitalia: voli su Malpensa e Bergamo nel periodo di chiusra Linate &#187; Spazio-News Magazine<\/title>\n<meta name=\"description\" content=\"Saranno ricollocati su Aeroporti Malpensa e Bergamo i voli Alitalia da\/per Milano Linate nel periodo chiusura dell&#039;aeroporto milanese (luglio-ottobre 2019)\" \/>\n<meta name=\"robots\" content=\"index, follow, max-snippet:-1, max-image-preview:large, max-video-preview:-1\" \/>\n<link rel=\"canonical\" href=\"http:\/\/spazio-news.it\/?p=1567\" \/>\n<meta property=\"og:locale\" content=\"it_IT\" \/>\n<meta property=\"og:type\" content=\"article\" \/>\n<meta property=\"og:title\" content=\"Alitalia: voli su Malpensa e Bergamo nel periodo di chiusra Linate &#187; Spazio-News Magazine\" \/>\n<meta property=\"og:description\" content=\"Saranno ricollocati su Aeroporti Malpensa e Bergamo i voli Alitalia da\/per Milano Linate nel periodo chiusura dell&#039;aeroporto milanese (luglio-ottobre 2019)\" \/>\n<meta property=\"og:url\" content=\"http:\/\/spazio-news.it\/?p=1567\" \/>\n<meta property=\"og:site_name\" content=\"Spazio-News Magazine\" \/>\n<meta property=\"article:publisher\" content=\"https:\/\/m.facebook.com\/spazio-news-magazine\" \/>\n<meta property=\"article:author\" content=\"@SpazioNewsMagazine\" \/>\n<meta property=\"article:published_time\" content=\"2018-10-15T08:20:42+00:00\" \/>\n<meta property=\"article:modified_time\" content=\"2026-01-29T18:41:13+00:00\" \/>\n<meta property=\"og:image\" content=\"http:\/\/spazio-news.it\/wp-content\/uploads\/2018\/07\/Spazio-News.it-Alitalia-B777-800-x-445.jpg\" \/>\n\t<meta property=\"og:image:width\" content=\"800\" \/>\n\t<meta property=\"og:image:height\" content=\"445\" \/>\n\t<meta property=\"og:image:type\" content=\"image\/jpeg\" \/>\n<meta name=\"author\" content=\"Redazione\" \/>\n<meta name=\"twitter:card\" content=\"summary_large_image\" \/>\n<meta name=\"twitter:creator\" content=\"@news_spazio\" \/>\n<meta name=\"twitter:site\" content=\"@News_spazio\" \/>\n<meta name=\"twitter:label1\" content=\"Scritto da\" \/>\n\t<meta name=\"twitter:data1\" content=\"Redazione\" \/>\n\t<meta name=\"twitter:label2\" content=\"Tempo di lettura stimato\" \/>\n\t<meta name=\"twitter:data2\" content=\"1 minuto\" \/>\n<script type=\"application\/ld+json\" class=\"yoast-schema-graph\">{\"@context\":\"https:\/\/schema.org\",\"@graph\":[{\"@type\":\"NewsArticle\",\"@id\":\"http:\/\/spazio-news.it\/?p=1567#article\",\"isPartOf\":{\"@id\":\"http:\/\/spazio-news.it\/?p=1567\"},\"author\":{\"name\":\"Redazione\",\"@id\":\"http:\/\/spazio-news.it\/#\/schema\/person\/c600904e882e9e166ed8e5e3773d37b3\"},\"headline\":\"CHIUSURA LINATE LUGLIO 2019: ALITALIA SPOSTA VOLI SU MALPENSA E BERGAMO\",\"datePublished\":\"2018-10-15T08:20:42+00:00\",\"dateModified\":\"2026-01-29T18:41:13+00:00\",\"mainEntityOfPage\":{\"@id\":\"http:\/\/spazio-news.it\/?p=1567\"},\"wordCount\":264,\"publisher\":{\"@id\":\"http:\/\/spazio-news.it\/#organization\"},\"image\":{\"@id\":\"http:\/\/spazio-news.it\/?p=1567#primaryimage\"},\"thumbnailUrl\":\"http:\/\/spazio-news.it\/wp-content\/uploads\/2018\/07\/Spazio-News.it-Alitalia-B777-800-x-445.jpg\",\"keywords\":[\"Aeroporto Bergamo Orio al Serio\",\"Aeroporto Milano Linate\",\"Aeroporto Milano Malpensa\",\"Alitalia\",\"Sacbo\"],\"articleSection\":[\"01 - PRIMA PAGINA\",\"08 - NOTIZIE DI SERVIZIO\"],\"inLanguage\":\"it-IT\"},{\"@type\":\"WebPage\",\"@id\":\"http:\/\/spazio-news.it\/?p=1567\",\"url\":\"http:\/\/spazio-news.it\/?p=1567\",\"name\":\"Alitalia: voli su Malpensa e Bergamo nel periodo di chiusra Linate &#187; Spazio-News Magazine\",\"isPartOf\":{\"@id\":\"http:\/\/spazio-news.it\/#website\"},\"primaryImageOfPage\":{\"@id\":\"http:\/\/spazio-news.it\/?p=1567#primaryimage\"},\"image\":{\"@id\":\"http:\/\/spazio-news.it\/?p=1567#primaryimage\"},\"thumbnailUrl\":\"http:\/\/spazio-news.it\/wp-content\/uploads\/2018\/07\/Spazio-News.it-Alitalia-B777-800-x-445.jpg\",\"datePublished\":\"2018-10-15T08:20:42+00:00\",\"dateModified\":\"2026-01-29T18:41:13+00:00\",\"description\":\"Saranno ricollocati su Aeroporti Malpensa e Bergamo i voli Alitalia da\/per Milano Linate nel periodo chiusura dell'aeroporto milanese (luglio-ottobre 2019)\",\"breadcrumb\":{\"@id\":\"http:\/\/spazio-news.it\/?p=1567#breadcrumb\"},\"inLanguage\":\"it-IT\",\"potentialAction\":[{\"@type\":\"ReadAction\",\"target\":[\"http:\/\/spazio-news.it\/?p=1567\"]}]},{\"@type\":\"ImageObject\",\"inLanguage\":\"it-IT\",\"@id\":\"http:\/\/spazio-news.it\/?p=1567#primaryimage\",\"url\":\"http:\/\/spazio-news.it\/wp-content\/uploads\/2018\/07\/Spazio-News.it-Alitalia-B777-800-x-445.jpg\",\"contentUrl\":\"http:\/\/spazio-news.it\/wp-content\/uploads\/2018\/07\/Spazio-News.it-Alitalia-B777-800-x-445.jpg\",\"width\":800,\"height\":445,\"caption\":\"Spazio-News.it - Alitalia B777 800 x 445\"},{\"@type\":\"BreadcrumbList\",\"@id\":\"http:\/\/spazio-news.it\/?p=1567#breadcrumb\",\"itemListElement\":[{\"@type\":\"ListItem\",\"position\":1,\"name\":\"Home\",\"item\":\"http:\/\/spazio-news.it\/\"},{\"@type\":\"ListItem\",\"position\":2,\"name\":\"CHIUSURA LINATE LUGLIO 2019: ALITALIA SPOSTA VOLI SU MALPENSA E BERGAMO\"}]},{\"@type\":\"WebSite\",\"@id\":\"http:\/\/spazio-news.it\/#website\",\"url\":\"http:\/\/spazio-news.it\/\",\"name\":\"Spazio-News Magazine\",\"description\":\"La guida che sfida la complessit\u00e0 del mondo industriale\",\"publisher\":{\"@id\":\"http:\/\/spazio-news.it\/#organization\"},\"alternateName\":\"Spazio-news.it\",\"potentialAction\":[{\"@type\":\"SearchAction\",\"target\":{\"@type\":\"EntryPoint\",\"urlTemplate\":\"http:\/\/spazio-news.it\/?s={search_term_string}\"},\"query-input\":{\"@type\":\"PropertyValueSpecification\",\"valueRequired\":true,\"valueName\":\"search_term_string\"}}],\"inLanguage\":\"it-IT\"},{\"@type\":\"Organization\",\"@id\":\"http:\/\/spazio-news.it\/#organization\",\"name\":\"Spazio-News Magazine\",\"url\":\"http:\/\/spazio-news.it\/\",\"logo\":{\"@type\":\"ImageObject\",\"inLanguage\":\"it-IT\",\"@id\":\"http:\/\/spazio-news.it\/#\/schema\/logo\/image\/\",\"url\":\"http:\/\/spazio-news.it\/wp-content\/uploads\/2023\/09\/Logo-Spazio-News-512-x-512-NO-testo.jpg\",\"contentUrl\":\"http:\/\/spazio-news.it\/wp-content\/uploads\/2023\/09\/Logo-Spazio-News-512-x-512-NO-testo.jpg\",\"width\":512,\"height\":512,\"caption\":\"Spazio-News Magazine\"},\"image\":{\"@id\":\"http:\/\/spazio-news.it\/#\/schema\/logo\/image\/\"},\"sameAs\":[\"https:\/\/m.facebook.com\/spazio-news-magazine\",\"https:\/\/x.com\/News_spazio\"]},{\"@type\":\"Person\",\"@id\":\"http:\/\/spazio-news.it\/#\/schema\/person\/c600904e882e9e166ed8e5e3773d37b3\",\"name\":\"Redazione\",\"sameAs\":[\"http:\/\/spazio-news.it\",\"@SpazioNewsMagazine\",\"https:\/\/x.com\/@news_spazio\"],\"url\":\"http:\/\/spazio-news.it\/?author=1\"}]}<\/script>\n<!-- \/ Yoast SEO plugin. -->","yoast_head_json":{"title":"Alitalia: voli su Malpensa e Bergamo nel periodo di chiusra Linate &#187; Spazio-News Magazine","description":"Saranno ricollocati su Aeroporti Malpensa e Bergamo i voli Alitalia da\/per Milano Linate nel periodo chiusura dell'aeroporto milanese (luglio-ottobre 2019)","robots":{"index":"index","follow":"follow","max-snippet":"max-snippet:-1","max-image-preview":"max-image-preview:large","max-video-preview":"max-video-preview:-1"},"canonical":"http:\/\/spazio-news.it\/?p=1567","og_locale":"it_IT","og_type":"article","og_title":"Alitalia: voli su Malpensa e Bergamo nel periodo di chiusra Linate &#187; Spazio-News Magazine","og_description":"Saranno ricollocati su Aeroporti Malpensa e Bergamo i voli Alitalia da\/per Milano Linate nel periodo chiusura dell'aeroporto milanese (luglio-ottobre 2019)","og_url":"http:\/\/spazio-news.it\/?p=1567","og_site_name":"Spazio-News Magazine","article_publisher":"https:\/\/m.facebook.com\/spazio-news-magazine","article_author":"@SpazioNewsMagazine","article_published_time":"2018-10-15T08:20:42+00:00","article_modified_time":"2026-01-29T18:41:13+00:00","og_image":[{"width":800,"height":445,"url":"http:\/\/spazio-news.it\/wp-content\/uploads\/2018\/07\/Spazio-News.it-Alitalia-B777-800-x-445.jpg","type":"image\/jpeg"}],"author":"Redazione","twitter_card":"summary_large_image","twitter_creator":"@news_spazio","twitter_site":"@News_spazio","twitter_misc":{"Scritto da":"Redazione","Tempo di lettura stimato":"1 minuto"},"schema":{"@context":"https:\/\/schema.org","@graph":[{"@type":"NewsArticle","@id":"http:\/\/spazio-news.it\/?p=1567#article","isPartOf":{"@id":"http:\/\/spazio-news.it\/?p=1567"},"author":{"name":"Redazione","@id":"http:\/\/spazio-news.it\/#\/schema\/person\/c600904e882e9e166ed8e5e3773d37b3"},"headline":"CHIUSURA LINATE LUGLIO 2019: ALITALIA SPOSTA VOLI SU MALPENSA E BERGAMO","datePublished":"2018-10-15T08:20:42+00:00","dateModified":"2026-01-29T18:41:13+00:00","mainEntityOfPage":{"@id":"http:\/\/spazio-news.it\/?p=1567"},"wordCount":264,"publisher":{"@id":"http:\/\/spazio-news.it\/#organization"},"image":{"@id":"http:\/\/spazio-news.it\/?p=1567#primaryimage"},"thumbnailUrl":"http:\/\/spazio-news.it\/wp-content\/uploads\/2018\/07\/Spazio-News.it-Alitalia-B777-800-x-445.jpg","keywords":["Aeroporto Bergamo Orio al Serio","Aeroporto Milano Linate","Aeroporto Milano Malpensa","Alitalia","Sacbo"],"articleSection":["01 - PRIMA PAGINA","08 - NOTIZIE DI SERVIZIO"],"inLanguage":"it-IT"},{"@type":"WebPage","@id":"http:\/\/spazio-news.it\/?p=1567","url":"http:\/\/spazio-news.it\/?p=1567","name":"Alitalia: voli su Malpensa e Bergamo nel periodo di chiusra Linate &#187; Spazio-News Magazine","isPartOf":{"@id":"http:\/\/spazio-news.it\/#website"},"primaryImageOfPage":{"@id":"http:\/\/spazio-news.it\/?p=1567#primaryimage"},"image":{"@id":"http:\/\/spazio-news.it\/?p=1567#primaryimage"},"thumbnailUrl":"http:\/\/spazio-news.it\/wp-content\/uploads\/2018\/07\/Spazio-News.it-Alitalia-B777-800-x-445.jpg","datePublished":"2018-10-15T08:20:42+00:00","dateModified":"2026-01-29T18:41:13+00:00","description":"Saranno ricollocati su Aeroporti Malpensa e Bergamo i voli Alitalia da\/per Milano Linate nel periodo chiusura dell'aeroporto milanese (luglio-ottobre 2019)","breadcrumb":{"@id":"http:\/\/spazio-news.it\/?p=1567#breadcrumb"},"inLanguage":"it-IT","potentialAction":[{"@type":"ReadAction","target":["http:\/\/spazio-news.it\/?p=1567"]}]},{"@type":"ImageObject","inLanguage":"it-IT","@id":"http:\/\/spazio-news.it\/?p=1567#primaryimage","url":"http:\/\/spazio-news.it\/wp-content\/uploads\/2018\/07\/Spazio-News.it-Alitalia-B777-800-x-445.jpg","contentUrl":"http:\/\/spazio-news.it\/wp-content\/uploads\/2018\/07\/Spazio-News.it-Alitalia-B777-800-x-445.jpg","width":800,"height":445,"caption":"Spazio-News.it - Alitalia B777 800 x 445"},{"@type":"BreadcrumbList","@id":"http:\/\/spazio-news.it\/?p=1567#breadcrumb","itemListElement":[{"@type":"ListItem","position":1,"name":"Home","item":"http:\/\/spazio-news.it\/"},{"@type":"ListItem","position":2,"name":"CHIUSURA LINATE LUGLIO 2019: ALITALIA SPOSTA VOLI SU MALPENSA E BERGAMO"}]},{"@type":"WebSite","@id":"http:\/\/spazio-news.it\/#website","url":"http:\/\/spazio-news.it\/","name":"Spazio-News Magazine","description":"La guida che sfida la complessit\u00e0 del mondo industriale","publisher":{"@id":"http:\/\/spazio-news.it\/#organization"},"alternateName":"Spazio-news.it","potentialAction":[{"@type":"SearchAction","target":{"@type":"EntryPoint","urlTemplate":"http:\/\/spazio-news.it\/?s={search_term_string}"},"query-input":{"@type":"PropertyValueSpecification","valueRequired":true,"valueName":"search_term_string"}}],"inLanguage":"it-IT"},{"@type":"Organization","@id":"http:\/\/spazio-news.it\/#organization","name":"Spazio-News Magazine","url":"http:\/\/spazio-news.it\/","logo":{"@type":"ImageObject","inLanguage":"it-IT","@id":"http:\/\/spazio-news.it\/#\/schema\/logo\/image\/","url":"http:\/\/spazio-news.it\/wp-content\/uploads\/2023\/09\/Logo-Spazio-News-512-x-512-NO-testo.jpg","contentUrl":"http:\/\/spazio-news.it\/wp-content\/uploads\/2023\/09\/Logo-Spazio-News-512-x-512-NO-testo.jpg","width":512,"height":512,"caption":"Spazio-News Magazine"},"image":{"@id":"http:\/\/spazio-news.it\/#\/schema\/logo\/image\/"},"sameAs":["https:\/\/m.facebook.com\/spazio-news-magazine","https:\/\/x.com\/News_spazio"]},{"@type":"Person","@id":"http:\/\/spazio-news.it\/#\/schema\/person\/c600904e882e9e166ed8e5e3773d37b3","name":"Redazione","sameAs":["http:\/\/spazio-news.it","@SpazioNewsMagazine","https:\/\/x.com\/@news_spazio"],"url":"http:\/\/spazio-news.it\/?author=1"}]}},"_links":{"self":[{"href":"http:\/\/spazio-news.it\/index.php?rest_route=\/wp\/v2\/posts\/1567","targetHints":{"allow":["GET"]}}],"collection":[{"href":"http:\/\/spazio-news.it\/index.php?rest_route=\/wp\/v2\/posts"}],"about":[{"href":"http:\/\/spazio-news.it\/index.php?rest_route=\/wp\/v2\/types\/post"}],"author":[{"embeddable":true,"href":"http:\/\/spazio-news.it\/index.php?rest_route=\/wp\/v2\/users\/1"}],"replies":[{"embeddable":true,"href":"http:\/\/spazio-news.it\/index.php?rest_route=%2Fwp%2Fv2%2Fcomments&post=1567"}],"version-history":[{"count":2,"href":"http:\/\/spazio-news.it\/index.php?rest_route=\/wp\/v2\/posts\/1567\/revisions"}],"predecessor-version":[{"id":12485,"href":"http:\/\/spazio-news.it\/index.php?rest_route=\/wp\/v2\/posts\/1567\/revisions\/12485"}],"wp:featuredmedia":[{"embeddable":true,"href":"http:\/\/spazio-news.it\/index.php?rest_route=\/wp\/v2\/media\/208"}],"wp:attachment":[{"href":"http:\/\/spazio-news.it\/index.php?rest_route=%2Fwp%2Fv2%2Fmedia&parent=1567"}],"wp:term":[{"taxonomy":"category","embeddable":true,"href":"http:\/\/spazio-news.it\/index.php?rest_route=%2Fwp%2Fv2%2Fcategories&post=1567"},{"taxonomy":"post_tag","embeddable":true,"href":"http:\/\/spazio-news.it\/index.php?rest_route=%2Fwp%2Fv2%2Ftags&post=1567"}],"curies":[{"name":"wp","href":"https:\/\/api.w.org\/{rel}","templated":true}]}}