{"id":1689,"date":"2018-10-22T12:00:09","date_gmt":"2018-10-22T11:00:09","guid":{"rendered":"http:\/\/spazio-news.it\/?p=1689"},"modified":"2019-02-24T19:06:20","modified_gmt":"2019-02-24T18:06:20","slug":"ultimo-atlantic-al-museo-storico-dellaeronautica","status":"publish","type":"post","link":"http:\/\/spazio-news.it\/?p=1689","title":{"rendered":"ULTIMO ATLANTIC AL MUSEO STORICO DELL&#8217;AERONAUTICA"},"content":{"rendered":"<p>Entrer\u00e0 a far parte integrante della collezione del <strong>Museo Storico dell\u2019Aeronautica Militare<\/strong>, l\u2019ultimo esemplare del velivolo anti-sommergibile e da pattugliamento marittimo Breguet Br 1150 Atlantic, in servizio fino allo scorso novembre presso il 41\u00b0 Stormo di Sigonella.<br \/>\nIl trasferimento \u00e8 stato effettuato in volo con uno speciale elicottero <strong>Erickson S-64F<\/strong> del Corpo Nazionale dei Vigili del Fuoco.<\/p>\n<p>Grazie a una speciale imbragatura, l\u2019 elicottero, normalmente utilizzato per attivit\u00e0 anti-incendio e nelle emergenze, ha sollevato la fusoliera dell&#8217;Atlantic dalla pista dell&#8217;aeroporto militare di <strong>Pratica di Mare<\/strong>, dove era atterrato lo scorso 22 novembre dopo la sua ultima attivit\u00e0 di volo, e lo ha trasportato fino alla sede del Museo Storico dell&#8217;AM lungo un percorso autorizzato e preventivamente concordato con le autorit\u00e0 del traffico aereo civile, le prefetture e gli enti locali coinvolti.<\/p>\n<p>Ad accogliere il Breguet Br 1150 a Vigna di Valle il Generale di Brigata Aerea <strong>Carlo Moscini<\/strong>, Ispettore dell\u2019Aviazione per la Marina, che al termine del trasferimento ha consegnato simbolicamente le chiavi dell&#8217;Atlantic al Direttore del Museo, Ten. Col. <strong>Adelio Roviti<\/strong>. Presenti tecnici e dirigenti del Servizio aereo del Corpo Nazionale dei Vigili del Fuoco che hanno seguito tutte le fasi preparatorie della missione e di trasferimento della fusoliera dell&#8217;Atlantic.<\/p>\n<p><em>&#8220;L&#8217;Atlantic entra di diritto nel novero dei prestigiosi velivoli del Museo Storico dell&#8217;Aeronautica Militare<\/em> &#8211; ha dichiarato il Generale <strong>Moscini<\/strong> -. <em>L\u2019attivit\u00e0 operativa svolta dal velivolo nel campo dell&#8217;Antisom \u00e8 stata increbile: oltre 45 anni di servizio totalizzando pi\u00f9 di 260 mila ore di volo. &#8220;Il Cacciatore di Sommergibili&#8221; ha rappresentato un binomio perfetto di operativit\u00e0 ed efficacia risultando di fatto il primo sistema d\u2019arma interforze; un velivolo assolutamente affidabile e con capacit\u00e0 operative incredibili per le quali non poteva non far parte della collezione del Museo&#8221;<\/em>.<\/p>\n<p>Il primo velivolo Atlantic italiano giunse a Sigonella nel pomeriggio del 27 giugno 1972. Da qualche anno era gi\u00e0 iniziata per il 41\u00b0 Stormo la fase di transizione al nuovo sistema d\u2019arma, il velivolo ATR-72 nella versione militarizzata \u201cmaritime patrol\u201d <strong>P-72A<\/strong>, giunto a Sigonella il 25 novembre 2016.<\/p>\n<p>L\u2019Atlantic \u00e8 un velivolo che ha operato con equipaggi composti da 13 unit\u00e0 con la peculiarit\u00e0 di essere formato da ufficiali piloti e sottufficiali operatori di bordo appartenenti sia all\u2019Aeronautica che alla Marina Militare. Una delle caratteristiche principali del velivolo \u00e8 stata la capacit\u00e0 di permanenza in volo superiore ad ogni altro velivolo analogo, raggiungendo il record di 19 ore e 20 minuti senza alcun tipo rifornimento. In 45 anni di attivit\u00e0 gli Atlantic italiani hanno operato sulle acque del Mediterraneo a difesa dei confini nazionali, ma anche in moltissime missioni internazionali partecipando a numerose esercitazioni NATO e non. L\u2019Atlantic ha toccato mete prestigiose quali il Polo Nord nel 1997, tutti principali Aeroporti militari Europei fino all\u2019Islanda e ancora suggestive tappe transoceaniche e mondiali come ad esempio India, Marocco, Canada, Groenlandia, Egitto, USA, Libano, Emirati Arabi.<br \/>\nL\u2019Atlantic va ad aggiungersi agli oltre 80 velivoli gi\u00e0 presenti presso il Museo Storico dell\u2019Aeronautica Militare, una struttura di 13.000 metri quadrati di superficie espositiva. Disposto su quattro grandi padiglioni espositivi, il museo accoglie al suo interno una cospicua collezione di motori e cimeli aeronautici di vario genere, che raccontano, in sequenza cronologica, la storia del volo militare in Italia e quella degli uomini che ne furono protagonisti.<\/p>\n","protected":false},"excerpt":{"rendered":"<p>Entrer\u00e0 a far parte integrante della collezione del Museo Storico dell\u2019Aeronautica Militare, l\u2019ultimo esemplare del velivolo anti-sommergibile e da pattugliamento<\/p>\n","protected":false},"author":1,"featured_media":1690,"comment_status":"closed","ping_status":"open","sticky":false,"template":"","format":"standard","meta":{"colormag_page_container_layout":"default_layout","colormag_page_sidebar_layout":"default_layout","footnotes":""},"categories":[32,4],"tags":[54,1078,1077],"class_list":["post-1689","post","type-post","status-publish","format-standard","has-post-thumbnail","hentry","category-prima-pagina","category-istituzioni","tag-aeronautica-militare-italiana","tag-breguet-br-1150-atlantic","tag-museo-storico-dellaeronautica-militare"],"yoast_head":"<!-- This site is optimized with the Yoast SEO plugin v26.8 - https:\/\/yoast.com\/product\/yoast-seo-wordpress\/ -->\n<title>ULTIMO ATLANTIC AL MUSEO STORICO DELL&#039;AERONAUTICA &#187; Spazio-News Magazine<\/title>\n<meta name=\"description\" content=\"Trasferito nel Museo Storico dell&#039;Aeronautica ultimo esemplare Breguet Br 1150 Atlantic, in servizio fino a novembre presso il 41\u00b0 Stormo di Sigonella\" \/>\n<meta name=\"robots\" content=\"index, follow, max-snippet:-1, max-image-preview:large, max-video-preview:-1\" \/>\n<link rel=\"canonical\" href=\"http:\/\/spazio-news.it\/?p=1689\" \/>\n<meta property=\"og:locale\" content=\"it_IT\" \/>\n<meta property=\"og:type\" content=\"article\" \/>\n<meta property=\"og:title\" content=\"ULTIMO ATLANTIC AL MUSEO STORICO DELL&#039;AERONAUTICA &#187; Spazio-News Magazine\" \/>\n<meta property=\"og:description\" content=\"Trasferito nel Museo Storico dell&#039;Aeronautica ultimo esemplare Breguet Br 1150 Atlantic, in servizio fino a novembre presso il 41\u00b0 Stormo di Sigonella\" \/>\n<meta property=\"og:url\" content=\"http:\/\/spazio-news.it\/?p=1689\" \/>\n<meta property=\"og:site_name\" content=\"Spazio-News Magazine\" \/>\n<meta property=\"article:publisher\" content=\"https:\/\/m.facebook.com\/spazio-news-magazine\" \/>\n<meta property=\"article:author\" content=\"@SpazioNewsMagazine\" \/>\n<meta property=\"article:published_time\" content=\"2018-10-22T11:00:09+00:00\" \/>\n<meta property=\"article:modified_time\" content=\"2019-02-24T18:06:20+00:00\" \/>\n<meta property=\"og:image\" content=\"http:\/\/spazio-news.it\/wp-content\/uploads\/2018\/10\/Breguet-Br-1150-Atlantic_AeronauticaMilitare_Spazio-News-e1540056311964.jpg\" \/>\n\t<meta property=\"og:image:width\" content=\"800\" \/>\n\t<meta property=\"og:image:height\" content=\"446\" \/>\n\t<meta property=\"og:image:type\" content=\"image\/jpeg\" \/>\n<meta name=\"author\" content=\"Redazione\" \/>\n<meta name=\"twitter:card\" content=\"summary_large_image\" \/>\n<meta name=\"twitter:creator\" content=\"@news_spazio\" \/>\n<meta name=\"twitter:site\" content=\"@News_spazio\" \/>\n<meta name=\"twitter:label1\" content=\"Scritto da\" \/>\n\t<meta name=\"twitter:data1\" content=\"Redazione\" \/>\n\t<meta name=\"twitter:label2\" content=\"Tempo di lettura stimato\" \/>\n\t<meta name=\"twitter:data2\" content=\"3 minuti\" \/>\n<script type=\"application\/ld+json\" class=\"yoast-schema-graph\">{\"@context\":\"https:\/\/schema.org\",\"@graph\":[{\"@type\":\"NewsArticle\",\"@id\":\"http:\/\/spazio-news.it\/?p=1689#article\",\"isPartOf\":{\"@id\":\"http:\/\/spazio-news.it\/?p=1689\"},\"author\":{\"name\":\"Redazione\",\"@id\":\"https:\/\/spazio-news.it\/#\/schema\/person\/c600904e882e9e166ed8e5e3773d37b3\"},\"headline\":\"ULTIMO ATLANTIC AL MUSEO STORICO DELL&#8217;AERONAUTICA\",\"datePublished\":\"2018-10-22T11:00:09+00:00\",\"dateModified\":\"2019-02-24T18:06:20+00:00\",\"mainEntityOfPage\":{\"@id\":\"http:\/\/spazio-news.it\/?p=1689\"},\"wordCount\":547,\"publisher\":{\"@id\":\"https:\/\/spazio-news.it\/#organization\"},\"image\":{\"@id\":\"http:\/\/spazio-news.it\/?p=1689#primaryimage\"},\"thumbnailUrl\":\"http:\/\/spazio-news.it\/wp-content\/uploads\/2018\/10\/Breguet-Br-1150-Atlantic_AeronauticaMilitare_Spazio-News-e1540056311964.jpg\",\"keywords\":[\"Aeronautica Militare Italiana\",\"Breguet Br 1150 Atlantic\",\"Museo Storico dell'Aeronautica Militare\"],\"articleSection\":[\"01 - PRIMA PAGINA\",\"03 - ISTITUZIONI\"],\"inLanguage\":\"it-IT\"},{\"@type\":\"WebPage\",\"@id\":\"http:\/\/spazio-news.it\/?p=1689\",\"url\":\"http:\/\/spazio-news.it\/?p=1689\",\"name\":\"ULTIMO ATLANTIC AL MUSEO STORICO DELL'AERONAUTICA &#187; Spazio-News Magazine\",\"isPartOf\":{\"@id\":\"https:\/\/spazio-news.it\/#website\"},\"primaryImageOfPage\":{\"@id\":\"http:\/\/spazio-news.it\/?p=1689#primaryimage\"},\"image\":{\"@id\":\"http:\/\/spazio-news.it\/?p=1689#primaryimage\"},\"thumbnailUrl\":\"http:\/\/spazio-news.it\/wp-content\/uploads\/2018\/10\/Breguet-Br-1150-Atlantic_AeronauticaMilitare_Spazio-News-e1540056311964.jpg\",\"datePublished\":\"2018-10-22T11:00:09+00:00\",\"dateModified\":\"2019-02-24T18:06:20+00:00\",\"description\":\"Trasferito nel Museo Storico dell'Aeronautica ultimo esemplare Breguet Br 1150 Atlantic, in servizio fino a novembre presso il 41\u00b0 Stormo di Sigonella\",\"breadcrumb\":{\"@id\":\"http:\/\/spazio-news.it\/?p=1689#breadcrumb\"},\"inLanguage\":\"it-IT\",\"potentialAction\":[{\"@type\":\"ReadAction\",\"target\":[\"http:\/\/spazio-news.it\/?p=1689\"]}]},{\"@type\":\"ImageObject\",\"inLanguage\":\"it-IT\",\"@id\":\"http:\/\/spazio-news.it\/?p=1689#primaryimage\",\"url\":\"http:\/\/spazio-news.it\/wp-content\/uploads\/2018\/10\/Breguet-Br-1150-Atlantic_AeronauticaMilitare_Spazio-News-e1540056311964.jpg\",\"contentUrl\":\"http:\/\/spazio-news.it\/wp-content\/uploads\/2018\/10\/Breguet-Br-1150-Atlantic_AeronauticaMilitare_Spazio-News-e1540056311964.jpg\",\"width\":800,\"height\":446,\"caption\":\"Breguet Br 1150 Atlantic_AeronauticaMilitare_Spazio-News\"},{\"@type\":\"BreadcrumbList\",\"@id\":\"http:\/\/spazio-news.it\/?p=1689#breadcrumb\",\"itemListElement\":[{\"@type\":\"ListItem\",\"position\":1,\"name\":\"Home\",\"item\":\"https:\/\/spazio-news.it\/\"},{\"@type\":\"ListItem\",\"position\":2,\"name\":\"ULTIMO ATLANTIC AL MUSEO STORICO DELL&#8217;AERONAUTICA\"}]},{\"@type\":\"WebSite\",\"@id\":\"https:\/\/spazio-news.it\/#website\",\"url\":\"https:\/\/spazio-news.it\/\",\"name\":\"Spazio-News Magazine\",\"description\":\"La guida che sfida la complessit\u00e0 del mondo industriale\",\"publisher\":{\"@id\":\"https:\/\/spazio-news.it\/#organization\"},\"alternateName\":\"Spazio-news.it\",\"potentialAction\":[{\"@type\":\"SearchAction\",\"target\":{\"@type\":\"EntryPoint\",\"urlTemplate\":\"https:\/\/spazio-news.it\/?s={search_term_string}\"},\"query-input\":{\"@type\":\"PropertyValueSpecification\",\"valueRequired\":true,\"valueName\":\"search_term_string\"}}],\"inLanguage\":\"it-IT\"},{\"@type\":\"Organization\",\"@id\":\"https:\/\/spazio-news.it\/#organization\",\"name\":\"Spazio-News Magazine\",\"url\":\"https:\/\/spazio-news.it\/\",\"logo\":{\"@type\":\"ImageObject\",\"inLanguage\":\"it-IT\",\"@id\":\"https:\/\/spazio-news.it\/#\/schema\/logo\/image\/\",\"url\":\"http:\/\/spazio-news.it\/wp-content\/uploads\/2023\/09\/Logo-Spazio-News-512-x-512-NO-testo.jpg\",\"contentUrl\":\"http:\/\/spazio-news.it\/wp-content\/uploads\/2023\/09\/Logo-Spazio-News-512-x-512-NO-testo.jpg\",\"width\":512,\"height\":512,\"caption\":\"Spazio-News Magazine\"},\"image\":{\"@id\":\"https:\/\/spazio-news.it\/#\/schema\/logo\/image\/\"},\"sameAs\":[\"https:\/\/m.facebook.com\/spazio-news-magazine\",\"https:\/\/x.com\/News_spazio\"]},{\"@type\":\"Person\",\"@id\":\"https:\/\/spazio-news.it\/#\/schema\/person\/c600904e882e9e166ed8e5e3773d37b3\",\"name\":\"Redazione\",\"sameAs\":[\"http:\/\/spazio-news.it\",\"@SpazioNewsMagazine\",\"https:\/\/x.com\/@news_spazio\"],\"url\":\"http:\/\/spazio-news.it\/?author=1\"}]}<\/script>\n<!-- \/ Yoast SEO plugin. -->","yoast_head_json":{"title":"ULTIMO ATLANTIC AL MUSEO STORICO DELL'AERONAUTICA &#187; Spazio-News Magazine","description":"Trasferito nel Museo Storico dell'Aeronautica ultimo esemplare Breguet Br 1150 Atlantic, in servizio fino a novembre presso il 41\u00b0 Stormo di Sigonella","robots":{"index":"index","follow":"follow","max-snippet":"max-snippet:-1","max-image-preview":"max-image-preview:large","max-video-preview":"max-video-preview:-1"},"canonical":"http:\/\/spazio-news.it\/?p=1689","og_locale":"it_IT","og_type":"article","og_title":"ULTIMO ATLANTIC AL MUSEO STORICO DELL'AERONAUTICA &#187; Spazio-News Magazine","og_description":"Trasferito nel Museo Storico dell'Aeronautica ultimo esemplare Breguet Br 1150 Atlantic, in servizio fino a novembre presso il 41\u00b0 Stormo di Sigonella","og_url":"http:\/\/spazio-news.it\/?p=1689","og_site_name":"Spazio-News Magazine","article_publisher":"https:\/\/m.facebook.com\/spazio-news-magazine","article_author":"@SpazioNewsMagazine","article_published_time":"2018-10-22T11:00:09+00:00","article_modified_time":"2019-02-24T18:06:20+00:00","og_image":[{"width":800,"height":446,"url":"http:\/\/spazio-news.it\/wp-content\/uploads\/2018\/10\/Breguet-Br-1150-Atlantic_AeronauticaMilitare_Spazio-News-e1540056311964.jpg","type":"image\/jpeg"}],"author":"Redazione","twitter_card":"summary_large_image","twitter_creator":"@news_spazio","twitter_site":"@News_spazio","twitter_misc":{"Scritto da":"Redazione","Tempo di lettura stimato":"3 minuti"},"schema":{"@context":"https:\/\/schema.org","@graph":[{"@type":"NewsArticle","@id":"http:\/\/spazio-news.it\/?p=1689#article","isPartOf":{"@id":"http:\/\/spazio-news.it\/?p=1689"},"author":{"name":"Redazione","@id":"https:\/\/spazio-news.it\/#\/schema\/person\/c600904e882e9e166ed8e5e3773d37b3"},"headline":"ULTIMO ATLANTIC AL MUSEO STORICO DELL&#8217;AERONAUTICA","datePublished":"2018-10-22T11:00:09+00:00","dateModified":"2019-02-24T18:06:20+00:00","mainEntityOfPage":{"@id":"http:\/\/spazio-news.it\/?p=1689"},"wordCount":547,"publisher":{"@id":"https:\/\/spazio-news.it\/#organization"},"image":{"@id":"http:\/\/spazio-news.it\/?p=1689#primaryimage"},"thumbnailUrl":"http:\/\/spazio-news.it\/wp-content\/uploads\/2018\/10\/Breguet-Br-1150-Atlantic_AeronauticaMilitare_Spazio-News-e1540056311964.jpg","keywords":["Aeronautica Militare Italiana","Breguet Br 1150 Atlantic","Museo Storico dell'Aeronautica Militare"],"articleSection":["01 - PRIMA PAGINA","03 - ISTITUZIONI"],"inLanguage":"it-IT"},{"@type":"WebPage","@id":"http:\/\/spazio-news.it\/?p=1689","url":"http:\/\/spazio-news.it\/?p=1689","name":"ULTIMO ATLANTIC AL MUSEO STORICO DELL'AERONAUTICA &#187; Spazio-News Magazine","isPartOf":{"@id":"https:\/\/spazio-news.it\/#website"},"primaryImageOfPage":{"@id":"http:\/\/spazio-news.it\/?p=1689#primaryimage"},"image":{"@id":"http:\/\/spazio-news.it\/?p=1689#primaryimage"},"thumbnailUrl":"http:\/\/spazio-news.it\/wp-content\/uploads\/2018\/10\/Breguet-Br-1150-Atlantic_AeronauticaMilitare_Spazio-News-e1540056311964.jpg","datePublished":"2018-10-22T11:00:09+00:00","dateModified":"2019-02-24T18:06:20+00:00","description":"Trasferito nel Museo Storico dell'Aeronautica ultimo esemplare Breguet Br 1150 Atlantic, in servizio fino a novembre presso il 41\u00b0 Stormo di Sigonella","breadcrumb":{"@id":"http:\/\/spazio-news.it\/?p=1689#breadcrumb"},"inLanguage":"it-IT","potentialAction":[{"@type":"ReadAction","target":["http:\/\/spazio-news.it\/?p=1689"]}]},{"@type":"ImageObject","inLanguage":"it-IT","@id":"http:\/\/spazio-news.it\/?p=1689#primaryimage","url":"http:\/\/spazio-news.it\/wp-content\/uploads\/2018\/10\/Breguet-Br-1150-Atlantic_AeronauticaMilitare_Spazio-News-e1540056311964.jpg","contentUrl":"http:\/\/spazio-news.it\/wp-content\/uploads\/2018\/10\/Breguet-Br-1150-Atlantic_AeronauticaMilitare_Spazio-News-e1540056311964.jpg","width":800,"height":446,"caption":"Breguet Br 1150 Atlantic_AeronauticaMilitare_Spazio-News"},{"@type":"BreadcrumbList","@id":"http:\/\/spazio-news.it\/?p=1689#breadcrumb","itemListElement":[{"@type":"ListItem","position":1,"name":"Home","item":"https:\/\/spazio-news.it\/"},{"@type":"ListItem","position":2,"name":"ULTIMO ATLANTIC AL MUSEO STORICO DELL&#8217;AERONAUTICA"}]},{"@type":"WebSite","@id":"https:\/\/spazio-news.it\/#website","url":"https:\/\/spazio-news.it\/","name":"Spazio-News Magazine","description":"La guida che sfida la complessit\u00e0 del mondo industriale","publisher":{"@id":"https:\/\/spazio-news.it\/#organization"},"alternateName":"Spazio-news.it","potentialAction":[{"@type":"SearchAction","target":{"@type":"EntryPoint","urlTemplate":"https:\/\/spazio-news.it\/?s={search_term_string}"},"query-input":{"@type":"PropertyValueSpecification","valueRequired":true,"valueName":"search_term_string"}}],"inLanguage":"it-IT"},{"@type":"Organization","@id":"https:\/\/spazio-news.it\/#organization","name":"Spazio-News Magazine","url":"https:\/\/spazio-news.it\/","logo":{"@type":"ImageObject","inLanguage":"it-IT","@id":"https:\/\/spazio-news.it\/#\/schema\/logo\/image\/","url":"http:\/\/spazio-news.it\/wp-content\/uploads\/2023\/09\/Logo-Spazio-News-512-x-512-NO-testo.jpg","contentUrl":"http:\/\/spazio-news.it\/wp-content\/uploads\/2023\/09\/Logo-Spazio-News-512-x-512-NO-testo.jpg","width":512,"height":512,"caption":"Spazio-News Magazine"},"image":{"@id":"https:\/\/spazio-news.it\/#\/schema\/logo\/image\/"},"sameAs":["https:\/\/m.facebook.com\/spazio-news-magazine","https:\/\/x.com\/News_spazio"]},{"@type":"Person","@id":"https:\/\/spazio-news.it\/#\/schema\/person\/c600904e882e9e166ed8e5e3773d37b3","name":"Redazione","sameAs":["http:\/\/spazio-news.it","@SpazioNewsMagazine","https:\/\/x.com\/@news_spazio"],"url":"http:\/\/spazio-news.it\/?author=1"}]}},"_links":{"self":[{"href":"http:\/\/spazio-news.it\/index.php?rest_route=\/wp\/v2\/posts\/1689","targetHints":{"allow":["GET"]}}],"collection":[{"href":"http:\/\/spazio-news.it\/index.php?rest_route=\/wp\/v2\/posts"}],"about":[{"href":"http:\/\/spazio-news.it\/index.php?rest_route=\/wp\/v2\/types\/post"}],"author":[{"embeddable":true,"href":"http:\/\/spazio-news.it\/index.php?rest_route=\/wp\/v2\/users\/1"}],"replies":[{"embeddable":true,"href":"http:\/\/spazio-news.it\/index.php?rest_route=%2Fwp%2Fv2%2Fcomments&post=1689"}],"version-history":[{"count":2,"href":"http:\/\/spazio-news.it\/index.php?rest_route=\/wp\/v2\/posts\/1689\/revisions"}],"predecessor-version":[{"id":3441,"href":"http:\/\/spazio-news.it\/index.php?rest_route=\/wp\/v2\/posts\/1689\/revisions\/3441"}],"wp:featuredmedia":[{"embeddable":true,"href":"http:\/\/spazio-news.it\/index.php?rest_route=\/wp\/v2\/media\/1690"}],"wp:attachment":[{"href":"http:\/\/spazio-news.it\/index.php?rest_route=%2Fwp%2Fv2%2Fmedia&parent=1689"}],"wp:term":[{"taxonomy":"category","embeddable":true,"href":"http:\/\/spazio-news.it\/index.php?rest_route=%2Fwp%2Fv2%2Fcategories&post=1689"},{"taxonomy":"post_tag","embeddable":true,"href":"http:\/\/spazio-news.it\/index.php?rest_route=%2Fwp%2Fv2%2Ftags&post=1689"}],"curies":[{"name":"wp","href":"https:\/\/api.w.org\/{rel}","templated":true}]}}