{"id":1827,"date":"2018-10-25T08:31:16","date_gmt":"2018-10-25T07:31:16","guid":{"rendered":"http:\/\/spazio-news.it\/?p=1827"},"modified":"2018-10-28T20:16:47","modified_gmt":"2018-10-28T19:16:47","slug":"vueling-3-nuove-rotte-per-la-stagione-invernale","status":"publish","type":"post","link":"http:\/\/spazio-news.it\/?p=1827","title":{"rendered":"VUELING: 3 NUOVE ROTTE PER LA STAGIONE INVERNALE"},"content":{"rendered":"<p><strong>Vueling<\/strong> lancia una ricca programmazione per l\u2019inverno 2018, che vedr\u00e0 un\u2019ulteriore rafforzamento della compagnia spagnola sull\u2019Italia, con un totale di 50 rotte domestiche e internazionali in partenza da 13 aeroporti con un aumento del 12% dei posti disponibili rispetto allo scorso anno.<\/p>\n<p>Inoltre, a partire dal 28 ottobre 2018, i passeggeri italiani potranno godere di 3 nuove rotte, operate per la prima volta nella stagione pi\u00f9 fredda dell\u2019anno. In particolare, da Milano sar\u00e0 possibile raggiungere la capitale dei Paesi Baschi, <strong>Bilbao<\/strong>, grazie a un nuovo collegamento che prevede due frequenze settimanali e un\u2019offerta di pi\u00f9 di 11.000 posti disponibili. Da Roma Fiumicino, secondo hub internazionale della compagnia spagnola, saranno operate per la prima volta in inverno le rotte verso <strong>Parigi Charles de Gaulle<\/strong>, con una frequenza al giorno e pi\u00f9 di 57.000 posti disponibili, e verso <strong>Santorini<\/strong>, con una frequenza settimanale e pi\u00f9 di 6.000 posti disponibili. In aggiunta a queste due nuove rotte invernali, da Fiumicino sar\u00e0 possibile raggiungere complessivamente 28 destinazioni grazie a un\u2019offerta di pi\u00f9 di 1,4 milioni di posti disponibili, un aumento dell\u20198% rispetto alla scorsa stagione invernale.<\/p>\n<p>\u201c<em>Siamo orgogliosi di lanciare questa ricca stagione invernale, in crescita del 12% rispetto all\u2019anno scorso<\/em> &#8211; ha dichiarato Susanna Sciacovelli, direttore generale per l\u2019Italia di Vueling \u2013. <em>Per la prima volta Vueling operer\u00e0 anche durante la stagione fredda 3 rotte attive solo durante l\u2019estate, offrendo una scelta di destinazioni pi\u00f9 ampia ai passeggeri in partenza da tutta Italia. Questa novit\u00e0 \u00e8 in linea con la strategia di Vueling di diminuire la stagionalit\u00e0 estiva e dare agli italiani un\u2019offerta sempre pi\u00f9 consolidata e costante durante tutto l\u2019anno<\/em>\u201d.<\/p>\n","protected":false},"excerpt":{"rendered":"<p>Vueling lancia una ricca programmazione per l\u2019inverno 2018, che vedr\u00e0 un\u2019ulteriore rafforzamento della compagnia spagnola sull\u2019Italia, con un totale di<\/p>\n","protected":false},"author":1,"featured_media":1828,"comment_status":"closed","ping_status":"open","sticky":false,"template":"","format":"standard","meta":{"colormag_page_container_layout":"default_layout","colormag_page_sidebar_layout":"default_layout","footnotes":""},"categories":[32,1],"tags":[885,652,500,1154],"class_list":["post-1827","post","type-post","status-publish","format-standard","has-post-thumbnail","hentry","category-prima-pagina","category-notizie-di-servizio","tag-aeroporto-di-fiumicino","tag-low-cost","tag-vueling","tag-winter-schedule-2018-2019"],"yoast_head":"<!-- This site is optimized with the Yoast SEO plugin v26.8 - https:\/\/yoast.com\/product\/yoast-seo-wordpress\/ -->\n<title>VUELING: 3 NUOVE ROTTE PER LA STAGIONE INVERNALE &#187; Spazio-News Magazine<\/title>\n<meta name=\"description\" content=\"Vueling lancia la nuova stagione invernale dall&#039;Italia. Attivazione di 3 nuovi voli: da Milano a Bilbao; da Roma Fiumicino a Parigi de Gaulle e Santorini\" \/>\n<meta name=\"robots\" content=\"index, follow, max-snippet:-1, max-image-preview:large, max-video-preview:-1\" \/>\n<link rel=\"canonical\" href=\"http:\/\/spazio-news.it\/?p=1827\" \/>\n<meta property=\"og:locale\" content=\"it_IT\" \/>\n<meta property=\"og:type\" content=\"article\" \/>\n<meta property=\"og:title\" content=\"VUELING: 3 NUOVE ROTTE PER LA STAGIONE INVERNALE &#187; Spazio-News Magazine\" \/>\n<meta property=\"og:description\" content=\"Vueling lancia la nuova stagione invernale dall&#039;Italia. Attivazione di 3 nuovi voli: da Milano a Bilbao; da Roma Fiumicino a Parigi de Gaulle e Santorini\" \/>\n<meta property=\"og:url\" content=\"http:\/\/spazio-news.it\/?p=1827\" \/>\n<meta property=\"og:site_name\" content=\"Spazio-News Magazine\" \/>\n<meta property=\"article:publisher\" content=\"https:\/\/m.facebook.com\/spazio-news-magazine\" \/>\n<meta property=\"article:author\" content=\"@SpazioNewsMagazine\" \/>\n<meta property=\"article:published_time\" content=\"2018-10-25T07:31:16+00:00\" \/>\n<meta property=\"article:modified_time\" content=\"2018-10-28T19:16:47+00:00\" \/>\n<meta property=\"og:image\" content=\"http:\/\/spazio-news.it\/wp-content\/uploads\/2018\/10\/Vueling_Spazio-news-e1540631808833.jpg\" \/>\n\t<meta property=\"og:image:width\" content=\"800\" \/>\n\t<meta property=\"og:image:height\" content=\"446\" \/>\n\t<meta property=\"og:image:type\" content=\"image\/jpeg\" \/>\n<meta name=\"author\" content=\"Redazione\" \/>\n<meta name=\"twitter:card\" content=\"summary_large_image\" \/>\n<meta name=\"twitter:creator\" content=\"@news_spazio\" \/>\n<meta name=\"twitter:site\" content=\"@News_spazio\" \/>\n<meta name=\"twitter:label1\" content=\"Scritto da\" \/>\n\t<meta name=\"twitter:data1\" content=\"Redazione\" \/>\n\t<meta name=\"twitter:label2\" content=\"Tempo di lettura stimato\" \/>\n\t<meta name=\"twitter:data2\" content=\"1 minuto\" \/>\n<script type=\"application\/ld+json\" class=\"yoast-schema-graph\">{\"@context\":\"https:\/\/schema.org\",\"@graph\":[{\"@type\":\"NewsArticle\",\"@id\":\"http:\/\/spazio-news.it\/?p=1827#article\",\"isPartOf\":{\"@id\":\"http:\/\/spazio-news.it\/?p=1827\"},\"author\":{\"name\":\"Redazione\",\"@id\":\"http:\/\/spazio-news.it\/#\/schema\/person\/c600904e882e9e166ed8e5e3773d37b3\"},\"headline\":\"VUELING: 3 NUOVE ROTTE PER LA STAGIONE INVERNALE\",\"datePublished\":\"2018-10-25T07:31:16+00:00\",\"dateModified\":\"2018-10-28T19:16:47+00:00\",\"mainEntityOfPage\":{\"@id\":\"http:\/\/spazio-news.it\/?p=1827\"},\"wordCount\":270,\"publisher\":{\"@id\":\"http:\/\/spazio-news.it\/#organization\"},\"image\":{\"@id\":\"http:\/\/spazio-news.it\/?p=1827#primaryimage\"},\"thumbnailUrl\":\"http:\/\/spazio-news.it\/wp-content\/uploads\/2018\/10\/Vueling_Spazio-news-e1540631808833.jpg\",\"keywords\":[\"Aeroporto di Fiumicino\",\"Low cost\",\"Vueling\",\"Winter schedule 2018\/2019\"],\"articleSection\":[\"01 - PRIMA PAGINA\",\"08 - NOTIZIE DI SERVIZIO\"],\"inLanguage\":\"it-IT\"},{\"@type\":\"WebPage\",\"@id\":\"http:\/\/spazio-news.it\/?p=1827\",\"url\":\"http:\/\/spazio-news.it\/?p=1827\",\"name\":\"VUELING: 3 NUOVE ROTTE PER LA STAGIONE INVERNALE &#187; Spazio-News Magazine\",\"isPartOf\":{\"@id\":\"http:\/\/spazio-news.it\/#website\"},\"primaryImageOfPage\":{\"@id\":\"http:\/\/spazio-news.it\/?p=1827#primaryimage\"},\"image\":{\"@id\":\"http:\/\/spazio-news.it\/?p=1827#primaryimage\"},\"thumbnailUrl\":\"http:\/\/spazio-news.it\/wp-content\/uploads\/2018\/10\/Vueling_Spazio-news-e1540631808833.jpg\",\"datePublished\":\"2018-10-25T07:31:16+00:00\",\"dateModified\":\"2018-10-28T19:16:47+00:00\",\"description\":\"Vueling lancia la nuova stagione invernale dall'Italia. Attivazione di 3 nuovi voli: da Milano a Bilbao; da Roma Fiumicino a Parigi de Gaulle e Santorini\",\"breadcrumb\":{\"@id\":\"http:\/\/spazio-news.it\/?p=1827#breadcrumb\"},\"inLanguage\":\"it-IT\",\"potentialAction\":[{\"@type\":\"ReadAction\",\"target\":[\"http:\/\/spazio-news.it\/?p=1827\"]}]},{\"@type\":\"ImageObject\",\"inLanguage\":\"it-IT\",\"@id\":\"http:\/\/spazio-news.it\/?p=1827#primaryimage\",\"url\":\"http:\/\/spazio-news.it\/wp-content\/uploads\/2018\/10\/Vueling_Spazio-news-e1540631808833.jpg\",\"contentUrl\":\"http:\/\/spazio-news.it\/wp-content\/uploads\/2018\/10\/Vueling_Spazio-news-e1540631808833.jpg\",\"width\":800,\"height\":446,\"caption\":\"Vueling_Spazio-news\"},{\"@type\":\"BreadcrumbList\",\"@id\":\"http:\/\/spazio-news.it\/?p=1827#breadcrumb\",\"itemListElement\":[{\"@type\":\"ListItem\",\"position\":1,\"name\":\"Home\",\"item\":\"http:\/\/spazio-news.it\/\"},{\"@type\":\"ListItem\",\"position\":2,\"name\":\"VUELING: 3 NUOVE ROTTE PER LA STAGIONE INVERNALE\"}]},{\"@type\":\"WebSite\",\"@id\":\"http:\/\/spazio-news.it\/#website\",\"url\":\"http:\/\/spazio-news.it\/\",\"name\":\"Spazio-News Magazine\",\"description\":\"La guida che sfida la complessit\u00e0 del mondo industriale\",\"publisher\":{\"@id\":\"http:\/\/spazio-news.it\/#organization\"},\"alternateName\":\"Spazio-news.it\",\"potentialAction\":[{\"@type\":\"SearchAction\",\"target\":{\"@type\":\"EntryPoint\",\"urlTemplate\":\"http:\/\/spazio-news.it\/?s={search_term_string}\"},\"query-input\":{\"@type\":\"PropertyValueSpecification\",\"valueRequired\":true,\"valueName\":\"search_term_string\"}}],\"inLanguage\":\"it-IT\"},{\"@type\":\"Organization\",\"@id\":\"http:\/\/spazio-news.it\/#organization\",\"name\":\"Spazio-News Magazine\",\"url\":\"http:\/\/spazio-news.it\/\",\"logo\":{\"@type\":\"ImageObject\",\"inLanguage\":\"it-IT\",\"@id\":\"http:\/\/spazio-news.it\/#\/schema\/logo\/image\/\",\"url\":\"http:\/\/spazio-news.it\/wp-content\/uploads\/2023\/09\/Logo-Spazio-News-512-x-512-NO-testo.jpg\",\"contentUrl\":\"http:\/\/spazio-news.it\/wp-content\/uploads\/2023\/09\/Logo-Spazio-News-512-x-512-NO-testo.jpg\",\"width\":512,\"height\":512,\"caption\":\"Spazio-News Magazine\"},\"image\":{\"@id\":\"http:\/\/spazio-news.it\/#\/schema\/logo\/image\/\"},\"sameAs\":[\"https:\/\/m.facebook.com\/spazio-news-magazine\",\"https:\/\/x.com\/News_spazio\"]},{\"@type\":\"Person\",\"@id\":\"http:\/\/spazio-news.it\/#\/schema\/person\/c600904e882e9e166ed8e5e3773d37b3\",\"name\":\"Redazione\",\"sameAs\":[\"http:\/\/spazio-news.it\",\"@SpazioNewsMagazine\",\"https:\/\/x.com\/@news_spazio\"],\"url\":\"http:\/\/spazio-news.it\/?author=1\"}]}<\/script>\n<!-- \/ Yoast SEO plugin. -->","yoast_head_json":{"title":"VUELING: 3 NUOVE ROTTE PER LA STAGIONE INVERNALE &#187; Spazio-News Magazine","description":"Vueling lancia la nuova stagione invernale dall'Italia. Attivazione di 3 nuovi voli: da Milano a Bilbao; da Roma Fiumicino a Parigi de Gaulle e Santorini","robots":{"index":"index","follow":"follow","max-snippet":"max-snippet:-1","max-image-preview":"max-image-preview:large","max-video-preview":"max-video-preview:-1"},"canonical":"http:\/\/spazio-news.it\/?p=1827","og_locale":"it_IT","og_type":"article","og_title":"VUELING: 3 NUOVE ROTTE PER LA STAGIONE INVERNALE &#187; Spazio-News Magazine","og_description":"Vueling lancia la nuova stagione invernale dall'Italia. Attivazione di 3 nuovi voli: da Milano a Bilbao; da Roma Fiumicino a Parigi de Gaulle e Santorini","og_url":"http:\/\/spazio-news.it\/?p=1827","og_site_name":"Spazio-News Magazine","article_publisher":"https:\/\/m.facebook.com\/spazio-news-magazine","article_author":"@SpazioNewsMagazine","article_published_time":"2018-10-25T07:31:16+00:00","article_modified_time":"2018-10-28T19:16:47+00:00","og_image":[{"width":800,"height":446,"url":"http:\/\/spazio-news.it\/wp-content\/uploads\/2018\/10\/Vueling_Spazio-news-e1540631808833.jpg","type":"image\/jpeg"}],"author":"Redazione","twitter_card":"summary_large_image","twitter_creator":"@news_spazio","twitter_site":"@News_spazio","twitter_misc":{"Scritto da":"Redazione","Tempo di lettura stimato":"1 minuto"},"schema":{"@context":"https:\/\/schema.org","@graph":[{"@type":"NewsArticle","@id":"http:\/\/spazio-news.it\/?p=1827#article","isPartOf":{"@id":"http:\/\/spazio-news.it\/?p=1827"},"author":{"name":"Redazione","@id":"http:\/\/spazio-news.it\/#\/schema\/person\/c600904e882e9e166ed8e5e3773d37b3"},"headline":"VUELING: 3 NUOVE ROTTE PER LA STAGIONE INVERNALE","datePublished":"2018-10-25T07:31:16+00:00","dateModified":"2018-10-28T19:16:47+00:00","mainEntityOfPage":{"@id":"http:\/\/spazio-news.it\/?p=1827"},"wordCount":270,"publisher":{"@id":"http:\/\/spazio-news.it\/#organization"},"image":{"@id":"http:\/\/spazio-news.it\/?p=1827#primaryimage"},"thumbnailUrl":"http:\/\/spazio-news.it\/wp-content\/uploads\/2018\/10\/Vueling_Spazio-news-e1540631808833.jpg","keywords":["Aeroporto di Fiumicino","Low cost","Vueling","Winter schedule 2018\/2019"],"articleSection":["01 - PRIMA PAGINA","08 - NOTIZIE DI SERVIZIO"],"inLanguage":"it-IT"},{"@type":"WebPage","@id":"http:\/\/spazio-news.it\/?p=1827","url":"http:\/\/spazio-news.it\/?p=1827","name":"VUELING: 3 NUOVE ROTTE PER LA STAGIONE INVERNALE &#187; Spazio-News Magazine","isPartOf":{"@id":"http:\/\/spazio-news.it\/#website"},"primaryImageOfPage":{"@id":"http:\/\/spazio-news.it\/?p=1827#primaryimage"},"image":{"@id":"http:\/\/spazio-news.it\/?p=1827#primaryimage"},"thumbnailUrl":"http:\/\/spazio-news.it\/wp-content\/uploads\/2018\/10\/Vueling_Spazio-news-e1540631808833.jpg","datePublished":"2018-10-25T07:31:16+00:00","dateModified":"2018-10-28T19:16:47+00:00","description":"Vueling lancia la nuova stagione invernale dall'Italia. Attivazione di 3 nuovi voli: da Milano a Bilbao; da Roma Fiumicino a Parigi de Gaulle e Santorini","breadcrumb":{"@id":"http:\/\/spazio-news.it\/?p=1827#breadcrumb"},"inLanguage":"it-IT","potentialAction":[{"@type":"ReadAction","target":["http:\/\/spazio-news.it\/?p=1827"]}]},{"@type":"ImageObject","inLanguage":"it-IT","@id":"http:\/\/spazio-news.it\/?p=1827#primaryimage","url":"http:\/\/spazio-news.it\/wp-content\/uploads\/2018\/10\/Vueling_Spazio-news-e1540631808833.jpg","contentUrl":"http:\/\/spazio-news.it\/wp-content\/uploads\/2018\/10\/Vueling_Spazio-news-e1540631808833.jpg","width":800,"height":446,"caption":"Vueling_Spazio-news"},{"@type":"BreadcrumbList","@id":"http:\/\/spazio-news.it\/?p=1827#breadcrumb","itemListElement":[{"@type":"ListItem","position":1,"name":"Home","item":"http:\/\/spazio-news.it\/"},{"@type":"ListItem","position":2,"name":"VUELING: 3 NUOVE ROTTE PER LA STAGIONE INVERNALE"}]},{"@type":"WebSite","@id":"http:\/\/spazio-news.it\/#website","url":"http:\/\/spazio-news.it\/","name":"Spazio-News Magazine","description":"La guida che sfida la complessit\u00e0 del mondo industriale","publisher":{"@id":"http:\/\/spazio-news.it\/#organization"},"alternateName":"Spazio-news.it","potentialAction":[{"@type":"SearchAction","target":{"@type":"EntryPoint","urlTemplate":"http:\/\/spazio-news.it\/?s={search_term_string}"},"query-input":{"@type":"PropertyValueSpecification","valueRequired":true,"valueName":"search_term_string"}}],"inLanguage":"it-IT"},{"@type":"Organization","@id":"http:\/\/spazio-news.it\/#organization","name":"Spazio-News Magazine","url":"http:\/\/spazio-news.it\/","logo":{"@type":"ImageObject","inLanguage":"it-IT","@id":"http:\/\/spazio-news.it\/#\/schema\/logo\/image\/","url":"http:\/\/spazio-news.it\/wp-content\/uploads\/2023\/09\/Logo-Spazio-News-512-x-512-NO-testo.jpg","contentUrl":"http:\/\/spazio-news.it\/wp-content\/uploads\/2023\/09\/Logo-Spazio-News-512-x-512-NO-testo.jpg","width":512,"height":512,"caption":"Spazio-News Magazine"},"image":{"@id":"http:\/\/spazio-news.it\/#\/schema\/logo\/image\/"},"sameAs":["https:\/\/m.facebook.com\/spazio-news-magazine","https:\/\/x.com\/News_spazio"]},{"@type":"Person","@id":"http:\/\/spazio-news.it\/#\/schema\/person\/c600904e882e9e166ed8e5e3773d37b3","name":"Redazione","sameAs":["http:\/\/spazio-news.it","@SpazioNewsMagazine","https:\/\/x.com\/@news_spazio"],"url":"http:\/\/spazio-news.it\/?author=1"}]}},"_links":{"self":[{"href":"http:\/\/spazio-news.it\/index.php?rest_route=\/wp\/v2\/posts\/1827","targetHints":{"allow":["GET"]}}],"collection":[{"href":"http:\/\/spazio-news.it\/index.php?rest_route=\/wp\/v2\/posts"}],"about":[{"href":"http:\/\/spazio-news.it\/index.php?rest_route=\/wp\/v2\/types\/post"}],"author":[{"embeddable":true,"href":"http:\/\/spazio-news.it\/index.php?rest_route=\/wp\/v2\/users\/1"}],"replies":[{"embeddable":true,"href":"http:\/\/spazio-news.it\/index.php?rest_route=%2Fwp%2Fv2%2Fcomments&post=1827"}],"version-history":[{"count":2,"href":"http:\/\/spazio-news.it\/index.php?rest_route=\/wp\/v2\/posts\/1827\/revisions"}],"predecessor-version":[{"id":1916,"href":"http:\/\/spazio-news.it\/index.php?rest_route=\/wp\/v2\/posts\/1827\/revisions\/1916"}],"wp:featuredmedia":[{"embeddable":true,"href":"http:\/\/spazio-news.it\/index.php?rest_route=\/wp\/v2\/media\/1828"}],"wp:attachment":[{"href":"http:\/\/spazio-news.it\/index.php?rest_route=%2Fwp%2Fv2%2Fmedia&parent=1827"}],"wp:term":[{"taxonomy":"category","embeddable":true,"href":"http:\/\/spazio-news.it\/index.php?rest_route=%2Fwp%2Fv2%2Fcategories&post=1827"},{"taxonomy":"post_tag","embeddable":true,"href":"http:\/\/spazio-news.it\/index.php?rest_route=%2Fwp%2Fv2%2Ftags&post=1827"}],"curies":[{"name":"wp","href":"https:\/\/api.w.org\/{rel}","templated":true}]}}