{"id":1839,"date":"2018-10-25T11:23:28","date_gmt":"2018-10-25T10:23:28","guid":{"rendered":"http:\/\/spazio-news.it\/?p=1839"},"modified":"2018-10-24T14:31:48","modified_gmt":"2018-10-24T13:31:48","slug":"lembraer-kc-390-riceve-certificazione-di-tipo","status":"publish","type":"post","link":"http:\/\/spazio-news.it\/?p=1839","title":{"rendered":"L\u2019EMBRAER KC-390 RICEVE CERTIFICAZIONE DI TIPO"},"content":{"rendered":"<p>L\u2019aereo multi-missione <strong>KC-390 <\/strong>di <strong><a href=\"https:\/\/embraer.com\/global\/en\" rel=\"noopener\" target=\"_blank\">Embraer<\/a><\/strong> ha ricevuto la Certificazione di Tipo dall\u2019<strong>Ag\u00eancia Nacional de Avia\u00e7\u00e3o Civil (ANAC)<\/strong>, l&#8217;Autorit\u00e0 per l\u2019Aviazione del Brasile. La certificazione ANAC rappresenta il compimento di un passo fondamentale verso l\u2019ottenimento della certificazione militare, la <strong>Final Operational Capability (FOC)<\/strong>, prevista entro la fine del 2019.<\/p>\n<p><em>\u201cLa certificazione del KC-390, il pi\u00f9 grande e complesso velivolo messo a punto nella storia di Embraer, esprime l\u2019alto livello di tecnologia raggiunto dalla compagnia<\/em> \u2013 ha sottolineato <strong>Paulo Cesar de Souza e Silva<\/strong>, presidente e Ceo di Embraer \u2013. <em>Voglio congratularmi con tutto il team che ha partecipato allo sviluppo di questo programma in collaborazione con le Forze aeree brasiliane\u201d<\/em>.<\/p>\n<p><em>\u201cSiamo onorati e orgogliosi dello sviluppo del KC-390, che diventer\u00e0 la spina dorsale dei trasporti aerei delle Forze armate brasiliane nei prossimi decenni<\/em> \u2013 ha dichiarato <strong>Jackson Schneider<\/strong>, presidente e Ceo di Embraer Defense &#038; Security \u2013. <em>Estremamente efficiente e in grado di operare in un ampio range di missioni, il KC-390 rappresenter\u00e0 un salto nella capacit\u00e0 operativa delle Forze aeree brasiliane\u201d<\/em>.<\/p>\n<p>L\u2019Embraer KC-390 \u00e8 un velivolo da trasporto tattico progettato per raggiungere nuovi standard nella sua categoria, presentando il pi\u00f9 basso costo del ciclo di vita sul mercato. Pu\u00f2 svolgere diverse commissioni come trasporto e consegna truppe e cargo, rifornimento in volo, ricerca e soccorso, intervento contro incendi boschivi.<\/p>\n","protected":false},"excerpt":{"rendered":"<p>L\u2019aereo multi-missione KC-390 di Embraer ha ricevuto la Certificazione di Tipo dall\u2019Ag\u00eancia Nacional de Avia\u00e7\u00e3o Civil (ANAC), l&#8217;Autorit\u00e0 per l\u2019Aviazione<\/p>\n","protected":false},"author":1,"featured_media":1843,"comment_status":"closed","ping_status":"open","sticky":false,"template":"","format":"standard","meta":{"colormag_page_container_layout":"default_layout","colormag_page_sidebar_layout":"default_layout","footnotes":""},"categories":[32,3],"tags":[1166,1026,1112,1165],"class_list":["post-1839","post","type-post","status-publish","format-standard","has-post-thumbnail","hentry","category-prima-pagina","category-industria","tag-agencia-nacional-de-aviacao-civil","tag-embraer","tag-fab","tag-kc-390"],"yoast_head":"<!-- This site is optimized with the Yoast SEO plugin v26.8 - https:\/\/yoast.com\/product\/yoast-seo-wordpress\/ -->\n<title>L\u2019EMBRAER KC-390 RICEVE CERTIFICAZIONE DI TIPO &#187; Spazio-News Magazine<\/title>\n<meta name=\"description\" content=\"L&#039;aereo multi-missione KC-390 di Embraer ha ricevuto la Certificazione di Tipo dall&#039;Autorit\u00e0 per l&#039;Aviazione del Brasile (ANAC).\" \/>\n<meta name=\"robots\" content=\"index, follow, max-snippet:-1, max-image-preview:large, max-video-preview:-1\" \/>\n<link rel=\"canonical\" href=\"http:\/\/spazio-news.it\/?p=1839\" \/>\n<meta property=\"og:locale\" content=\"it_IT\" \/>\n<meta property=\"og:type\" content=\"article\" \/>\n<meta property=\"og:title\" content=\"L\u2019EMBRAER KC-390 RICEVE CERTIFICAZIONE DI TIPO &#187; Spazio-News Magazine\" \/>\n<meta property=\"og:description\" content=\"L&#039;aereo multi-missione KC-390 di Embraer ha ricevuto la Certificazione di Tipo dall&#039;Autorit\u00e0 per l&#039;Aviazione del Brasile (ANAC).\" \/>\n<meta property=\"og:url\" content=\"http:\/\/spazio-news.it\/?p=1839\" \/>\n<meta property=\"og:site_name\" content=\"Spazio-News Magazine\" \/>\n<meta property=\"article:publisher\" content=\"https:\/\/m.facebook.com\/spazio-news-magazine\" \/>\n<meta property=\"article:author\" content=\"@SpazioNewsMagazine\" \/>\n<meta property=\"article:published_time\" content=\"2018-10-25T10:23:28+00:00\" \/>\n<meta property=\"og:image\" content=\"http:\/\/spazio-news.it\/wp-content\/uploads\/2018\/10\/Embraer_KC-390_Spazio-news-e1540631777371.jpg\" \/>\n\t<meta property=\"og:image:width\" content=\"800\" \/>\n\t<meta property=\"og:image:height\" content=\"448\" \/>\n\t<meta property=\"og:image:type\" content=\"image\/jpeg\" \/>\n<meta name=\"author\" content=\"Redazione\" \/>\n<meta name=\"twitter:card\" content=\"summary_large_image\" \/>\n<meta name=\"twitter:creator\" content=\"@news_spazio\" \/>\n<meta name=\"twitter:site\" content=\"@News_spazio\" \/>\n<meta name=\"twitter:label1\" content=\"Scritto da\" \/>\n\t<meta name=\"twitter:data1\" content=\"Redazione\" \/>\n\t<meta name=\"twitter:label2\" content=\"Tempo di lettura stimato\" \/>\n\t<meta name=\"twitter:data2\" content=\"1 minuto\" \/>\n<script type=\"application\/ld+json\" class=\"yoast-schema-graph\">{\"@context\":\"https:\/\/schema.org\",\"@graph\":[{\"@type\":\"NewsArticle\",\"@id\":\"http:\/\/spazio-news.it\/?p=1839#article\",\"isPartOf\":{\"@id\":\"http:\/\/spazio-news.it\/?p=1839\"},\"author\":{\"name\":\"Redazione\",\"@id\":\"https:\/\/spazio-news.it\/#\/schema\/person\/c600904e882e9e166ed8e5e3773d37b3\"},\"headline\":\"L\u2019EMBRAER KC-390 RICEVE CERTIFICAZIONE DI TIPO\",\"datePublished\":\"2018-10-25T10:23:28+00:00\",\"mainEntityOfPage\":{\"@id\":\"http:\/\/spazio-news.it\/?p=1839\"},\"wordCount\":228,\"publisher\":{\"@id\":\"https:\/\/spazio-news.it\/#organization\"},\"image\":{\"@id\":\"http:\/\/spazio-news.it\/?p=1839#primaryimage\"},\"thumbnailUrl\":\"http:\/\/spazio-news.it\/wp-content\/uploads\/2018\/10\/Embraer_KC-390_Spazio-news-e1540631777371.jpg\",\"keywords\":[\"Ag\u00eancia Nacional de Avia\u00e7\u00e3o Civil\",\"Embraer\",\"FAB\",\"KC-390\"],\"articleSection\":[\"01 - PRIMA PAGINA\",\"02 - INDUSTRIA\"],\"inLanguage\":\"it-IT\"},{\"@type\":\"WebPage\",\"@id\":\"http:\/\/spazio-news.it\/?p=1839\",\"url\":\"http:\/\/spazio-news.it\/?p=1839\",\"name\":\"L\u2019EMBRAER KC-390 RICEVE CERTIFICAZIONE DI TIPO &#187; Spazio-News Magazine\",\"isPartOf\":{\"@id\":\"https:\/\/spazio-news.it\/#website\"},\"primaryImageOfPage\":{\"@id\":\"http:\/\/spazio-news.it\/?p=1839#primaryimage\"},\"image\":{\"@id\":\"http:\/\/spazio-news.it\/?p=1839#primaryimage\"},\"thumbnailUrl\":\"http:\/\/spazio-news.it\/wp-content\/uploads\/2018\/10\/Embraer_KC-390_Spazio-news-e1540631777371.jpg\",\"datePublished\":\"2018-10-25T10:23:28+00:00\",\"description\":\"L'aereo multi-missione KC-390 di Embraer ha ricevuto la Certificazione di Tipo dall'Autorit\u00e0 per l'Aviazione del Brasile (ANAC).\",\"breadcrumb\":{\"@id\":\"http:\/\/spazio-news.it\/?p=1839#breadcrumb\"},\"inLanguage\":\"it-IT\",\"potentialAction\":[{\"@type\":\"ReadAction\",\"target\":[\"http:\/\/spazio-news.it\/?p=1839\"]}]},{\"@type\":\"ImageObject\",\"inLanguage\":\"it-IT\",\"@id\":\"http:\/\/spazio-news.it\/?p=1839#primaryimage\",\"url\":\"http:\/\/spazio-news.it\/wp-content\/uploads\/2018\/10\/Embraer_KC-390_Spazio-news-e1540631777371.jpg\",\"contentUrl\":\"http:\/\/spazio-news.it\/wp-content\/uploads\/2018\/10\/Embraer_KC-390_Spazio-news-e1540631777371.jpg\",\"width\":800,\"height\":448,\"caption\":\"Embraer_KC-390_Spazio-news\"},{\"@type\":\"BreadcrumbList\",\"@id\":\"http:\/\/spazio-news.it\/?p=1839#breadcrumb\",\"itemListElement\":[{\"@type\":\"ListItem\",\"position\":1,\"name\":\"Home\",\"item\":\"https:\/\/spazio-news.it\/\"},{\"@type\":\"ListItem\",\"position\":2,\"name\":\"L\u2019EMBRAER KC-390 RICEVE CERTIFICAZIONE DI TIPO\"}]},{\"@type\":\"WebSite\",\"@id\":\"https:\/\/spazio-news.it\/#website\",\"url\":\"https:\/\/spazio-news.it\/\",\"name\":\"Spazio-News Magazine\",\"description\":\"La guida che sfida la complessit\u00e0 del mondo industriale\",\"publisher\":{\"@id\":\"https:\/\/spazio-news.it\/#organization\"},\"alternateName\":\"Spazio-news.it\",\"potentialAction\":[{\"@type\":\"SearchAction\",\"target\":{\"@type\":\"EntryPoint\",\"urlTemplate\":\"https:\/\/spazio-news.it\/?s={search_term_string}\"},\"query-input\":{\"@type\":\"PropertyValueSpecification\",\"valueRequired\":true,\"valueName\":\"search_term_string\"}}],\"inLanguage\":\"it-IT\"},{\"@type\":\"Organization\",\"@id\":\"https:\/\/spazio-news.it\/#organization\",\"name\":\"Spazio-News Magazine\",\"url\":\"https:\/\/spazio-news.it\/\",\"logo\":{\"@type\":\"ImageObject\",\"inLanguage\":\"it-IT\",\"@id\":\"https:\/\/spazio-news.it\/#\/schema\/logo\/image\/\",\"url\":\"http:\/\/spazio-news.it\/wp-content\/uploads\/2023\/09\/Logo-Spazio-News-512-x-512-NO-testo.jpg\",\"contentUrl\":\"http:\/\/spazio-news.it\/wp-content\/uploads\/2023\/09\/Logo-Spazio-News-512-x-512-NO-testo.jpg\",\"width\":512,\"height\":512,\"caption\":\"Spazio-News Magazine\"},\"image\":{\"@id\":\"https:\/\/spazio-news.it\/#\/schema\/logo\/image\/\"},\"sameAs\":[\"https:\/\/m.facebook.com\/spazio-news-magazine\",\"https:\/\/x.com\/News_spazio\"]},{\"@type\":\"Person\",\"@id\":\"https:\/\/spazio-news.it\/#\/schema\/person\/c600904e882e9e166ed8e5e3773d37b3\",\"name\":\"Redazione\",\"sameAs\":[\"http:\/\/spazio-news.it\",\"@SpazioNewsMagazine\",\"https:\/\/x.com\/@news_spazio\"],\"url\":\"http:\/\/spazio-news.it\/?author=1\"}]}<\/script>\n<!-- \/ Yoast SEO plugin. -->","yoast_head_json":{"title":"L\u2019EMBRAER KC-390 RICEVE CERTIFICAZIONE DI TIPO &#187; Spazio-News Magazine","description":"L'aereo multi-missione KC-390 di Embraer ha ricevuto la Certificazione di Tipo dall'Autorit\u00e0 per l'Aviazione del Brasile (ANAC).","robots":{"index":"index","follow":"follow","max-snippet":"max-snippet:-1","max-image-preview":"max-image-preview:large","max-video-preview":"max-video-preview:-1"},"canonical":"http:\/\/spazio-news.it\/?p=1839","og_locale":"it_IT","og_type":"article","og_title":"L\u2019EMBRAER KC-390 RICEVE CERTIFICAZIONE DI TIPO &#187; Spazio-News Magazine","og_description":"L'aereo multi-missione KC-390 di Embraer ha ricevuto la Certificazione di Tipo dall'Autorit\u00e0 per l'Aviazione del Brasile (ANAC).","og_url":"http:\/\/spazio-news.it\/?p=1839","og_site_name":"Spazio-News Magazine","article_publisher":"https:\/\/m.facebook.com\/spazio-news-magazine","article_author":"@SpazioNewsMagazine","article_published_time":"2018-10-25T10:23:28+00:00","og_image":[{"width":800,"height":448,"url":"http:\/\/spazio-news.it\/wp-content\/uploads\/2018\/10\/Embraer_KC-390_Spazio-news-e1540631777371.jpg","type":"image\/jpeg"}],"author":"Redazione","twitter_card":"summary_large_image","twitter_creator":"@news_spazio","twitter_site":"@News_spazio","twitter_misc":{"Scritto da":"Redazione","Tempo di lettura stimato":"1 minuto"},"schema":{"@context":"https:\/\/schema.org","@graph":[{"@type":"NewsArticle","@id":"http:\/\/spazio-news.it\/?p=1839#article","isPartOf":{"@id":"http:\/\/spazio-news.it\/?p=1839"},"author":{"name":"Redazione","@id":"https:\/\/spazio-news.it\/#\/schema\/person\/c600904e882e9e166ed8e5e3773d37b3"},"headline":"L\u2019EMBRAER KC-390 RICEVE CERTIFICAZIONE DI TIPO","datePublished":"2018-10-25T10:23:28+00:00","mainEntityOfPage":{"@id":"http:\/\/spazio-news.it\/?p=1839"},"wordCount":228,"publisher":{"@id":"https:\/\/spazio-news.it\/#organization"},"image":{"@id":"http:\/\/spazio-news.it\/?p=1839#primaryimage"},"thumbnailUrl":"http:\/\/spazio-news.it\/wp-content\/uploads\/2018\/10\/Embraer_KC-390_Spazio-news-e1540631777371.jpg","keywords":["Ag\u00eancia Nacional de Avia\u00e7\u00e3o Civil","Embraer","FAB","KC-390"],"articleSection":["01 - PRIMA PAGINA","02 - INDUSTRIA"],"inLanguage":"it-IT"},{"@type":"WebPage","@id":"http:\/\/spazio-news.it\/?p=1839","url":"http:\/\/spazio-news.it\/?p=1839","name":"L\u2019EMBRAER KC-390 RICEVE CERTIFICAZIONE DI TIPO &#187; Spazio-News Magazine","isPartOf":{"@id":"https:\/\/spazio-news.it\/#website"},"primaryImageOfPage":{"@id":"http:\/\/spazio-news.it\/?p=1839#primaryimage"},"image":{"@id":"http:\/\/spazio-news.it\/?p=1839#primaryimage"},"thumbnailUrl":"http:\/\/spazio-news.it\/wp-content\/uploads\/2018\/10\/Embraer_KC-390_Spazio-news-e1540631777371.jpg","datePublished":"2018-10-25T10:23:28+00:00","description":"L'aereo multi-missione KC-390 di Embraer ha ricevuto la Certificazione di Tipo dall'Autorit\u00e0 per l'Aviazione del Brasile (ANAC).","breadcrumb":{"@id":"http:\/\/spazio-news.it\/?p=1839#breadcrumb"},"inLanguage":"it-IT","potentialAction":[{"@type":"ReadAction","target":["http:\/\/spazio-news.it\/?p=1839"]}]},{"@type":"ImageObject","inLanguage":"it-IT","@id":"http:\/\/spazio-news.it\/?p=1839#primaryimage","url":"http:\/\/spazio-news.it\/wp-content\/uploads\/2018\/10\/Embraer_KC-390_Spazio-news-e1540631777371.jpg","contentUrl":"http:\/\/spazio-news.it\/wp-content\/uploads\/2018\/10\/Embraer_KC-390_Spazio-news-e1540631777371.jpg","width":800,"height":448,"caption":"Embraer_KC-390_Spazio-news"},{"@type":"BreadcrumbList","@id":"http:\/\/spazio-news.it\/?p=1839#breadcrumb","itemListElement":[{"@type":"ListItem","position":1,"name":"Home","item":"https:\/\/spazio-news.it\/"},{"@type":"ListItem","position":2,"name":"L\u2019EMBRAER KC-390 RICEVE CERTIFICAZIONE DI TIPO"}]},{"@type":"WebSite","@id":"https:\/\/spazio-news.it\/#website","url":"https:\/\/spazio-news.it\/","name":"Spazio-News Magazine","description":"La guida che sfida la complessit\u00e0 del mondo industriale","publisher":{"@id":"https:\/\/spazio-news.it\/#organization"},"alternateName":"Spazio-news.it","potentialAction":[{"@type":"SearchAction","target":{"@type":"EntryPoint","urlTemplate":"https:\/\/spazio-news.it\/?s={search_term_string}"},"query-input":{"@type":"PropertyValueSpecification","valueRequired":true,"valueName":"search_term_string"}}],"inLanguage":"it-IT"},{"@type":"Organization","@id":"https:\/\/spazio-news.it\/#organization","name":"Spazio-News Magazine","url":"https:\/\/spazio-news.it\/","logo":{"@type":"ImageObject","inLanguage":"it-IT","@id":"https:\/\/spazio-news.it\/#\/schema\/logo\/image\/","url":"http:\/\/spazio-news.it\/wp-content\/uploads\/2023\/09\/Logo-Spazio-News-512-x-512-NO-testo.jpg","contentUrl":"http:\/\/spazio-news.it\/wp-content\/uploads\/2023\/09\/Logo-Spazio-News-512-x-512-NO-testo.jpg","width":512,"height":512,"caption":"Spazio-News Magazine"},"image":{"@id":"https:\/\/spazio-news.it\/#\/schema\/logo\/image\/"},"sameAs":["https:\/\/m.facebook.com\/spazio-news-magazine","https:\/\/x.com\/News_spazio"]},{"@type":"Person","@id":"https:\/\/spazio-news.it\/#\/schema\/person\/c600904e882e9e166ed8e5e3773d37b3","name":"Redazione","sameAs":["http:\/\/spazio-news.it","@SpazioNewsMagazine","https:\/\/x.com\/@news_spazio"],"url":"http:\/\/spazio-news.it\/?author=1"}]}},"_links":{"self":[{"href":"http:\/\/spazio-news.it\/index.php?rest_route=\/wp\/v2\/posts\/1839","targetHints":{"allow":["GET"]}}],"collection":[{"href":"http:\/\/spazio-news.it\/index.php?rest_route=\/wp\/v2\/posts"}],"about":[{"href":"http:\/\/spazio-news.it\/index.php?rest_route=\/wp\/v2\/types\/post"}],"author":[{"embeddable":true,"href":"http:\/\/spazio-news.it\/index.php?rest_route=\/wp\/v2\/users\/1"}],"replies":[{"embeddable":true,"href":"http:\/\/spazio-news.it\/index.php?rest_route=%2Fwp%2Fv2%2Fcomments&post=1839"}],"version-history":[{"count":1,"href":"http:\/\/spazio-news.it\/index.php?rest_route=\/wp\/v2\/posts\/1839\/revisions"}],"predecessor-version":[{"id":1845,"href":"http:\/\/spazio-news.it\/index.php?rest_route=\/wp\/v2\/posts\/1839\/revisions\/1845"}],"wp:featuredmedia":[{"embeddable":true,"href":"http:\/\/spazio-news.it\/index.php?rest_route=\/wp\/v2\/media\/1843"}],"wp:attachment":[{"href":"http:\/\/spazio-news.it\/index.php?rest_route=%2Fwp%2Fv2%2Fmedia&parent=1839"}],"wp:term":[{"taxonomy":"category","embeddable":true,"href":"http:\/\/spazio-news.it\/index.php?rest_route=%2Fwp%2Fv2%2Fcategories&post=1839"},{"taxonomy":"post_tag","embeddable":true,"href":"http:\/\/spazio-news.it\/index.php?rest_route=%2Fwp%2Fv2%2Ftags&post=1839"}],"curies":[{"name":"wp","href":"https:\/\/api.w.org\/{rel}","templated":true}]}}