{"id":1877,"date":"2018-10-26T10:07:24","date_gmt":"2018-10-26T09:07:24","guid":{"rendered":"http:\/\/spazio-news.it\/?p=1877"},"modified":"2019-05-27T20:07:01","modified_gmt":"2019-05-27T19:07:01","slug":"vecciarelli-e-il-nuovo-capo-di-stato-maggiore-della-difesa","status":"publish","type":"post","link":"http:\/\/spazio-news.it\/?p=1877","title":{"rendered":"VECCIARELLI \u00c8 IL NUOVO CAPO DI STATO MAGGIORE DELLA DIFESA"},"content":{"rendered":"<p>Il\u00a0Generale di Squadra Aerea Enzo Vecciarelli\u00a0\u00e8 stato nominato dal <strong>Consiglio dei Ministri<\/strong>, su proposta del <strong>Ministro della Difesa Elisabetta Trenta<\/strong>, quale nuovo <strong>Capo di Stato Maggiore della Difesa<\/strong>.<\/p>\n<p><em>&#8220;Sono onorato della nomina a Capo di Stato Maggiore della Difesa e sento forte il dovere di servire il Paese mettendo a disposizione,\u00a0incondizionatamente, tutte le mie energie. Sar\u00e0 una grande responsabilit\u00e0 e un orgoglio guidare e rappresentare tutti i militari e civili della Difesa che con dignit\u00e0, quotidianamente in Patria e all&#8217;estero, portano alto il nome dell&#8217;Italia operando con grande coraggio e professionalit\u00e0 sempre al servizio del Paese \u2013\u00a0<\/em>ha commentato il Generale Vecciarelli appresa la notizia -. <em>Con profondo ed immutato spirito di servizio rinnovo il mio giuramento di fedelt\u00e0 alla Costituzione ed al Signor Presidente della Repubblica Sergio Mattarella custode dei valori fondanti della Repubblica e della Costituzione e Comandante supremo delle Forze Armate. Esprimo la mia gratitudine al Governo, in particolare al Ministro della Difesa Elisabetta Trenta, per la fiducia accordatami.<\/em> <em>Ringrazio l&#8217;attuale Capo di Stato Maggiore della Difesa, Generale Claudio Graziano, per il sostegno ricevuto nel mio mandato di Capo di Stato Maggiore dell&#8217;Aeronautica che continuer\u00f2 ad assolvere con la massima concentrazione ed assoluta dedizione fino all&#8217;ultimo giorno. Alle donne e agli uomini dell&#8217;Arma Azzurra rivolgo la mia pi\u00f9 sincera attestazione di stima e ammirazione per aver condiviso e sostenuto la mia visione per il cambiamento verso una Aeronautica proiettata al futuro e sempre pi\u00f9 utile al Paese\u201d.<\/em><\/p>\n<p>Il <strong>Vecciarelli<\/strong> subentrer\u00e0 al\u00a0Generale Claudio Graziano\u00a0che dal prossimo <strong>6 novembre<\/strong> assumer\u00e0 l&#8217;incarico di <strong>Presidente del Comitato Militare dell&#8217;Unione Europea<\/strong>\u00a0(<em><strong>Chairman of the European Union Military Committee \u2013 CEUMC<\/strong><\/em>).<\/p>\n<p>Alla guida dello <strong>Stato Maggiore <\/strong>dell&#8217;Aeronautica Militare andr\u00e0 il\u00a0Generale di Squadra Aerea Alberto Rosso, attuale Capo di Gabinetto del Ministro della Difesa.<\/p>\n","protected":false},"excerpt":{"rendered":"<p>Il\u00a0Generale di Squadra Aerea Enzo Vecciarelli\u00a0\u00e8 stato nominato dal Consiglio dei Ministri, su proposta del Ministro della Difesa Elisabetta Trenta,<\/p>\n","protected":false},"author":1,"featured_media":1898,"comment_status":"closed","ping_status":"open","sticky":false,"template":"","format":"standard","meta":{"colormag_page_container_layout":"default_layout","colormag_page_sidebar_layout":"default_layout","footnotes":""},"categories":[32,4],"tags":[54,105,1189,139],"class_list":["post-1877","post","type-post","status-publish","format-standard","has-post-thumbnail","hentry","category-prima-pagina","category-istituzioni","tag-aeronautica-militare-italiana","tag-ministero-della-difesa","tag-stato-maggiore-della-difesa","tag-vecciarelli"],"yoast_head":"<!-- This site is optimized with the Yoast SEO plugin v26.8 - https:\/\/yoast.com\/product\/yoast-seo-wordpress\/ -->\n<title>VECCIARELLI \u00c8 IL NUOVO CAPO DI STATO MAGGIORE DELLA DIFESA &#187; Spazio-News Magazine<\/title>\n<meta name=\"description\" content=\"Il\u00a0Generale di Squadra Aerea Enzo Vecciarelli\u00a0\u00e8 stato nominato, su proposta del Ministro della Difesa, quale nuovo Capo di Stato Maggiore della Difesa\" \/>\n<meta name=\"robots\" content=\"index, follow, max-snippet:-1, max-image-preview:large, max-video-preview:-1\" \/>\n<link rel=\"canonical\" href=\"http:\/\/spazio-news.it\/?p=1877\" \/>\n<meta property=\"og:locale\" content=\"it_IT\" \/>\n<meta property=\"og:type\" content=\"article\" \/>\n<meta property=\"og:title\" content=\"VECCIARELLI \u00c8 IL NUOVO CAPO DI STATO MAGGIORE DELLA DIFESA &#187; Spazio-News Magazine\" \/>\n<meta property=\"og:description\" content=\"Il\u00a0Generale di Squadra Aerea Enzo Vecciarelli\u00a0\u00e8 stato nominato, su proposta del Ministro della Difesa, quale nuovo Capo di Stato Maggiore della Difesa\" \/>\n<meta property=\"og:url\" content=\"http:\/\/spazio-news.it\/?p=1877\" \/>\n<meta property=\"og:site_name\" content=\"Spazio-News Magazine\" \/>\n<meta property=\"article:publisher\" content=\"https:\/\/m.facebook.com\/spazio-news-magazine\" \/>\n<meta property=\"article:author\" content=\"@SpazioNewsMagazine\" \/>\n<meta property=\"article:published_time\" content=\"2018-10-26T09:07:24+00:00\" \/>\n<meta property=\"article:modified_time\" content=\"2019-05-27T19:07:01+00:00\" \/>\n<meta property=\"og:image\" content=\"http:\/\/spazio-news.it\/wp-content\/uploads\/2018\/10\/Generale-di-Squadra-Aerea-Enzo-Vecciarelli-Capo-di-Stato-Maggiore-della-Difesa-Spazio-News.it_.png\" \/>\n\t<meta property=\"og:image:width\" content=\"800\" \/>\n\t<meta property=\"og:image:height\" content=\"446\" \/>\n\t<meta property=\"og:image:type\" content=\"image\/png\" \/>\n<meta name=\"author\" content=\"Redazione\" \/>\n<meta name=\"twitter:card\" content=\"summary_large_image\" \/>\n<meta name=\"twitter:creator\" content=\"@news_spazio\" \/>\n<meta name=\"twitter:site\" content=\"@News_spazio\" \/>\n<meta name=\"twitter:label1\" content=\"Scritto da\" \/>\n\t<meta name=\"twitter:data1\" content=\"Redazione\" \/>\n\t<meta name=\"twitter:label2\" content=\"Tempo di lettura stimato\" \/>\n\t<meta name=\"twitter:data2\" content=\"1 minuto\" \/>\n<script type=\"application\/ld+json\" class=\"yoast-schema-graph\">{\"@context\":\"https:\/\/schema.org\",\"@graph\":[{\"@type\":\"NewsArticle\",\"@id\":\"http:\/\/spazio-news.it\/?p=1877#article\",\"isPartOf\":{\"@id\":\"http:\/\/spazio-news.it\/?p=1877\"},\"author\":{\"name\":\"Redazione\",\"@id\":\"http:\/\/spazio-news.it\/#\/schema\/person\/c600904e882e9e166ed8e5e3773d37b3\"},\"headline\":\"VECCIARELLI \u00c8 IL NUOVO CAPO DI STATO MAGGIORE DELLA DIFESA\",\"datePublished\":\"2018-10-26T09:07:24+00:00\",\"dateModified\":\"2019-05-27T19:07:01+00:00\",\"mainEntityOfPage\":{\"@id\":\"http:\/\/spazio-news.it\/?p=1877\"},\"wordCount\":310,\"publisher\":{\"@id\":\"http:\/\/spazio-news.it\/#organization\"},\"image\":{\"@id\":\"http:\/\/spazio-news.it\/?p=1877#primaryimage\"},\"thumbnailUrl\":\"http:\/\/spazio-news.it\/wp-content\/uploads\/2018\/10\/Generale-di-Squadra-Aerea-Enzo-Vecciarelli-Capo-di-Stato-Maggiore-della-Difesa-Spazio-News.it_.png\",\"keywords\":[\"Aeronautica Militare Italiana\",\"Ministero della Difesa\",\"Stato maggiore della difesa\",\"vecciarelli\"],\"articleSection\":[\"01 - PRIMA PAGINA\",\"03 - ISTITUZIONI\"],\"inLanguage\":\"it-IT\"},{\"@type\":\"WebPage\",\"@id\":\"http:\/\/spazio-news.it\/?p=1877\",\"url\":\"http:\/\/spazio-news.it\/?p=1877\",\"name\":\"VECCIARELLI \u00c8 IL NUOVO CAPO DI STATO MAGGIORE DELLA DIFESA &#187; Spazio-News Magazine\",\"isPartOf\":{\"@id\":\"http:\/\/spazio-news.it\/#website\"},\"primaryImageOfPage\":{\"@id\":\"http:\/\/spazio-news.it\/?p=1877#primaryimage\"},\"image\":{\"@id\":\"http:\/\/spazio-news.it\/?p=1877#primaryimage\"},\"thumbnailUrl\":\"http:\/\/spazio-news.it\/wp-content\/uploads\/2018\/10\/Generale-di-Squadra-Aerea-Enzo-Vecciarelli-Capo-di-Stato-Maggiore-della-Difesa-Spazio-News.it_.png\",\"datePublished\":\"2018-10-26T09:07:24+00:00\",\"dateModified\":\"2019-05-27T19:07:01+00:00\",\"description\":\"Il\u00a0Generale di Squadra Aerea Enzo Vecciarelli\u00a0\u00e8 stato nominato, su proposta del Ministro della Difesa, quale nuovo Capo di Stato Maggiore della Difesa\",\"breadcrumb\":{\"@id\":\"http:\/\/spazio-news.it\/?p=1877#breadcrumb\"},\"inLanguage\":\"it-IT\",\"potentialAction\":[{\"@type\":\"ReadAction\",\"target\":[\"http:\/\/spazio-news.it\/?p=1877\"]}]},{\"@type\":\"ImageObject\",\"inLanguage\":\"it-IT\",\"@id\":\"http:\/\/spazio-news.it\/?p=1877#primaryimage\",\"url\":\"http:\/\/spazio-news.it\/wp-content\/uploads\/2018\/10\/Generale-di-Squadra-Aerea-Enzo-Vecciarelli-Capo-di-Stato-Maggiore-della-Difesa-Spazio-News.it_.png\",\"contentUrl\":\"http:\/\/spazio-news.it\/wp-content\/uploads\/2018\/10\/Generale-di-Squadra-Aerea-Enzo-Vecciarelli-Capo-di-Stato-Maggiore-della-Difesa-Spazio-News.it_.png\",\"width\":800,\"height\":446,\"caption\":\"Generale di Squadra Aerea Enzo Vecciarelli Capo di Stato Maggiore della Difesa foto esclusiva Spazio-News.it\"},{\"@type\":\"BreadcrumbList\",\"@id\":\"http:\/\/spazio-news.it\/?p=1877#breadcrumb\",\"itemListElement\":[{\"@type\":\"ListItem\",\"position\":1,\"name\":\"Home\",\"item\":\"http:\/\/spazio-news.it\/\"},{\"@type\":\"ListItem\",\"position\":2,\"name\":\"VECCIARELLI \u00c8 IL NUOVO CAPO DI STATO MAGGIORE DELLA DIFESA\"}]},{\"@type\":\"WebSite\",\"@id\":\"http:\/\/spazio-news.it\/#website\",\"url\":\"http:\/\/spazio-news.it\/\",\"name\":\"Spazio-News Magazine\",\"description\":\"La guida che sfida la complessit\u00e0 del mondo industriale\",\"publisher\":{\"@id\":\"http:\/\/spazio-news.it\/#organization\"},\"alternateName\":\"Spazio-news.it\",\"potentialAction\":[{\"@type\":\"SearchAction\",\"target\":{\"@type\":\"EntryPoint\",\"urlTemplate\":\"http:\/\/spazio-news.it\/?s={search_term_string}\"},\"query-input\":{\"@type\":\"PropertyValueSpecification\",\"valueRequired\":true,\"valueName\":\"search_term_string\"}}],\"inLanguage\":\"it-IT\"},{\"@type\":\"Organization\",\"@id\":\"http:\/\/spazio-news.it\/#organization\",\"name\":\"Spazio-News Magazine\",\"url\":\"http:\/\/spazio-news.it\/\",\"logo\":{\"@type\":\"ImageObject\",\"inLanguage\":\"it-IT\",\"@id\":\"http:\/\/spazio-news.it\/#\/schema\/logo\/image\/\",\"url\":\"http:\/\/spazio-news.it\/wp-content\/uploads\/2023\/09\/Logo-Spazio-News-512-x-512-NO-testo.jpg\",\"contentUrl\":\"http:\/\/spazio-news.it\/wp-content\/uploads\/2023\/09\/Logo-Spazio-News-512-x-512-NO-testo.jpg\",\"width\":512,\"height\":512,\"caption\":\"Spazio-News Magazine\"},\"image\":{\"@id\":\"http:\/\/spazio-news.it\/#\/schema\/logo\/image\/\"},\"sameAs\":[\"https:\/\/m.facebook.com\/spazio-news-magazine\",\"https:\/\/x.com\/News_spazio\"]},{\"@type\":\"Person\",\"@id\":\"http:\/\/spazio-news.it\/#\/schema\/person\/c600904e882e9e166ed8e5e3773d37b3\",\"name\":\"Redazione\",\"sameAs\":[\"http:\/\/spazio-news.it\",\"@SpazioNewsMagazine\",\"https:\/\/x.com\/@news_spazio\"],\"url\":\"http:\/\/spazio-news.it\/?author=1\"}]}<\/script>\n<!-- \/ Yoast SEO plugin. -->","yoast_head_json":{"title":"VECCIARELLI \u00c8 IL NUOVO CAPO DI STATO MAGGIORE DELLA DIFESA &#187; Spazio-News Magazine","description":"Il\u00a0Generale di Squadra Aerea Enzo Vecciarelli\u00a0\u00e8 stato nominato, su proposta del Ministro della Difesa, quale nuovo Capo di Stato Maggiore della Difesa","robots":{"index":"index","follow":"follow","max-snippet":"max-snippet:-1","max-image-preview":"max-image-preview:large","max-video-preview":"max-video-preview:-1"},"canonical":"http:\/\/spazio-news.it\/?p=1877","og_locale":"it_IT","og_type":"article","og_title":"VECCIARELLI \u00c8 IL NUOVO CAPO DI STATO MAGGIORE DELLA DIFESA &#187; Spazio-News Magazine","og_description":"Il\u00a0Generale di Squadra Aerea Enzo Vecciarelli\u00a0\u00e8 stato nominato, su proposta del Ministro della Difesa, quale nuovo Capo di Stato Maggiore della Difesa","og_url":"http:\/\/spazio-news.it\/?p=1877","og_site_name":"Spazio-News Magazine","article_publisher":"https:\/\/m.facebook.com\/spazio-news-magazine","article_author":"@SpazioNewsMagazine","article_published_time":"2018-10-26T09:07:24+00:00","article_modified_time":"2019-05-27T19:07:01+00:00","og_image":[{"width":800,"height":446,"url":"http:\/\/spazio-news.it\/wp-content\/uploads\/2018\/10\/Generale-di-Squadra-Aerea-Enzo-Vecciarelli-Capo-di-Stato-Maggiore-della-Difesa-Spazio-News.it_.png","type":"image\/png"}],"author":"Redazione","twitter_card":"summary_large_image","twitter_creator":"@news_spazio","twitter_site":"@News_spazio","twitter_misc":{"Scritto da":"Redazione","Tempo di lettura stimato":"1 minuto"},"schema":{"@context":"https:\/\/schema.org","@graph":[{"@type":"NewsArticle","@id":"http:\/\/spazio-news.it\/?p=1877#article","isPartOf":{"@id":"http:\/\/spazio-news.it\/?p=1877"},"author":{"name":"Redazione","@id":"http:\/\/spazio-news.it\/#\/schema\/person\/c600904e882e9e166ed8e5e3773d37b3"},"headline":"VECCIARELLI \u00c8 IL NUOVO CAPO DI STATO MAGGIORE DELLA DIFESA","datePublished":"2018-10-26T09:07:24+00:00","dateModified":"2019-05-27T19:07:01+00:00","mainEntityOfPage":{"@id":"http:\/\/spazio-news.it\/?p=1877"},"wordCount":310,"publisher":{"@id":"http:\/\/spazio-news.it\/#organization"},"image":{"@id":"http:\/\/spazio-news.it\/?p=1877#primaryimage"},"thumbnailUrl":"http:\/\/spazio-news.it\/wp-content\/uploads\/2018\/10\/Generale-di-Squadra-Aerea-Enzo-Vecciarelli-Capo-di-Stato-Maggiore-della-Difesa-Spazio-News.it_.png","keywords":["Aeronautica Militare Italiana","Ministero della Difesa","Stato maggiore della difesa","vecciarelli"],"articleSection":["01 - PRIMA PAGINA","03 - ISTITUZIONI"],"inLanguage":"it-IT"},{"@type":"WebPage","@id":"http:\/\/spazio-news.it\/?p=1877","url":"http:\/\/spazio-news.it\/?p=1877","name":"VECCIARELLI \u00c8 IL NUOVO CAPO DI STATO MAGGIORE DELLA DIFESA &#187; Spazio-News Magazine","isPartOf":{"@id":"http:\/\/spazio-news.it\/#website"},"primaryImageOfPage":{"@id":"http:\/\/spazio-news.it\/?p=1877#primaryimage"},"image":{"@id":"http:\/\/spazio-news.it\/?p=1877#primaryimage"},"thumbnailUrl":"http:\/\/spazio-news.it\/wp-content\/uploads\/2018\/10\/Generale-di-Squadra-Aerea-Enzo-Vecciarelli-Capo-di-Stato-Maggiore-della-Difesa-Spazio-News.it_.png","datePublished":"2018-10-26T09:07:24+00:00","dateModified":"2019-05-27T19:07:01+00:00","description":"Il\u00a0Generale di Squadra Aerea Enzo Vecciarelli\u00a0\u00e8 stato nominato, su proposta del Ministro della Difesa, quale nuovo Capo di Stato Maggiore della Difesa","breadcrumb":{"@id":"http:\/\/spazio-news.it\/?p=1877#breadcrumb"},"inLanguage":"it-IT","potentialAction":[{"@type":"ReadAction","target":["http:\/\/spazio-news.it\/?p=1877"]}]},{"@type":"ImageObject","inLanguage":"it-IT","@id":"http:\/\/spazio-news.it\/?p=1877#primaryimage","url":"http:\/\/spazio-news.it\/wp-content\/uploads\/2018\/10\/Generale-di-Squadra-Aerea-Enzo-Vecciarelli-Capo-di-Stato-Maggiore-della-Difesa-Spazio-News.it_.png","contentUrl":"http:\/\/spazio-news.it\/wp-content\/uploads\/2018\/10\/Generale-di-Squadra-Aerea-Enzo-Vecciarelli-Capo-di-Stato-Maggiore-della-Difesa-Spazio-News.it_.png","width":800,"height":446,"caption":"Generale di Squadra Aerea Enzo Vecciarelli Capo di Stato Maggiore della Difesa foto esclusiva Spazio-News.it"},{"@type":"BreadcrumbList","@id":"http:\/\/spazio-news.it\/?p=1877#breadcrumb","itemListElement":[{"@type":"ListItem","position":1,"name":"Home","item":"http:\/\/spazio-news.it\/"},{"@type":"ListItem","position":2,"name":"VECCIARELLI \u00c8 IL NUOVO CAPO DI STATO MAGGIORE DELLA DIFESA"}]},{"@type":"WebSite","@id":"http:\/\/spazio-news.it\/#website","url":"http:\/\/spazio-news.it\/","name":"Spazio-News Magazine","description":"La guida che sfida la complessit\u00e0 del mondo industriale","publisher":{"@id":"http:\/\/spazio-news.it\/#organization"},"alternateName":"Spazio-news.it","potentialAction":[{"@type":"SearchAction","target":{"@type":"EntryPoint","urlTemplate":"http:\/\/spazio-news.it\/?s={search_term_string}"},"query-input":{"@type":"PropertyValueSpecification","valueRequired":true,"valueName":"search_term_string"}}],"inLanguage":"it-IT"},{"@type":"Organization","@id":"http:\/\/spazio-news.it\/#organization","name":"Spazio-News Magazine","url":"http:\/\/spazio-news.it\/","logo":{"@type":"ImageObject","inLanguage":"it-IT","@id":"http:\/\/spazio-news.it\/#\/schema\/logo\/image\/","url":"http:\/\/spazio-news.it\/wp-content\/uploads\/2023\/09\/Logo-Spazio-News-512-x-512-NO-testo.jpg","contentUrl":"http:\/\/spazio-news.it\/wp-content\/uploads\/2023\/09\/Logo-Spazio-News-512-x-512-NO-testo.jpg","width":512,"height":512,"caption":"Spazio-News Magazine"},"image":{"@id":"http:\/\/spazio-news.it\/#\/schema\/logo\/image\/"},"sameAs":["https:\/\/m.facebook.com\/spazio-news-magazine","https:\/\/x.com\/News_spazio"]},{"@type":"Person","@id":"http:\/\/spazio-news.it\/#\/schema\/person\/c600904e882e9e166ed8e5e3773d37b3","name":"Redazione","sameAs":["http:\/\/spazio-news.it","@SpazioNewsMagazine","https:\/\/x.com\/@news_spazio"],"url":"http:\/\/spazio-news.it\/?author=1"}]}},"_links":{"self":[{"href":"http:\/\/spazio-news.it\/index.php?rest_route=\/wp\/v2\/posts\/1877","targetHints":{"allow":["GET"]}}],"collection":[{"href":"http:\/\/spazio-news.it\/index.php?rest_route=\/wp\/v2\/posts"}],"about":[{"href":"http:\/\/spazio-news.it\/index.php?rest_route=\/wp\/v2\/types\/post"}],"author":[{"embeddable":true,"href":"http:\/\/spazio-news.it\/index.php?rest_route=\/wp\/v2\/users\/1"}],"replies":[{"embeddable":true,"href":"http:\/\/spazio-news.it\/index.php?rest_route=%2Fwp%2Fv2%2Fcomments&post=1877"}],"version-history":[{"count":8,"href":"http:\/\/spazio-news.it\/index.php?rest_route=\/wp\/v2\/posts\/1877\/revisions"}],"predecessor-version":[{"id":4641,"href":"http:\/\/spazio-news.it\/index.php?rest_route=\/wp\/v2\/posts\/1877\/revisions\/4641"}],"wp:featuredmedia":[{"embeddable":true,"href":"http:\/\/spazio-news.it\/index.php?rest_route=\/wp\/v2\/media\/1898"}],"wp:attachment":[{"href":"http:\/\/spazio-news.it\/index.php?rest_route=%2Fwp%2Fv2%2Fmedia&parent=1877"}],"wp:term":[{"taxonomy":"category","embeddable":true,"href":"http:\/\/spazio-news.it\/index.php?rest_route=%2Fwp%2Fv2%2Fcategories&post=1877"},{"taxonomy":"post_tag","embeddable":true,"href":"http:\/\/spazio-news.it\/index.php?rest_route=%2Fwp%2Fv2%2Ftags&post=1877"}],"curies":[{"name":"wp","href":"https:\/\/api.w.org\/{rel}","templated":true}]}}