{"id":1882,"date":"2018-10-29T08:03:17","date_gmt":"2018-10-29T07:03:17","guid":{"rendered":"http:\/\/spazio-news.it\/?p=1882"},"modified":"2018-11-03T18:27:02","modified_gmt":"2018-11-03T17:27:02","slug":"ryanair-nuovi-voli-dalla-calabria-in-estate","status":"publish","type":"post","link":"http:\/\/spazio-news.it\/?p=1882","title":{"rendered":"RYANAIR: NUOVI VOLI DALLA CALABRIA IN ESTATE"},"content":{"rendered":"<p>Prevede l\u2019avvio di tre nuove rotte la pianificazione estiva di <strong><a href=\"https:\/\/www.ryanair.com\/it\/it\/\" target=\"_blank\" rel=\"noopener\">Ryanair<\/a><\/strong> dalla Calabria: 2 nuove rotte da Crotone per Bologna e Norimberga, e una nuova da Lamezia verso Malta, per un totale di 14 collegamenti, con cui la compagnia prevede di far crescere i passeggeri trasportati del crescita del 6% su entrambi gli aeroporti.<\/p>\n<p>\u201c<em>\u00c8 un successo senza precedenti. Una svolta epocale per il sistema aeroportuale calabrese <\/em>\u2013 ha sottolineato <strong>Arturo De Felice<\/strong>, presidente della <strong>Sacal<\/strong> \u2013. <em>Per la prima volta, e con un contratto di partnership di 3 anni, Ryanair collegher\u00e0 tutti gli scali calabresi, attivando nuove rotte domestiche e internazionali dallo scalo di Reggio Calabria e incrementando, contestualmente, i collegamenti da Lamezia e Crotone, dalla prossima Summer 2019. Siamo profondamente orgogliosi del risultato ottenuto che conferma la validit\u00e0 del Sistema aeroportuale calabrese e la qualit\u00e0 di un impegno di Sacal nella sua gestione<\/em>\u201d.<\/p>\n<p>I nuovi voli <strong>Crotone-Bologna<\/strong> avranno frequenza tre volte a settimana; due volte a settimana, invece, sar\u00e0 la frequenza del nuovo volo <strong>Crotone-Norimberga<\/strong>. I due nuovi collegamenti vanno ad aggiungersi a quello giornaliero gi\u00e0 attivo dall\u2019aeroporto calabrese verso Bergamo.<\/p>\n<p>Il nuovo volo <strong>Lamezia-Malta<\/strong> avr\u00e0 frequenza bisettimanale e porter\u00e0 a 11 le rotte attive da Lamezia Terme, andandosi ad aggiungere ai voli gi\u00e0 operativi per Bologna (11 voli a settimana) Bruxelles Charleroi, Francoforte Hahn, Cracovia, Baden-Baden (2 voli a settimana), Londra Stansted (4 voli a settimana), Milano Bergamo (3 voli giornalieri), Milano Malpensa (2 voli al giorno), Pisa e Treviso (giornaliero)<\/p>\n<p>\u201c<em>Ryanair sta supportando Sacal per sviluppare procedure di navigazione d\u2019area (RNAV- Area Navigation) presso Reggio Calabria da sottoporre a <strong>Enav<\/strong> ed <strong><a href=\"https:\/\/www.enac.gov.it\/\" target=\"_blank\" rel=\"noopener\">Enac<\/a><\/strong> a inizio dicembre<\/em> \u2013 ha dichiarato <strong>David O\u2019Brien<\/strong>, chief commercial officer della compagnia irlandese \u2013. <em>Ryanair pu\u00f2 introdurre rotte domestiche e internazionali da Reggio da aprile 2019, previa conclusione dell\u2019iter burocratico per l\u2019inizio del nuovo anno.<br \/>\nSiamo lieti di lanciare la nostra programmazione estiva 2019 dalla Calabria, con 14 rotte, tra cui 3 novit\u00e0 da\/per Bologna, Norimberga e Malta, che permetteranno di trasportare 1,4 milioni di clienti attraverso gli aeroporti di Crotone e Lamezia, supportando oltre 1.000 posti di lavoro in Calabria<\/em>\u201d.<\/p>\n","protected":false},"excerpt":{"rendered":"<p>Prevede l\u2019avvio di tre nuove rotte la pianificazione estiva di Ryanair dalla Calabria: 2 nuove rotte da Crotone per Bologna<\/p>\n","protected":false},"author":1,"featured_media":895,"comment_status":"closed","ping_status":"open","sticky":false,"template":"","format":"standard","meta":{"colormag_page_container_layout":"default_layout","colormag_page_sidebar_layout":"default_layout","footnotes":""},"categories":[32,3],"tags":[1190,1191,1192,38,666,789],"class_list":["post-1882","post","type-post","status-publish","format-standard","has-post-thumbnail","hentry","category-prima-pagina","category-industria","tag-aeroporto-di-crotone","tag-aeroporto-di-lamezia-terme","tag-david-obrien","tag-ryanair","tag-sacal","tag-summer-schedule-19"],"yoast_head":"<!-- This site is optimized with the Yoast SEO plugin v26.8 - https:\/\/yoast.com\/product\/yoast-seo-wordpress\/ -->\n<title>RYANAIR: NUOVI VOLI DALLA CALABRIA IN ESTATE &#187; Spazio-News Magazine<\/title>\n<meta name=\"description\" content=\"Prevede l&#039;attivazione di 3 nuove rotte la pianificazione estiva 2019 di Ryanair dalla Calabria. Due nuove rotte da Crotone e 1 nuova rotta da Lamezia\" \/>\n<meta name=\"robots\" content=\"index, follow, max-snippet:-1, max-image-preview:large, max-video-preview:-1\" \/>\n<link rel=\"canonical\" href=\"http:\/\/spazio-news.it\/?p=1882\" \/>\n<meta property=\"og:locale\" content=\"it_IT\" \/>\n<meta property=\"og:type\" content=\"article\" \/>\n<meta property=\"og:title\" content=\"RYANAIR: NUOVI VOLI DALLA CALABRIA IN ESTATE &#187; Spazio-News Magazine\" \/>\n<meta property=\"og:description\" content=\"Prevede l&#039;attivazione di 3 nuove rotte la pianificazione estiva 2019 di Ryanair dalla Calabria. Due nuove rotte da Crotone e 1 nuova rotta da Lamezia\" \/>\n<meta property=\"og:url\" content=\"http:\/\/spazio-news.it\/?p=1882\" \/>\n<meta property=\"og:site_name\" content=\"Spazio-News Magazine\" \/>\n<meta property=\"article:publisher\" content=\"https:\/\/m.facebook.com\/spazio-news-magazine\" \/>\n<meta property=\"article:author\" content=\"@SpazioNewsMagazine\" \/>\n<meta property=\"article:published_time\" content=\"2018-10-29T07:03:17+00:00\" \/>\n<meta property=\"article:modified_time\" content=\"2018-11-03T17:27:02+00:00\" \/>\n<meta property=\"og:image\" content=\"http:\/\/spazio-news.it\/wp-content\/uploads\/2018\/09\/Ryanair_Aircraft-Spazio-news-e1536822511559.jpeg\" \/>\n\t<meta property=\"og:image:width\" content=\"800\" \/>\n\t<meta property=\"og:image:height\" content=\"446\" \/>\n\t<meta property=\"og:image:type\" content=\"image\/jpeg\" \/>\n<meta name=\"author\" content=\"Redazione\" \/>\n<meta name=\"twitter:card\" content=\"summary_large_image\" \/>\n<meta name=\"twitter:creator\" content=\"@news_spazio\" \/>\n<meta name=\"twitter:site\" content=\"@News_spazio\" \/>\n<meta name=\"twitter:label1\" content=\"Scritto da\" \/>\n\t<meta name=\"twitter:data1\" content=\"Redazione\" \/>\n\t<meta name=\"twitter:label2\" content=\"Tempo di lettura stimato\" \/>\n\t<meta name=\"twitter:data2\" content=\"2 minuti\" \/>\n<script type=\"application\/ld+json\" class=\"yoast-schema-graph\">{\"@context\":\"https:\/\/schema.org\",\"@graph\":[{\"@type\":\"NewsArticle\",\"@id\":\"http:\/\/spazio-news.it\/?p=1882#article\",\"isPartOf\":{\"@id\":\"http:\/\/spazio-news.it\/?p=1882\"},\"author\":{\"name\":\"Redazione\",\"@id\":\"http:\/\/spazio-news.it\/#\/schema\/person\/c600904e882e9e166ed8e5e3773d37b3\"},\"headline\":\"RYANAIR: NUOVI VOLI DALLA CALABRIA IN ESTATE\",\"datePublished\":\"2018-10-29T07:03:17+00:00\",\"dateModified\":\"2018-11-03T17:27:02+00:00\",\"mainEntityOfPage\":{\"@id\":\"http:\/\/spazio-news.it\/?p=1882\"},\"wordCount\":340,\"publisher\":{\"@id\":\"http:\/\/spazio-news.it\/#organization\"},\"image\":{\"@id\":\"http:\/\/spazio-news.it\/?p=1882#primaryimage\"},\"thumbnailUrl\":\"http:\/\/spazio-news.it\/wp-content\/uploads\/2018\/09\/Ryanair_Aircraft-Spazio-news-e1536822511559.jpeg\",\"keywords\":[\"Aeroporto di Crotone\",\"Aeroporto di Lamezia Terme\",\"David O'Brien\",\"Ryanair\",\"sacal\",\"Summer schedule 19\"],\"articleSection\":[\"01 - PRIMA PAGINA\",\"02 - INDUSTRIA\"],\"inLanguage\":\"it-IT\"},{\"@type\":\"WebPage\",\"@id\":\"http:\/\/spazio-news.it\/?p=1882\",\"url\":\"http:\/\/spazio-news.it\/?p=1882\",\"name\":\"RYANAIR: NUOVI VOLI DALLA CALABRIA IN ESTATE &#187; Spazio-News Magazine\",\"isPartOf\":{\"@id\":\"http:\/\/spazio-news.it\/#website\"},\"primaryImageOfPage\":{\"@id\":\"http:\/\/spazio-news.it\/?p=1882#primaryimage\"},\"image\":{\"@id\":\"http:\/\/spazio-news.it\/?p=1882#primaryimage\"},\"thumbnailUrl\":\"http:\/\/spazio-news.it\/wp-content\/uploads\/2018\/09\/Ryanair_Aircraft-Spazio-news-e1536822511559.jpeg\",\"datePublished\":\"2018-10-29T07:03:17+00:00\",\"dateModified\":\"2018-11-03T17:27:02+00:00\",\"description\":\"Prevede l'attivazione di 3 nuove rotte la pianificazione estiva 2019 di Ryanair dalla Calabria. Due nuove rotte da Crotone e 1 nuova rotta da Lamezia\",\"breadcrumb\":{\"@id\":\"http:\/\/spazio-news.it\/?p=1882#breadcrumb\"},\"inLanguage\":\"it-IT\",\"potentialAction\":[{\"@type\":\"ReadAction\",\"target\":[\"http:\/\/spazio-news.it\/?p=1882\"]}]},{\"@type\":\"ImageObject\",\"inLanguage\":\"it-IT\",\"@id\":\"http:\/\/spazio-news.it\/?p=1882#primaryimage\",\"url\":\"http:\/\/spazio-news.it\/wp-content\/uploads\/2018\/09\/Ryanair_Aircraft-Spazio-news-e1536822511559.jpeg\",\"contentUrl\":\"http:\/\/spazio-news.it\/wp-content\/uploads\/2018\/09\/Ryanair_Aircraft-Spazio-news-e1536822511559.jpeg\",\"width\":800,\"height\":446,\"caption\":\"Ryanair_Aircraft-Spazio-news\"},{\"@type\":\"BreadcrumbList\",\"@id\":\"http:\/\/spazio-news.it\/?p=1882#breadcrumb\",\"itemListElement\":[{\"@type\":\"ListItem\",\"position\":1,\"name\":\"Home\",\"item\":\"http:\/\/spazio-news.it\/\"},{\"@type\":\"ListItem\",\"position\":2,\"name\":\"RYANAIR: NUOVI VOLI DALLA CALABRIA IN ESTATE\"}]},{\"@type\":\"WebSite\",\"@id\":\"http:\/\/spazio-news.it\/#website\",\"url\":\"http:\/\/spazio-news.it\/\",\"name\":\"Spazio-News Magazine\",\"description\":\"La guida che sfida la complessit\u00e0 del mondo industriale\",\"publisher\":{\"@id\":\"http:\/\/spazio-news.it\/#organization\"},\"alternateName\":\"Spazio-news.it\",\"potentialAction\":[{\"@type\":\"SearchAction\",\"target\":{\"@type\":\"EntryPoint\",\"urlTemplate\":\"http:\/\/spazio-news.it\/?s={search_term_string}\"},\"query-input\":{\"@type\":\"PropertyValueSpecification\",\"valueRequired\":true,\"valueName\":\"search_term_string\"}}],\"inLanguage\":\"it-IT\"},{\"@type\":\"Organization\",\"@id\":\"http:\/\/spazio-news.it\/#organization\",\"name\":\"Spazio-News Magazine\",\"url\":\"http:\/\/spazio-news.it\/\",\"logo\":{\"@type\":\"ImageObject\",\"inLanguage\":\"it-IT\",\"@id\":\"http:\/\/spazio-news.it\/#\/schema\/logo\/image\/\",\"url\":\"http:\/\/spazio-news.it\/wp-content\/uploads\/2023\/09\/Logo-Spazio-News-512-x-512-NO-testo.jpg\",\"contentUrl\":\"http:\/\/spazio-news.it\/wp-content\/uploads\/2023\/09\/Logo-Spazio-News-512-x-512-NO-testo.jpg\",\"width\":512,\"height\":512,\"caption\":\"Spazio-News Magazine\"},\"image\":{\"@id\":\"http:\/\/spazio-news.it\/#\/schema\/logo\/image\/\"},\"sameAs\":[\"https:\/\/m.facebook.com\/spazio-news-magazine\",\"https:\/\/x.com\/News_spazio\"]},{\"@type\":\"Person\",\"@id\":\"http:\/\/spazio-news.it\/#\/schema\/person\/c600904e882e9e166ed8e5e3773d37b3\",\"name\":\"Redazione\",\"sameAs\":[\"http:\/\/spazio-news.it\",\"@SpazioNewsMagazine\",\"https:\/\/x.com\/@news_spazio\"],\"url\":\"http:\/\/spazio-news.it\/?author=1\"}]}<\/script>\n<!-- \/ Yoast SEO plugin. -->","yoast_head_json":{"title":"RYANAIR: NUOVI VOLI DALLA CALABRIA IN ESTATE &#187; Spazio-News Magazine","description":"Prevede l'attivazione di 3 nuove rotte la pianificazione estiva 2019 di Ryanair dalla Calabria. Due nuove rotte da Crotone e 1 nuova rotta da Lamezia","robots":{"index":"index","follow":"follow","max-snippet":"max-snippet:-1","max-image-preview":"max-image-preview:large","max-video-preview":"max-video-preview:-1"},"canonical":"http:\/\/spazio-news.it\/?p=1882","og_locale":"it_IT","og_type":"article","og_title":"RYANAIR: NUOVI VOLI DALLA CALABRIA IN ESTATE &#187; Spazio-News Magazine","og_description":"Prevede l'attivazione di 3 nuove rotte la pianificazione estiva 2019 di Ryanair dalla Calabria. Due nuove rotte da Crotone e 1 nuova rotta da Lamezia","og_url":"http:\/\/spazio-news.it\/?p=1882","og_site_name":"Spazio-News Magazine","article_publisher":"https:\/\/m.facebook.com\/spazio-news-magazine","article_author":"@SpazioNewsMagazine","article_published_time":"2018-10-29T07:03:17+00:00","article_modified_time":"2018-11-03T17:27:02+00:00","og_image":[{"width":800,"height":446,"url":"http:\/\/spazio-news.it\/wp-content\/uploads\/2018\/09\/Ryanair_Aircraft-Spazio-news-e1536822511559.jpeg","type":"image\/jpeg"}],"author":"Redazione","twitter_card":"summary_large_image","twitter_creator":"@news_spazio","twitter_site":"@News_spazio","twitter_misc":{"Scritto da":"Redazione","Tempo di lettura stimato":"2 minuti"},"schema":{"@context":"https:\/\/schema.org","@graph":[{"@type":"NewsArticle","@id":"http:\/\/spazio-news.it\/?p=1882#article","isPartOf":{"@id":"http:\/\/spazio-news.it\/?p=1882"},"author":{"name":"Redazione","@id":"http:\/\/spazio-news.it\/#\/schema\/person\/c600904e882e9e166ed8e5e3773d37b3"},"headline":"RYANAIR: NUOVI VOLI DALLA CALABRIA IN ESTATE","datePublished":"2018-10-29T07:03:17+00:00","dateModified":"2018-11-03T17:27:02+00:00","mainEntityOfPage":{"@id":"http:\/\/spazio-news.it\/?p=1882"},"wordCount":340,"publisher":{"@id":"http:\/\/spazio-news.it\/#organization"},"image":{"@id":"http:\/\/spazio-news.it\/?p=1882#primaryimage"},"thumbnailUrl":"http:\/\/spazio-news.it\/wp-content\/uploads\/2018\/09\/Ryanair_Aircraft-Spazio-news-e1536822511559.jpeg","keywords":["Aeroporto di Crotone","Aeroporto di Lamezia Terme","David O'Brien","Ryanair","sacal","Summer schedule 19"],"articleSection":["01 - PRIMA PAGINA","02 - INDUSTRIA"],"inLanguage":"it-IT"},{"@type":"WebPage","@id":"http:\/\/spazio-news.it\/?p=1882","url":"http:\/\/spazio-news.it\/?p=1882","name":"RYANAIR: NUOVI VOLI DALLA CALABRIA IN ESTATE &#187; Spazio-News Magazine","isPartOf":{"@id":"http:\/\/spazio-news.it\/#website"},"primaryImageOfPage":{"@id":"http:\/\/spazio-news.it\/?p=1882#primaryimage"},"image":{"@id":"http:\/\/spazio-news.it\/?p=1882#primaryimage"},"thumbnailUrl":"http:\/\/spazio-news.it\/wp-content\/uploads\/2018\/09\/Ryanair_Aircraft-Spazio-news-e1536822511559.jpeg","datePublished":"2018-10-29T07:03:17+00:00","dateModified":"2018-11-03T17:27:02+00:00","description":"Prevede l'attivazione di 3 nuove rotte la pianificazione estiva 2019 di Ryanair dalla Calabria. Due nuove rotte da Crotone e 1 nuova rotta da Lamezia","breadcrumb":{"@id":"http:\/\/spazio-news.it\/?p=1882#breadcrumb"},"inLanguage":"it-IT","potentialAction":[{"@type":"ReadAction","target":["http:\/\/spazio-news.it\/?p=1882"]}]},{"@type":"ImageObject","inLanguage":"it-IT","@id":"http:\/\/spazio-news.it\/?p=1882#primaryimage","url":"http:\/\/spazio-news.it\/wp-content\/uploads\/2018\/09\/Ryanair_Aircraft-Spazio-news-e1536822511559.jpeg","contentUrl":"http:\/\/spazio-news.it\/wp-content\/uploads\/2018\/09\/Ryanair_Aircraft-Spazio-news-e1536822511559.jpeg","width":800,"height":446,"caption":"Ryanair_Aircraft-Spazio-news"},{"@type":"BreadcrumbList","@id":"http:\/\/spazio-news.it\/?p=1882#breadcrumb","itemListElement":[{"@type":"ListItem","position":1,"name":"Home","item":"http:\/\/spazio-news.it\/"},{"@type":"ListItem","position":2,"name":"RYANAIR: NUOVI VOLI DALLA CALABRIA IN ESTATE"}]},{"@type":"WebSite","@id":"http:\/\/spazio-news.it\/#website","url":"http:\/\/spazio-news.it\/","name":"Spazio-News Magazine","description":"La guida che sfida la complessit\u00e0 del mondo industriale","publisher":{"@id":"http:\/\/spazio-news.it\/#organization"},"alternateName":"Spazio-news.it","potentialAction":[{"@type":"SearchAction","target":{"@type":"EntryPoint","urlTemplate":"http:\/\/spazio-news.it\/?s={search_term_string}"},"query-input":{"@type":"PropertyValueSpecification","valueRequired":true,"valueName":"search_term_string"}}],"inLanguage":"it-IT"},{"@type":"Organization","@id":"http:\/\/spazio-news.it\/#organization","name":"Spazio-News Magazine","url":"http:\/\/spazio-news.it\/","logo":{"@type":"ImageObject","inLanguage":"it-IT","@id":"http:\/\/spazio-news.it\/#\/schema\/logo\/image\/","url":"http:\/\/spazio-news.it\/wp-content\/uploads\/2023\/09\/Logo-Spazio-News-512-x-512-NO-testo.jpg","contentUrl":"http:\/\/spazio-news.it\/wp-content\/uploads\/2023\/09\/Logo-Spazio-News-512-x-512-NO-testo.jpg","width":512,"height":512,"caption":"Spazio-News Magazine"},"image":{"@id":"http:\/\/spazio-news.it\/#\/schema\/logo\/image\/"},"sameAs":["https:\/\/m.facebook.com\/spazio-news-magazine","https:\/\/x.com\/News_spazio"]},{"@type":"Person","@id":"http:\/\/spazio-news.it\/#\/schema\/person\/c600904e882e9e166ed8e5e3773d37b3","name":"Redazione","sameAs":["http:\/\/spazio-news.it","@SpazioNewsMagazine","https:\/\/x.com\/@news_spazio"],"url":"http:\/\/spazio-news.it\/?author=1"}]}},"_links":{"self":[{"href":"http:\/\/spazio-news.it\/index.php?rest_route=\/wp\/v2\/posts\/1882","targetHints":{"allow":["GET"]}}],"collection":[{"href":"http:\/\/spazio-news.it\/index.php?rest_route=\/wp\/v2\/posts"}],"about":[{"href":"http:\/\/spazio-news.it\/index.php?rest_route=\/wp\/v2\/types\/post"}],"author":[{"embeddable":true,"href":"http:\/\/spazio-news.it\/index.php?rest_route=\/wp\/v2\/users\/1"}],"replies":[{"embeddable":true,"href":"http:\/\/spazio-news.it\/index.php?rest_route=%2Fwp%2Fv2%2Fcomments&post=1882"}],"version-history":[{"count":3,"href":"http:\/\/spazio-news.it\/index.php?rest_route=\/wp\/v2\/posts\/1882\/revisions"}],"predecessor-version":[{"id":1977,"href":"http:\/\/spazio-news.it\/index.php?rest_route=\/wp\/v2\/posts\/1882\/revisions\/1977"}],"wp:featuredmedia":[{"embeddable":true,"href":"http:\/\/spazio-news.it\/index.php?rest_route=\/wp\/v2\/media\/895"}],"wp:attachment":[{"href":"http:\/\/spazio-news.it\/index.php?rest_route=%2Fwp%2Fv2%2Fmedia&parent=1882"}],"wp:term":[{"taxonomy":"category","embeddable":true,"href":"http:\/\/spazio-news.it\/index.php?rest_route=%2Fwp%2Fv2%2Fcategories&post=1882"},{"taxonomy":"post_tag","embeddable":true,"href":"http:\/\/spazio-news.it\/index.php?rest_route=%2Fwp%2Fv2%2Ftags&post=1882"}],"curies":[{"name":"wp","href":"https:\/\/api.w.org\/{rel}","templated":true}]}}