{"id":1910,"date":"2018-10-29T15:43:20","date_gmt":"2018-10-29T14:43:20","guid":{"rendered":"http:\/\/spazio-news.it\/?p=1910"},"modified":"2026-01-29T19:50:05","modified_gmt":"2026-01-29T18:50:05","slug":"iberia-continua-espansione-in-america-latina","status":"publish","type":"post","link":"http:\/\/spazio-news.it\/?p=1910","title":{"rendered":"IBERIA: CONTINUA ESPANSIONE IN AMERICA LATINA"},"content":{"rendered":"<p>Iberia rafforza la propria presenza in America Latina e pianifica un aumento della capacit\u00e0 su diverse rotte nella stagione estiva 2019.<br \/>\nLa compagnia aumenter\u00e0 in numero di voli e di posti sui collegamenti per Buenos Aires, Citt\u00e0 del Messico, Santiago del Cile, Citt\u00e0 del Guatemala ed El Salvador gi\u00e0 quest\u2019inverno, mentre per la prossima estate \u00e8 prevista un\u2019espansione su quattro altri importanti mercati come parte della propria strategia nel Continente. <\/p>\n<p><strong>Brasile<\/strong> \u2013 Lo scorso mese di giugno la compagnia ha aumentato il numero di voli tra Madrid e <strong>Rio de Janeiro<\/strong> da due a cinque a settimana e il prossimo mese di luglio il collegamento diventer\u00e0 quotidiano, offrendo oltre 180.000 posti all\u2019anno (+32%).<\/p>\n<p><strong>Uruguay<\/strong> \u2013 Da luglio il volo <strong>Madrid-Montevideo<\/strong> diventer\u00e0 quotidiano (da sei voli settimanali), con un aumento del 20% dei posti disponibili.<\/p>\n<p><strong>Ecuador<\/strong> \u2013 Iberia potenzia i collegamenti con <strong>Quito<\/strong> e anche in questo caso a partire da luglio, il volo diventer\u00e0 quotidiano (da sei voli settimanali), con l\u2019utilizzo dell\u2019aereo pi\u00f9 grande della compagnia, l\u2019 Airbus A340\/600. Il volo aggiuntivo rappresenta un aumento di posti disponibili di circa il 9,4% all\u2019anno.<br \/>\nPeru \u2013 Iberia offirir\u00e0 100 voli per Lima nei mesi di luglio e agosto, con oltre 2000 posti in pi\u00f9 su questa rotta.<\/p>\n<p>La prossima estate, Iberia riattiver\u00e0 il volo diretto <strong>Madrid-San Francisco<\/strong> lanciato la scorsa estate da aprile a settembre, con tre frequenze a settimana. Il volo sar\u00e0 operato con A330\/200 da 289 posti, per un totale di circa 40.000 posti<\/p>\n<p>Nel 2019 Iberia ricever\u00e0 in consegna altri tre <a href=\"https:\/\/www.airbus.com\/\" rel=\"noopener\" target=\"_blank\">Airbus<\/a> <strong>A350<\/strong>, velivoli di nuova generazione \u2013 attualmente operativi sulla rotta Madrid-New York \u2013 che verranno impiegati su nuove rotte, a partire dal volo Buenos Aires-Chicago da maggio. <\/p>\n<p>Dal prossimo febbraio l\u2019A350 verr\u00e0 gradualmente introdotto sulla rotta Madrid-Buenos Aires e, nel corso dell\u2019anno, un A350 sar\u00e0 utilizzato per uno dei voli quotidiani tra Spagna e Argentina.<\/p>\n","protected":false},"excerpt":{"rendered":"<p>Iberia rafforza la propria presenza in America Latina e pianifica un aumento della capacit\u00e0 su diverse rotte nella stagione estiva<\/p>\n","protected":false},"author":1,"featured_media":1911,"comment_status":"closed","ping_status":"open","sticky":false,"template":"","format":"standard","meta":{"colormag_page_container_layout":"default_layout","colormag_page_sidebar_layout":"default_layout","footnotes":""},"categories":[32,1],"tags":[33,1207,376,1206,789,1154],"class_list":["post-1910","post","type-post","status-publish","format-standard","has-post-thumbnail","hentry","category-prima-pagina","category-notizie-di-servizio","tag-airbus","tag-america-latina","tag-compagnie-aeree","tag-iberia","tag-summer-schedule-19","tag-winter-schedule-2018-2019"],"yoast_head":"<!-- This site is optimized with the Yoast SEO plugin v26.8 - https:\/\/yoast.com\/product\/yoast-seo-wordpress\/ -->\n<title>IBERIA: CONTINUA ESPANSIONE IN AMERICA LATINA &#187; Spazio-News Magazine<\/title>\n<meta name=\"description\" content=\"Iberia aumenta frequenza dei voli verso diversi Paesi dell&#039;America Latina, e introduce su alcune rotte il nuovo Airbus A350, aumentando posti disponibili\" \/>\n<meta name=\"robots\" content=\"index, follow, max-snippet:-1, max-image-preview:large, max-video-preview:-1\" \/>\n<link rel=\"canonical\" href=\"http:\/\/spazio-news.it\/?p=1910\" \/>\n<meta property=\"og:locale\" content=\"it_IT\" \/>\n<meta property=\"og:type\" content=\"article\" \/>\n<meta property=\"og:title\" content=\"IBERIA: CONTINUA ESPANSIONE IN AMERICA LATINA &#187; Spazio-News Magazine\" \/>\n<meta property=\"og:description\" content=\"Iberia aumenta frequenza dei voli verso diversi Paesi dell&#039;America Latina, e introduce su alcune rotte il nuovo Airbus A350, aumentando posti disponibili\" \/>\n<meta property=\"og:url\" content=\"http:\/\/spazio-news.it\/?p=1910\" \/>\n<meta property=\"og:site_name\" content=\"Spazio-News Magazine\" \/>\n<meta property=\"article:publisher\" content=\"https:\/\/m.facebook.com\/spazio-news-magazine\" \/>\n<meta property=\"article:author\" content=\"@SpazioNewsMagazine\" \/>\n<meta property=\"article:published_time\" content=\"2018-10-29T14:43:20+00:00\" \/>\n<meta property=\"article:modified_time\" content=\"2026-01-29T18:50:05+00:00\" \/>\n<meta property=\"og:image\" content=\"http:\/\/spazio-news.it\/wp-content\/uploads\/2018\/10\/Iberia_A350-900_Spazio-news-e1540923092785.jpg\" \/>\n\t<meta property=\"og:image:width\" content=\"800\" \/>\n\t<meta property=\"og:image:height\" content=\"448\" \/>\n\t<meta property=\"og:image:type\" content=\"image\/jpeg\" \/>\n<meta name=\"author\" content=\"Redazione\" \/>\n<meta name=\"twitter:card\" content=\"summary_large_image\" \/>\n<meta name=\"twitter:creator\" content=\"@news_spazio\" \/>\n<meta name=\"twitter:site\" content=\"@News_spazio\" \/>\n<meta name=\"twitter:label1\" content=\"Scritto da\" \/>\n\t<meta name=\"twitter:data1\" content=\"Redazione\" \/>\n\t<meta name=\"twitter:label2\" content=\"Tempo di lettura stimato\" \/>\n\t<meta name=\"twitter:data2\" content=\"2 minuti\" \/>\n<script type=\"application\/ld+json\" class=\"yoast-schema-graph\">{\"@context\":\"https:\/\/schema.org\",\"@graph\":[{\"@type\":\"NewsArticle\",\"@id\":\"http:\/\/spazio-news.it\/?p=1910#article\",\"isPartOf\":{\"@id\":\"http:\/\/spazio-news.it\/?p=1910\"},\"author\":{\"name\":\"Redazione\",\"@id\":\"http:\/\/spazio-news.it\/#\/schema\/person\/c600904e882e9e166ed8e5e3773d37b3\"},\"headline\":\"IBERIA: CONTINUA ESPANSIONE IN AMERICA LATINA\",\"datePublished\":\"2018-10-29T14:43:20+00:00\",\"dateModified\":\"2026-01-29T18:50:05+00:00\",\"mainEntityOfPage\":{\"@id\":\"http:\/\/spazio-news.it\/?p=1910\"},\"wordCount\":306,\"publisher\":{\"@id\":\"http:\/\/spazio-news.it\/#organization\"},\"image\":{\"@id\":\"http:\/\/spazio-news.it\/?p=1910#primaryimage\"},\"thumbnailUrl\":\"http:\/\/spazio-news.it\/wp-content\/uploads\/2018\/10\/Iberia_A350-900_Spazio-news-e1540923092785.jpg\",\"keywords\":[\"Airbus\",\"America Latina\",\"Compagnie aeree\",\"Iberia\",\"Summer schedule 19\",\"Winter schedule 2018\/2019\"],\"articleSection\":[\"01 - PRIMA PAGINA\",\"08 - NOTIZIE DI SERVIZIO\"],\"inLanguage\":\"it-IT\"},{\"@type\":\"WebPage\",\"@id\":\"http:\/\/spazio-news.it\/?p=1910\",\"url\":\"http:\/\/spazio-news.it\/?p=1910\",\"name\":\"IBERIA: CONTINUA ESPANSIONE IN AMERICA LATINA &#187; Spazio-News Magazine\",\"isPartOf\":{\"@id\":\"http:\/\/spazio-news.it\/#website\"},\"primaryImageOfPage\":{\"@id\":\"http:\/\/spazio-news.it\/?p=1910#primaryimage\"},\"image\":{\"@id\":\"http:\/\/spazio-news.it\/?p=1910#primaryimage\"},\"thumbnailUrl\":\"http:\/\/spazio-news.it\/wp-content\/uploads\/2018\/10\/Iberia_A350-900_Spazio-news-e1540923092785.jpg\",\"datePublished\":\"2018-10-29T14:43:20+00:00\",\"dateModified\":\"2026-01-29T18:50:05+00:00\",\"description\":\"Iberia aumenta frequenza dei voli verso diversi Paesi dell'America Latina, e introduce su alcune rotte il nuovo Airbus A350, aumentando posti disponibili\",\"breadcrumb\":{\"@id\":\"http:\/\/spazio-news.it\/?p=1910#breadcrumb\"},\"inLanguage\":\"it-IT\",\"potentialAction\":[{\"@type\":\"ReadAction\",\"target\":[\"http:\/\/spazio-news.it\/?p=1910\"]}]},{\"@type\":\"ImageObject\",\"inLanguage\":\"it-IT\",\"@id\":\"http:\/\/spazio-news.it\/?p=1910#primaryimage\",\"url\":\"http:\/\/spazio-news.it\/wp-content\/uploads\/2018\/10\/Iberia_A350-900_Spazio-news-e1540923092785.jpg\",\"contentUrl\":\"http:\/\/spazio-news.it\/wp-content\/uploads\/2018\/10\/Iberia_A350-900_Spazio-news-e1540923092785.jpg\",\"width\":800,\"height\":448,\"caption\":\"Iberia_A350-900_Spazio-news\"},{\"@type\":\"BreadcrumbList\",\"@id\":\"http:\/\/spazio-news.it\/?p=1910#breadcrumb\",\"itemListElement\":[{\"@type\":\"ListItem\",\"position\":1,\"name\":\"Home\",\"item\":\"http:\/\/spazio-news.it\/\"},{\"@type\":\"ListItem\",\"position\":2,\"name\":\"IBERIA: CONTINUA ESPANSIONE IN AMERICA LATINA\"}]},{\"@type\":\"WebSite\",\"@id\":\"http:\/\/spazio-news.it\/#website\",\"url\":\"http:\/\/spazio-news.it\/\",\"name\":\"Spazio-News Magazine\",\"description\":\"La guida che sfida la complessit\u00e0 del mondo industriale\",\"publisher\":{\"@id\":\"http:\/\/spazio-news.it\/#organization\"},\"alternateName\":\"Spazio-news.it\",\"potentialAction\":[{\"@type\":\"SearchAction\",\"target\":{\"@type\":\"EntryPoint\",\"urlTemplate\":\"http:\/\/spazio-news.it\/?s={search_term_string}\"},\"query-input\":{\"@type\":\"PropertyValueSpecification\",\"valueRequired\":true,\"valueName\":\"search_term_string\"}}],\"inLanguage\":\"it-IT\"},{\"@type\":\"Organization\",\"@id\":\"http:\/\/spazio-news.it\/#organization\",\"name\":\"Spazio-News Magazine\",\"url\":\"http:\/\/spazio-news.it\/\",\"logo\":{\"@type\":\"ImageObject\",\"inLanguage\":\"it-IT\",\"@id\":\"http:\/\/spazio-news.it\/#\/schema\/logo\/image\/\",\"url\":\"http:\/\/spazio-news.it\/wp-content\/uploads\/2023\/09\/Logo-Spazio-News-512-x-512-NO-testo.jpg\",\"contentUrl\":\"http:\/\/spazio-news.it\/wp-content\/uploads\/2023\/09\/Logo-Spazio-News-512-x-512-NO-testo.jpg\",\"width\":512,\"height\":512,\"caption\":\"Spazio-News Magazine\"},\"image\":{\"@id\":\"http:\/\/spazio-news.it\/#\/schema\/logo\/image\/\"},\"sameAs\":[\"https:\/\/m.facebook.com\/spazio-news-magazine\",\"https:\/\/x.com\/News_spazio\"]},{\"@type\":\"Person\",\"@id\":\"http:\/\/spazio-news.it\/#\/schema\/person\/c600904e882e9e166ed8e5e3773d37b3\",\"name\":\"Redazione\",\"sameAs\":[\"http:\/\/spazio-news.it\",\"@SpazioNewsMagazine\",\"https:\/\/x.com\/@news_spazio\"],\"url\":\"http:\/\/spazio-news.it\/?author=1\"}]}<\/script>\n<!-- \/ Yoast SEO plugin. -->","yoast_head_json":{"title":"IBERIA: CONTINUA ESPANSIONE IN AMERICA LATINA &#187; Spazio-News Magazine","description":"Iberia aumenta frequenza dei voli verso diversi Paesi dell'America Latina, e introduce su alcune rotte il nuovo Airbus A350, aumentando posti disponibili","robots":{"index":"index","follow":"follow","max-snippet":"max-snippet:-1","max-image-preview":"max-image-preview:large","max-video-preview":"max-video-preview:-1"},"canonical":"http:\/\/spazio-news.it\/?p=1910","og_locale":"it_IT","og_type":"article","og_title":"IBERIA: CONTINUA ESPANSIONE IN AMERICA LATINA &#187; Spazio-News Magazine","og_description":"Iberia aumenta frequenza dei voli verso diversi Paesi dell'America Latina, e introduce su alcune rotte il nuovo Airbus A350, aumentando posti disponibili","og_url":"http:\/\/spazio-news.it\/?p=1910","og_site_name":"Spazio-News Magazine","article_publisher":"https:\/\/m.facebook.com\/spazio-news-magazine","article_author":"@SpazioNewsMagazine","article_published_time":"2018-10-29T14:43:20+00:00","article_modified_time":"2026-01-29T18:50:05+00:00","og_image":[{"width":800,"height":448,"url":"http:\/\/spazio-news.it\/wp-content\/uploads\/2018\/10\/Iberia_A350-900_Spazio-news-e1540923092785.jpg","type":"image\/jpeg"}],"author":"Redazione","twitter_card":"summary_large_image","twitter_creator":"@news_spazio","twitter_site":"@News_spazio","twitter_misc":{"Scritto da":"Redazione","Tempo di lettura stimato":"2 minuti"},"schema":{"@context":"https:\/\/schema.org","@graph":[{"@type":"NewsArticle","@id":"http:\/\/spazio-news.it\/?p=1910#article","isPartOf":{"@id":"http:\/\/spazio-news.it\/?p=1910"},"author":{"name":"Redazione","@id":"http:\/\/spazio-news.it\/#\/schema\/person\/c600904e882e9e166ed8e5e3773d37b3"},"headline":"IBERIA: CONTINUA ESPANSIONE IN AMERICA LATINA","datePublished":"2018-10-29T14:43:20+00:00","dateModified":"2026-01-29T18:50:05+00:00","mainEntityOfPage":{"@id":"http:\/\/spazio-news.it\/?p=1910"},"wordCount":306,"publisher":{"@id":"http:\/\/spazio-news.it\/#organization"},"image":{"@id":"http:\/\/spazio-news.it\/?p=1910#primaryimage"},"thumbnailUrl":"http:\/\/spazio-news.it\/wp-content\/uploads\/2018\/10\/Iberia_A350-900_Spazio-news-e1540923092785.jpg","keywords":["Airbus","America Latina","Compagnie aeree","Iberia","Summer schedule 19","Winter schedule 2018\/2019"],"articleSection":["01 - PRIMA PAGINA","08 - NOTIZIE DI SERVIZIO"],"inLanguage":"it-IT"},{"@type":"WebPage","@id":"http:\/\/spazio-news.it\/?p=1910","url":"http:\/\/spazio-news.it\/?p=1910","name":"IBERIA: CONTINUA ESPANSIONE IN AMERICA LATINA &#187; Spazio-News Magazine","isPartOf":{"@id":"http:\/\/spazio-news.it\/#website"},"primaryImageOfPage":{"@id":"http:\/\/spazio-news.it\/?p=1910#primaryimage"},"image":{"@id":"http:\/\/spazio-news.it\/?p=1910#primaryimage"},"thumbnailUrl":"http:\/\/spazio-news.it\/wp-content\/uploads\/2018\/10\/Iberia_A350-900_Spazio-news-e1540923092785.jpg","datePublished":"2018-10-29T14:43:20+00:00","dateModified":"2026-01-29T18:50:05+00:00","description":"Iberia aumenta frequenza dei voli verso diversi Paesi dell'America Latina, e introduce su alcune rotte il nuovo Airbus A350, aumentando posti disponibili","breadcrumb":{"@id":"http:\/\/spazio-news.it\/?p=1910#breadcrumb"},"inLanguage":"it-IT","potentialAction":[{"@type":"ReadAction","target":["http:\/\/spazio-news.it\/?p=1910"]}]},{"@type":"ImageObject","inLanguage":"it-IT","@id":"http:\/\/spazio-news.it\/?p=1910#primaryimage","url":"http:\/\/spazio-news.it\/wp-content\/uploads\/2018\/10\/Iberia_A350-900_Spazio-news-e1540923092785.jpg","contentUrl":"http:\/\/spazio-news.it\/wp-content\/uploads\/2018\/10\/Iberia_A350-900_Spazio-news-e1540923092785.jpg","width":800,"height":448,"caption":"Iberia_A350-900_Spazio-news"},{"@type":"BreadcrumbList","@id":"http:\/\/spazio-news.it\/?p=1910#breadcrumb","itemListElement":[{"@type":"ListItem","position":1,"name":"Home","item":"http:\/\/spazio-news.it\/"},{"@type":"ListItem","position":2,"name":"IBERIA: CONTINUA ESPANSIONE IN AMERICA LATINA"}]},{"@type":"WebSite","@id":"http:\/\/spazio-news.it\/#website","url":"http:\/\/spazio-news.it\/","name":"Spazio-News Magazine","description":"La guida che sfida la complessit\u00e0 del mondo industriale","publisher":{"@id":"http:\/\/spazio-news.it\/#organization"},"alternateName":"Spazio-news.it","potentialAction":[{"@type":"SearchAction","target":{"@type":"EntryPoint","urlTemplate":"http:\/\/spazio-news.it\/?s={search_term_string}"},"query-input":{"@type":"PropertyValueSpecification","valueRequired":true,"valueName":"search_term_string"}}],"inLanguage":"it-IT"},{"@type":"Organization","@id":"http:\/\/spazio-news.it\/#organization","name":"Spazio-News Magazine","url":"http:\/\/spazio-news.it\/","logo":{"@type":"ImageObject","inLanguage":"it-IT","@id":"http:\/\/spazio-news.it\/#\/schema\/logo\/image\/","url":"http:\/\/spazio-news.it\/wp-content\/uploads\/2023\/09\/Logo-Spazio-News-512-x-512-NO-testo.jpg","contentUrl":"http:\/\/spazio-news.it\/wp-content\/uploads\/2023\/09\/Logo-Spazio-News-512-x-512-NO-testo.jpg","width":512,"height":512,"caption":"Spazio-News Magazine"},"image":{"@id":"http:\/\/spazio-news.it\/#\/schema\/logo\/image\/"},"sameAs":["https:\/\/m.facebook.com\/spazio-news-magazine","https:\/\/x.com\/News_spazio"]},{"@type":"Person","@id":"http:\/\/spazio-news.it\/#\/schema\/person\/c600904e882e9e166ed8e5e3773d37b3","name":"Redazione","sameAs":["http:\/\/spazio-news.it","@SpazioNewsMagazine","https:\/\/x.com\/@news_spazio"],"url":"http:\/\/spazio-news.it\/?author=1"}]}},"_links":{"self":[{"href":"http:\/\/spazio-news.it\/index.php?rest_route=\/wp\/v2\/posts\/1910","targetHints":{"allow":["GET"]}}],"collection":[{"href":"http:\/\/spazio-news.it\/index.php?rest_route=\/wp\/v2\/posts"}],"about":[{"href":"http:\/\/spazio-news.it\/index.php?rest_route=\/wp\/v2\/types\/post"}],"author":[{"embeddable":true,"href":"http:\/\/spazio-news.it\/index.php?rest_route=\/wp\/v2\/users\/1"}],"replies":[{"embeddable":true,"href":"http:\/\/spazio-news.it\/index.php?rest_route=%2Fwp%2Fv2%2Fcomments&post=1910"}],"version-history":[{"count":2,"href":"http:\/\/spazio-news.it\/index.php?rest_route=\/wp\/v2\/posts\/1910\/revisions"}],"predecessor-version":[{"id":12831,"href":"http:\/\/spazio-news.it\/index.php?rest_route=\/wp\/v2\/posts\/1910\/revisions\/12831"}],"wp:featuredmedia":[{"embeddable":true,"href":"http:\/\/spazio-news.it\/index.php?rest_route=\/wp\/v2\/media\/1911"}],"wp:attachment":[{"href":"http:\/\/spazio-news.it\/index.php?rest_route=%2Fwp%2Fv2%2Fmedia&parent=1910"}],"wp:term":[{"taxonomy":"category","embeddable":true,"href":"http:\/\/spazio-news.it\/index.php?rest_route=%2Fwp%2Fv2%2Fcategories&post=1910"},{"taxonomy":"post_tag","embeddable":true,"href":"http:\/\/spazio-news.it\/index.php?rest_route=%2Fwp%2Fv2%2Ftags&post=1910"}],"curies":[{"name":"wp","href":"https:\/\/api.w.org\/{rel}","templated":true}]}}