{"id":1985,"date":"2018-11-05T12:34:39","date_gmt":"2018-11-05T11:34:39","guid":{"rendered":"http:\/\/spazio-news.it\/?p=1985"},"modified":"2018-11-07T18:51:59","modified_gmt":"2018-11-07T17:51:59","slug":"etihad-airways-celebra-15-anni-dal-primo-volo","status":"publish","type":"post","link":"http:\/\/spazio-news.it\/?p=1985","title":{"rendered":"ETIHAD AIRWAYS CELEBRA 15 ANNI DAL PRIMO VOLO"},"content":{"rendered":"<p><a href=\"https:\/\/web.archive.org\/web\/20181107031516\/https:\/\/www.etihad.com\/en-it\/\" rel=\"noopener\" target=\"_blank\">Etihad Airways<\/a> festeggia i primi quindici anni dalla sua fondazione con una serie di eventi e iniziative ad Abu Dhabi e in tutto il mondo, a partire dall\u2019annuncio della collaborazione esclusiva con l&#8217;iconica stilista newyorkese Diane von Furstenberg.<br \/>\nLa compagnia aerea nazionale degli Emirati Arabi Uniti ha cominciato l\u2019operativit\u00e0 il <strong>5 novembre 2003<\/strong> con un <strong>Airbus A330-200<\/strong>, che ha effettuato un volo simbolico verso la storica citt\u00e0 emiratina di Al Ain. Il 12 novembre dello stesso anno sono stati lanciati i voli commerciali sulla tratta che collega Abu Dhabi e Beirut, la capitale del Libano. Attualmente, la compagnia ha a disposizione una flotta di nuova generazione composta da oltre 110 Boeing e Airbus, attraverso i quali serve 84 destinazioni passeggeri e cargo. Nell&#8217;arco dei 15 anni, Etihad Airways ha operato oltre 840.000 voli passeggeri e ha trasportato 139 milioni di ospiti a livello globale, serviti da personale dedicato composto da oltre 22.000 dipendenti provenienti da oltre 150 paesi.<br \/>\n<em><br \/>\n\u201cSiamo estremamente orgogliosi dei risultati ottenuti da Etihad in soli quindici anni<\/em> \u2013 ha dichiarato <strong>Tony Douglas<\/strong>, Chief Executive Officer di Etihad Aviation Group \u2013. <em>In questo breve lasso di tempo, siamo emersi come una delle compagnie aeree pi\u00f9 rispettate e riconosciute a livello globale, nota per essere un pioniere dell\u2019innovazione e un ambassador delle eccellenze dell&#8217;ospitalit\u00e0 araba, oggi offerte a milioni di clienti con lo stile e l\u2019eleganza che ci contraddistinguono. Possiamo guardare al futuro con rinnovato vigore e vitalit\u00e0, come una compagnie aerea di prima scelta, portando Abu Dhabi ovunque voliamo. Esprimiamo un sincero ringraziamento ai nostri clienti, ai nostri partner commerciali del settore corporate e travel di Abu Dhabi e in tutto il mondo, e ai nostri dipendenti per la loro preziosa lealt\u00e0 e supporto\u201d<\/em>. <\/p>\n<p>Per l&#8217;occasione, <strong>Diane von Furstenberg<\/strong> ha lavorato fianco a fianco con Etihad Airways per creare una capsule collection in edizione limitata di foulard e cravatte per il personale di bordo, presentate durante un evento tenutosi presso lo spettacolare <a href=\"https:\/\/www.louvreabudhabi.ae\/\" rel=\"noopener\" target=\"_blank\">Louvre Abu Dhabi<\/a>. I nuovi accessori fashion saranno indossati dal personale di bordo per tutto il mese di novembre per celebrare il quindicesimo anniversario della compagnia aerea e il decennale del Formula 1 Etihad Airways Abu Dhabi Grand Prix.   La stilista ha creato tre modelli differenti di foulard a seconda dei ruoli del personale di bordo, tutti che richiamano il pallet della compagnia aerea: giallo acceso per i responsabili di cabina, viola per hostess e steward e bianco per i Food and Beverage Manager.<br \/>\n<em><br \/>\n\u201cFormula 1 \u00e8 un evento davvero elegante e sono entusiasta di aver collaborato con Etihad Airways a questo entusiasmante progetto<\/em> \u2013 ha dichiarato la stilista \u2013. <em>Il pattern geometrico prende ispirazione dal Yas Marina Circuit e i colori racchiudono moltissimi significati. Il viola \u00e8 il colore regale, mentre l&#8217;arancione \u00e8 ispirato alle bellissime tonalit\u00e0 della sabbia del deserto al tramonto. Spero che il personale di bordo sia orgoglioso di indossare i foulard e le cravatte, che riflettono l\u2019eleganza e lo stile propri di Etihad\u201d<\/em>.   <\/p>\n","protected":false},"excerpt":{"rendered":"<p>Etihad Airways festeggia i primi quindici anni dalla sua fondazione con una serie di eventi e iniziative ad Abu Dhabi<\/p>\n","protected":false},"author":1,"featured_media":1986,"comment_status":"closed","ping_status":"open","sticky":false,"template":"","format":"standard","meta":{"colormag_page_container_layout":"default_layout","colormag_page_sidebar_layout":"default_layout","footnotes":""},"categories":[32,3],"tags":[33,172,376,1232,304,1231],"class_list":["post-1985","post","type-post","status-publish","format-standard","has-post-thumbnail","hentry","category-prima-pagina","category-industria","tag-airbus","tag-boeing","tag-compagnie-aeree","tag-diane-von-furstenberg","tag-etihad-airways","tag-louvre-abu-dhabi"],"yoast_head":"<!-- This site is optimized with the Yoast SEO plugin v26.8 - https:\/\/yoast.com\/product\/yoast-seo-wordpress\/ -->\n<title>ETIHAD AIRWAYS CELEBRA 15 ANNI DAL PRIMO VOLO &#187; Spazio-News Magazine<\/title>\n<meta name=\"description\" content=\"Etihad Airways festeggia i quindici anni di attivit\u00e0 con una serie di eventi e iniziative a cominciare dal Louvre di Abu Dhabi\" \/>\n<meta name=\"robots\" content=\"index, follow, max-snippet:-1, max-image-preview:large, max-video-preview:-1\" \/>\n<link rel=\"canonical\" href=\"http:\/\/spazio-news.it\/?p=1985\" \/>\n<meta property=\"og:locale\" content=\"it_IT\" \/>\n<meta property=\"og:type\" content=\"article\" \/>\n<meta property=\"og:title\" content=\"ETIHAD AIRWAYS CELEBRA 15 ANNI DAL PRIMO VOLO &#187; Spazio-News Magazine\" \/>\n<meta property=\"og:description\" content=\"Etihad Airways festeggia i quindici anni di attivit\u00e0 con una serie di eventi e iniziative a cominciare dal Louvre di Abu Dhabi\" \/>\n<meta property=\"og:url\" content=\"http:\/\/spazio-news.it\/?p=1985\" \/>\n<meta property=\"og:site_name\" content=\"Spazio-News Magazine\" \/>\n<meta property=\"article:publisher\" content=\"https:\/\/m.facebook.com\/spazio-news-magazine\" \/>\n<meta property=\"article:author\" content=\"@SpazioNewsMagazine\" \/>\n<meta property=\"article:published_time\" content=\"2018-11-05T11:34:39+00:00\" \/>\n<meta property=\"article:modified_time\" content=\"2018-11-07T17:51:59+00:00\" \/>\n<meta property=\"og:image\" content=\"http:\/\/spazio-news.it\/wp-content\/uploads\/2018\/11\/ETIHAD_AIRWAYS_A38_-LOUVRE_AB-DHABI_Spazio-news-e1563991664428.jpg\" \/>\n\t<meta property=\"og:image:width\" content=\"800\" \/>\n\t<meta property=\"og:image:height\" content=\"446\" \/>\n\t<meta property=\"og:image:type\" content=\"image\/jpeg\" \/>\n<meta name=\"author\" content=\"Redazione\" \/>\n<meta name=\"twitter:card\" content=\"summary_large_image\" \/>\n<meta name=\"twitter:creator\" content=\"@news_spazio\" \/>\n<meta name=\"twitter:site\" content=\"@News_spazio\" \/>\n<meta name=\"twitter:label1\" content=\"Scritto da\" \/>\n\t<meta name=\"twitter:data1\" content=\"Redazione\" \/>\n\t<meta name=\"twitter:label2\" content=\"Tempo di lettura stimato\" \/>\n\t<meta name=\"twitter:data2\" content=\"2 minuti\" \/>\n<script type=\"application\/ld+json\" class=\"yoast-schema-graph\">{\"@context\":\"https:\/\/schema.org\",\"@graph\":[{\"@type\":\"NewsArticle\",\"@id\":\"http:\/\/spazio-news.it\/?p=1985#article\",\"isPartOf\":{\"@id\":\"http:\/\/spazio-news.it\/?p=1985\"},\"author\":{\"name\":\"Redazione\",\"@id\":\"http:\/\/spazio-news.it\/#\/schema\/person\/c600904e882e9e166ed8e5e3773d37b3\"},\"headline\":\"ETIHAD AIRWAYS CELEBRA 15 ANNI DAL PRIMO VOLO\",\"datePublished\":\"2018-11-05T11:34:39+00:00\",\"dateModified\":\"2018-11-07T17:51:59+00:00\",\"mainEntityOfPage\":{\"@id\":\"http:\/\/spazio-news.it\/?p=1985\"},\"wordCount\":491,\"publisher\":{\"@id\":\"http:\/\/spazio-news.it\/#organization\"},\"image\":{\"@id\":\"http:\/\/spazio-news.it\/?p=1985#primaryimage\"},\"thumbnailUrl\":\"http:\/\/spazio-news.it\/wp-content\/uploads\/2018\/11\/ETIHAD_AIRWAYS_A38_-LOUVRE_AB-DHABI_Spazio-news-e1563991664428.jpg\",\"keywords\":[\"Airbus\",\"Boeing\",\"Compagnie aeree\",\"Diane von Furstenberg\",\"Etihad Airways\",\"Louvre Abu Dhabi\"],\"articleSection\":[\"01 - PRIMA PAGINA\",\"02 - INDUSTRIA\"],\"inLanguage\":\"it-IT\"},{\"@type\":\"WebPage\",\"@id\":\"http:\/\/spazio-news.it\/?p=1985\",\"url\":\"http:\/\/spazio-news.it\/?p=1985\",\"name\":\"ETIHAD AIRWAYS CELEBRA 15 ANNI DAL PRIMO VOLO &#187; Spazio-News Magazine\",\"isPartOf\":{\"@id\":\"http:\/\/spazio-news.it\/#website\"},\"primaryImageOfPage\":{\"@id\":\"http:\/\/spazio-news.it\/?p=1985#primaryimage\"},\"image\":{\"@id\":\"http:\/\/spazio-news.it\/?p=1985#primaryimage\"},\"thumbnailUrl\":\"http:\/\/spazio-news.it\/wp-content\/uploads\/2018\/11\/ETIHAD_AIRWAYS_A38_-LOUVRE_AB-DHABI_Spazio-news-e1563991664428.jpg\",\"datePublished\":\"2018-11-05T11:34:39+00:00\",\"dateModified\":\"2018-11-07T17:51:59+00:00\",\"description\":\"Etihad Airways festeggia i quindici anni di attivit\u00e0 con una serie di eventi e iniziative a cominciare dal Louvre di Abu Dhabi\",\"breadcrumb\":{\"@id\":\"http:\/\/spazio-news.it\/?p=1985#breadcrumb\"},\"inLanguage\":\"it-IT\",\"potentialAction\":[{\"@type\":\"ReadAction\",\"target\":[\"http:\/\/spazio-news.it\/?p=1985\"]}]},{\"@type\":\"ImageObject\",\"inLanguage\":\"it-IT\",\"@id\":\"http:\/\/spazio-news.it\/?p=1985#primaryimage\",\"url\":\"http:\/\/spazio-news.it\/wp-content\/uploads\/2018\/11\/ETIHAD_AIRWAYS_A38_-LOUVRE_AB-DHABI_Spazio-news-e1563991664428.jpg\",\"contentUrl\":\"http:\/\/spazio-news.it\/wp-content\/uploads\/2018\/11\/ETIHAD_AIRWAYS_A38_-LOUVRE_AB-DHABI_Spazio-news-e1563991664428.jpg\",\"width\":800,\"height\":446,\"caption\":\"ETIHAD_AIRWAYS_A38_ LOUVRE_AB DHABI_Spazio-news\"},{\"@type\":\"BreadcrumbList\",\"@id\":\"http:\/\/spazio-news.it\/?p=1985#breadcrumb\",\"itemListElement\":[{\"@type\":\"ListItem\",\"position\":1,\"name\":\"Home\",\"item\":\"http:\/\/spazio-news.it\/\"},{\"@type\":\"ListItem\",\"position\":2,\"name\":\"ETIHAD AIRWAYS CELEBRA 15 ANNI DAL PRIMO VOLO\"}]},{\"@type\":\"WebSite\",\"@id\":\"http:\/\/spazio-news.it\/#website\",\"url\":\"http:\/\/spazio-news.it\/\",\"name\":\"Spazio-News Magazine\",\"description\":\"La guida che sfida la complessit\u00e0 del mondo industriale\",\"publisher\":{\"@id\":\"http:\/\/spazio-news.it\/#organization\"},\"alternateName\":\"Spazio-news.it\",\"potentialAction\":[{\"@type\":\"SearchAction\",\"target\":{\"@type\":\"EntryPoint\",\"urlTemplate\":\"http:\/\/spazio-news.it\/?s={search_term_string}\"},\"query-input\":{\"@type\":\"PropertyValueSpecification\",\"valueRequired\":true,\"valueName\":\"search_term_string\"}}],\"inLanguage\":\"it-IT\"},{\"@type\":\"Organization\",\"@id\":\"http:\/\/spazio-news.it\/#organization\",\"name\":\"Spazio-News Magazine\",\"url\":\"http:\/\/spazio-news.it\/\",\"logo\":{\"@type\":\"ImageObject\",\"inLanguage\":\"it-IT\",\"@id\":\"http:\/\/spazio-news.it\/#\/schema\/logo\/image\/\",\"url\":\"http:\/\/spazio-news.it\/wp-content\/uploads\/2023\/09\/Logo-Spazio-News-512-x-512-NO-testo.jpg\",\"contentUrl\":\"http:\/\/spazio-news.it\/wp-content\/uploads\/2023\/09\/Logo-Spazio-News-512-x-512-NO-testo.jpg\",\"width\":512,\"height\":512,\"caption\":\"Spazio-News Magazine\"},\"image\":{\"@id\":\"http:\/\/spazio-news.it\/#\/schema\/logo\/image\/\"},\"sameAs\":[\"https:\/\/m.facebook.com\/spazio-news-magazine\",\"https:\/\/x.com\/News_spazio\"]},{\"@type\":\"Person\",\"@id\":\"http:\/\/spazio-news.it\/#\/schema\/person\/c600904e882e9e166ed8e5e3773d37b3\",\"name\":\"Redazione\",\"sameAs\":[\"http:\/\/spazio-news.it\",\"@SpazioNewsMagazine\",\"https:\/\/x.com\/@news_spazio\"],\"url\":\"http:\/\/spazio-news.it\/?author=1\"}]}<\/script>\n<!-- \/ Yoast SEO plugin. -->","yoast_head_json":{"title":"ETIHAD AIRWAYS CELEBRA 15 ANNI DAL PRIMO VOLO &#187; Spazio-News Magazine","description":"Etihad Airways festeggia i quindici anni di attivit\u00e0 con una serie di eventi e iniziative a cominciare dal Louvre di Abu Dhabi","robots":{"index":"index","follow":"follow","max-snippet":"max-snippet:-1","max-image-preview":"max-image-preview:large","max-video-preview":"max-video-preview:-1"},"canonical":"http:\/\/spazio-news.it\/?p=1985","og_locale":"it_IT","og_type":"article","og_title":"ETIHAD AIRWAYS CELEBRA 15 ANNI DAL PRIMO VOLO &#187; Spazio-News Magazine","og_description":"Etihad Airways festeggia i quindici anni di attivit\u00e0 con una serie di eventi e iniziative a cominciare dal Louvre di Abu Dhabi","og_url":"http:\/\/spazio-news.it\/?p=1985","og_site_name":"Spazio-News Magazine","article_publisher":"https:\/\/m.facebook.com\/spazio-news-magazine","article_author":"@SpazioNewsMagazine","article_published_time":"2018-11-05T11:34:39+00:00","article_modified_time":"2018-11-07T17:51:59+00:00","og_image":[{"width":800,"height":446,"url":"http:\/\/spazio-news.it\/wp-content\/uploads\/2018\/11\/ETIHAD_AIRWAYS_A38_-LOUVRE_AB-DHABI_Spazio-news-e1563991664428.jpg","type":"image\/jpeg"}],"author":"Redazione","twitter_card":"summary_large_image","twitter_creator":"@news_spazio","twitter_site":"@News_spazio","twitter_misc":{"Scritto da":"Redazione","Tempo di lettura stimato":"2 minuti"},"schema":{"@context":"https:\/\/schema.org","@graph":[{"@type":"NewsArticle","@id":"http:\/\/spazio-news.it\/?p=1985#article","isPartOf":{"@id":"http:\/\/spazio-news.it\/?p=1985"},"author":{"name":"Redazione","@id":"http:\/\/spazio-news.it\/#\/schema\/person\/c600904e882e9e166ed8e5e3773d37b3"},"headline":"ETIHAD AIRWAYS CELEBRA 15 ANNI DAL PRIMO VOLO","datePublished":"2018-11-05T11:34:39+00:00","dateModified":"2018-11-07T17:51:59+00:00","mainEntityOfPage":{"@id":"http:\/\/spazio-news.it\/?p=1985"},"wordCount":491,"publisher":{"@id":"http:\/\/spazio-news.it\/#organization"},"image":{"@id":"http:\/\/spazio-news.it\/?p=1985#primaryimage"},"thumbnailUrl":"http:\/\/spazio-news.it\/wp-content\/uploads\/2018\/11\/ETIHAD_AIRWAYS_A38_-LOUVRE_AB-DHABI_Spazio-news-e1563991664428.jpg","keywords":["Airbus","Boeing","Compagnie aeree","Diane von Furstenberg","Etihad Airways","Louvre Abu Dhabi"],"articleSection":["01 - PRIMA PAGINA","02 - INDUSTRIA"],"inLanguage":"it-IT"},{"@type":"WebPage","@id":"http:\/\/spazio-news.it\/?p=1985","url":"http:\/\/spazio-news.it\/?p=1985","name":"ETIHAD AIRWAYS CELEBRA 15 ANNI DAL PRIMO VOLO &#187; Spazio-News Magazine","isPartOf":{"@id":"http:\/\/spazio-news.it\/#website"},"primaryImageOfPage":{"@id":"http:\/\/spazio-news.it\/?p=1985#primaryimage"},"image":{"@id":"http:\/\/spazio-news.it\/?p=1985#primaryimage"},"thumbnailUrl":"http:\/\/spazio-news.it\/wp-content\/uploads\/2018\/11\/ETIHAD_AIRWAYS_A38_-LOUVRE_AB-DHABI_Spazio-news-e1563991664428.jpg","datePublished":"2018-11-05T11:34:39+00:00","dateModified":"2018-11-07T17:51:59+00:00","description":"Etihad Airways festeggia i quindici anni di attivit\u00e0 con una serie di eventi e iniziative a cominciare dal Louvre di Abu Dhabi","breadcrumb":{"@id":"http:\/\/spazio-news.it\/?p=1985#breadcrumb"},"inLanguage":"it-IT","potentialAction":[{"@type":"ReadAction","target":["http:\/\/spazio-news.it\/?p=1985"]}]},{"@type":"ImageObject","inLanguage":"it-IT","@id":"http:\/\/spazio-news.it\/?p=1985#primaryimage","url":"http:\/\/spazio-news.it\/wp-content\/uploads\/2018\/11\/ETIHAD_AIRWAYS_A38_-LOUVRE_AB-DHABI_Spazio-news-e1563991664428.jpg","contentUrl":"http:\/\/spazio-news.it\/wp-content\/uploads\/2018\/11\/ETIHAD_AIRWAYS_A38_-LOUVRE_AB-DHABI_Spazio-news-e1563991664428.jpg","width":800,"height":446,"caption":"ETIHAD_AIRWAYS_A38_ LOUVRE_AB DHABI_Spazio-news"},{"@type":"BreadcrumbList","@id":"http:\/\/spazio-news.it\/?p=1985#breadcrumb","itemListElement":[{"@type":"ListItem","position":1,"name":"Home","item":"http:\/\/spazio-news.it\/"},{"@type":"ListItem","position":2,"name":"ETIHAD AIRWAYS CELEBRA 15 ANNI DAL PRIMO VOLO"}]},{"@type":"WebSite","@id":"http:\/\/spazio-news.it\/#website","url":"http:\/\/spazio-news.it\/","name":"Spazio-News Magazine","description":"La guida che sfida la complessit\u00e0 del mondo industriale","publisher":{"@id":"http:\/\/spazio-news.it\/#organization"},"alternateName":"Spazio-news.it","potentialAction":[{"@type":"SearchAction","target":{"@type":"EntryPoint","urlTemplate":"http:\/\/spazio-news.it\/?s={search_term_string}"},"query-input":{"@type":"PropertyValueSpecification","valueRequired":true,"valueName":"search_term_string"}}],"inLanguage":"it-IT"},{"@type":"Organization","@id":"http:\/\/spazio-news.it\/#organization","name":"Spazio-News Magazine","url":"http:\/\/spazio-news.it\/","logo":{"@type":"ImageObject","inLanguage":"it-IT","@id":"http:\/\/spazio-news.it\/#\/schema\/logo\/image\/","url":"http:\/\/spazio-news.it\/wp-content\/uploads\/2023\/09\/Logo-Spazio-News-512-x-512-NO-testo.jpg","contentUrl":"http:\/\/spazio-news.it\/wp-content\/uploads\/2023\/09\/Logo-Spazio-News-512-x-512-NO-testo.jpg","width":512,"height":512,"caption":"Spazio-News Magazine"},"image":{"@id":"http:\/\/spazio-news.it\/#\/schema\/logo\/image\/"},"sameAs":["https:\/\/m.facebook.com\/spazio-news-magazine","https:\/\/x.com\/News_spazio"]},{"@type":"Person","@id":"http:\/\/spazio-news.it\/#\/schema\/person\/c600904e882e9e166ed8e5e3773d37b3","name":"Redazione","sameAs":["http:\/\/spazio-news.it","@SpazioNewsMagazine","https:\/\/x.com\/@news_spazio"],"url":"http:\/\/spazio-news.it\/?author=1"}]}},"_links":{"self":[{"href":"http:\/\/spazio-news.it\/index.php?rest_route=\/wp\/v2\/posts\/1985","targetHints":{"allow":["GET"]}}],"collection":[{"href":"http:\/\/spazio-news.it\/index.php?rest_route=\/wp\/v2\/posts"}],"about":[{"href":"http:\/\/spazio-news.it\/index.php?rest_route=\/wp\/v2\/types\/post"}],"author":[{"embeddable":true,"href":"http:\/\/spazio-news.it\/index.php?rest_route=\/wp\/v2\/users\/1"}],"replies":[{"embeddable":true,"href":"http:\/\/spazio-news.it\/index.php?rest_route=%2Fwp%2Fv2%2Fcomments&post=1985"}],"version-history":[{"count":2,"href":"http:\/\/spazio-news.it\/index.php?rest_route=\/wp\/v2\/posts\/1985\/revisions"}],"predecessor-version":[{"id":2071,"href":"http:\/\/spazio-news.it\/index.php?rest_route=\/wp\/v2\/posts\/1985\/revisions\/2071"}],"wp:featuredmedia":[{"embeddable":true,"href":"http:\/\/spazio-news.it\/index.php?rest_route=\/wp\/v2\/media\/1986"}],"wp:attachment":[{"href":"http:\/\/spazio-news.it\/index.php?rest_route=%2Fwp%2Fv2%2Fmedia&parent=1985"}],"wp:term":[{"taxonomy":"category","embeddable":true,"href":"http:\/\/spazio-news.it\/index.php?rest_route=%2Fwp%2Fv2%2Fcategories&post=1985"},{"taxonomy":"post_tag","embeddable":true,"href":"http:\/\/spazio-news.it\/index.php?rest_route=%2Fwp%2Fv2%2Ftags&post=1985"}],"curies":[{"name":"wp","href":"https:\/\/api.w.org\/{rel}","templated":true}]}}