{"id":1991,"date":"2018-11-05T06:20:26","date_gmt":"2018-11-05T05:20:26","guid":{"rendered":"http:\/\/spazio-news.it\/?p=1991"},"modified":"2018-11-04T20:24:12","modified_gmt":"2018-11-04T19:24:12","slug":"istat-a-settembre-torna-il-calo-delloccupazione","status":"publish","type":"post","link":"http:\/\/spazio-news.it\/?p=1991","title":{"rendered":"ISTAT: A SETTEMBRE TORNA IL CALO DELL\u2019OCCUPAZIONE"},"content":{"rendered":"<p>Dopo l\u2019aumento del mese scorso, la stima degli occupati a <strong>settembre<\/strong> 2018 torna a <strong>calare<\/strong> <strong>leggermente<\/strong> (<strong>-0,1% <\/strong>su <strong>base mensile<\/strong>, pari a <strong>-34 mila unit\u00e0<\/strong>). A renderlo noto \u00e8 l\u2019<a href=\"https:\/\/www.istat.it\/it\/\">Istituto Nazionale di Statistica \u2013 ISTAT<\/a>, che aggiunge, il <strong>tasso di occupazione<\/strong> scende al <strong>58,8%<\/strong> (<strong>-0,1 <\/strong>punti percentuali).<\/p>\n<p>Il calo congiunturale riguarda <strong>donne<\/strong> e <strong>uomini<\/strong> e si distribuisce tra le persone di <strong>et\u00e0 compresa tra i 25 e i 49 anni<\/strong>. Nell\u2019ultimo mese si stima una netta diminuzione dei <strong>dipendenti permanenti<\/strong> (<strong>-77 mila<\/strong>) mentre aumentano sia quelli a <strong>termine<\/strong> (<strong>+27 mila<\/strong>) sia gli <strong>indipendenti<\/strong> (<strong>+16 mila<\/strong>).<\/p>\n<p>Dopo due mesi di diminuzione, a settembre torna a crescere la <strong>stima delle persone in cerca di occupazione<\/strong> (<strong>+3,2%, <\/strong>pari a <strong>+81 mila<\/strong> unit\u00e0). L\u2019aumento della disoccupazione si distribuisce su entrambe le componenti di genere e tutte le classi di et\u00e0. Il <strong>tasso di disoccupazione<\/strong> sale al <strong>10,1%<\/strong> (<strong>+0,3 punti <\/strong>percentuali su base mensile), quello <strong>giovanile<\/strong> aumenta lievemente e si attesta al <strong>31,6%<\/strong> (<strong>+0,2 punti<\/strong>).<\/p>\n<p>A settembre si stima un calo degli <strong>inattivi tra i 15 e i 64 anni<\/strong> <strong>(-0,3%<\/strong>, pari a <strong>-43 mila unit\u00e0<\/strong>). La diminuzione coinvolge uomini e donne e si distribuisce tra i <strong>25-34enni <\/strong>e i<strong> 50-64enni<\/strong>. Il tasso di <strong>inattivit\u00e0<\/strong> scende al <strong>34,5%<\/strong> (<strong>-0,1 <\/strong>punti percentuali).<\/p>\n<p>L\u2019andamento discontinuo dell\u2019<strong>occupazione<\/strong> negli ultimi mesi determina nel terzo <strong>trimestre<\/strong> una sostanziale stabilit\u00e0 rispetto al trimestre precedente. Tale stabilit\u00e0 \u00e8 sintesi di un aumento tra gli uomini e un calo tra le donne. Riguardo all\u2019et\u00e0 si registra una diminuzione degli occupati tra i <strong>15 e i 49 anni<\/strong> a cui si contrappone l\u2019aumento tra gli <strong>ultracinquantenni.<\/strong> Nel trimestre crescono in misura intensa i <strong>lavoratori a termine<\/strong> (<strong>+3,2%, +98 mila<\/strong>), mentre calano sia i <strong>dipendenti permanenti<\/strong> (<strong>-85 mila<\/strong>) sia gli <strong>indipendenti<\/strong> (<strong>-23 mila<\/strong>).<\/p>\n<p>Nell\u2019arco del trimestre alla sostanziale stabilit\u00e0 degli <strong>occupati<\/strong> si accompagna un forte calo dei <strong>disoccupati<\/strong> (-6,5%, pari a -180 mila) e un aumento degli inattivi (+1,0%, +126 mila).<\/p>\n<p>Su <strong>base annua<\/strong>, a settembre l\u2019occupazione cresce dello 0,9%, pari a +207 mila unit\u00e0. L\u2019espansione interessa uomini e donne e si concentra fortemente tra i lavoratori a termine (+368 mila); in lieve ripresa anche gli indipendenti (+22 mila), mentre si registra una forte flessione dei dipendenti permanenti (-184 mila). Nell\u2019anno, aumentano principalmente gli occupati ultracinquantenni (+333 mila) e, in misura pi\u00f9 contenuta, anche i 15-34enni (+27 mila), mentre calano i 35-49enni (-154 mila). Al netto della componente demografica si stima comunque un segno positivo per l\u2019occupazione in tutte le classi di et\u00e0.<\/p>\n<p>Nei dodici mesi, a fronte della crescita degli occupati si stima anche un forte calo dei disoccupati (-9,9%, pari a -288 mila) e una lieve diminuzione degli inattivi tra i 15 e i 64 anni (-0,1%, -19 mila).<\/p>\n","protected":false},"excerpt":{"rendered":"<p>Dopo l\u2019aumento del mese scorso, la stima degli occupati a settembre 2018 torna a calare leggermente (-0,1% su base mensile,<\/p>\n","protected":false},"author":1,"featured_media":1108,"comment_status":"closed","ping_status":"open","sticky":false,"template":"","format":"standard","meta":{"colormag_page_container_layout":"default_layout","colormag_page_sidebar_layout":"default_layout","footnotes":""},"categories":[32,6],"tags":[447,558,1237,446],"class_list":["post-1991","post","type-post","status-publish","format-standard","has-post-thumbnail","hentry","category-prima-pagina","category-economia-societa","tag-disoccupazione","tag-istituto-nazionale-di-statistica-istat","tag-lavoro-settembre","tag-occupazione"],"yoast_head":"<!-- This site is optimized with the Yoast SEO plugin v26.8 - https:\/\/yoast.com\/product\/yoast-seo-wordpress\/ -->\n<title>ISTAT: A SETTEMBRE TORNA IL CALO DELL\u2019OCCUPAZIONE &#187; Spazio-News Magazine<\/title>\n<meta name=\"description\" content=\"Dopo l\u2019aumento del mese scorso, la stima degli occupati a settembre 2018 torna a calare (-0,1% su base mensile). A renderlo noto \u00e8 l\u2019ISTAT\" \/>\n<meta name=\"robots\" content=\"index, follow, max-snippet:-1, max-image-preview:large, max-video-preview:-1\" \/>\n<link rel=\"canonical\" href=\"https:\/\/spazio-news.it\/?p=1991\" \/>\n<meta property=\"og:locale\" content=\"it_IT\" \/>\n<meta property=\"og:type\" content=\"article\" \/>\n<meta property=\"og:title\" content=\"ISTAT: A SETTEMBRE TORNA IL CALO DELL\u2019OCCUPAZIONE &#187; Spazio-News Magazine\" \/>\n<meta property=\"og:description\" content=\"Dopo l\u2019aumento del mese scorso, la stima degli occupati a settembre 2018 torna a calare (-0,1% su base mensile). A renderlo noto \u00e8 l\u2019ISTAT\" \/>\n<meta property=\"og:url\" content=\"https:\/\/spazio-news.it\/?p=1991\" \/>\n<meta property=\"og:site_name\" content=\"Spazio-News Magazine\" \/>\n<meta property=\"article:publisher\" content=\"https:\/\/m.facebook.com\/spazio-news-magazine\" \/>\n<meta property=\"article:author\" content=\"@SpazioNewsMagazine\" \/>\n<meta property=\"article:published_time\" content=\"2018-11-05T05:20:26+00:00\" \/>\n<meta property=\"og:image\" content=\"https:\/\/spazio-news.it\/wp-content\/uploads\/2018\/09\/Ricerca-Industria-innovazione-lavoro-Spazio-News-e1550691036875.jpg\" \/>\n\t<meta property=\"og:image:width\" content=\"800\" \/>\n\t<meta property=\"og:image:height\" content=\"446\" \/>\n\t<meta property=\"og:image:type\" content=\"image\/jpeg\" \/>\n<meta name=\"author\" content=\"Redazione\" \/>\n<meta name=\"twitter:card\" content=\"summary_large_image\" \/>\n<meta name=\"twitter:creator\" content=\"@news_spazio\" \/>\n<meta name=\"twitter:site\" content=\"@News_spazio\" \/>\n<meta name=\"twitter:label1\" content=\"Scritto da\" \/>\n\t<meta name=\"twitter:data1\" content=\"Redazione\" \/>\n\t<meta name=\"twitter:label2\" content=\"Tempo di lettura stimato\" \/>\n\t<meta name=\"twitter:data2\" content=\"2 minuti\" \/>\n<script type=\"application\/ld+json\" class=\"yoast-schema-graph\">{\"@context\":\"https:\/\/schema.org\",\"@graph\":[{\"@type\":\"NewsArticle\",\"@id\":\"https:\/\/spazio-news.it\/?p=1991#article\",\"isPartOf\":{\"@id\":\"https:\/\/spazio-news.it\/?p=1991\"},\"author\":{\"name\":\"Redazione\",\"@id\":\"http:\/\/spazio-news.it\/#\/schema\/person\/c600904e882e9e166ed8e5e3773d37b3\"},\"headline\":\"ISTAT: A SETTEMBRE TORNA IL CALO DELL\u2019OCCUPAZIONE\",\"datePublished\":\"2018-11-05T05:20:26+00:00\",\"mainEntityOfPage\":{\"@id\":\"https:\/\/spazio-news.it\/?p=1991\"},\"wordCount\":439,\"publisher\":{\"@id\":\"http:\/\/spazio-news.it\/#organization\"},\"image\":{\"@id\":\"https:\/\/spazio-news.it\/?p=1991#primaryimage\"},\"thumbnailUrl\":\"http:\/\/spazio-news.it\/wp-content\/uploads\/2018\/09\/Ricerca-Industria-innovazione-lavoro-Spazio-News-e1550691036875.jpg\",\"keywords\":[\"disoccupazione\",\"Istituto Nazionale di Statistica \u2013 ISTAT\",\"lavoro settembre\",\"occupazione\"],\"articleSection\":[\"01 - PRIMA PAGINA\",\"04 - ECONOMIA &amp; SOCIET\u00c0\"],\"inLanguage\":\"it-IT\"},{\"@type\":\"WebPage\",\"@id\":\"https:\/\/spazio-news.it\/?p=1991\",\"url\":\"https:\/\/spazio-news.it\/?p=1991\",\"name\":\"ISTAT: A SETTEMBRE TORNA IL CALO DELL\u2019OCCUPAZIONE &#187; Spazio-News Magazine\",\"isPartOf\":{\"@id\":\"http:\/\/spazio-news.it\/#website\"},\"primaryImageOfPage\":{\"@id\":\"https:\/\/spazio-news.it\/?p=1991#primaryimage\"},\"image\":{\"@id\":\"https:\/\/spazio-news.it\/?p=1991#primaryimage\"},\"thumbnailUrl\":\"http:\/\/spazio-news.it\/wp-content\/uploads\/2018\/09\/Ricerca-Industria-innovazione-lavoro-Spazio-News-e1550691036875.jpg\",\"datePublished\":\"2018-11-05T05:20:26+00:00\",\"description\":\"Dopo l\u2019aumento del mese scorso, la stima degli occupati a settembre 2018 torna a calare (-0,1% su base mensile). A renderlo noto \u00e8 l\u2019ISTAT\",\"breadcrumb\":{\"@id\":\"https:\/\/spazio-news.it\/?p=1991#breadcrumb\"},\"inLanguage\":\"it-IT\",\"potentialAction\":[{\"@type\":\"ReadAction\",\"target\":[\"https:\/\/spazio-news.it\/?p=1991\"]}]},{\"@type\":\"ImageObject\",\"inLanguage\":\"it-IT\",\"@id\":\"https:\/\/spazio-news.it\/?p=1991#primaryimage\",\"url\":\"http:\/\/spazio-news.it\/wp-content\/uploads\/2018\/09\/Ricerca-Industria-innovazione-lavoro-Spazio-News-e1550691036875.jpg\",\"contentUrl\":\"http:\/\/spazio-news.it\/wp-content\/uploads\/2018\/09\/Ricerca-Industria-innovazione-lavoro-Spazio-News-e1550691036875.jpg\",\"width\":800,\"height\":446,\"caption\":\"Ricerca Industria innovazione lavoro Spazio-News\"},{\"@type\":\"BreadcrumbList\",\"@id\":\"https:\/\/spazio-news.it\/?p=1991#breadcrumb\",\"itemListElement\":[{\"@type\":\"ListItem\",\"position\":1,\"name\":\"Home\",\"item\":\"http:\/\/spazio-news.it\/\"},{\"@type\":\"ListItem\",\"position\":2,\"name\":\"ISTAT: A SETTEMBRE TORNA IL CALO DELL\u2019OCCUPAZIONE\"}]},{\"@type\":\"WebSite\",\"@id\":\"http:\/\/spazio-news.it\/#website\",\"url\":\"http:\/\/spazio-news.it\/\",\"name\":\"Spazio-News Magazine\",\"description\":\"La guida che sfida la complessit\u00e0 del mondo industriale\",\"publisher\":{\"@id\":\"http:\/\/spazio-news.it\/#organization\"},\"alternateName\":\"Spazio-news.it\",\"potentialAction\":[{\"@type\":\"SearchAction\",\"target\":{\"@type\":\"EntryPoint\",\"urlTemplate\":\"http:\/\/spazio-news.it\/?s={search_term_string}\"},\"query-input\":{\"@type\":\"PropertyValueSpecification\",\"valueRequired\":true,\"valueName\":\"search_term_string\"}}],\"inLanguage\":\"it-IT\"},{\"@type\":\"Organization\",\"@id\":\"http:\/\/spazio-news.it\/#organization\",\"name\":\"Spazio-News Magazine\",\"url\":\"http:\/\/spazio-news.it\/\",\"logo\":{\"@type\":\"ImageObject\",\"inLanguage\":\"it-IT\",\"@id\":\"http:\/\/spazio-news.it\/#\/schema\/logo\/image\/\",\"url\":\"http:\/\/spazio-news.it\/wp-content\/uploads\/2023\/09\/Logo-Spazio-News-512-x-512-NO-testo.jpg\",\"contentUrl\":\"http:\/\/spazio-news.it\/wp-content\/uploads\/2023\/09\/Logo-Spazio-News-512-x-512-NO-testo.jpg\",\"width\":512,\"height\":512,\"caption\":\"Spazio-News Magazine\"},\"image\":{\"@id\":\"http:\/\/spazio-news.it\/#\/schema\/logo\/image\/\"},\"sameAs\":[\"https:\/\/m.facebook.com\/spazio-news-magazine\",\"https:\/\/x.com\/News_spazio\"]},{\"@type\":\"Person\",\"@id\":\"http:\/\/spazio-news.it\/#\/schema\/person\/c600904e882e9e166ed8e5e3773d37b3\",\"name\":\"Redazione\",\"sameAs\":[\"http:\/\/spazio-news.it\",\"@SpazioNewsMagazine\",\"https:\/\/x.com\/@news_spazio\"],\"url\":\"http:\/\/spazio-news.it\/?author=1\"}]}<\/script>\n<!-- \/ Yoast SEO plugin. -->","yoast_head_json":{"title":"ISTAT: A SETTEMBRE TORNA IL CALO DELL\u2019OCCUPAZIONE &#187; Spazio-News Magazine","description":"Dopo l\u2019aumento del mese scorso, la stima degli occupati a settembre 2018 torna a calare (-0,1% su base mensile). A renderlo noto \u00e8 l\u2019ISTAT","robots":{"index":"index","follow":"follow","max-snippet":"max-snippet:-1","max-image-preview":"max-image-preview:large","max-video-preview":"max-video-preview:-1"},"canonical":"https:\/\/spazio-news.it\/?p=1991","og_locale":"it_IT","og_type":"article","og_title":"ISTAT: A SETTEMBRE TORNA IL CALO DELL\u2019OCCUPAZIONE &#187; Spazio-News Magazine","og_description":"Dopo l\u2019aumento del mese scorso, la stima degli occupati a settembre 2018 torna a calare (-0,1% su base mensile). A renderlo noto \u00e8 l\u2019ISTAT","og_url":"https:\/\/spazio-news.it\/?p=1991","og_site_name":"Spazio-News Magazine","article_publisher":"https:\/\/m.facebook.com\/spazio-news-magazine","article_author":"@SpazioNewsMagazine","article_published_time":"2018-11-05T05:20:26+00:00","og_image":[{"width":800,"height":446,"url":"https:\/\/spazio-news.it\/wp-content\/uploads\/2018\/09\/Ricerca-Industria-innovazione-lavoro-Spazio-News-e1550691036875.jpg","type":"image\/jpeg"}],"author":"Redazione","twitter_card":"summary_large_image","twitter_creator":"@news_spazio","twitter_site":"@News_spazio","twitter_misc":{"Scritto da":"Redazione","Tempo di lettura stimato":"2 minuti"},"schema":{"@context":"https:\/\/schema.org","@graph":[{"@type":"NewsArticle","@id":"https:\/\/spazio-news.it\/?p=1991#article","isPartOf":{"@id":"https:\/\/spazio-news.it\/?p=1991"},"author":{"name":"Redazione","@id":"http:\/\/spazio-news.it\/#\/schema\/person\/c600904e882e9e166ed8e5e3773d37b3"},"headline":"ISTAT: A SETTEMBRE TORNA IL CALO DELL\u2019OCCUPAZIONE","datePublished":"2018-11-05T05:20:26+00:00","mainEntityOfPage":{"@id":"https:\/\/spazio-news.it\/?p=1991"},"wordCount":439,"publisher":{"@id":"http:\/\/spazio-news.it\/#organization"},"image":{"@id":"https:\/\/spazio-news.it\/?p=1991#primaryimage"},"thumbnailUrl":"http:\/\/spazio-news.it\/wp-content\/uploads\/2018\/09\/Ricerca-Industria-innovazione-lavoro-Spazio-News-e1550691036875.jpg","keywords":["disoccupazione","Istituto Nazionale di Statistica \u2013 ISTAT","lavoro settembre","occupazione"],"articleSection":["01 - PRIMA PAGINA","04 - ECONOMIA &amp; SOCIET\u00c0"],"inLanguage":"it-IT"},{"@type":"WebPage","@id":"https:\/\/spazio-news.it\/?p=1991","url":"https:\/\/spazio-news.it\/?p=1991","name":"ISTAT: A SETTEMBRE TORNA IL CALO DELL\u2019OCCUPAZIONE &#187; Spazio-News Magazine","isPartOf":{"@id":"http:\/\/spazio-news.it\/#website"},"primaryImageOfPage":{"@id":"https:\/\/spazio-news.it\/?p=1991#primaryimage"},"image":{"@id":"https:\/\/spazio-news.it\/?p=1991#primaryimage"},"thumbnailUrl":"http:\/\/spazio-news.it\/wp-content\/uploads\/2018\/09\/Ricerca-Industria-innovazione-lavoro-Spazio-News-e1550691036875.jpg","datePublished":"2018-11-05T05:20:26+00:00","description":"Dopo l\u2019aumento del mese scorso, la stima degli occupati a settembre 2018 torna a calare (-0,1% su base mensile). A renderlo noto \u00e8 l\u2019ISTAT","breadcrumb":{"@id":"https:\/\/spazio-news.it\/?p=1991#breadcrumb"},"inLanguage":"it-IT","potentialAction":[{"@type":"ReadAction","target":["https:\/\/spazio-news.it\/?p=1991"]}]},{"@type":"ImageObject","inLanguage":"it-IT","@id":"https:\/\/spazio-news.it\/?p=1991#primaryimage","url":"http:\/\/spazio-news.it\/wp-content\/uploads\/2018\/09\/Ricerca-Industria-innovazione-lavoro-Spazio-News-e1550691036875.jpg","contentUrl":"http:\/\/spazio-news.it\/wp-content\/uploads\/2018\/09\/Ricerca-Industria-innovazione-lavoro-Spazio-News-e1550691036875.jpg","width":800,"height":446,"caption":"Ricerca Industria innovazione lavoro Spazio-News"},{"@type":"BreadcrumbList","@id":"https:\/\/spazio-news.it\/?p=1991#breadcrumb","itemListElement":[{"@type":"ListItem","position":1,"name":"Home","item":"http:\/\/spazio-news.it\/"},{"@type":"ListItem","position":2,"name":"ISTAT: A SETTEMBRE TORNA IL CALO DELL\u2019OCCUPAZIONE"}]},{"@type":"WebSite","@id":"http:\/\/spazio-news.it\/#website","url":"http:\/\/spazio-news.it\/","name":"Spazio-News Magazine","description":"La guida che sfida la complessit\u00e0 del mondo industriale","publisher":{"@id":"http:\/\/spazio-news.it\/#organization"},"alternateName":"Spazio-news.it","potentialAction":[{"@type":"SearchAction","target":{"@type":"EntryPoint","urlTemplate":"http:\/\/spazio-news.it\/?s={search_term_string}"},"query-input":{"@type":"PropertyValueSpecification","valueRequired":true,"valueName":"search_term_string"}}],"inLanguage":"it-IT"},{"@type":"Organization","@id":"http:\/\/spazio-news.it\/#organization","name":"Spazio-News Magazine","url":"http:\/\/spazio-news.it\/","logo":{"@type":"ImageObject","inLanguage":"it-IT","@id":"http:\/\/spazio-news.it\/#\/schema\/logo\/image\/","url":"http:\/\/spazio-news.it\/wp-content\/uploads\/2023\/09\/Logo-Spazio-News-512-x-512-NO-testo.jpg","contentUrl":"http:\/\/spazio-news.it\/wp-content\/uploads\/2023\/09\/Logo-Spazio-News-512-x-512-NO-testo.jpg","width":512,"height":512,"caption":"Spazio-News Magazine"},"image":{"@id":"http:\/\/spazio-news.it\/#\/schema\/logo\/image\/"},"sameAs":["https:\/\/m.facebook.com\/spazio-news-magazine","https:\/\/x.com\/News_spazio"]},{"@type":"Person","@id":"http:\/\/spazio-news.it\/#\/schema\/person\/c600904e882e9e166ed8e5e3773d37b3","name":"Redazione","sameAs":["http:\/\/spazio-news.it","@SpazioNewsMagazine","https:\/\/x.com\/@news_spazio"],"url":"http:\/\/spazio-news.it\/?author=1"}]}},"_links":{"self":[{"href":"http:\/\/spazio-news.it\/index.php?rest_route=\/wp\/v2\/posts\/1991","targetHints":{"allow":["GET"]}}],"collection":[{"href":"http:\/\/spazio-news.it\/index.php?rest_route=\/wp\/v2\/posts"}],"about":[{"href":"http:\/\/spazio-news.it\/index.php?rest_route=\/wp\/v2\/types\/post"}],"author":[{"embeddable":true,"href":"http:\/\/spazio-news.it\/index.php?rest_route=\/wp\/v2\/users\/1"}],"replies":[{"embeddable":true,"href":"http:\/\/spazio-news.it\/index.php?rest_route=%2Fwp%2Fv2%2Fcomments&post=1991"}],"version-history":[{"count":1,"href":"http:\/\/spazio-news.it\/index.php?rest_route=\/wp\/v2\/posts\/1991\/revisions"}],"predecessor-version":[{"id":1992,"href":"http:\/\/spazio-news.it\/index.php?rest_route=\/wp\/v2\/posts\/1991\/revisions\/1992"}],"wp:featuredmedia":[{"embeddable":true,"href":"http:\/\/spazio-news.it\/index.php?rest_route=\/wp\/v2\/media\/1108"}],"wp:attachment":[{"href":"http:\/\/spazio-news.it\/index.php?rest_route=%2Fwp%2Fv2%2Fmedia&parent=1991"}],"wp:term":[{"taxonomy":"category","embeddable":true,"href":"http:\/\/spazio-news.it\/index.php?rest_route=%2Fwp%2Fv2%2Fcategories&post=1991"},{"taxonomy":"post_tag","embeddable":true,"href":"http:\/\/spazio-news.it\/index.php?rest_route=%2Fwp%2Fv2%2Ftags&post=1991"}],"curies":[{"name":"wp","href":"https:\/\/api.w.org\/{rel}","templated":true}]}}