{"id":1993,"date":"2018-11-05T07:32:46","date_gmt":"2018-11-05T06:32:46","guid":{"rendered":"http:\/\/spazio-news.it\/?p=1993"},"modified":"2019-08-23T18:31:23","modified_gmt":"2019-08-23T17:31:23","slug":"spazio-buenos-aires-si-rafforza-partnership-italo-argentina","status":"publish","type":"post","link":"http:\/\/spazio-news.it\/?p=1993","title":{"rendered":"SPAZIO, BUENOS AIRES: SI RAFFORZA PARTNERSHIP ITALO-ARGENTINA"},"content":{"rendered":"<p>Si \u00e8 svolto il primo di <strong>novembre<\/strong> a <strong>Buenos Aires<\/strong> il <strong>Forum Internazionale dello Spazio 2018<\/strong>, organizzato dall\u2019International Astronautica Federation e dall\u2019Agenzia Spaziale Italiana, in collaborazione con il <strong>governo argentino <\/strong>e l\u2019<strong>Agenzia\u00a0spaziale<\/strong> <strong>&#8211; \u00a0Conae<\/strong>.<\/p>\n<p>Il forum \u00e8 giunto al <strong>terzo appuntamento<\/strong>, dopo l\u2019esordio a <strong>Trento<\/strong> nel 2016 e l\u2019<strong>African Chapter <\/strong>svoltosi a <strong>Nairobi<\/strong> in Kenya lo scorso <strong>febbraio<\/strong>. E ha scelto l\u2019Argentina per scrivere il nuovo capitolo di una storia che vuole le <strong>realt\u00e0<\/strong> <strong>spaziali<\/strong>,\u00a0<strong>universitarie<\/strong> e <strong>industriali<\/strong> insieme per uno sviluppo sostenibile: th<strong>e Latin and Carabbean chapter<\/strong>.<\/p>\n<p>\u201c<em>Il successo di questo forum \u2013<\/em> ha commentato Roberto Battiston Presidente dell\u2019Agenzia Spaziale Italiana e ideatore del Forum &#8211; <em>che vede presenti 18 paesi dell\u2019area latino americana e dei caraibi, la stragrande maggioranza\u00a0dei paesi di questa area, \u00e8 la dimostrazione che quanto abbiamo deciso di creare a partire dal primo forum in Trento, si sta realizzando. C\u2019\u00e8 una fame di spazio e lo spazio \u00e8 un\u2019opportunit\u00e0 straordinaria per uno sviluppo importante e sostenibile. Forum come\u00a0questo sono uno splendido esempio di quella che viene definita la Space Diplomacy\u201d<\/em>.<\/p>\n<p><strong>Alta formazione<\/strong>, gestione delle <strong>risorse naturali<\/strong> e prevenzione dei <strong>disastri<\/strong>, <strong>cooperazione spaziale<\/strong>, sono questi i 3 argomenti chiave discussi dai rappresentanti delle <strong>18 nazioni<\/strong> dell\u2019area intervenute al forum spaziale, a cui si sono aggiunte\u00a0l\u2019<strong>ESA<\/strong>, la <strong>NASA<\/strong> e diverse altre agenzie spaziali da tutto il mondo.<\/p>\n<p>Il forum di Buenos Aires si \u00e8 concluso come di consueto con il voto unanime di un documento che, come il <strong>Trento Space Statement<\/strong> e la <strong>Nairobi Page<\/strong>, ha riassunto gli obiettivi che i paesi partecipanti intenderanno perseguire al fine di dare\u00a0impulso alla creazione di una rete di cooperazione che possa favorire uno sviluppo sostenibile, nell\u2019ambito delle attivit\u00e0 spaziali.<\/p>\n<p><em>\u201cSi parte dalla formazione spaziale ad un livello medio alto<\/em> \u2013 ha aggiunto Battiston &#8211;<em> in un contesto in cui l\u2019esperienza italiana, ma pi\u00f9 in generale dell\u2019Europa, \u00e8 un driver perfetto di crescita che deve per\u00f2 sapersi innestare nel settore industriale. Bisogna, infatti, saper coniugare formazione ed esperienza perch\u00e9 questo\u00a0processo di sviluppo abbia il percorso pi\u00f9 rapido e innovativo possibile\u201d.<\/em><\/p>\n<p>La scelta di Buenos Aires e pi\u00f9 in generale dell\u2019Argentina ha una sua ratio negli strettissimi rapporti di collaborazione spaziale tra i nostri due paesi. Recentemente, a <strong>settembre<\/strong>, l\u2019Argentina ha posto in orbita il <strong>primo dei due satelliti\u00a0di osservazione della Terra Saocom<\/strong>, dando vita alla <strong>costellazione<\/strong> <strong>italo-argentina<\/strong> di osservazione della Terra, <strong>Siasge &#8211; Sistema Italo Argentino di Satelliti per la Gestione delle Emergenze<\/strong>.<\/p>\n<p><em>\u201cSiasge e i satelliti Saocom<\/em> \u2013 spiega il Presidente dell\u2019Asi &#8211; <em>sono il frutto di un\u2019idea concepita pi\u00f9 di venti anni fa, realizzata con tenacia e pazienza, con un forte contributo finanziario italiano oltre che argentino\u00a0e i primi dati ottenuti dal satellite Saocom ne dimostrano la grande capacit\u00e0 tecnologica e scientifica. Il risultato dell\u2019aggregato con i dati di Cosmo SkyMed rappresenta un\u2019unicit\u00e0 al mondo, che avr\u00e0 ricadute non solo scientifiche ma anche commerciali\u201d.<\/em><\/p>\n<p>La <strong>costellazione Siasge<\/strong> rappresenta una realt\u00e0 unica nel panorama mondiale con i suoi <strong>satelliti radar in banda X e L<\/strong>, capaci di ottenere dati complementari dello stesso oggetto e fornire quindi molteplici e dettagliate informazioni sull\u2019oggetto\u00a0stesso.<\/p>\n","protected":false},"excerpt":{"rendered":"<p>Si \u00e8 svolto il primo di novembre a Buenos Aires il Forum Internazionale dello Spazio 2018, organizzato dall\u2019International Astronautica Federation<\/p>\n","protected":false},"author":1,"featured_media":1308,"comment_status":"closed","ping_status":"open","sticky":false,"template":"","format":"standard","meta":{"colormag_page_container_layout":"default_layout","colormag_page_sidebar_layout":"default_layout","footnotes":""},"categories":[32,5],"tags":[811,162,83,1238,715,81,1239,129],"class_list":["post-1993","post","type-post","status-publish","format-standard","has-post-thumbnail","hentry","category-prima-pagina","category-ricerca-innovazione","tag-agenzia-spaziale-italiana-asi","tag-argentina","tag-cosmo-skymed","tag-forum-internazionale-dello-spazio-2018","tag-national-aeronautics-and-space-administration-nasa","tag-satellite","tag-siasge-sistema-italo-argentino-di-satelliti-per-la-gestione-delle-emergenze","tag-spazio"],"yoast_head":"<!-- This site is optimized with the Yoast SEO plugin v26.8 - https:\/\/yoast.com\/product\/yoast-seo-wordpress\/ -->\n<title>SPAZIO, BUENOS AIRES: SI RAFFORZA PARTNERSHIP ITALO-ARGENTINA &#187; Spazio-News Magazine<\/title>\n<meta name=\"description\" content=\"Si \u00e8 svolto il primo di novembre a Buenos Aires il Forum Internazionale dello Spazio 2018, organizzato dall\u2019International Astronautica Federation e dall\u2019ASI\" \/>\n<meta name=\"robots\" content=\"index, follow, max-snippet:-1, max-image-preview:large, max-video-preview:-1\" \/>\n<link rel=\"canonical\" href=\"https:\/\/spazio-news.it\/?p=1993\" \/>\n<meta property=\"og:locale\" content=\"it_IT\" \/>\n<meta property=\"og:type\" content=\"article\" \/>\n<meta property=\"og:title\" content=\"SPAZIO, BUENOS AIRES: SI RAFFORZA PARTNERSHIP ITALO-ARGENTINA &#187; Spazio-News Magazine\" \/>\n<meta property=\"og:description\" content=\"Si \u00e8 svolto il primo di novembre a Buenos Aires il Forum Internazionale dello Spazio 2018, organizzato dall\u2019International Astronautica Federation e dall\u2019ASI\" \/>\n<meta property=\"og:url\" content=\"https:\/\/spazio-news.it\/?p=1993\" \/>\n<meta property=\"og:site_name\" content=\"Spazio-News Magazine\" \/>\n<meta property=\"article:publisher\" content=\"https:\/\/m.facebook.com\/spazio-news-magazine\" \/>\n<meta property=\"article:author\" content=\"@SpazioNewsMagazine\" \/>\n<meta property=\"article:published_time\" content=\"2018-11-05T06:32:46+00:00\" \/>\n<meta property=\"article:modified_time\" content=\"2019-08-23T17:31:23+00:00\" \/>\n<meta property=\"og:image\" content=\"https:\/\/spazio-news.it\/wp-content\/uploads\/2018\/10\/sonda-Juno-Nasa-Giove-spazio.jpg\" \/>\n\t<meta property=\"og:image:width\" content=\"800\" \/>\n\t<meta property=\"og:image:height\" content=\"445\" \/>\n\t<meta property=\"og:image:type\" content=\"image\/jpeg\" \/>\n<meta name=\"author\" content=\"Redazione\" \/>\n<meta name=\"twitter:card\" content=\"summary_large_image\" \/>\n<meta name=\"twitter:creator\" content=\"@news_spazio\" \/>\n<meta name=\"twitter:site\" content=\"@News_spazio\" \/>\n<meta name=\"twitter:label1\" content=\"Scritto da\" \/>\n\t<meta name=\"twitter:data1\" content=\"Redazione\" \/>\n\t<meta name=\"twitter:label2\" content=\"Tempo di lettura stimato\" \/>\n\t<meta name=\"twitter:data2\" content=\"3 minuti\" \/>\n<script type=\"application\/ld+json\" class=\"yoast-schema-graph\">{\"@context\":\"https:\/\/schema.org\",\"@graph\":[{\"@type\":\"NewsArticle\",\"@id\":\"https:\/\/spazio-news.it\/?p=1993#article\",\"isPartOf\":{\"@id\":\"https:\/\/spazio-news.it\/?p=1993\"},\"author\":{\"name\":\"Redazione\",\"@id\":\"http:\/\/spazio-news.it\/#\/schema\/person\/c600904e882e9e166ed8e5e3773d37b3\"},\"headline\":\"SPAZIO, BUENOS AIRES: SI RAFFORZA PARTNERSHIP ITALO-ARGENTINA\",\"datePublished\":\"2018-11-05T06:32:46+00:00\",\"dateModified\":\"2019-08-23T17:31:23+00:00\",\"mainEntityOfPage\":{\"@id\":\"https:\/\/spazio-news.it\/?p=1993\"},\"wordCount\":534,\"publisher\":{\"@id\":\"http:\/\/spazio-news.it\/#organization\"},\"image\":{\"@id\":\"https:\/\/spazio-news.it\/?p=1993#primaryimage\"},\"thumbnailUrl\":\"http:\/\/spazio-news.it\/wp-content\/uploads\/2018\/10\/sonda-Juno-Nasa-Giove-spazio.jpg\",\"keywords\":[\"Agenzia Spaziale Italiana - ASI\",\"Argentina\",\"COSMO-SkyMed\",\"Forum Internazionale dello Spazio 2018\",\"National Aeronautics and Space Administration - NASA\",\"satellite\",\"Siasge - Sistema Italo Argentino di Satelliti per la Gestione delle Emergenze\",\"Spazio\"],\"articleSection\":[\"01 - PRIMA PAGINA\",\"05 - RICERCA &amp; INNOVAZIONE\"],\"inLanguage\":\"it-IT\"},{\"@type\":\"WebPage\",\"@id\":\"https:\/\/spazio-news.it\/?p=1993\",\"url\":\"https:\/\/spazio-news.it\/?p=1993\",\"name\":\"SPAZIO, BUENOS AIRES: SI RAFFORZA PARTNERSHIP ITALO-ARGENTINA &#187; Spazio-News Magazine\",\"isPartOf\":{\"@id\":\"http:\/\/spazio-news.it\/#website\"},\"primaryImageOfPage\":{\"@id\":\"https:\/\/spazio-news.it\/?p=1993#primaryimage\"},\"image\":{\"@id\":\"https:\/\/spazio-news.it\/?p=1993#primaryimage\"},\"thumbnailUrl\":\"http:\/\/spazio-news.it\/wp-content\/uploads\/2018\/10\/sonda-Juno-Nasa-Giove-spazio.jpg\",\"datePublished\":\"2018-11-05T06:32:46+00:00\",\"dateModified\":\"2019-08-23T17:31:23+00:00\",\"description\":\"Si \u00e8 svolto il primo di novembre a Buenos Aires il Forum Internazionale dello Spazio 2018, organizzato dall\u2019International Astronautica Federation e dall\u2019ASI\",\"breadcrumb\":{\"@id\":\"https:\/\/spazio-news.it\/?p=1993#breadcrumb\"},\"inLanguage\":\"it-IT\",\"potentialAction\":[{\"@type\":\"ReadAction\",\"target\":[\"https:\/\/spazio-news.it\/?p=1993\"]}]},{\"@type\":\"ImageObject\",\"inLanguage\":\"it-IT\",\"@id\":\"https:\/\/spazio-news.it\/?p=1993#primaryimage\",\"url\":\"http:\/\/spazio-news.it\/wp-content\/uploads\/2018\/10\/sonda-Juno-Nasa-Giove-spazio.jpg\",\"contentUrl\":\"http:\/\/spazio-news.it\/wp-content\/uploads\/2018\/10\/sonda-Juno-Nasa-Giove-spazio.jpg\",\"width\":800,\"height\":445,\"caption\":\"sonda Juno Nasa Giove spazio\"},{\"@type\":\"BreadcrumbList\",\"@id\":\"https:\/\/spazio-news.it\/?p=1993#breadcrumb\",\"itemListElement\":[{\"@type\":\"ListItem\",\"position\":1,\"name\":\"Home\",\"item\":\"http:\/\/spazio-news.it\/\"},{\"@type\":\"ListItem\",\"position\":2,\"name\":\"SPAZIO, BUENOS AIRES: SI RAFFORZA PARTNERSHIP ITALO-ARGENTINA\"}]},{\"@type\":\"WebSite\",\"@id\":\"http:\/\/spazio-news.it\/#website\",\"url\":\"http:\/\/spazio-news.it\/\",\"name\":\"Spazio-News Magazine\",\"description\":\"La guida che sfida la complessit\u00e0 del mondo industriale\",\"publisher\":{\"@id\":\"http:\/\/spazio-news.it\/#organization\"},\"alternateName\":\"Spazio-news.it\",\"potentialAction\":[{\"@type\":\"SearchAction\",\"target\":{\"@type\":\"EntryPoint\",\"urlTemplate\":\"http:\/\/spazio-news.it\/?s={search_term_string}\"},\"query-input\":{\"@type\":\"PropertyValueSpecification\",\"valueRequired\":true,\"valueName\":\"search_term_string\"}}],\"inLanguage\":\"it-IT\"},{\"@type\":\"Organization\",\"@id\":\"http:\/\/spazio-news.it\/#organization\",\"name\":\"Spazio-News Magazine\",\"url\":\"http:\/\/spazio-news.it\/\",\"logo\":{\"@type\":\"ImageObject\",\"inLanguage\":\"it-IT\",\"@id\":\"http:\/\/spazio-news.it\/#\/schema\/logo\/image\/\",\"url\":\"http:\/\/spazio-news.it\/wp-content\/uploads\/2023\/09\/Logo-Spazio-News-512-x-512-NO-testo.jpg\",\"contentUrl\":\"http:\/\/spazio-news.it\/wp-content\/uploads\/2023\/09\/Logo-Spazio-News-512-x-512-NO-testo.jpg\",\"width\":512,\"height\":512,\"caption\":\"Spazio-News Magazine\"},\"image\":{\"@id\":\"http:\/\/spazio-news.it\/#\/schema\/logo\/image\/\"},\"sameAs\":[\"https:\/\/m.facebook.com\/spazio-news-magazine\",\"https:\/\/x.com\/News_spazio\"]},{\"@type\":\"Person\",\"@id\":\"http:\/\/spazio-news.it\/#\/schema\/person\/c600904e882e9e166ed8e5e3773d37b3\",\"name\":\"Redazione\",\"sameAs\":[\"http:\/\/spazio-news.it\",\"@SpazioNewsMagazine\",\"https:\/\/x.com\/@news_spazio\"],\"url\":\"http:\/\/spazio-news.it\/?author=1\"}]}<\/script>\n<!-- \/ Yoast SEO plugin. -->","yoast_head_json":{"title":"SPAZIO, BUENOS AIRES: SI RAFFORZA PARTNERSHIP ITALO-ARGENTINA &#187; Spazio-News Magazine","description":"Si \u00e8 svolto il primo di novembre a Buenos Aires il Forum Internazionale dello Spazio 2018, organizzato dall\u2019International Astronautica Federation e dall\u2019ASI","robots":{"index":"index","follow":"follow","max-snippet":"max-snippet:-1","max-image-preview":"max-image-preview:large","max-video-preview":"max-video-preview:-1"},"canonical":"https:\/\/spazio-news.it\/?p=1993","og_locale":"it_IT","og_type":"article","og_title":"SPAZIO, BUENOS AIRES: SI RAFFORZA PARTNERSHIP ITALO-ARGENTINA &#187; Spazio-News Magazine","og_description":"Si \u00e8 svolto il primo di novembre a Buenos Aires il Forum Internazionale dello Spazio 2018, organizzato dall\u2019International Astronautica Federation e dall\u2019ASI","og_url":"https:\/\/spazio-news.it\/?p=1993","og_site_name":"Spazio-News Magazine","article_publisher":"https:\/\/m.facebook.com\/spazio-news-magazine","article_author":"@SpazioNewsMagazine","article_published_time":"2018-11-05T06:32:46+00:00","article_modified_time":"2019-08-23T17:31:23+00:00","og_image":[{"width":800,"height":445,"url":"https:\/\/spazio-news.it\/wp-content\/uploads\/2018\/10\/sonda-Juno-Nasa-Giove-spazio.jpg","type":"image\/jpeg"}],"author":"Redazione","twitter_card":"summary_large_image","twitter_creator":"@news_spazio","twitter_site":"@News_spazio","twitter_misc":{"Scritto da":"Redazione","Tempo di lettura stimato":"3 minuti"},"schema":{"@context":"https:\/\/schema.org","@graph":[{"@type":"NewsArticle","@id":"https:\/\/spazio-news.it\/?p=1993#article","isPartOf":{"@id":"https:\/\/spazio-news.it\/?p=1993"},"author":{"name":"Redazione","@id":"http:\/\/spazio-news.it\/#\/schema\/person\/c600904e882e9e166ed8e5e3773d37b3"},"headline":"SPAZIO, BUENOS AIRES: SI RAFFORZA PARTNERSHIP ITALO-ARGENTINA","datePublished":"2018-11-05T06:32:46+00:00","dateModified":"2019-08-23T17:31:23+00:00","mainEntityOfPage":{"@id":"https:\/\/spazio-news.it\/?p=1993"},"wordCount":534,"publisher":{"@id":"http:\/\/spazio-news.it\/#organization"},"image":{"@id":"https:\/\/spazio-news.it\/?p=1993#primaryimage"},"thumbnailUrl":"http:\/\/spazio-news.it\/wp-content\/uploads\/2018\/10\/sonda-Juno-Nasa-Giove-spazio.jpg","keywords":["Agenzia Spaziale Italiana - ASI","Argentina","COSMO-SkyMed","Forum Internazionale dello Spazio 2018","National Aeronautics and Space Administration - NASA","satellite","Siasge - Sistema Italo Argentino di Satelliti per la Gestione delle Emergenze","Spazio"],"articleSection":["01 - PRIMA PAGINA","05 - RICERCA &amp; INNOVAZIONE"],"inLanguage":"it-IT"},{"@type":"WebPage","@id":"https:\/\/spazio-news.it\/?p=1993","url":"https:\/\/spazio-news.it\/?p=1993","name":"SPAZIO, BUENOS AIRES: SI RAFFORZA PARTNERSHIP ITALO-ARGENTINA &#187; Spazio-News Magazine","isPartOf":{"@id":"http:\/\/spazio-news.it\/#website"},"primaryImageOfPage":{"@id":"https:\/\/spazio-news.it\/?p=1993#primaryimage"},"image":{"@id":"https:\/\/spazio-news.it\/?p=1993#primaryimage"},"thumbnailUrl":"http:\/\/spazio-news.it\/wp-content\/uploads\/2018\/10\/sonda-Juno-Nasa-Giove-spazio.jpg","datePublished":"2018-11-05T06:32:46+00:00","dateModified":"2019-08-23T17:31:23+00:00","description":"Si \u00e8 svolto il primo di novembre a Buenos Aires il Forum Internazionale dello Spazio 2018, organizzato dall\u2019International Astronautica Federation e dall\u2019ASI","breadcrumb":{"@id":"https:\/\/spazio-news.it\/?p=1993#breadcrumb"},"inLanguage":"it-IT","potentialAction":[{"@type":"ReadAction","target":["https:\/\/spazio-news.it\/?p=1993"]}]},{"@type":"ImageObject","inLanguage":"it-IT","@id":"https:\/\/spazio-news.it\/?p=1993#primaryimage","url":"http:\/\/spazio-news.it\/wp-content\/uploads\/2018\/10\/sonda-Juno-Nasa-Giove-spazio.jpg","contentUrl":"http:\/\/spazio-news.it\/wp-content\/uploads\/2018\/10\/sonda-Juno-Nasa-Giove-spazio.jpg","width":800,"height":445,"caption":"sonda Juno Nasa Giove spazio"},{"@type":"BreadcrumbList","@id":"https:\/\/spazio-news.it\/?p=1993#breadcrumb","itemListElement":[{"@type":"ListItem","position":1,"name":"Home","item":"http:\/\/spazio-news.it\/"},{"@type":"ListItem","position":2,"name":"SPAZIO, BUENOS AIRES: SI RAFFORZA PARTNERSHIP ITALO-ARGENTINA"}]},{"@type":"WebSite","@id":"http:\/\/spazio-news.it\/#website","url":"http:\/\/spazio-news.it\/","name":"Spazio-News Magazine","description":"La guida che sfida la complessit\u00e0 del mondo industriale","publisher":{"@id":"http:\/\/spazio-news.it\/#organization"},"alternateName":"Spazio-news.it","potentialAction":[{"@type":"SearchAction","target":{"@type":"EntryPoint","urlTemplate":"http:\/\/spazio-news.it\/?s={search_term_string}"},"query-input":{"@type":"PropertyValueSpecification","valueRequired":true,"valueName":"search_term_string"}}],"inLanguage":"it-IT"},{"@type":"Organization","@id":"http:\/\/spazio-news.it\/#organization","name":"Spazio-News Magazine","url":"http:\/\/spazio-news.it\/","logo":{"@type":"ImageObject","inLanguage":"it-IT","@id":"http:\/\/spazio-news.it\/#\/schema\/logo\/image\/","url":"http:\/\/spazio-news.it\/wp-content\/uploads\/2023\/09\/Logo-Spazio-News-512-x-512-NO-testo.jpg","contentUrl":"http:\/\/spazio-news.it\/wp-content\/uploads\/2023\/09\/Logo-Spazio-News-512-x-512-NO-testo.jpg","width":512,"height":512,"caption":"Spazio-News Magazine"},"image":{"@id":"http:\/\/spazio-news.it\/#\/schema\/logo\/image\/"},"sameAs":["https:\/\/m.facebook.com\/spazio-news-magazine","https:\/\/x.com\/News_spazio"]},{"@type":"Person","@id":"http:\/\/spazio-news.it\/#\/schema\/person\/c600904e882e9e166ed8e5e3773d37b3","name":"Redazione","sameAs":["http:\/\/spazio-news.it","@SpazioNewsMagazine","https:\/\/x.com\/@news_spazio"],"url":"http:\/\/spazio-news.it\/?author=1"}]}},"_links":{"self":[{"href":"http:\/\/spazio-news.it\/index.php?rest_route=\/wp\/v2\/posts\/1993","targetHints":{"allow":["GET"]}}],"collection":[{"href":"http:\/\/spazio-news.it\/index.php?rest_route=\/wp\/v2\/posts"}],"about":[{"href":"http:\/\/spazio-news.it\/index.php?rest_route=\/wp\/v2\/types\/post"}],"author":[{"embeddable":true,"href":"http:\/\/spazio-news.it\/index.php?rest_route=\/wp\/v2\/users\/1"}],"replies":[{"embeddable":true,"href":"http:\/\/spazio-news.it\/index.php?rest_route=%2Fwp%2Fv2%2Fcomments&post=1993"}],"version-history":[{"count":3,"href":"http:\/\/spazio-news.it\/index.php?rest_route=\/wp\/v2\/posts\/1993\/revisions"}],"predecessor-version":[{"id":6072,"href":"http:\/\/spazio-news.it\/index.php?rest_route=\/wp\/v2\/posts\/1993\/revisions\/6072"}],"wp:featuredmedia":[{"embeddable":true,"href":"http:\/\/spazio-news.it\/index.php?rest_route=\/wp\/v2\/media\/1308"}],"wp:attachment":[{"href":"http:\/\/spazio-news.it\/index.php?rest_route=%2Fwp%2Fv2%2Fmedia&parent=1993"}],"wp:term":[{"taxonomy":"category","embeddable":true,"href":"http:\/\/spazio-news.it\/index.php?rest_route=%2Fwp%2Fv2%2Fcategories&post=1993"},{"taxonomy":"post_tag","embeddable":true,"href":"http:\/\/spazio-news.it\/index.php?rest_route=%2Fwp%2Fv2%2Ftags&post=1993"}],"curies":[{"name":"wp","href":"https:\/\/api.w.org\/{rel}","templated":true}]}}