{"id":2052,"date":"2018-11-08T09:27:20","date_gmt":"2018-11-08T08:27:20","guid":{"rendered":"http:\/\/spazio-news.it\/?p=2052"},"modified":"2018-11-07T14:32:41","modified_gmt":"2018-11-07T13:32:41","slug":"iata-rallenta-crescita-passeggeri-a-settembre","status":"publish","type":"post","link":"http:\/\/spazio-news.it\/?p=2052","title":{"rendered":"IATA: RALLENTA CRESCITA PASSEGGERI A SETTEMBRE"},"content":{"rendered":"<p>A settembre il traffico passeggeri \u2013 espresso in revenue passenger kilometers (RPK) \u2013 \u00e8 cresciuto del 5,5% rispetto allo stesso mese 2017. Si tratta di un rallentamento rispetto al +6,4%  registrato ad agosto. In crescita del 5,8% anche la capacit\u00e0, mentre per la prima volta dopo otto mesi il load factor \u00e8 sceso di 0,3 punti percentuali, attestandosi all\u201981,4%. Questi, in sintesi, i dati in merito al traffico aereo passeggeri di settembre diffusi dall\u2019<a href=\"https:\/\/www.iata.org\/pages\/default.aspx\" rel=\"noopener\" target=\"_blank\">Associazione internazionale del trasporto aereo &#8211; IATA<\/a>, che stima l\u2019impatto degli uragani tra 0,1 e 0,2 punti percentuali di crescita in meno.<\/p>\n<p><em>\u201cSebbene la crescita passeggeri registrata a settembre sia in linea con la media di lungo termine, rappresenta comunque una frenata rispetto agli ultimi mesi<\/em> \u2013 ha sottolineato <strong>Alexandre de Juniac<\/strong>, direttore generale e Ceo IATA \u2013. <em>Questo fatto \u00e8 presumibilmente dovuto all\u2019attenuarsi della domanda prodotta da tariffe aeree pi\u00f9 basse in un momento in cui le compagnie aeree sono alle prese con un aumento dei costi, in particolare quello del carburante. La crescente incertezza determinata dalle politiche sui dazi e le tendenze protezionistiche potrebbero avere un impatto in tal senso<\/em>\u201d<\/p>\n<p>Il traffico internazionale \u00e8 cresciuto in media del 4,9%, registrando passeggeri in crescita in tutte le regioni rispetto a settembre 2017. La capacit\u00e0 \u00e8 cresciuta del 5,1%, mentre scende di 0,1punti percentuali il load factor, all\u201981,2%.<br \/>\nIn <strong>Asia-Pacifico<\/strong> la crescita \u00e8 stata del 5,4%, in rallentamento rispetto al +7,4% registrato ad agosto. La contrazione risente almeno in parte dei fenomeni atmosferici avversi su quest\u2019area geografica, che hanno costretto ad esempio alla chiusura per molti giorni dell\u2019Aeroporto internazionale di Kansai, in Giappone.<br \/>\nIn <strong>Europa<\/strong> il traffico internazionale \u00e8 cresciuto del 5,2%, quindi in linea con le cifre registrate ad agosto (+5,4%). Nonostante ci\u00f2, si assiste comunque a un rallentamento rispetto al trend al rialzo manifestatosi dall\u2019inizio dell\u2019anno.<br \/>\nLa crescita passeggeri in <strong>Medio Oriente<\/strong> \u00e8 stata dell\u20191,8%, la pi\u00f9 bassa dopo quattro mesi.<br \/>\nI passeggeri sono cresciuti del 5% in <strong>Nord America<\/strong>, numero che rappresenta un consistente aumento rispetto al + 3,7% registrato ad agosto. La fase positiva che sta caratterizzando l\u2019economia statunitense sta spingendo in alto anche i risultati delle compagnie aeree della regione. La crescita pi\u00f9 forte \u00e8 quella registrata dall\u2019America Latina, +7%, ben al di sopra del +4,4% registrato ad agosto.<br \/>\nPasseggeri in crescita del 6% in <strong>Africa<\/strong>, in questo caso in diminuzione rispetto al risultato registrato nel mese di agosto (+6,8%). <\/p>\n<p>Anche il traffico passeggeri interno \u00e8 cresciuto a settembre, mediamente +6,5%, in rallentamento rispetto al +7,5% registrato ad agosto. Anche in questo caso, almeno in parte, la contrazione \u00e8 riconducibile ai fattori meteorologici avversi. In crescita del 7,4% la capacit\u00e0, mentre il load factor perde 0,6 punti percentuali e raggiunge l\u201981,6%.<br \/>\n<em><br \/>\n\u201cLo scorso mese la Iata ha pubblicato l\u2019ultima previsione in base alla quale il traffico passeggeri potrebbe raddoppiarsi, raggiungendo gli 8,2 miliardi di passeggeri nel 2037<\/em> \u2013 ha aggiunto <strong>de Juniac<\/strong> \u2013. <em>L\u2019industria del trasporto aereo supporta gi\u00e0 65,5 milioni di posti di lavoro, con una ricaduta economica di 2,7 trilioni di dollari. Con la crescita arriva anche l\u2019opportunit\u00e0 di dare un contributo anche maggiore al benessere dell\u2019umanit\u00e0. Ma i governi devono iniziare a preparare investimenti in strutture aeroportuali adeguate ad andare incontro all\u2019aumento della domanda. La recente decisione di cancellare la costruzione del nuovo aeroporto di Citt\u00e0 del Messico \u00e8 un passo indietro che avr\u00e0 ripercussioni negative sull\u2019economia non solo del Messico ma anche sulle possibilit\u00e0 di collegamenti dell\u2019intera regione dell\u2019America Latina\u201d<\/em>. <\/p>\n","protected":false},"excerpt":{"rendered":"<p>A settembre il traffico passeggeri \u2013 espresso in revenue passenger kilometers (RPK) \u2013 \u00e8 cresciuto del 5,5% rispetto allo stesso<\/p>\n","protected":false},"author":1,"featured_media":765,"comment_status":"closed","ping_status":"open","sticky":false,"template":"","format":"standard","meta":{"colormag_page_container_layout":"default_layout","colormag_page_sidebar_layout":"default_layout","footnotes":""},"categories":[32,3],"tags":[1194,376,751,396],"class_list":["post-2052","post","type-post","status-publish","format-standard","has-post-thumbnail","hentry","category-prima-pagina","category-industria","tag-alexandre-de-juniac","tag-compagnie-aeree","tag-dati-traffico","tag-iata"],"yoast_head":"<!-- This site is optimized with the Yoast SEO plugin v26.8 - https:\/\/yoast.com\/product\/yoast-seo-wordpress\/ -->\n<title>IATA: RALLENTA CRESCITA PASSEGGERI A SETTEMBRE &#187; Spazio-News Magazine<\/title>\n<meta name=\"description\" content=\"La IATA ha diffuso i dati relativi al traffico passeggeri del trasporto aereo nel mese di settembre, in aumento del 5% rispetto a settembre 2017\" \/>\n<meta name=\"robots\" content=\"index, follow, max-snippet:-1, max-image-preview:large, max-video-preview:-1\" \/>\n<link rel=\"canonical\" href=\"http:\/\/spazio-news.it\/?p=2052\" \/>\n<meta property=\"og:locale\" content=\"it_IT\" \/>\n<meta property=\"og:type\" content=\"article\" \/>\n<meta property=\"og:title\" content=\"IATA: RALLENTA CRESCITA PASSEGGERI A SETTEMBRE &#187; Spazio-News Magazine\" \/>\n<meta property=\"og:description\" content=\"La IATA ha diffuso i dati relativi al traffico passeggeri del trasporto aereo nel mese di settembre, in aumento del 5% rispetto a settembre 2017\" \/>\n<meta property=\"og:url\" content=\"http:\/\/spazio-news.it\/?p=2052\" \/>\n<meta property=\"og:site_name\" content=\"Spazio-News Magazine\" \/>\n<meta property=\"article:publisher\" content=\"https:\/\/m.facebook.com\/spazio-news-magazine\" \/>\n<meta property=\"article:author\" content=\"@SpazioNewsMagazine\" \/>\n<meta property=\"article:published_time\" content=\"2018-11-08T08:27:20+00:00\" \/>\n<meta property=\"og:image\" content=\"http:\/\/spazio-news.it\/wp-content\/uploads\/2018\/09\/Logo-IATA-Spazio-News.it-Magazine.jpg\" \/>\n\t<meta property=\"og:image:width\" content=\"800\" \/>\n\t<meta property=\"og:image:height\" content=\"445\" \/>\n\t<meta property=\"og:image:type\" content=\"image\/jpeg\" \/>\n<meta name=\"author\" content=\"Redazione\" \/>\n<meta name=\"twitter:card\" content=\"summary_large_image\" \/>\n<meta name=\"twitter:creator\" content=\"@news_spazio\" \/>\n<meta name=\"twitter:site\" content=\"@News_spazio\" \/>\n<meta name=\"twitter:label1\" content=\"Scritto da\" \/>\n\t<meta name=\"twitter:data1\" content=\"Redazione\" \/>\n\t<meta name=\"twitter:label2\" content=\"Tempo di lettura stimato\" \/>\n\t<meta name=\"twitter:data2\" content=\"3 minuti\" \/>\n<script type=\"application\/ld+json\" class=\"yoast-schema-graph\">{\"@context\":\"https:\/\/schema.org\",\"@graph\":[{\"@type\":\"NewsArticle\",\"@id\":\"http:\/\/spazio-news.it\/?p=2052#article\",\"isPartOf\":{\"@id\":\"http:\/\/spazio-news.it\/?p=2052\"},\"author\":{\"name\":\"Redazione\",\"@id\":\"https:\/\/spazio-news.it\/#\/schema\/person\/c600904e882e9e166ed8e5e3773d37b3\"},\"headline\":\"IATA: RALLENTA CRESCITA PASSEGGERI A SETTEMBRE\",\"datePublished\":\"2018-11-08T08:27:20+00:00\",\"mainEntityOfPage\":{\"@id\":\"http:\/\/spazio-news.it\/?p=2052\"},\"wordCount\":548,\"publisher\":{\"@id\":\"https:\/\/spazio-news.it\/#organization\"},\"image\":{\"@id\":\"http:\/\/spazio-news.it\/?p=2052#primaryimage\"},\"thumbnailUrl\":\"http:\/\/spazio-news.it\/wp-content\/uploads\/2018\/09\/Logo-IATA-Spazio-News.it-Magazine.jpg\",\"keywords\":[\"Alexandre de Juniac\",\"Compagnie aeree\",\"dati traffico\",\"IATA\"],\"articleSection\":[\"01 - PRIMA PAGINA\",\"02 - INDUSTRIA\"],\"inLanguage\":\"it-IT\"},{\"@type\":\"WebPage\",\"@id\":\"http:\/\/spazio-news.it\/?p=2052\",\"url\":\"http:\/\/spazio-news.it\/?p=2052\",\"name\":\"IATA: RALLENTA CRESCITA PASSEGGERI A SETTEMBRE &#187; Spazio-News Magazine\",\"isPartOf\":{\"@id\":\"https:\/\/spazio-news.it\/#website\"},\"primaryImageOfPage\":{\"@id\":\"http:\/\/spazio-news.it\/?p=2052#primaryimage\"},\"image\":{\"@id\":\"http:\/\/spazio-news.it\/?p=2052#primaryimage\"},\"thumbnailUrl\":\"http:\/\/spazio-news.it\/wp-content\/uploads\/2018\/09\/Logo-IATA-Spazio-News.it-Magazine.jpg\",\"datePublished\":\"2018-11-08T08:27:20+00:00\",\"description\":\"La IATA ha diffuso i dati relativi al traffico passeggeri del trasporto aereo nel mese di settembre, in aumento del 5% rispetto a settembre 2017\",\"breadcrumb\":{\"@id\":\"http:\/\/spazio-news.it\/?p=2052#breadcrumb\"},\"inLanguage\":\"it-IT\",\"potentialAction\":[{\"@type\":\"ReadAction\",\"target\":[\"http:\/\/spazio-news.it\/?p=2052\"]}]},{\"@type\":\"ImageObject\",\"inLanguage\":\"it-IT\",\"@id\":\"http:\/\/spazio-news.it\/?p=2052#primaryimage\",\"url\":\"http:\/\/spazio-news.it\/wp-content\/uploads\/2018\/09\/Logo-IATA-Spazio-News.it-Magazine.jpg\",\"contentUrl\":\"http:\/\/spazio-news.it\/wp-content\/uploads\/2018\/09\/Logo-IATA-Spazio-News.it-Magazine.jpg\",\"width\":800,\"height\":445,\"caption\":\"Logo IATA Spazio-News.it Magazine\"},{\"@type\":\"BreadcrumbList\",\"@id\":\"http:\/\/spazio-news.it\/?p=2052#breadcrumb\",\"itemListElement\":[{\"@type\":\"ListItem\",\"position\":1,\"name\":\"Home\",\"item\":\"https:\/\/spazio-news.it\/\"},{\"@type\":\"ListItem\",\"position\":2,\"name\":\"IATA: RALLENTA CRESCITA PASSEGGERI A SETTEMBRE\"}]},{\"@type\":\"WebSite\",\"@id\":\"https:\/\/spazio-news.it\/#website\",\"url\":\"https:\/\/spazio-news.it\/\",\"name\":\"Spazio-News Magazine\",\"description\":\"La guida che sfida la complessit\u00e0 del mondo industriale\",\"publisher\":{\"@id\":\"https:\/\/spazio-news.it\/#organization\"},\"alternateName\":\"Spazio-news.it\",\"potentialAction\":[{\"@type\":\"SearchAction\",\"target\":{\"@type\":\"EntryPoint\",\"urlTemplate\":\"https:\/\/spazio-news.it\/?s={search_term_string}\"},\"query-input\":{\"@type\":\"PropertyValueSpecification\",\"valueRequired\":true,\"valueName\":\"search_term_string\"}}],\"inLanguage\":\"it-IT\"},{\"@type\":\"Organization\",\"@id\":\"https:\/\/spazio-news.it\/#organization\",\"name\":\"Spazio-News Magazine\",\"url\":\"https:\/\/spazio-news.it\/\",\"logo\":{\"@type\":\"ImageObject\",\"inLanguage\":\"it-IT\",\"@id\":\"https:\/\/spazio-news.it\/#\/schema\/logo\/image\/\",\"url\":\"http:\/\/spazio-news.it\/wp-content\/uploads\/2023\/09\/Logo-Spazio-News-512-x-512-NO-testo.jpg\",\"contentUrl\":\"http:\/\/spazio-news.it\/wp-content\/uploads\/2023\/09\/Logo-Spazio-News-512-x-512-NO-testo.jpg\",\"width\":512,\"height\":512,\"caption\":\"Spazio-News Magazine\"},\"image\":{\"@id\":\"https:\/\/spazio-news.it\/#\/schema\/logo\/image\/\"},\"sameAs\":[\"https:\/\/m.facebook.com\/spazio-news-magazine\",\"https:\/\/x.com\/News_spazio\"]},{\"@type\":\"Person\",\"@id\":\"https:\/\/spazio-news.it\/#\/schema\/person\/c600904e882e9e166ed8e5e3773d37b3\",\"name\":\"Redazione\",\"sameAs\":[\"http:\/\/spazio-news.it\",\"@SpazioNewsMagazine\",\"https:\/\/x.com\/@news_spazio\"],\"url\":\"http:\/\/spazio-news.it\/?author=1\"}]}<\/script>\n<!-- \/ Yoast SEO plugin. -->","yoast_head_json":{"title":"IATA: RALLENTA CRESCITA PASSEGGERI A SETTEMBRE &#187; Spazio-News Magazine","description":"La IATA ha diffuso i dati relativi al traffico passeggeri del trasporto aereo nel mese di settembre, in aumento del 5% rispetto a settembre 2017","robots":{"index":"index","follow":"follow","max-snippet":"max-snippet:-1","max-image-preview":"max-image-preview:large","max-video-preview":"max-video-preview:-1"},"canonical":"http:\/\/spazio-news.it\/?p=2052","og_locale":"it_IT","og_type":"article","og_title":"IATA: RALLENTA CRESCITA PASSEGGERI A SETTEMBRE &#187; Spazio-News Magazine","og_description":"La IATA ha diffuso i dati relativi al traffico passeggeri del trasporto aereo nel mese di settembre, in aumento del 5% rispetto a settembre 2017","og_url":"http:\/\/spazio-news.it\/?p=2052","og_site_name":"Spazio-News Magazine","article_publisher":"https:\/\/m.facebook.com\/spazio-news-magazine","article_author":"@SpazioNewsMagazine","article_published_time":"2018-11-08T08:27:20+00:00","og_image":[{"width":800,"height":445,"url":"http:\/\/spazio-news.it\/wp-content\/uploads\/2018\/09\/Logo-IATA-Spazio-News.it-Magazine.jpg","type":"image\/jpeg"}],"author":"Redazione","twitter_card":"summary_large_image","twitter_creator":"@news_spazio","twitter_site":"@News_spazio","twitter_misc":{"Scritto da":"Redazione","Tempo di lettura stimato":"3 minuti"},"schema":{"@context":"https:\/\/schema.org","@graph":[{"@type":"NewsArticle","@id":"http:\/\/spazio-news.it\/?p=2052#article","isPartOf":{"@id":"http:\/\/spazio-news.it\/?p=2052"},"author":{"name":"Redazione","@id":"https:\/\/spazio-news.it\/#\/schema\/person\/c600904e882e9e166ed8e5e3773d37b3"},"headline":"IATA: RALLENTA CRESCITA PASSEGGERI A SETTEMBRE","datePublished":"2018-11-08T08:27:20+00:00","mainEntityOfPage":{"@id":"http:\/\/spazio-news.it\/?p=2052"},"wordCount":548,"publisher":{"@id":"https:\/\/spazio-news.it\/#organization"},"image":{"@id":"http:\/\/spazio-news.it\/?p=2052#primaryimage"},"thumbnailUrl":"http:\/\/spazio-news.it\/wp-content\/uploads\/2018\/09\/Logo-IATA-Spazio-News.it-Magazine.jpg","keywords":["Alexandre de Juniac","Compagnie aeree","dati traffico","IATA"],"articleSection":["01 - PRIMA PAGINA","02 - INDUSTRIA"],"inLanguage":"it-IT"},{"@type":"WebPage","@id":"http:\/\/spazio-news.it\/?p=2052","url":"http:\/\/spazio-news.it\/?p=2052","name":"IATA: RALLENTA CRESCITA PASSEGGERI A SETTEMBRE &#187; Spazio-News Magazine","isPartOf":{"@id":"https:\/\/spazio-news.it\/#website"},"primaryImageOfPage":{"@id":"http:\/\/spazio-news.it\/?p=2052#primaryimage"},"image":{"@id":"http:\/\/spazio-news.it\/?p=2052#primaryimage"},"thumbnailUrl":"http:\/\/spazio-news.it\/wp-content\/uploads\/2018\/09\/Logo-IATA-Spazio-News.it-Magazine.jpg","datePublished":"2018-11-08T08:27:20+00:00","description":"La IATA ha diffuso i dati relativi al traffico passeggeri del trasporto aereo nel mese di settembre, in aumento del 5% rispetto a settembre 2017","breadcrumb":{"@id":"http:\/\/spazio-news.it\/?p=2052#breadcrumb"},"inLanguage":"it-IT","potentialAction":[{"@type":"ReadAction","target":["http:\/\/spazio-news.it\/?p=2052"]}]},{"@type":"ImageObject","inLanguage":"it-IT","@id":"http:\/\/spazio-news.it\/?p=2052#primaryimage","url":"http:\/\/spazio-news.it\/wp-content\/uploads\/2018\/09\/Logo-IATA-Spazio-News.it-Magazine.jpg","contentUrl":"http:\/\/spazio-news.it\/wp-content\/uploads\/2018\/09\/Logo-IATA-Spazio-News.it-Magazine.jpg","width":800,"height":445,"caption":"Logo IATA Spazio-News.it Magazine"},{"@type":"BreadcrumbList","@id":"http:\/\/spazio-news.it\/?p=2052#breadcrumb","itemListElement":[{"@type":"ListItem","position":1,"name":"Home","item":"https:\/\/spazio-news.it\/"},{"@type":"ListItem","position":2,"name":"IATA: RALLENTA CRESCITA PASSEGGERI A SETTEMBRE"}]},{"@type":"WebSite","@id":"https:\/\/spazio-news.it\/#website","url":"https:\/\/spazio-news.it\/","name":"Spazio-News Magazine","description":"La guida che sfida la complessit\u00e0 del mondo industriale","publisher":{"@id":"https:\/\/spazio-news.it\/#organization"},"alternateName":"Spazio-news.it","potentialAction":[{"@type":"SearchAction","target":{"@type":"EntryPoint","urlTemplate":"https:\/\/spazio-news.it\/?s={search_term_string}"},"query-input":{"@type":"PropertyValueSpecification","valueRequired":true,"valueName":"search_term_string"}}],"inLanguage":"it-IT"},{"@type":"Organization","@id":"https:\/\/spazio-news.it\/#organization","name":"Spazio-News Magazine","url":"https:\/\/spazio-news.it\/","logo":{"@type":"ImageObject","inLanguage":"it-IT","@id":"https:\/\/spazio-news.it\/#\/schema\/logo\/image\/","url":"http:\/\/spazio-news.it\/wp-content\/uploads\/2023\/09\/Logo-Spazio-News-512-x-512-NO-testo.jpg","contentUrl":"http:\/\/spazio-news.it\/wp-content\/uploads\/2023\/09\/Logo-Spazio-News-512-x-512-NO-testo.jpg","width":512,"height":512,"caption":"Spazio-News Magazine"},"image":{"@id":"https:\/\/spazio-news.it\/#\/schema\/logo\/image\/"},"sameAs":["https:\/\/m.facebook.com\/spazio-news-magazine","https:\/\/x.com\/News_spazio"]},{"@type":"Person","@id":"https:\/\/spazio-news.it\/#\/schema\/person\/c600904e882e9e166ed8e5e3773d37b3","name":"Redazione","sameAs":["http:\/\/spazio-news.it","@SpazioNewsMagazine","https:\/\/x.com\/@news_spazio"],"url":"http:\/\/spazio-news.it\/?author=1"}]}},"_links":{"self":[{"href":"http:\/\/spazio-news.it\/index.php?rest_route=\/wp\/v2\/posts\/2052","targetHints":{"allow":["GET"]}}],"collection":[{"href":"http:\/\/spazio-news.it\/index.php?rest_route=\/wp\/v2\/posts"}],"about":[{"href":"http:\/\/spazio-news.it\/index.php?rest_route=\/wp\/v2\/types\/post"}],"author":[{"embeddable":true,"href":"http:\/\/spazio-news.it\/index.php?rest_route=\/wp\/v2\/users\/1"}],"replies":[{"embeddable":true,"href":"http:\/\/spazio-news.it\/index.php?rest_route=%2Fwp%2Fv2%2Fcomments&post=2052"}],"version-history":[{"count":1,"href":"http:\/\/spazio-news.it\/index.php?rest_route=\/wp\/v2\/posts\/2052\/revisions"}],"predecessor-version":[{"id":2053,"href":"http:\/\/spazio-news.it\/index.php?rest_route=\/wp\/v2\/posts\/2052\/revisions\/2053"}],"wp:featuredmedia":[{"embeddable":true,"href":"http:\/\/spazio-news.it\/index.php?rest_route=\/wp\/v2\/media\/765"}],"wp:attachment":[{"href":"http:\/\/spazio-news.it\/index.php?rest_route=%2Fwp%2Fv2%2Fmedia&parent=2052"}],"wp:term":[{"taxonomy":"category","embeddable":true,"href":"http:\/\/spazio-news.it\/index.php?rest_route=%2Fwp%2Fv2%2Fcategories&post=2052"},{"taxonomy":"post_tag","embeddable":true,"href":"http:\/\/spazio-news.it\/index.php?rest_route=%2Fwp%2Fv2%2Ftags&post=2052"}],"curies":[{"name":"wp","href":"https:\/\/api.w.org\/{rel}","templated":true}]}}