{"id":2057,"date":"2018-11-08T07:48:17","date_gmt":"2018-11-08T06:48:17","guid":{"rendered":"http:\/\/spazio-news.it\/?p=2057"},"modified":"2018-11-07T15:52:54","modified_gmt":"2018-11-07T14:52:54","slug":"lombardia-cnr-giornata-sullo-stato-dei-progetti-di-ricerca","status":"publish","type":"post","link":"http:\/\/spazio-news.it\/?p=2057","title":{"rendered":"LOMBARDIA &#8211; CNR: GIORNATA SULLO STATO DEI PROGETTI DI RICERCA"},"content":{"rendered":"<p>Si \u00e8 tenuta, lo scorso <strong>31 ottobre<\/strong> presso l\u2019<strong>Aula Magna<\/strong> <strong>del Campus di Lecco<\/strong>, la <strong>giornata di presentazione<\/strong> <strong>dello stato di avanzamento<\/strong> dei <strong>4 progetti di ricerca<\/strong> ricompresi nell\u2019ambito dell\u2019<strong>Accordo Quadro Regione Lombardia<\/strong> &#8211; <a href=\"https:\/\/www.cnr.it\/\">Consiglio nazionale delle ricerche &#8211; Cnr<\/a> del <strong> 2015<\/strong>.<\/p>\n<p>I lavori si sono aperti con i saluti di <strong>Fabrizio Sala<\/strong>, <strong>Vicepresidente e Assessore per la Ricerca, Innovazione, Universit\u00e0, Export e Internazionalizzazione<\/strong> <strong>di Regione Lombardia<\/strong> che ha voluto sottolineare l&#8217;importanza di tale legame <em>&#8220;L&#8217; accordo con Cnr \u00e8 il sistema grazie al quale possiamo sviluppare ricerca, innovazione e trasferimento tecnologico. Regione Lombardia, come sempre, punta sulla collaborazione tra enti, istituzioni e Universit\u00e0 per creare competitivit\u00e0 e generare Pil&#8221;<\/em>.<\/p>\n<p><strong>Il prossimo bando da oltre 50 milioni in ricerca e innovazione<\/strong><\/p>\n<p>Sviluppare la <strong>ricerca scientifica<\/strong> in <strong>Lombardia<\/strong> e generare <strong>nuovi posti di lavoro<\/strong>: gli obiettivi sono chiari e Regione Lombardia vuole continuare a puntare su ricerca e innovazione con un <strong>bando ad hoc<\/strong>. <em>&#8220;Lanceremo a breve un bando<\/em> &#8211; ha proseguito il vice presidente Sala- <em>che vedr\u00e0 un contributo minimo di 5 milioni a progetto per finanziare progetti di ricerca e innovazione, con le Universit\u00e0 poste al centro del progetto grazie all&#8217;interazione con le imprese. Sar\u00e0 la manovra pi\u00f9 importante in materia di ricerca e innovazione&#8221;<\/em>.<\/p>\n<p><strong>Il ruolo delle academy regionali<\/strong><\/p>\n<p>I giovani e il futuro della ricerca. Regione Lombardia sta per varare il progetto delle Academy regionali<em>, &#8220;uno strumento<\/em> &#8211; spiega Fabrizio Sala- <em>che sar\u00e0 in grado di far lavorare assieme Universit\u00e0, imprese,associazioni di categoria su grandi temi di interesse ai fini di migliorare la qualit\u00e0 della vita dei cittadini. Uno spazio virtuale-prosegue il vice presidente &#8211; coordinato proprio dalle Universit\u00e0 e dai centri di ricerca&#8221;.<\/em><\/p>\n<p><strong>La collaborazione con Cnr, un&#8217;eccellenza nella ricerca italiana<\/strong><\/p>\n<p><strong>Massimo Inguscio<\/strong>, <strong>Presidente<\/strong> del <strong>Cnr<\/strong>: <em> \u201cL&#8217;accordo con Regione Lombardia ha avuto risultati ottimi. Gli istituti Cnr coinvolti, grazie al cofinanziamento di Regione, hanno potuto potenziare le proprie infrastrutture di ricerca, sviluppando ricerche fortemente multidisciplinari in settori importantissimi: dalla sicurezza dei prodotti alimentari, allo sviluppo di tecnologie innovative ed efficienti per la costruzione di edifici Smart e resilienti, al recupero di materie prime in un&#8217;ottica di economia circolare, alla salute. L&#8217;impatto in termini di innovazione \u00e8 testimoniato dalle numerose collaborazioni con le imprese che, grazie ai progetti sviluppati e realizzati nell&#8217;ambito dell&#8217;accordo, sono state attivate e consolidate. I progetti hanno consentito di formare e di coinvolgere giovani ricercatrici e ricercatori, di sviluppare una rete di infrastrutture a sostegno dello sviluppo economico del territorio, di rafforzare le collaborazioni scientifiche con universit\u00e0 e istituzioni italiane e straniere. In tal senso il contributo di Regione ha funzionato da volano per poter accedere ad ulteriori risorse derivanti dalla partecipazione a progetti nazionali ma soprattutto europei\u201d.<\/em><\/p>\n","protected":false},"excerpt":{"rendered":"<p>Si \u00e8 tenuta, lo scorso 31 ottobre presso l\u2019Aula Magna del Campus di Lecco, la giornata di presentazione dello stato<\/p>\n","protected":false},"author":1,"featured_media":579,"comment_status":"closed","ping_status":"open","sticky":false,"template":"","format":"standard","meta":{"colormag_page_container_layout":"default_layout","colormag_page_sidebar_layout":"default_layout","footnotes":""},"categories":[32,5],"tags":[494,1272,113],"class_list":["post-2057","post","type-post","status-publish","format-standard","has-post-thumbnail","hentry","category-prima-pagina","category-ricerca-innovazione","tag-consiglio-nazionale-delle-ricerche-cnr","tag-regione-lombardia","tag-ricerca"],"yoast_head":"<!-- This site is optimized with the Yoast SEO plugin v26.8 - https:\/\/yoast.com\/product\/yoast-seo-wordpress\/ -->\n<title>LOMBARDIA - CNR: GIORNATA SULLO STATO DEI PROGETTI DI RICERCA &#187; Spazio-News Magazine<\/title>\n<meta name=\"description\" content=\"Si \u00e8 tenuta la giornata di presentazione dello stato di avanzamento dei 4 progetti di ricerca ricompresi nell\u2019ambito dell\u2019Accordo Lombardia - Cnr del 2015\" \/>\n<meta name=\"robots\" content=\"index, follow, max-snippet:-1, max-image-preview:large, max-video-preview:-1\" \/>\n<link rel=\"canonical\" href=\"http:\/\/spazio-news.it\/?p=2057\" \/>\n<meta property=\"og:locale\" content=\"it_IT\" \/>\n<meta property=\"og:type\" content=\"article\" \/>\n<meta property=\"og:title\" content=\"LOMBARDIA - CNR: GIORNATA SULLO STATO DEI PROGETTI DI RICERCA &#187; Spazio-News Magazine\" \/>\n<meta property=\"og:description\" content=\"Si \u00e8 tenuta la giornata di presentazione dello stato di avanzamento dei 4 progetti di ricerca ricompresi nell\u2019ambito dell\u2019Accordo Lombardia - Cnr del 2015\" \/>\n<meta property=\"og:url\" content=\"http:\/\/spazio-news.it\/?p=2057\" \/>\n<meta property=\"og:site_name\" content=\"Spazio-News Magazine\" \/>\n<meta property=\"article:publisher\" content=\"https:\/\/m.facebook.com\/spazio-news-magazine\" \/>\n<meta property=\"article:author\" content=\"@SpazioNewsMagazine\" \/>\n<meta property=\"article:published_time\" content=\"2018-11-08T06:48:17+00:00\" \/>\n<meta property=\"og:image\" content=\"http:\/\/spazio-news.it\/wp-content\/uploads\/2018\/08\/spazio-news.IT-Magazine-CNR-Italia-Centro-Nazionale-delle-Ricerche-e1549119846641.jpg\" \/>\n\t<meta property=\"og:image:width\" content=\"800\" \/>\n\t<meta property=\"og:image:height\" content=\"446\" \/>\n\t<meta property=\"og:image:type\" content=\"image\/jpeg\" \/>\n<meta name=\"author\" content=\"Redazione\" \/>\n<meta name=\"twitter:card\" content=\"summary_large_image\" \/>\n<meta name=\"twitter:creator\" content=\"@news_spazio\" \/>\n<meta name=\"twitter:site\" content=\"@News_spazio\" \/>\n<meta name=\"twitter:label1\" content=\"Scritto da\" \/>\n\t<meta name=\"twitter:data1\" content=\"Redazione\" \/>\n\t<meta name=\"twitter:label2\" content=\"Tempo di lettura stimato\" \/>\n\t<meta name=\"twitter:data2\" content=\"2 minuti\" \/>\n<script type=\"application\/ld+json\" class=\"yoast-schema-graph\">{\"@context\":\"https:\/\/schema.org\",\"@graph\":[{\"@type\":\"NewsArticle\",\"@id\":\"http:\/\/spazio-news.it\/?p=2057#article\",\"isPartOf\":{\"@id\":\"http:\/\/spazio-news.it\/?p=2057\"},\"author\":{\"name\":\"Redazione\",\"@id\":\"https:\/\/spazio-news.it\/#\/schema\/person\/c600904e882e9e166ed8e5e3773d37b3\"},\"headline\":\"LOMBARDIA &#8211; CNR: GIORNATA SULLO STATO DEI PROGETTI DI RICERCA\",\"datePublished\":\"2018-11-08T06:48:17+00:00\",\"mainEntityOfPage\":{\"@id\":\"http:\/\/spazio-news.it\/?p=2057\"},\"wordCount\":459,\"publisher\":{\"@id\":\"https:\/\/spazio-news.it\/#organization\"},\"image\":{\"@id\":\"http:\/\/spazio-news.it\/?p=2057#primaryimage\"},\"thumbnailUrl\":\"http:\/\/spazio-news.it\/wp-content\/uploads\/2018\/08\/spazio-news.IT-Magazine-CNR-Italia-Centro-Nazionale-delle-Ricerche-e1549119846641.jpg\",\"keywords\":[\"Consiglio nazionale delle ricerche - CNR\",\"Regione Lombardia\",\"ricerca\"],\"articleSection\":[\"01 - PRIMA PAGINA\",\"05 - RICERCA &amp; INNOVAZIONE\"],\"inLanguage\":\"it-IT\"},{\"@type\":\"WebPage\",\"@id\":\"http:\/\/spazio-news.it\/?p=2057\",\"url\":\"http:\/\/spazio-news.it\/?p=2057\",\"name\":\"LOMBARDIA - CNR: GIORNATA SULLO STATO DEI PROGETTI DI RICERCA &#187; Spazio-News Magazine\",\"isPartOf\":{\"@id\":\"https:\/\/spazio-news.it\/#website\"},\"primaryImageOfPage\":{\"@id\":\"http:\/\/spazio-news.it\/?p=2057#primaryimage\"},\"image\":{\"@id\":\"http:\/\/spazio-news.it\/?p=2057#primaryimage\"},\"thumbnailUrl\":\"http:\/\/spazio-news.it\/wp-content\/uploads\/2018\/08\/spazio-news.IT-Magazine-CNR-Italia-Centro-Nazionale-delle-Ricerche-e1549119846641.jpg\",\"datePublished\":\"2018-11-08T06:48:17+00:00\",\"description\":\"Si \u00e8 tenuta la giornata di presentazione dello stato di avanzamento dei 4 progetti di ricerca ricompresi nell\u2019ambito dell\u2019Accordo Lombardia - Cnr del 2015\",\"breadcrumb\":{\"@id\":\"http:\/\/spazio-news.it\/?p=2057#breadcrumb\"},\"inLanguage\":\"it-IT\",\"potentialAction\":[{\"@type\":\"ReadAction\",\"target\":[\"http:\/\/spazio-news.it\/?p=2057\"]}]},{\"@type\":\"ImageObject\",\"inLanguage\":\"it-IT\",\"@id\":\"http:\/\/spazio-news.it\/?p=2057#primaryimage\",\"url\":\"http:\/\/spazio-news.it\/wp-content\/uploads\/2018\/08\/spazio-news.IT-Magazine-CNR-Italia-Centro-Nazionale-delle-Ricerche-e1549119846641.jpg\",\"contentUrl\":\"http:\/\/spazio-news.it\/wp-content\/uploads\/2018\/08\/spazio-news.IT-Magazine-CNR-Italia-Centro-Nazionale-delle-Ricerche-e1549119846641.jpg\",\"width\":800,\"height\":446,\"caption\":\"spazio-news.IT Magazine CNR Italia Centro Nazionale delle Ricerche\"},{\"@type\":\"BreadcrumbList\",\"@id\":\"http:\/\/spazio-news.it\/?p=2057#breadcrumb\",\"itemListElement\":[{\"@type\":\"ListItem\",\"position\":1,\"name\":\"Home\",\"item\":\"https:\/\/spazio-news.it\/\"},{\"@type\":\"ListItem\",\"position\":2,\"name\":\"LOMBARDIA &#8211; CNR: GIORNATA SULLO STATO DEI PROGETTI DI RICERCA\"}]},{\"@type\":\"WebSite\",\"@id\":\"https:\/\/spazio-news.it\/#website\",\"url\":\"https:\/\/spazio-news.it\/\",\"name\":\"Spazio-News Magazine\",\"description\":\"La guida che sfida la complessit\u00e0 del mondo industriale\",\"publisher\":{\"@id\":\"https:\/\/spazio-news.it\/#organization\"},\"alternateName\":\"Spazio-news.it\",\"potentialAction\":[{\"@type\":\"SearchAction\",\"target\":{\"@type\":\"EntryPoint\",\"urlTemplate\":\"https:\/\/spazio-news.it\/?s={search_term_string}\"},\"query-input\":{\"@type\":\"PropertyValueSpecification\",\"valueRequired\":true,\"valueName\":\"search_term_string\"}}],\"inLanguage\":\"it-IT\"},{\"@type\":\"Organization\",\"@id\":\"https:\/\/spazio-news.it\/#organization\",\"name\":\"Spazio-News Magazine\",\"url\":\"https:\/\/spazio-news.it\/\",\"logo\":{\"@type\":\"ImageObject\",\"inLanguage\":\"it-IT\",\"@id\":\"https:\/\/spazio-news.it\/#\/schema\/logo\/image\/\",\"url\":\"http:\/\/spazio-news.it\/wp-content\/uploads\/2023\/09\/Logo-Spazio-News-512-x-512-NO-testo.jpg\",\"contentUrl\":\"http:\/\/spazio-news.it\/wp-content\/uploads\/2023\/09\/Logo-Spazio-News-512-x-512-NO-testo.jpg\",\"width\":512,\"height\":512,\"caption\":\"Spazio-News Magazine\"},\"image\":{\"@id\":\"https:\/\/spazio-news.it\/#\/schema\/logo\/image\/\"},\"sameAs\":[\"https:\/\/m.facebook.com\/spazio-news-magazine\",\"https:\/\/x.com\/News_spazio\"]},{\"@type\":\"Person\",\"@id\":\"https:\/\/spazio-news.it\/#\/schema\/person\/c600904e882e9e166ed8e5e3773d37b3\",\"name\":\"Redazione\",\"sameAs\":[\"http:\/\/spazio-news.it\",\"@SpazioNewsMagazine\",\"https:\/\/x.com\/@news_spazio\"],\"url\":\"http:\/\/spazio-news.it\/?author=1\"}]}<\/script>\n<!-- \/ Yoast SEO plugin. -->","yoast_head_json":{"title":"LOMBARDIA - CNR: GIORNATA SULLO STATO DEI PROGETTI DI RICERCA &#187; Spazio-News Magazine","description":"Si \u00e8 tenuta la giornata di presentazione dello stato di avanzamento dei 4 progetti di ricerca ricompresi nell\u2019ambito dell\u2019Accordo Lombardia - Cnr del 2015","robots":{"index":"index","follow":"follow","max-snippet":"max-snippet:-1","max-image-preview":"max-image-preview:large","max-video-preview":"max-video-preview:-1"},"canonical":"http:\/\/spazio-news.it\/?p=2057","og_locale":"it_IT","og_type":"article","og_title":"LOMBARDIA - CNR: GIORNATA SULLO STATO DEI PROGETTI DI RICERCA &#187; Spazio-News Magazine","og_description":"Si \u00e8 tenuta la giornata di presentazione dello stato di avanzamento dei 4 progetti di ricerca ricompresi nell\u2019ambito dell\u2019Accordo Lombardia - Cnr del 2015","og_url":"http:\/\/spazio-news.it\/?p=2057","og_site_name":"Spazio-News Magazine","article_publisher":"https:\/\/m.facebook.com\/spazio-news-magazine","article_author":"@SpazioNewsMagazine","article_published_time":"2018-11-08T06:48:17+00:00","og_image":[{"width":800,"height":446,"url":"http:\/\/spazio-news.it\/wp-content\/uploads\/2018\/08\/spazio-news.IT-Magazine-CNR-Italia-Centro-Nazionale-delle-Ricerche-e1549119846641.jpg","type":"image\/jpeg"}],"author":"Redazione","twitter_card":"summary_large_image","twitter_creator":"@news_spazio","twitter_site":"@News_spazio","twitter_misc":{"Scritto da":"Redazione","Tempo di lettura stimato":"2 minuti"},"schema":{"@context":"https:\/\/schema.org","@graph":[{"@type":"NewsArticle","@id":"http:\/\/spazio-news.it\/?p=2057#article","isPartOf":{"@id":"http:\/\/spazio-news.it\/?p=2057"},"author":{"name":"Redazione","@id":"https:\/\/spazio-news.it\/#\/schema\/person\/c600904e882e9e166ed8e5e3773d37b3"},"headline":"LOMBARDIA &#8211; CNR: GIORNATA SULLO STATO DEI PROGETTI DI RICERCA","datePublished":"2018-11-08T06:48:17+00:00","mainEntityOfPage":{"@id":"http:\/\/spazio-news.it\/?p=2057"},"wordCount":459,"publisher":{"@id":"https:\/\/spazio-news.it\/#organization"},"image":{"@id":"http:\/\/spazio-news.it\/?p=2057#primaryimage"},"thumbnailUrl":"http:\/\/spazio-news.it\/wp-content\/uploads\/2018\/08\/spazio-news.IT-Magazine-CNR-Italia-Centro-Nazionale-delle-Ricerche-e1549119846641.jpg","keywords":["Consiglio nazionale delle ricerche - CNR","Regione Lombardia","ricerca"],"articleSection":["01 - PRIMA PAGINA","05 - RICERCA &amp; INNOVAZIONE"],"inLanguage":"it-IT"},{"@type":"WebPage","@id":"http:\/\/spazio-news.it\/?p=2057","url":"http:\/\/spazio-news.it\/?p=2057","name":"LOMBARDIA - CNR: GIORNATA SULLO STATO DEI PROGETTI DI RICERCA &#187; Spazio-News Magazine","isPartOf":{"@id":"https:\/\/spazio-news.it\/#website"},"primaryImageOfPage":{"@id":"http:\/\/spazio-news.it\/?p=2057#primaryimage"},"image":{"@id":"http:\/\/spazio-news.it\/?p=2057#primaryimage"},"thumbnailUrl":"http:\/\/spazio-news.it\/wp-content\/uploads\/2018\/08\/spazio-news.IT-Magazine-CNR-Italia-Centro-Nazionale-delle-Ricerche-e1549119846641.jpg","datePublished":"2018-11-08T06:48:17+00:00","description":"Si \u00e8 tenuta la giornata di presentazione dello stato di avanzamento dei 4 progetti di ricerca ricompresi nell\u2019ambito dell\u2019Accordo Lombardia - Cnr del 2015","breadcrumb":{"@id":"http:\/\/spazio-news.it\/?p=2057#breadcrumb"},"inLanguage":"it-IT","potentialAction":[{"@type":"ReadAction","target":["http:\/\/spazio-news.it\/?p=2057"]}]},{"@type":"ImageObject","inLanguage":"it-IT","@id":"http:\/\/spazio-news.it\/?p=2057#primaryimage","url":"http:\/\/spazio-news.it\/wp-content\/uploads\/2018\/08\/spazio-news.IT-Magazine-CNR-Italia-Centro-Nazionale-delle-Ricerche-e1549119846641.jpg","contentUrl":"http:\/\/spazio-news.it\/wp-content\/uploads\/2018\/08\/spazio-news.IT-Magazine-CNR-Italia-Centro-Nazionale-delle-Ricerche-e1549119846641.jpg","width":800,"height":446,"caption":"spazio-news.IT Magazine CNR Italia Centro Nazionale delle Ricerche"},{"@type":"BreadcrumbList","@id":"http:\/\/spazio-news.it\/?p=2057#breadcrumb","itemListElement":[{"@type":"ListItem","position":1,"name":"Home","item":"https:\/\/spazio-news.it\/"},{"@type":"ListItem","position":2,"name":"LOMBARDIA &#8211; CNR: GIORNATA SULLO STATO DEI PROGETTI DI RICERCA"}]},{"@type":"WebSite","@id":"https:\/\/spazio-news.it\/#website","url":"https:\/\/spazio-news.it\/","name":"Spazio-News Magazine","description":"La guida che sfida la complessit\u00e0 del mondo industriale","publisher":{"@id":"https:\/\/spazio-news.it\/#organization"},"alternateName":"Spazio-news.it","potentialAction":[{"@type":"SearchAction","target":{"@type":"EntryPoint","urlTemplate":"https:\/\/spazio-news.it\/?s={search_term_string}"},"query-input":{"@type":"PropertyValueSpecification","valueRequired":true,"valueName":"search_term_string"}}],"inLanguage":"it-IT"},{"@type":"Organization","@id":"https:\/\/spazio-news.it\/#organization","name":"Spazio-News Magazine","url":"https:\/\/spazio-news.it\/","logo":{"@type":"ImageObject","inLanguage":"it-IT","@id":"https:\/\/spazio-news.it\/#\/schema\/logo\/image\/","url":"http:\/\/spazio-news.it\/wp-content\/uploads\/2023\/09\/Logo-Spazio-News-512-x-512-NO-testo.jpg","contentUrl":"http:\/\/spazio-news.it\/wp-content\/uploads\/2023\/09\/Logo-Spazio-News-512-x-512-NO-testo.jpg","width":512,"height":512,"caption":"Spazio-News Magazine"},"image":{"@id":"https:\/\/spazio-news.it\/#\/schema\/logo\/image\/"},"sameAs":["https:\/\/m.facebook.com\/spazio-news-magazine","https:\/\/x.com\/News_spazio"]},{"@type":"Person","@id":"https:\/\/spazio-news.it\/#\/schema\/person\/c600904e882e9e166ed8e5e3773d37b3","name":"Redazione","sameAs":["http:\/\/spazio-news.it","@SpazioNewsMagazine","https:\/\/x.com\/@news_spazio"],"url":"http:\/\/spazio-news.it\/?author=1"}]}},"_links":{"self":[{"href":"http:\/\/spazio-news.it\/index.php?rest_route=\/wp\/v2\/posts\/2057","targetHints":{"allow":["GET"]}}],"collection":[{"href":"http:\/\/spazio-news.it\/index.php?rest_route=\/wp\/v2\/posts"}],"about":[{"href":"http:\/\/spazio-news.it\/index.php?rest_route=\/wp\/v2\/types\/post"}],"author":[{"embeddable":true,"href":"http:\/\/spazio-news.it\/index.php?rest_route=\/wp\/v2\/users\/1"}],"replies":[{"embeddable":true,"href":"http:\/\/spazio-news.it\/index.php?rest_route=%2Fwp%2Fv2%2Fcomments&post=2057"}],"version-history":[{"count":1,"href":"http:\/\/spazio-news.it\/index.php?rest_route=\/wp\/v2\/posts\/2057\/revisions"}],"predecessor-version":[{"id":2058,"href":"http:\/\/spazio-news.it\/index.php?rest_route=\/wp\/v2\/posts\/2057\/revisions\/2058"}],"wp:featuredmedia":[{"embeddable":true,"href":"http:\/\/spazio-news.it\/index.php?rest_route=\/wp\/v2\/media\/579"}],"wp:attachment":[{"href":"http:\/\/spazio-news.it\/index.php?rest_route=%2Fwp%2Fv2%2Fmedia&parent=2057"}],"wp:term":[{"taxonomy":"category","embeddable":true,"href":"http:\/\/spazio-news.it\/index.php?rest_route=%2Fwp%2Fv2%2Fcategories&post=2057"},{"taxonomy":"post_tag","embeddable":true,"href":"http:\/\/spazio-news.it\/index.php?rest_route=%2Fwp%2Fv2%2Ftags&post=2057"}],"curies":[{"name":"wp","href":"https:\/\/api.w.org\/{rel}","templated":true}]}}