{"id":2177,"date":"2018-11-14T11:32:09","date_gmt":"2018-11-14T10:32:09","guid":{"rendered":"http:\/\/spazio-news.it\/?p=2177"},"modified":"2019-02-24T19:07:03","modified_gmt":"2019-02-24T18:07:03","slug":"difesa-e-ambiente-iii-conferenza-internazionale","status":"publish","type":"post","link":"http:\/\/spazio-news.it\/?p=2177","title":{"rendered":"DIFESA E AMBIENTE: III CONFERENZA INTERNAZIONALE"},"content":{"rendered":"<p>La Difesa \u00e8 attenta alle problematiche connesse alla <strong>tutela dell\u2019ambiente<\/strong>. Nel 2015 ha siglato il <strong>Protocollo di Intesa per la tutela ambientale ed attivit\u00e0 esercitative militari<\/strong> con il Ministero dell\u2019Ambiente, del Territorio e della Tutela del Mare.<br \/>\nMa non solo. Ha sviluppato una specifica strategia energetica, in linea con quella nazionale e aperta alla collaborazione con tutti i soggetti pubblici e privati, italiani e internazionali, del settore.<\/p>\n<p>\u00c8 quanto ha detto il Ministro <strong>Elisabetta Trenta<\/strong> nel suo intervento di saluto alla <strong>Conferenza internazionale sull\u2019ambiente<\/strong>, organizzato dall\u2019<strong>Arma dei Carabinieri<\/strong>, in programma fino ad oggi alla <strong>Scuola Ufficiali di Roma<\/strong>.<\/p>\n<p><em>\u201cVogliamo fare in modo che tutto sia perfettamente nella norma e che la salute e la sicurezza dei cittadini, nonch\u00e9 le esigenze ambientali del territorio, siano perfettamente preservati da quella che \u00e8 un\u2019attivit\u00e0 necessaria per le Forze Armate e per il Paese<\/em> \u2013 ha commentato <strong>il Ministro<\/strong> nel suo intervento -. <em>Potrebbe sembrare un paradosso, ma se le aree su cui insistono da 50\/60 anni molti poligoni militari sono oggi considerate Siti di Interesse Comunitario e rappresentano molto spesso un polmone verde per le regioni che le ospitano, la ragione \u00e8 da ravvisarsi anche nel fatto che esse sono state interdette a quella edilizia speculativa che ha invece devastato tante zone pregiate del nostro territorio, soprattutto in prossimit\u00e0 delle coste\u201d<\/em>.<\/p>\n<p>Il convegno, al quale hanno preso parte il Ministro dell\u2019Ambiente <strong>Sergio Costa<\/strong> e il Comandante Generale dell\u2019Arma dei Carabinieri, <strong>Giovanni Nistri<\/strong>, \u00e8 stato suddiviso in tre panel:<\/p>\n<p><strong>\u00b7 il valore della biodiversit\u00e0<\/p>\n<p>\u00b7 la conservazione della biodiversit\u00e0<\/p>\n<p>\u00b7 l\u2019attivit\u00e0 di polizia a tutela della biodiversit\u00e0<\/strong><\/p>\n<p>Nel suo indirizzo di saluto, la titolare del Dicastero ha ribadito a chiare lettere che tutelare l\u2019ambiente \u00e8 un impegno complesso che la Difesa ha deciso di assumersi: <em>\u201cAd oggi, sono numerosi i programmi di riqualificazione energetica che abbiamo realizzato, anche in collaborazione con istituti di ricerca, universit\u00e0, poli scientifici, italiani e internazionali, per abbattere l\u2019impatto energetico delle nostre attivit\u00e0 peculiari. Il bilancio di queste collaborazioni \u00e8 stato finora senza dubbio positivo, perch\u00e9 oltre a garantire importanti risultati in termini di ottimizzazione delle risorse energetiche, hanno consentito un prezioso affinamento dei livelli tecnologici del sistema difesa e di sostenibilit\u00e0 dello strumento militare stesso\u201d<\/em>.<\/p>\n","protected":false},"excerpt":{"rendered":"<p>La Difesa \u00e8 attenta alle problematiche connesse alla tutela dell\u2019ambiente. Nel 2015 ha siglato il Protocollo di Intesa per la<\/p>\n","protected":false},"author":1,"featured_media":2178,"comment_status":"closed","ping_status":"open","sticky":false,"template":"","format":"standard","meta":{"colormag_page_container_layout":"default_layout","colormag_page_sidebar_layout":"default_layout","footnotes":""},"categories":[32,4,5],"tags":[1378,432,1379,1376,105,1377,1380],"class_list":["post-2177","post","type-post","status-publish","format-standard","has-post-thumbnail","hentry","category-prima-pagina","category-istituzioni","category-ricerca-innovazione","tag-arma-dei-carabinieri","tag-elisabetta-trenta","tag-giovanni-nistri","tag-ministero-dellambiente","tag-ministero-della-difesa","tag-sergio-costa","tag-tutela-ambientale"],"yoast_head":"<!-- This site is optimized with the Yoast SEO plugin v26.8 - https:\/\/yoast.com\/product\/yoast-seo-wordpress\/ -->\n<title>DIFESA E AMBIENTE: III CONFERENZA INTERNAZIONALE &#187; Spazio-News Magazine<\/title>\n<meta name=\"description\" content=\"Intervento Ministro della Difesa Trenta alla conferenza internazionale ambiente, organizzata da Arma Carabinieri presso Scuola Ufficiali Roma\" \/>\n<meta name=\"robots\" content=\"index, follow, max-snippet:-1, max-image-preview:large, max-video-preview:-1\" \/>\n<link rel=\"canonical\" href=\"http:\/\/spazio-news.it\/?p=2177\" \/>\n<meta property=\"og:locale\" content=\"it_IT\" \/>\n<meta property=\"og:type\" content=\"article\" \/>\n<meta property=\"og:title\" content=\"DIFESA E AMBIENTE: III CONFERENZA INTERNAZIONALE &#187; Spazio-News Magazine\" \/>\n<meta property=\"og:description\" content=\"Intervento Ministro della Difesa Trenta alla conferenza internazionale ambiente, organizzata da Arma Carabinieri presso Scuola Ufficiali Roma\" \/>\n<meta property=\"og:url\" content=\"http:\/\/spazio-news.it\/?p=2177\" \/>\n<meta property=\"og:site_name\" content=\"Spazio-News Magazine\" \/>\n<meta property=\"article:publisher\" content=\"https:\/\/m.facebook.com\/spazio-news-magazine\" \/>\n<meta property=\"article:author\" content=\"@SpazioNewsMagazine\" \/>\n<meta property=\"article:published_time\" content=\"2018-11-14T10:32:09+00:00\" \/>\n<meta property=\"article:modified_time\" content=\"2019-02-24T18:07:03+00:00\" \/>\n<meta property=\"og:image\" content=\"http:\/\/spazio-news.it\/wp-content\/uploads\/2018\/11\/Difesa_Ambiente_Trenta_13novembre_Spazio-News.jpg\" \/>\n\t<meta property=\"og:image:width\" content=\"800\" \/>\n\t<meta property=\"og:image:height\" content=\"448\" \/>\n\t<meta property=\"og:image:type\" content=\"image\/jpeg\" \/>\n<meta name=\"author\" content=\"Redazione\" \/>\n<meta name=\"twitter:card\" content=\"summary_large_image\" \/>\n<meta name=\"twitter:creator\" content=\"@news_spazio\" \/>\n<meta name=\"twitter:site\" content=\"@News_spazio\" \/>\n<meta name=\"twitter:label1\" content=\"Scritto da\" \/>\n\t<meta name=\"twitter:data1\" content=\"Redazione\" \/>\n\t<meta name=\"twitter:label2\" content=\"Tempo di lettura stimato\" \/>\n\t<meta name=\"twitter:data2\" content=\"2 minuti\" \/>\n<script type=\"application\/ld+json\" class=\"yoast-schema-graph\">{\"@context\":\"https:\/\/schema.org\",\"@graph\":[{\"@type\":\"NewsArticle\",\"@id\":\"http:\/\/spazio-news.it\/?p=2177#article\",\"isPartOf\":{\"@id\":\"http:\/\/spazio-news.it\/?p=2177\"},\"author\":{\"name\":\"Redazione\",\"@id\":\"http:\/\/spazio-news.it\/#\/schema\/person\/c600904e882e9e166ed8e5e3773d37b3\"},\"headline\":\"DIFESA E AMBIENTE: III CONFERENZA INTERNAZIONALE\",\"datePublished\":\"2018-11-14T10:32:09+00:00\",\"dateModified\":\"2019-02-24T18:07:03+00:00\",\"mainEntityOfPage\":{\"@id\":\"http:\/\/spazio-news.it\/?p=2177\"},\"wordCount\":369,\"publisher\":{\"@id\":\"http:\/\/spazio-news.it\/#organization\"},\"image\":{\"@id\":\"http:\/\/spazio-news.it\/?p=2177#primaryimage\"},\"thumbnailUrl\":\"http:\/\/spazio-news.it\/wp-content\/uploads\/2018\/11\/Difesa_Ambiente_Trenta_13novembre_Spazio-News.jpg\",\"keywords\":[\"Arma dei Carabinieri\",\"Elisabetta Trenta\",\"Giovanni Nistri\",\"Ministero dell'Ambiente\",\"Ministero della Difesa\",\"Sergio Costa\",\"tutela ambientale\"],\"articleSection\":[\"01 - PRIMA PAGINA\",\"03 - ISTITUZIONI\",\"05 - RICERCA &amp; INNOVAZIONE\"],\"inLanguage\":\"it-IT\"},{\"@type\":\"WebPage\",\"@id\":\"http:\/\/spazio-news.it\/?p=2177\",\"url\":\"http:\/\/spazio-news.it\/?p=2177\",\"name\":\"DIFESA E AMBIENTE: III CONFERENZA INTERNAZIONALE &#187; Spazio-News Magazine\",\"isPartOf\":{\"@id\":\"http:\/\/spazio-news.it\/#website\"},\"primaryImageOfPage\":{\"@id\":\"http:\/\/spazio-news.it\/?p=2177#primaryimage\"},\"image\":{\"@id\":\"http:\/\/spazio-news.it\/?p=2177#primaryimage\"},\"thumbnailUrl\":\"http:\/\/spazio-news.it\/wp-content\/uploads\/2018\/11\/Difesa_Ambiente_Trenta_13novembre_Spazio-News.jpg\",\"datePublished\":\"2018-11-14T10:32:09+00:00\",\"dateModified\":\"2019-02-24T18:07:03+00:00\",\"description\":\"Intervento Ministro della Difesa Trenta alla conferenza internazionale ambiente, organizzata da Arma Carabinieri presso Scuola Ufficiali Roma\",\"breadcrumb\":{\"@id\":\"http:\/\/spazio-news.it\/?p=2177#breadcrumb\"},\"inLanguage\":\"it-IT\",\"potentialAction\":[{\"@type\":\"ReadAction\",\"target\":[\"http:\/\/spazio-news.it\/?p=2177\"]}]},{\"@type\":\"ImageObject\",\"inLanguage\":\"it-IT\",\"@id\":\"http:\/\/spazio-news.it\/?p=2177#primaryimage\",\"url\":\"http:\/\/spazio-news.it\/wp-content\/uploads\/2018\/11\/Difesa_Ambiente_Trenta_13novembre_Spazio-News.jpg\",\"contentUrl\":\"http:\/\/spazio-news.it\/wp-content\/uploads\/2018\/11\/Difesa_Ambiente_Trenta_13novembre_Spazio-News.jpg\",\"width\":800,\"height\":448,\"caption\":\"Difesa_Ambiente_Trenta_13novembre_Spazio-News\"},{\"@type\":\"BreadcrumbList\",\"@id\":\"http:\/\/spazio-news.it\/?p=2177#breadcrumb\",\"itemListElement\":[{\"@type\":\"ListItem\",\"position\":1,\"name\":\"Home\",\"item\":\"http:\/\/spazio-news.it\/\"},{\"@type\":\"ListItem\",\"position\":2,\"name\":\"DIFESA E AMBIENTE: III CONFERENZA INTERNAZIONALE\"}]},{\"@type\":\"WebSite\",\"@id\":\"http:\/\/spazio-news.it\/#website\",\"url\":\"http:\/\/spazio-news.it\/\",\"name\":\"Spazio-News Magazine\",\"description\":\"La guida che sfida la complessit\u00e0 del mondo industriale\",\"publisher\":{\"@id\":\"http:\/\/spazio-news.it\/#organization\"},\"alternateName\":\"Spazio-news.it\",\"potentialAction\":[{\"@type\":\"SearchAction\",\"target\":{\"@type\":\"EntryPoint\",\"urlTemplate\":\"http:\/\/spazio-news.it\/?s={search_term_string}\"},\"query-input\":{\"@type\":\"PropertyValueSpecification\",\"valueRequired\":true,\"valueName\":\"search_term_string\"}}],\"inLanguage\":\"it-IT\"},{\"@type\":\"Organization\",\"@id\":\"http:\/\/spazio-news.it\/#organization\",\"name\":\"Spazio-News Magazine\",\"url\":\"http:\/\/spazio-news.it\/\",\"logo\":{\"@type\":\"ImageObject\",\"inLanguage\":\"it-IT\",\"@id\":\"http:\/\/spazio-news.it\/#\/schema\/logo\/image\/\",\"url\":\"http:\/\/spazio-news.it\/wp-content\/uploads\/2023\/09\/Logo-Spazio-News-512-x-512-NO-testo.jpg\",\"contentUrl\":\"http:\/\/spazio-news.it\/wp-content\/uploads\/2023\/09\/Logo-Spazio-News-512-x-512-NO-testo.jpg\",\"width\":512,\"height\":512,\"caption\":\"Spazio-News Magazine\"},\"image\":{\"@id\":\"http:\/\/spazio-news.it\/#\/schema\/logo\/image\/\"},\"sameAs\":[\"https:\/\/m.facebook.com\/spazio-news-magazine\",\"https:\/\/x.com\/News_spazio\"]},{\"@type\":\"Person\",\"@id\":\"http:\/\/spazio-news.it\/#\/schema\/person\/c600904e882e9e166ed8e5e3773d37b3\",\"name\":\"Redazione\",\"sameAs\":[\"http:\/\/spazio-news.it\",\"@SpazioNewsMagazine\",\"https:\/\/x.com\/@news_spazio\"],\"url\":\"http:\/\/spazio-news.it\/?author=1\"}]}<\/script>\n<!-- \/ Yoast SEO plugin. -->","yoast_head_json":{"title":"DIFESA E AMBIENTE: III CONFERENZA INTERNAZIONALE &#187; Spazio-News Magazine","description":"Intervento Ministro della Difesa Trenta alla conferenza internazionale ambiente, organizzata da Arma Carabinieri presso Scuola Ufficiali Roma","robots":{"index":"index","follow":"follow","max-snippet":"max-snippet:-1","max-image-preview":"max-image-preview:large","max-video-preview":"max-video-preview:-1"},"canonical":"http:\/\/spazio-news.it\/?p=2177","og_locale":"it_IT","og_type":"article","og_title":"DIFESA E AMBIENTE: III CONFERENZA INTERNAZIONALE &#187; Spazio-News Magazine","og_description":"Intervento Ministro della Difesa Trenta alla conferenza internazionale ambiente, organizzata da Arma Carabinieri presso Scuola Ufficiali Roma","og_url":"http:\/\/spazio-news.it\/?p=2177","og_site_name":"Spazio-News Magazine","article_publisher":"https:\/\/m.facebook.com\/spazio-news-magazine","article_author":"@SpazioNewsMagazine","article_published_time":"2018-11-14T10:32:09+00:00","article_modified_time":"2019-02-24T18:07:03+00:00","og_image":[{"width":800,"height":448,"url":"http:\/\/spazio-news.it\/wp-content\/uploads\/2018\/11\/Difesa_Ambiente_Trenta_13novembre_Spazio-News.jpg","type":"image\/jpeg"}],"author":"Redazione","twitter_card":"summary_large_image","twitter_creator":"@news_spazio","twitter_site":"@News_spazio","twitter_misc":{"Scritto da":"Redazione","Tempo di lettura stimato":"2 minuti"},"schema":{"@context":"https:\/\/schema.org","@graph":[{"@type":"NewsArticle","@id":"http:\/\/spazio-news.it\/?p=2177#article","isPartOf":{"@id":"http:\/\/spazio-news.it\/?p=2177"},"author":{"name":"Redazione","@id":"http:\/\/spazio-news.it\/#\/schema\/person\/c600904e882e9e166ed8e5e3773d37b3"},"headline":"DIFESA E AMBIENTE: III CONFERENZA INTERNAZIONALE","datePublished":"2018-11-14T10:32:09+00:00","dateModified":"2019-02-24T18:07:03+00:00","mainEntityOfPage":{"@id":"http:\/\/spazio-news.it\/?p=2177"},"wordCount":369,"publisher":{"@id":"http:\/\/spazio-news.it\/#organization"},"image":{"@id":"http:\/\/spazio-news.it\/?p=2177#primaryimage"},"thumbnailUrl":"http:\/\/spazio-news.it\/wp-content\/uploads\/2018\/11\/Difesa_Ambiente_Trenta_13novembre_Spazio-News.jpg","keywords":["Arma dei Carabinieri","Elisabetta Trenta","Giovanni Nistri","Ministero dell'Ambiente","Ministero della Difesa","Sergio Costa","tutela ambientale"],"articleSection":["01 - PRIMA PAGINA","03 - ISTITUZIONI","05 - RICERCA &amp; INNOVAZIONE"],"inLanguage":"it-IT"},{"@type":"WebPage","@id":"http:\/\/spazio-news.it\/?p=2177","url":"http:\/\/spazio-news.it\/?p=2177","name":"DIFESA E AMBIENTE: III CONFERENZA INTERNAZIONALE &#187; Spazio-News Magazine","isPartOf":{"@id":"http:\/\/spazio-news.it\/#website"},"primaryImageOfPage":{"@id":"http:\/\/spazio-news.it\/?p=2177#primaryimage"},"image":{"@id":"http:\/\/spazio-news.it\/?p=2177#primaryimage"},"thumbnailUrl":"http:\/\/spazio-news.it\/wp-content\/uploads\/2018\/11\/Difesa_Ambiente_Trenta_13novembre_Spazio-News.jpg","datePublished":"2018-11-14T10:32:09+00:00","dateModified":"2019-02-24T18:07:03+00:00","description":"Intervento Ministro della Difesa Trenta alla conferenza internazionale ambiente, organizzata da Arma Carabinieri presso Scuola Ufficiali Roma","breadcrumb":{"@id":"http:\/\/spazio-news.it\/?p=2177#breadcrumb"},"inLanguage":"it-IT","potentialAction":[{"@type":"ReadAction","target":["http:\/\/spazio-news.it\/?p=2177"]}]},{"@type":"ImageObject","inLanguage":"it-IT","@id":"http:\/\/spazio-news.it\/?p=2177#primaryimage","url":"http:\/\/spazio-news.it\/wp-content\/uploads\/2018\/11\/Difesa_Ambiente_Trenta_13novembre_Spazio-News.jpg","contentUrl":"http:\/\/spazio-news.it\/wp-content\/uploads\/2018\/11\/Difesa_Ambiente_Trenta_13novembre_Spazio-News.jpg","width":800,"height":448,"caption":"Difesa_Ambiente_Trenta_13novembre_Spazio-News"},{"@type":"BreadcrumbList","@id":"http:\/\/spazio-news.it\/?p=2177#breadcrumb","itemListElement":[{"@type":"ListItem","position":1,"name":"Home","item":"http:\/\/spazio-news.it\/"},{"@type":"ListItem","position":2,"name":"DIFESA E AMBIENTE: III CONFERENZA INTERNAZIONALE"}]},{"@type":"WebSite","@id":"http:\/\/spazio-news.it\/#website","url":"http:\/\/spazio-news.it\/","name":"Spazio-News Magazine","description":"La guida che sfida la complessit\u00e0 del mondo industriale","publisher":{"@id":"http:\/\/spazio-news.it\/#organization"},"alternateName":"Spazio-news.it","potentialAction":[{"@type":"SearchAction","target":{"@type":"EntryPoint","urlTemplate":"http:\/\/spazio-news.it\/?s={search_term_string}"},"query-input":{"@type":"PropertyValueSpecification","valueRequired":true,"valueName":"search_term_string"}}],"inLanguage":"it-IT"},{"@type":"Organization","@id":"http:\/\/spazio-news.it\/#organization","name":"Spazio-News Magazine","url":"http:\/\/spazio-news.it\/","logo":{"@type":"ImageObject","inLanguage":"it-IT","@id":"http:\/\/spazio-news.it\/#\/schema\/logo\/image\/","url":"http:\/\/spazio-news.it\/wp-content\/uploads\/2023\/09\/Logo-Spazio-News-512-x-512-NO-testo.jpg","contentUrl":"http:\/\/spazio-news.it\/wp-content\/uploads\/2023\/09\/Logo-Spazio-News-512-x-512-NO-testo.jpg","width":512,"height":512,"caption":"Spazio-News Magazine"},"image":{"@id":"http:\/\/spazio-news.it\/#\/schema\/logo\/image\/"},"sameAs":["https:\/\/m.facebook.com\/spazio-news-magazine","https:\/\/x.com\/News_spazio"]},{"@type":"Person","@id":"http:\/\/spazio-news.it\/#\/schema\/person\/c600904e882e9e166ed8e5e3773d37b3","name":"Redazione","sameAs":["http:\/\/spazio-news.it","@SpazioNewsMagazine","https:\/\/x.com\/@news_spazio"],"url":"http:\/\/spazio-news.it\/?author=1"}]}},"_links":{"self":[{"href":"http:\/\/spazio-news.it\/index.php?rest_route=\/wp\/v2\/posts\/2177","targetHints":{"allow":["GET"]}}],"collection":[{"href":"http:\/\/spazio-news.it\/index.php?rest_route=\/wp\/v2\/posts"}],"about":[{"href":"http:\/\/spazio-news.it\/index.php?rest_route=\/wp\/v2\/types\/post"}],"author":[{"embeddable":true,"href":"http:\/\/spazio-news.it\/index.php?rest_route=\/wp\/v2\/users\/1"}],"replies":[{"embeddable":true,"href":"http:\/\/spazio-news.it\/index.php?rest_route=%2Fwp%2Fv2%2Fcomments&post=2177"}],"version-history":[{"count":3,"href":"http:\/\/spazio-news.it\/index.php?rest_route=\/wp\/v2\/posts\/2177\/revisions"}],"predecessor-version":[{"id":3456,"href":"http:\/\/spazio-news.it\/index.php?rest_route=\/wp\/v2\/posts\/2177\/revisions\/3456"}],"wp:featuredmedia":[{"embeddable":true,"href":"http:\/\/spazio-news.it\/index.php?rest_route=\/wp\/v2\/media\/2178"}],"wp:attachment":[{"href":"http:\/\/spazio-news.it\/index.php?rest_route=%2Fwp%2Fv2%2Fmedia&parent=2177"}],"wp:term":[{"taxonomy":"category","embeddable":true,"href":"http:\/\/spazio-news.it\/index.php?rest_route=%2Fwp%2Fv2%2Fcategories&post=2177"},{"taxonomy":"post_tag","embeddable":true,"href":"http:\/\/spazio-news.it\/index.php?rest_route=%2Fwp%2Fv2%2Ftags&post=2177"}],"curies":[{"name":"wp","href":"https:\/\/api.w.org\/{rel}","templated":true}]}}