{"id":2270,"date":"2018-11-20T04:48:52","date_gmt":"2018-11-20T03:48:52","guid":{"rendered":"http:\/\/spazio-news.it\/?p=2270"},"modified":"2019-05-27T20:06:57","modified_gmt":"2019-05-27T19:06:57","slug":"trenta-visita-gli-enti-e-reparti-della-difesa-in-umbria","status":"publish","type":"post","link":"http:\/\/spazio-news.it\/?p=2270","title":{"rendered":"TRENTA VISITA GLI ENTI E REPARTI DELLA DIFESA IN UMBRIA"},"content":{"rendered":"<p>Il tour al Centro di Selezione e Reclutamento dell&#8217;Esercito di <strong>Foligno<\/strong> ha chiuso le giornata del <strong>Ministro Elisabetta Trenta<\/strong> in <strong> Umbria<\/strong>, durante la quale ha visitato alcuni Enti della Difesa.<\/p>\n<p>La titolare del Dicastero, prima di fare tappa a Foligno, si \u00e8 recata al <strong>Polo di Mantenimento delle Armi Leggere<\/strong> di <strong>Terni<\/strong>, al <strong>2\u00b0 Battaglione Granatieri di Sardegna<\/strong> &#8220;<strong>Cengio<\/strong>&#8221; di <strong>Spoleto<\/strong> e allo <strong>stabilimento militare del munizionamento terrestre <\/strong>di <strong>Baiano<\/strong> di Spoleto.<\/p>\n<p><em>&#8220;Il mantenimento in efficienza di armi, di mezzi e dei relativi equipaggiamenti in dotazione alle unit\u00e0 dell&#8217;Esercito dislocate sul territorio nazionale e soprattutto nelle attuali missioni all&#8217;estero garantiscono la protezione e la sicurezza individuale delle truppe e dei sistemi d&#8217;arma utilizzati \u2013 <\/em>ha commentato il Ministro incontrando militari e civili del Polo di Mantenimento delle Armi Leggere di Terni -. <em>Il Polo, inoltre, rappresenta anche una realt\u00e0 produttiva fra le pi\u00f9 importanti per l&#8217;economia della regione e si inserisce a pieno titolo nel panorama logistico produttivo relativo all&#8217;armamento leggero, confrontandosi con le pi\u00f9 importanti realt\u00e0 produttive italiane e straniere&#8221;.<\/em><\/p>\n<p>Agli uomini e alle donne del <strong>2\u00b0 Battaglione Granatieri<\/strong> &#8220;Cengio&#8221;, impegnati nell&#8217;<strong>operazione Strade Sicure<\/strong> ma anche in contesti internazionali in <strong>Kosovo<\/strong> e <strong>Libano<\/strong>, il Ministro Trenta ha rivolto il suo ringraziamento per il prezioso contributo dato in <strong>Italia<\/strong> e all&#8217;estero, per il bene dei cittadini e per la <strong>stabilit\u00e0 internazionale<\/strong>: <em>&#8220;E&#8217; anche grazie a voi se le nostre Forze armate ricevono in tanti consessi internazionali indiscusse attestazioni di stima e di plauso, genuine dimostrazioni di riconoscenza dalle popolazioni locali delle aree di crisi&#8221;.<\/em><\/p>\n<p>Al termine della visita allo <strong>Stabilimento Militare del Munizionamento Terrestre <\/strong>di Baiano di Spoleto &#8220;<em>un centro di eccellenza nazionale di grande importanza per la Difesa capace di esprimere professionalit\u00e0 tecniche di altissimo livello e tecnologie all&#8217;avanguardia&#8221;<\/em>, il Ministro Trenta ha affermato che c&#8217;\u00e8 l&#8217;intenzione di <em>&#8220;assicurare allo Stabilimento, alla luce dei presupposti del Piano Industriale Triennale, concrete attenzioni per il prossimo futuro, per la tutela delle competenze e delle professionalit\u00e0 acquisite dal personale e per mantenere gli elevati livelli di produzione raggiunti&#8221;.<\/em><\/p>\n<p>Sempre a Spoleto, il Ministro ha visitato anche l&#8217;<strong>ex caserma Minervio<\/strong>.<\/p>\n<p>Ultima tappa in Umbria, come detto, il <strong>Centro di Selezione e Reclutamento Nazionale dell&#8217;Esercito<\/strong>, nato oltre venti anni fa a <strong>Foligno<\/strong>: <em>&#8220;il Centro ha percorso molta strada da allora, ed \u00e8 oggi una realt\u00e0 di assoluta eccellenza nel panorama della Difesa, grazie alle sue capacit\u00e0 logistiche, alla disponibilit\u00e0 di moderni impianti sportivi, di ambulatori e di locali appositamente attrezzati per la selezione attitudinale, la gestione efficiente e nel contempo accogliente di ogni candidato per tutta la durata della selezione&#8221;<\/em>.<\/p>\n","protected":false},"excerpt":{"rendered":"<p>Il tour al Centro di Selezione e Reclutamento dell&#8217;Esercito di Foligno ha chiuso le giornata del Ministro Elisabetta Trenta in<\/p>\n","protected":false},"author":1,"featured_media":2271,"comment_status":"closed","ping_status":"open","sticky":false,"template":"","format":"standard","meta":{"colormag_page_container_layout":"default_layout","colormag_page_sidebar_layout":"default_layout","footnotes":""},"categories":[32,4],"tags":[19,432,309,1458,105,1459],"class_list":["post-2270","post","type-post","status-publish","format-standard","has-post-thumbnail","hentry","category-prima-pagina","category-istituzioni","tag-difesa","tag-elisabetta-trenta","tag-esercito","tag-foligno","tag-ministero-della-difesa","tag-umbria"],"yoast_head":"<!-- This site is optimized with the Yoast SEO plugin v26.8 - https:\/\/yoast.com\/product\/yoast-seo-wordpress\/ -->\n<title>TRENTA VISITA GLI ENTI E REPARTI DELLA DIFESA IN UMBRIA &#187; Spazio-News Magazine<\/title>\n<meta name=\"description\" content=\"Il tour al Centro di Selezione e Reclutamento dell&#039;Esercito di Foligno ha chiuso le giornata del Ministro Elisabetta Trenta in\" \/>\n<meta name=\"robots\" content=\"index, follow, max-snippet:-1, max-image-preview:large, max-video-preview:-1\" \/>\n<link rel=\"canonical\" href=\"http:\/\/spazio-news.it\/?p=2270\" \/>\n<meta property=\"og:locale\" content=\"it_IT\" \/>\n<meta property=\"og:type\" content=\"article\" \/>\n<meta property=\"og:title\" content=\"TRENTA VISITA GLI ENTI E REPARTI DELLA DIFESA IN UMBRIA &#187; Spazio-News Magazine\" \/>\n<meta property=\"og:description\" content=\"Il tour al Centro di Selezione e Reclutamento dell&#039;Esercito di Foligno ha chiuso le giornata del Ministro Elisabetta Trenta in\" \/>\n<meta property=\"og:url\" content=\"http:\/\/spazio-news.it\/?p=2270\" \/>\n<meta property=\"og:site_name\" content=\"Spazio-News Magazine\" \/>\n<meta property=\"article:publisher\" content=\"https:\/\/m.facebook.com\/spazio-news-magazine\" \/>\n<meta property=\"article:author\" content=\"@SpazioNewsMagazine\" \/>\n<meta property=\"article:published_time\" content=\"2018-11-20T03:48:52+00:00\" \/>\n<meta property=\"article:modified_time\" content=\"2019-05-27T19:06:57+00:00\" \/>\n<meta property=\"og:image\" content=\"http:\/\/spazio-news.it\/wp-content\/uploads\/2018\/11\/Elisabetta-Trenta-Ministro-della-Difesa-e1562425417537.png\" \/>\n\t<meta property=\"og:image:width\" content=\"800\" \/>\n\t<meta property=\"og:image:height\" content=\"446\" \/>\n\t<meta property=\"og:image:type\" content=\"image\/png\" \/>\n<meta name=\"author\" content=\"Redazione\" \/>\n<meta name=\"twitter:card\" content=\"summary_large_image\" \/>\n<meta name=\"twitter:creator\" content=\"@news_spazio\" \/>\n<meta name=\"twitter:site\" content=\"@News_spazio\" \/>\n<meta name=\"twitter:label1\" content=\"Scritto da\" \/>\n\t<meta name=\"twitter:data1\" content=\"Redazione\" \/>\n\t<meta name=\"twitter:label2\" content=\"Tempo di lettura stimato\" \/>\n\t<meta name=\"twitter:data2\" content=\"2 minuti\" \/>\n<script type=\"application\/ld+json\" class=\"yoast-schema-graph\">{\"@context\":\"https:\/\/schema.org\",\"@graph\":[{\"@type\":\"NewsArticle\",\"@id\":\"http:\/\/spazio-news.it\/?p=2270#article\",\"isPartOf\":{\"@id\":\"http:\/\/spazio-news.it\/?p=2270\"},\"author\":{\"name\":\"Redazione\",\"@id\":\"http:\/\/spazio-news.it\/#\/schema\/person\/c600904e882e9e166ed8e5e3773d37b3\"},\"headline\":\"TRENTA VISITA GLI ENTI E REPARTI DELLA DIFESA IN UMBRIA\",\"datePublished\":\"2018-11-20T03:48:52+00:00\",\"dateModified\":\"2019-05-27T19:06:57+00:00\",\"mainEntityOfPage\":{\"@id\":\"http:\/\/spazio-news.it\/?p=2270\"},\"wordCount\":443,\"publisher\":{\"@id\":\"http:\/\/spazio-news.it\/#organization\"},\"image\":{\"@id\":\"http:\/\/spazio-news.it\/?p=2270#primaryimage\"},\"thumbnailUrl\":\"http:\/\/spazio-news.it\/wp-content\/uploads\/2018\/11\/Elisabetta-Trenta-Ministro-della-Difesa-e1562425417537.png\",\"keywords\":[\"difesa\",\"Elisabetta Trenta\",\"Esercito\",\"Foligno\",\"Ministero della Difesa\",\"Umbria\"],\"articleSection\":[\"01 - PRIMA PAGINA\",\"03 - ISTITUZIONI\"],\"inLanguage\":\"it-IT\"},{\"@type\":\"WebPage\",\"@id\":\"http:\/\/spazio-news.it\/?p=2270\",\"url\":\"http:\/\/spazio-news.it\/?p=2270\",\"name\":\"TRENTA VISITA GLI ENTI E REPARTI DELLA DIFESA IN UMBRIA &#187; Spazio-News Magazine\",\"isPartOf\":{\"@id\":\"http:\/\/spazio-news.it\/#website\"},\"primaryImageOfPage\":{\"@id\":\"http:\/\/spazio-news.it\/?p=2270#primaryimage\"},\"image\":{\"@id\":\"http:\/\/spazio-news.it\/?p=2270#primaryimage\"},\"thumbnailUrl\":\"http:\/\/spazio-news.it\/wp-content\/uploads\/2018\/11\/Elisabetta-Trenta-Ministro-della-Difesa-e1562425417537.png\",\"datePublished\":\"2018-11-20T03:48:52+00:00\",\"dateModified\":\"2019-05-27T19:06:57+00:00\",\"description\":\"Il tour al Centro di Selezione e Reclutamento dell'Esercito di Foligno ha chiuso le giornata del Ministro Elisabetta Trenta in\",\"breadcrumb\":{\"@id\":\"http:\/\/spazio-news.it\/?p=2270#breadcrumb\"},\"inLanguage\":\"it-IT\",\"potentialAction\":[{\"@type\":\"ReadAction\",\"target\":[\"http:\/\/spazio-news.it\/?p=2270\"]}]},{\"@type\":\"ImageObject\",\"inLanguage\":\"it-IT\",\"@id\":\"http:\/\/spazio-news.it\/?p=2270#primaryimage\",\"url\":\"http:\/\/spazio-news.it\/wp-content\/uploads\/2018\/11\/Elisabetta-Trenta-Ministro-della-Difesa-e1562425417537.png\",\"contentUrl\":\"http:\/\/spazio-news.it\/wp-content\/uploads\/2018\/11\/Elisabetta-Trenta-Ministro-della-Difesa-e1562425417537.png\",\"width\":800,\"height\":446,\"caption\":\"Elisabetta Trenta Ministro della Difesa\"},{\"@type\":\"BreadcrumbList\",\"@id\":\"http:\/\/spazio-news.it\/?p=2270#breadcrumb\",\"itemListElement\":[{\"@type\":\"ListItem\",\"position\":1,\"name\":\"Home\",\"item\":\"http:\/\/spazio-news.it\/\"},{\"@type\":\"ListItem\",\"position\":2,\"name\":\"TRENTA VISITA GLI ENTI E REPARTI DELLA DIFESA IN UMBRIA\"}]},{\"@type\":\"WebSite\",\"@id\":\"http:\/\/spazio-news.it\/#website\",\"url\":\"http:\/\/spazio-news.it\/\",\"name\":\"Spazio-News Magazine\",\"description\":\"La guida che sfida la complessit\u00e0 del mondo industriale\",\"publisher\":{\"@id\":\"http:\/\/spazio-news.it\/#organization\"},\"alternateName\":\"Spazio-news.it\",\"potentialAction\":[{\"@type\":\"SearchAction\",\"target\":{\"@type\":\"EntryPoint\",\"urlTemplate\":\"http:\/\/spazio-news.it\/?s={search_term_string}\"},\"query-input\":{\"@type\":\"PropertyValueSpecification\",\"valueRequired\":true,\"valueName\":\"search_term_string\"}}],\"inLanguage\":\"it-IT\"},{\"@type\":\"Organization\",\"@id\":\"http:\/\/spazio-news.it\/#organization\",\"name\":\"Spazio-News Magazine\",\"url\":\"http:\/\/spazio-news.it\/\",\"logo\":{\"@type\":\"ImageObject\",\"inLanguage\":\"it-IT\",\"@id\":\"http:\/\/spazio-news.it\/#\/schema\/logo\/image\/\",\"url\":\"http:\/\/spazio-news.it\/wp-content\/uploads\/2023\/09\/Logo-Spazio-News-512-x-512-NO-testo.jpg\",\"contentUrl\":\"http:\/\/spazio-news.it\/wp-content\/uploads\/2023\/09\/Logo-Spazio-News-512-x-512-NO-testo.jpg\",\"width\":512,\"height\":512,\"caption\":\"Spazio-News Magazine\"},\"image\":{\"@id\":\"http:\/\/spazio-news.it\/#\/schema\/logo\/image\/\"},\"sameAs\":[\"https:\/\/m.facebook.com\/spazio-news-magazine\",\"https:\/\/x.com\/News_spazio\"]},{\"@type\":\"Person\",\"@id\":\"http:\/\/spazio-news.it\/#\/schema\/person\/c600904e882e9e166ed8e5e3773d37b3\",\"name\":\"Redazione\",\"sameAs\":[\"http:\/\/spazio-news.it\",\"@SpazioNewsMagazine\",\"https:\/\/x.com\/@news_spazio\"],\"url\":\"http:\/\/spazio-news.it\/?author=1\"}]}<\/script>\n<!-- \/ Yoast SEO plugin. -->","yoast_head_json":{"title":"TRENTA VISITA GLI ENTI E REPARTI DELLA DIFESA IN UMBRIA &#187; Spazio-News Magazine","description":"Il tour al Centro di Selezione e Reclutamento dell'Esercito di Foligno ha chiuso le giornata del Ministro Elisabetta Trenta in","robots":{"index":"index","follow":"follow","max-snippet":"max-snippet:-1","max-image-preview":"max-image-preview:large","max-video-preview":"max-video-preview:-1"},"canonical":"http:\/\/spazio-news.it\/?p=2270","og_locale":"it_IT","og_type":"article","og_title":"TRENTA VISITA GLI ENTI E REPARTI DELLA DIFESA IN UMBRIA &#187; Spazio-News Magazine","og_description":"Il tour al Centro di Selezione e Reclutamento dell'Esercito di Foligno ha chiuso le giornata del Ministro Elisabetta Trenta in","og_url":"http:\/\/spazio-news.it\/?p=2270","og_site_name":"Spazio-News Magazine","article_publisher":"https:\/\/m.facebook.com\/spazio-news-magazine","article_author":"@SpazioNewsMagazine","article_published_time":"2018-11-20T03:48:52+00:00","article_modified_time":"2019-05-27T19:06:57+00:00","og_image":[{"width":800,"height":446,"url":"http:\/\/spazio-news.it\/wp-content\/uploads\/2018\/11\/Elisabetta-Trenta-Ministro-della-Difesa-e1562425417537.png","type":"image\/png"}],"author":"Redazione","twitter_card":"summary_large_image","twitter_creator":"@news_spazio","twitter_site":"@News_spazio","twitter_misc":{"Scritto da":"Redazione","Tempo di lettura stimato":"2 minuti"},"schema":{"@context":"https:\/\/schema.org","@graph":[{"@type":"NewsArticle","@id":"http:\/\/spazio-news.it\/?p=2270#article","isPartOf":{"@id":"http:\/\/spazio-news.it\/?p=2270"},"author":{"name":"Redazione","@id":"http:\/\/spazio-news.it\/#\/schema\/person\/c600904e882e9e166ed8e5e3773d37b3"},"headline":"TRENTA VISITA GLI ENTI E REPARTI DELLA DIFESA IN UMBRIA","datePublished":"2018-11-20T03:48:52+00:00","dateModified":"2019-05-27T19:06:57+00:00","mainEntityOfPage":{"@id":"http:\/\/spazio-news.it\/?p=2270"},"wordCount":443,"publisher":{"@id":"http:\/\/spazio-news.it\/#organization"},"image":{"@id":"http:\/\/spazio-news.it\/?p=2270#primaryimage"},"thumbnailUrl":"http:\/\/spazio-news.it\/wp-content\/uploads\/2018\/11\/Elisabetta-Trenta-Ministro-della-Difesa-e1562425417537.png","keywords":["difesa","Elisabetta Trenta","Esercito","Foligno","Ministero della Difesa","Umbria"],"articleSection":["01 - PRIMA PAGINA","03 - ISTITUZIONI"],"inLanguage":"it-IT"},{"@type":"WebPage","@id":"http:\/\/spazio-news.it\/?p=2270","url":"http:\/\/spazio-news.it\/?p=2270","name":"TRENTA VISITA GLI ENTI E REPARTI DELLA DIFESA IN UMBRIA &#187; Spazio-News Magazine","isPartOf":{"@id":"http:\/\/spazio-news.it\/#website"},"primaryImageOfPage":{"@id":"http:\/\/spazio-news.it\/?p=2270#primaryimage"},"image":{"@id":"http:\/\/spazio-news.it\/?p=2270#primaryimage"},"thumbnailUrl":"http:\/\/spazio-news.it\/wp-content\/uploads\/2018\/11\/Elisabetta-Trenta-Ministro-della-Difesa-e1562425417537.png","datePublished":"2018-11-20T03:48:52+00:00","dateModified":"2019-05-27T19:06:57+00:00","description":"Il tour al Centro di Selezione e Reclutamento dell'Esercito di Foligno ha chiuso le giornata del Ministro Elisabetta Trenta in","breadcrumb":{"@id":"http:\/\/spazio-news.it\/?p=2270#breadcrumb"},"inLanguage":"it-IT","potentialAction":[{"@type":"ReadAction","target":["http:\/\/spazio-news.it\/?p=2270"]}]},{"@type":"ImageObject","inLanguage":"it-IT","@id":"http:\/\/spazio-news.it\/?p=2270#primaryimage","url":"http:\/\/spazio-news.it\/wp-content\/uploads\/2018\/11\/Elisabetta-Trenta-Ministro-della-Difesa-e1562425417537.png","contentUrl":"http:\/\/spazio-news.it\/wp-content\/uploads\/2018\/11\/Elisabetta-Trenta-Ministro-della-Difesa-e1562425417537.png","width":800,"height":446,"caption":"Elisabetta Trenta Ministro della Difesa"},{"@type":"BreadcrumbList","@id":"http:\/\/spazio-news.it\/?p=2270#breadcrumb","itemListElement":[{"@type":"ListItem","position":1,"name":"Home","item":"http:\/\/spazio-news.it\/"},{"@type":"ListItem","position":2,"name":"TRENTA VISITA GLI ENTI E REPARTI DELLA DIFESA IN UMBRIA"}]},{"@type":"WebSite","@id":"http:\/\/spazio-news.it\/#website","url":"http:\/\/spazio-news.it\/","name":"Spazio-News Magazine","description":"La guida che sfida la complessit\u00e0 del mondo industriale","publisher":{"@id":"http:\/\/spazio-news.it\/#organization"},"alternateName":"Spazio-news.it","potentialAction":[{"@type":"SearchAction","target":{"@type":"EntryPoint","urlTemplate":"http:\/\/spazio-news.it\/?s={search_term_string}"},"query-input":{"@type":"PropertyValueSpecification","valueRequired":true,"valueName":"search_term_string"}}],"inLanguage":"it-IT"},{"@type":"Organization","@id":"http:\/\/spazio-news.it\/#organization","name":"Spazio-News Magazine","url":"http:\/\/spazio-news.it\/","logo":{"@type":"ImageObject","inLanguage":"it-IT","@id":"http:\/\/spazio-news.it\/#\/schema\/logo\/image\/","url":"http:\/\/spazio-news.it\/wp-content\/uploads\/2023\/09\/Logo-Spazio-News-512-x-512-NO-testo.jpg","contentUrl":"http:\/\/spazio-news.it\/wp-content\/uploads\/2023\/09\/Logo-Spazio-News-512-x-512-NO-testo.jpg","width":512,"height":512,"caption":"Spazio-News Magazine"},"image":{"@id":"http:\/\/spazio-news.it\/#\/schema\/logo\/image\/"},"sameAs":["https:\/\/m.facebook.com\/spazio-news-magazine","https:\/\/x.com\/News_spazio"]},{"@type":"Person","@id":"http:\/\/spazio-news.it\/#\/schema\/person\/c600904e882e9e166ed8e5e3773d37b3","name":"Redazione","sameAs":["http:\/\/spazio-news.it","@SpazioNewsMagazine","https:\/\/x.com\/@news_spazio"],"url":"http:\/\/spazio-news.it\/?author=1"}]}},"_links":{"self":[{"href":"http:\/\/spazio-news.it\/index.php?rest_route=\/wp\/v2\/posts\/2270","targetHints":{"allow":["GET"]}}],"collection":[{"href":"http:\/\/spazio-news.it\/index.php?rest_route=\/wp\/v2\/posts"}],"about":[{"href":"http:\/\/spazio-news.it\/index.php?rest_route=\/wp\/v2\/types\/post"}],"author":[{"embeddable":true,"href":"http:\/\/spazio-news.it\/index.php?rest_route=\/wp\/v2\/users\/1"}],"replies":[{"embeddable":true,"href":"http:\/\/spazio-news.it\/index.php?rest_route=%2Fwp%2Fv2%2Fcomments&post=2270"}],"version-history":[{"count":3,"href":"http:\/\/spazio-news.it\/index.php?rest_route=\/wp\/v2\/posts\/2270\/revisions"}],"predecessor-version":[{"id":4585,"href":"http:\/\/spazio-news.it\/index.php?rest_route=\/wp\/v2\/posts\/2270\/revisions\/4585"}],"wp:featuredmedia":[{"embeddable":true,"href":"http:\/\/spazio-news.it\/index.php?rest_route=\/wp\/v2\/media\/2271"}],"wp:attachment":[{"href":"http:\/\/spazio-news.it\/index.php?rest_route=%2Fwp%2Fv2%2Fmedia&parent=2270"}],"wp:term":[{"taxonomy":"category","embeddable":true,"href":"http:\/\/spazio-news.it\/index.php?rest_route=%2Fwp%2Fv2%2Fcategories&post=2270"},{"taxonomy":"post_tag","embeddable":true,"href":"http:\/\/spazio-news.it\/index.php?rest_route=%2Fwp%2Fv2%2Ftags&post=2270"}],"curies":[{"name":"wp","href":"https:\/\/api.w.org\/{rel}","templated":true}]}}