{"id":2334,"date":"2018-11-23T11:26:14","date_gmt":"2018-11-23T10:26:14","guid":{"rendered":"http:\/\/spazio-news.it\/?p=2334"},"modified":"2019-05-27T20:07:01","modified_gmt":"2019-05-27T19:07:01","slug":"programma-eurofighter-kuwait-3-joint-steering-committee","status":"publish","type":"post","link":"http:\/\/spazio-news.it\/?p=2334","title":{"rendered":"PROGRAMMA EUROFIGHTER KUWAIT: 3\u00b0 JOINT STEERING COMMITTEE"},"content":{"rendered":"<p>Lo scorso <strong>21 novembre<\/strong>, presso lo <strong>Stato Maggiore<\/strong> dell\u2019Aeronautica, si \u00e8 svolto il <strong>terzo Joint Steering Committee<\/strong> <strong>del programma Eurofighter del Kuwait<\/strong>, come previsto dal <strong>Memorandum d\u2019Intesa<\/strong> siglato dai due Paesi nel <strong>2015<\/strong>, a complemento del <strong>contratto di acquisizione<\/strong> che il governo kuwaitiano ha sottoscritto con <a href=\"http:\/\/www.leonardocompany.com\/\"> Leonardo<\/a>.<\/p>\n<p>L\u2019incontro \u00e8 stato presieduto dal <strong>Sottocapo di Stato Maggiore dell\u2019Aeronautica Militare<\/strong>, <strong>Gen S.A. Settimo Caputo <\/strong>che ha accolto il <strong>Capo delegazione Kuwaitiana<\/strong>, <strong>Maj. Gen. Adnan Al-Fadhli<\/strong>, che da poco ha assunto l\u2019incarico di <strong>Capo di Stato Maggiore<\/strong> delle <strong>Forza Aerea del Kuwait<\/strong>, con una colazione di lavoro.<\/p>\n<p><em>\u201cIl tutto si \u00e8 svolto in un clima cordiale che ha sottolineato, ancora una volta, gli ottimi rapporti di collaborazione tra le due Forze Armate nella pi\u00f9 ampia cornice della cooperazione, che anche grazie a questa iniziativa \u00e8 sempre pi\u00f9 solida e profonda, in un\u2019ottica di sistema Paese<\/em> \u2013 si legge nella nota diffusa dall\u2019AMI -. <em>Il meeting \u00e8 stato focalizzato prevalentemente sugli aspetti programmatici relativi alle numerose attivit\u00e0 che l\u2019Aeronautica si accinge ad intraprendere a favore del Kuwait nel settore dell\u2019addestramento dei piloti, degli specialisti e dei tecnici che saranno impegnati nel supporto operativo al sistema d\u2019arma\u201d.<\/em><\/p>\n","protected":false},"excerpt":{"rendered":"<p>Lo scorso 21 novembre, presso lo Stato Maggiore dell\u2019Aeronautica, si \u00e8 svolto il terzo Joint Steering Committee del programma Eurofighter<\/p>\n","protected":false},"author":1,"featured_media":2336,"comment_status":"closed","ping_status":"open","sticky":false,"template":"","format":"standard","meta":{"colormag_page_container_layout":"default_layout","colormag_page_sidebar_layout":"default_layout","footnotes":""},"categories":[32,3],"tags":[54,53,1508,440,260,1189],"class_list":["post-2334","post","type-post","status-publish","format-standard","has-post-thumbnail","hentry","category-prima-pagina","category-industria","tag-aeronautica-militare-italiana","tag-eurofighter","tag-joint-steering-committee-programma-eurofighter-kuwait","tag-kuwait","tag-leonardo-spa","tag-stato-maggiore-della-difesa"],"yoast_head":"<!-- This site is optimized with the Yoast SEO plugin v26.8 - https:\/\/yoast.com\/product\/yoast-seo-wordpress\/ -->\n<title>PROGRAMMA EUROFIGHTER KUWAIT: 3\u00b0 JOINT STEERING COMMITTEE &#187; Spazio-News Magazine<\/title>\n<meta name=\"description\" content=\"lo scorso 21 novembre, presso lo Stato Maggiore AM, si \u00e8 svolto il terzo Joint Steering Committee del programma Eurofighter Kuwait\" \/>\n<meta name=\"robots\" content=\"index, follow, max-snippet:-1, max-image-preview:large, max-video-preview:-1\" \/>\n<link rel=\"canonical\" href=\"http:\/\/spazio-news.it\/?p=2334\" \/>\n<meta property=\"og:locale\" content=\"it_IT\" \/>\n<meta property=\"og:type\" content=\"article\" \/>\n<meta property=\"og:title\" content=\"PROGRAMMA EUROFIGHTER KUWAIT: 3\u00b0 JOINT STEERING COMMITTEE &#187; Spazio-News Magazine\" \/>\n<meta property=\"og:description\" content=\"lo scorso 21 novembre, presso lo Stato Maggiore AM, si \u00e8 svolto il terzo Joint Steering Committee del programma Eurofighter Kuwait\" \/>\n<meta property=\"og:url\" content=\"http:\/\/spazio-news.it\/?p=2334\" \/>\n<meta property=\"og:site_name\" content=\"Spazio-News Magazine\" \/>\n<meta property=\"article:publisher\" content=\"https:\/\/m.facebook.com\/spazio-news-magazine\" \/>\n<meta property=\"article:author\" content=\"@SpazioNewsMagazine\" \/>\n<meta property=\"article:published_time\" content=\"2018-11-23T10:26:14+00:00\" \/>\n<meta property=\"article:modified_time\" content=\"2019-05-27T19:07:01+00:00\" \/>\n<meta property=\"og:image\" content=\"http:\/\/spazio-news.it\/wp-content\/uploads\/2018\/11\/Difesa-3-Joint-Steering-Committee-programma-Eurofighter-Kuwait-AMI.png\" \/>\n\t<meta property=\"og:image:width\" content=\"800\" \/>\n\t<meta property=\"og:image:height\" content=\"448\" \/>\n\t<meta property=\"og:image:type\" content=\"image\/png\" \/>\n<meta name=\"author\" content=\"Redazione\" \/>\n<meta name=\"twitter:card\" content=\"summary_large_image\" \/>\n<meta name=\"twitter:creator\" content=\"@news_spazio\" \/>\n<meta name=\"twitter:site\" content=\"@News_spazio\" \/>\n<meta name=\"twitter:label1\" content=\"Scritto da\" \/>\n\t<meta name=\"twitter:data1\" content=\"Redazione\" \/>\n\t<meta name=\"twitter:label2\" content=\"Tempo di lettura stimato\" \/>\n\t<meta name=\"twitter:data2\" content=\"1 minuto\" \/>\n<script type=\"application\/ld+json\" class=\"yoast-schema-graph\">{\"@context\":\"https:\/\/schema.org\",\"@graph\":[{\"@type\":\"NewsArticle\",\"@id\":\"http:\/\/spazio-news.it\/?p=2334#article\",\"isPartOf\":{\"@id\":\"http:\/\/spazio-news.it\/?p=2334\"},\"author\":{\"name\":\"Redazione\",\"@id\":\"https:\/\/spazio-news.it\/#\/schema\/person\/c600904e882e9e166ed8e5e3773d37b3\"},\"headline\":\"PROGRAMMA EUROFIGHTER KUWAIT: 3\u00b0 JOINT STEERING COMMITTEE\",\"datePublished\":\"2018-11-23T10:26:14+00:00\",\"dateModified\":\"2019-05-27T19:07:01+00:00\",\"mainEntityOfPage\":{\"@id\":\"http:\/\/spazio-news.it\/?p=2334\"},\"wordCount\":201,\"publisher\":{\"@id\":\"https:\/\/spazio-news.it\/#organization\"},\"image\":{\"@id\":\"http:\/\/spazio-news.it\/?p=2334#primaryimage\"},\"thumbnailUrl\":\"http:\/\/spazio-news.it\/wp-content\/uploads\/2018\/11\/Difesa-3-Joint-Steering-Committee-programma-Eurofighter-Kuwait-AMI.png\",\"keywords\":[\"Aeronautica Militare Italiana\",\"Eurofighter\",\"Joint Steering Committee programma Eurofighter Kuwait\",\"Kuwait\",\"Leonardo SPA\",\"Stato maggiore della difesa\"],\"articleSection\":[\"01 - PRIMA PAGINA\",\"02 - INDUSTRIA\"],\"inLanguage\":\"it-IT\"},{\"@type\":\"WebPage\",\"@id\":\"http:\/\/spazio-news.it\/?p=2334\",\"url\":\"http:\/\/spazio-news.it\/?p=2334\",\"name\":\"PROGRAMMA EUROFIGHTER KUWAIT: 3\u00b0 JOINT STEERING COMMITTEE &#187; Spazio-News Magazine\",\"isPartOf\":{\"@id\":\"https:\/\/spazio-news.it\/#website\"},\"primaryImageOfPage\":{\"@id\":\"http:\/\/spazio-news.it\/?p=2334#primaryimage\"},\"image\":{\"@id\":\"http:\/\/spazio-news.it\/?p=2334#primaryimage\"},\"thumbnailUrl\":\"http:\/\/spazio-news.it\/wp-content\/uploads\/2018\/11\/Difesa-3-Joint-Steering-Committee-programma-Eurofighter-Kuwait-AMI.png\",\"datePublished\":\"2018-11-23T10:26:14+00:00\",\"dateModified\":\"2019-05-27T19:07:01+00:00\",\"description\":\"lo scorso 21 novembre, presso lo Stato Maggiore AM, si \u00e8 svolto il terzo Joint Steering Committee del programma Eurofighter Kuwait\",\"breadcrumb\":{\"@id\":\"http:\/\/spazio-news.it\/?p=2334#breadcrumb\"},\"inLanguage\":\"it-IT\",\"potentialAction\":[{\"@type\":\"ReadAction\",\"target\":[\"http:\/\/spazio-news.it\/?p=2334\"]}]},{\"@type\":\"ImageObject\",\"inLanguage\":\"it-IT\",\"@id\":\"http:\/\/spazio-news.it\/?p=2334#primaryimage\",\"url\":\"http:\/\/spazio-news.it\/wp-content\/uploads\/2018\/11\/Difesa-3-Joint-Steering-Committee-programma-Eurofighter-Kuwait-AMI.png\",\"contentUrl\":\"http:\/\/spazio-news.it\/wp-content\/uploads\/2018\/11\/Difesa-3-Joint-Steering-Committee-programma-Eurofighter-Kuwait-AMI.png\",\"width\":800,\"height\":448},{\"@type\":\"BreadcrumbList\",\"@id\":\"http:\/\/spazio-news.it\/?p=2334#breadcrumb\",\"itemListElement\":[{\"@type\":\"ListItem\",\"position\":1,\"name\":\"Home\",\"item\":\"https:\/\/spazio-news.it\/\"},{\"@type\":\"ListItem\",\"position\":2,\"name\":\"PROGRAMMA EUROFIGHTER KUWAIT: 3\u00b0 JOINT STEERING COMMITTEE\"}]},{\"@type\":\"WebSite\",\"@id\":\"https:\/\/spazio-news.it\/#website\",\"url\":\"https:\/\/spazio-news.it\/\",\"name\":\"Spazio-News Magazine\",\"description\":\"La guida che sfida la complessit\u00e0 del mondo industriale\",\"publisher\":{\"@id\":\"https:\/\/spazio-news.it\/#organization\"},\"alternateName\":\"Spazio-news.it\",\"potentialAction\":[{\"@type\":\"SearchAction\",\"target\":{\"@type\":\"EntryPoint\",\"urlTemplate\":\"https:\/\/spazio-news.it\/?s={search_term_string}\"},\"query-input\":{\"@type\":\"PropertyValueSpecification\",\"valueRequired\":true,\"valueName\":\"search_term_string\"}}],\"inLanguage\":\"it-IT\"},{\"@type\":\"Organization\",\"@id\":\"https:\/\/spazio-news.it\/#organization\",\"name\":\"Spazio-News Magazine\",\"url\":\"https:\/\/spazio-news.it\/\",\"logo\":{\"@type\":\"ImageObject\",\"inLanguage\":\"it-IT\",\"@id\":\"https:\/\/spazio-news.it\/#\/schema\/logo\/image\/\",\"url\":\"http:\/\/spazio-news.it\/wp-content\/uploads\/2023\/09\/Logo-Spazio-News-512-x-512-NO-testo.jpg\",\"contentUrl\":\"http:\/\/spazio-news.it\/wp-content\/uploads\/2023\/09\/Logo-Spazio-News-512-x-512-NO-testo.jpg\",\"width\":512,\"height\":512,\"caption\":\"Spazio-News Magazine\"},\"image\":{\"@id\":\"https:\/\/spazio-news.it\/#\/schema\/logo\/image\/\"},\"sameAs\":[\"https:\/\/m.facebook.com\/spazio-news-magazine\",\"https:\/\/x.com\/News_spazio\"]},{\"@type\":\"Person\",\"@id\":\"https:\/\/spazio-news.it\/#\/schema\/person\/c600904e882e9e166ed8e5e3773d37b3\",\"name\":\"Redazione\",\"sameAs\":[\"http:\/\/spazio-news.it\",\"@SpazioNewsMagazine\",\"https:\/\/x.com\/@news_spazio\"],\"url\":\"http:\/\/spazio-news.it\/?author=1\"}]}<\/script>\n<!-- \/ Yoast SEO plugin. -->","yoast_head_json":{"title":"PROGRAMMA EUROFIGHTER KUWAIT: 3\u00b0 JOINT STEERING COMMITTEE &#187; Spazio-News Magazine","description":"lo scorso 21 novembre, presso lo Stato Maggiore AM, si \u00e8 svolto il terzo Joint Steering Committee del programma Eurofighter Kuwait","robots":{"index":"index","follow":"follow","max-snippet":"max-snippet:-1","max-image-preview":"max-image-preview:large","max-video-preview":"max-video-preview:-1"},"canonical":"http:\/\/spazio-news.it\/?p=2334","og_locale":"it_IT","og_type":"article","og_title":"PROGRAMMA EUROFIGHTER KUWAIT: 3\u00b0 JOINT STEERING COMMITTEE &#187; Spazio-News Magazine","og_description":"lo scorso 21 novembre, presso lo Stato Maggiore AM, si \u00e8 svolto il terzo Joint Steering Committee del programma Eurofighter Kuwait","og_url":"http:\/\/spazio-news.it\/?p=2334","og_site_name":"Spazio-News Magazine","article_publisher":"https:\/\/m.facebook.com\/spazio-news-magazine","article_author":"@SpazioNewsMagazine","article_published_time":"2018-11-23T10:26:14+00:00","article_modified_time":"2019-05-27T19:07:01+00:00","og_image":[{"width":800,"height":448,"url":"http:\/\/spazio-news.it\/wp-content\/uploads\/2018\/11\/Difesa-3-Joint-Steering-Committee-programma-Eurofighter-Kuwait-AMI.png","type":"image\/png"}],"author":"Redazione","twitter_card":"summary_large_image","twitter_creator":"@news_spazio","twitter_site":"@News_spazio","twitter_misc":{"Scritto da":"Redazione","Tempo di lettura stimato":"1 minuto"},"schema":{"@context":"https:\/\/schema.org","@graph":[{"@type":"NewsArticle","@id":"http:\/\/spazio-news.it\/?p=2334#article","isPartOf":{"@id":"http:\/\/spazio-news.it\/?p=2334"},"author":{"name":"Redazione","@id":"https:\/\/spazio-news.it\/#\/schema\/person\/c600904e882e9e166ed8e5e3773d37b3"},"headline":"PROGRAMMA EUROFIGHTER KUWAIT: 3\u00b0 JOINT STEERING COMMITTEE","datePublished":"2018-11-23T10:26:14+00:00","dateModified":"2019-05-27T19:07:01+00:00","mainEntityOfPage":{"@id":"http:\/\/spazio-news.it\/?p=2334"},"wordCount":201,"publisher":{"@id":"https:\/\/spazio-news.it\/#organization"},"image":{"@id":"http:\/\/spazio-news.it\/?p=2334#primaryimage"},"thumbnailUrl":"http:\/\/spazio-news.it\/wp-content\/uploads\/2018\/11\/Difesa-3-Joint-Steering-Committee-programma-Eurofighter-Kuwait-AMI.png","keywords":["Aeronautica Militare Italiana","Eurofighter","Joint Steering Committee programma Eurofighter Kuwait","Kuwait","Leonardo SPA","Stato maggiore della difesa"],"articleSection":["01 - PRIMA PAGINA","02 - INDUSTRIA"],"inLanguage":"it-IT"},{"@type":"WebPage","@id":"http:\/\/spazio-news.it\/?p=2334","url":"http:\/\/spazio-news.it\/?p=2334","name":"PROGRAMMA EUROFIGHTER KUWAIT: 3\u00b0 JOINT STEERING COMMITTEE &#187; Spazio-News Magazine","isPartOf":{"@id":"https:\/\/spazio-news.it\/#website"},"primaryImageOfPage":{"@id":"http:\/\/spazio-news.it\/?p=2334#primaryimage"},"image":{"@id":"http:\/\/spazio-news.it\/?p=2334#primaryimage"},"thumbnailUrl":"http:\/\/spazio-news.it\/wp-content\/uploads\/2018\/11\/Difesa-3-Joint-Steering-Committee-programma-Eurofighter-Kuwait-AMI.png","datePublished":"2018-11-23T10:26:14+00:00","dateModified":"2019-05-27T19:07:01+00:00","description":"lo scorso 21 novembre, presso lo Stato Maggiore AM, si \u00e8 svolto il terzo Joint Steering Committee del programma Eurofighter Kuwait","breadcrumb":{"@id":"http:\/\/spazio-news.it\/?p=2334#breadcrumb"},"inLanguage":"it-IT","potentialAction":[{"@type":"ReadAction","target":["http:\/\/spazio-news.it\/?p=2334"]}]},{"@type":"ImageObject","inLanguage":"it-IT","@id":"http:\/\/spazio-news.it\/?p=2334#primaryimage","url":"http:\/\/spazio-news.it\/wp-content\/uploads\/2018\/11\/Difesa-3-Joint-Steering-Committee-programma-Eurofighter-Kuwait-AMI.png","contentUrl":"http:\/\/spazio-news.it\/wp-content\/uploads\/2018\/11\/Difesa-3-Joint-Steering-Committee-programma-Eurofighter-Kuwait-AMI.png","width":800,"height":448},{"@type":"BreadcrumbList","@id":"http:\/\/spazio-news.it\/?p=2334#breadcrumb","itemListElement":[{"@type":"ListItem","position":1,"name":"Home","item":"https:\/\/spazio-news.it\/"},{"@type":"ListItem","position":2,"name":"PROGRAMMA EUROFIGHTER KUWAIT: 3\u00b0 JOINT STEERING COMMITTEE"}]},{"@type":"WebSite","@id":"https:\/\/spazio-news.it\/#website","url":"https:\/\/spazio-news.it\/","name":"Spazio-News Magazine","description":"La guida che sfida la complessit\u00e0 del mondo industriale","publisher":{"@id":"https:\/\/spazio-news.it\/#organization"},"alternateName":"Spazio-news.it","potentialAction":[{"@type":"SearchAction","target":{"@type":"EntryPoint","urlTemplate":"https:\/\/spazio-news.it\/?s={search_term_string}"},"query-input":{"@type":"PropertyValueSpecification","valueRequired":true,"valueName":"search_term_string"}}],"inLanguage":"it-IT"},{"@type":"Organization","@id":"https:\/\/spazio-news.it\/#organization","name":"Spazio-News Magazine","url":"https:\/\/spazio-news.it\/","logo":{"@type":"ImageObject","inLanguage":"it-IT","@id":"https:\/\/spazio-news.it\/#\/schema\/logo\/image\/","url":"http:\/\/spazio-news.it\/wp-content\/uploads\/2023\/09\/Logo-Spazio-News-512-x-512-NO-testo.jpg","contentUrl":"http:\/\/spazio-news.it\/wp-content\/uploads\/2023\/09\/Logo-Spazio-News-512-x-512-NO-testo.jpg","width":512,"height":512,"caption":"Spazio-News Magazine"},"image":{"@id":"https:\/\/spazio-news.it\/#\/schema\/logo\/image\/"},"sameAs":["https:\/\/m.facebook.com\/spazio-news-magazine","https:\/\/x.com\/News_spazio"]},{"@type":"Person","@id":"https:\/\/spazio-news.it\/#\/schema\/person\/c600904e882e9e166ed8e5e3773d37b3","name":"Redazione","sameAs":["http:\/\/spazio-news.it","@SpazioNewsMagazine","https:\/\/x.com\/@news_spazio"],"url":"http:\/\/spazio-news.it\/?author=1"}]}},"_links":{"self":[{"href":"http:\/\/spazio-news.it\/index.php?rest_route=\/wp\/v2\/posts\/2334","targetHints":{"allow":["GET"]}}],"collection":[{"href":"http:\/\/spazio-news.it\/index.php?rest_route=\/wp\/v2\/posts"}],"about":[{"href":"http:\/\/spazio-news.it\/index.php?rest_route=\/wp\/v2\/types\/post"}],"author":[{"embeddable":true,"href":"http:\/\/spazio-news.it\/index.php?rest_route=\/wp\/v2\/users\/1"}],"replies":[{"embeddable":true,"href":"http:\/\/spazio-news.it\/index.php?rest_route=%2Fwp%2Fv2%2Fcomments&post=2334"}],"version-history":[{"count":3,"href":"http:\/\/spazio-news.it\/index.php?rest_route=\/wp\/v2\/posts\/2334\/revisions"}],"predecessor-version":[{"id":4645,"href":"http:\/\/spazio-news.it\/index.php?rest_route=\/wp\/v2\/posts\/2334\/revisions\/4645"}],"wp:featuredmedia":[{"embeddable":true,"href":"http:\/\/spazio-news.it\/index.php?rest_route=\/wp\/v2\/media\/2336"}],"wp:attachment":[{"href":"http:\/\/spazio-news.it\/index.php?rest_route=%2Fwp%2Fv2%2Fmedia&parent=2334"}],"wp:term":[{"taxonomy":"category","embeddable":true,"href":"http:\/\/spazio-news.it\/index.php?rest_route=%2Fwp%2Fv2%2Fcategories&post=2334"},{"taxonomy":"post_tag","embeddable":true,"href":"http:\/\/spazio-news.it\/index.php?rest_route=%2Fwp%2Fv2%2Ftags&post=2334"}],"curies":[{"name":"wp","href":"https:\/\/api.w.org\/{rel}","templated":true}]}}