{"id":2337,"date":"2018-11-23T12:01:24","date_gmt":"2018-11-23T11:01:24","guid":{"rendered":"http:\/\/spazio-news.it\/?p=2337"},"modified":"2026-01-29T19:49:29","modified_gmt":"2026-01-29T18:49:29","slug":"cira-presentato-il-programma-iperdrone","status":"publish","type":"post","link":"http:\/\/spazio-news.it\/?p=2337","title":{"rendered":"CIRA: PRESENTATO IL PROGRAMMA IPERDRONE"},"content":{"rendered":"<p>Come gi\u00e0 anticipato da <a href=\"http:\/\/www.spazio-news.it\/\"> Spazio-News.it<\/a>, nel corso dell&#8217;evento organizzato dall&#8217;Agenzia Spaziale Italiana &#8211; ASI per celebrare i <strong>20 anni di vita della Stazione Spaziale Internazionale &#8211; ISS<\/strong> sono stati presentati i <strong>7 esperimenti italiani<\/strong> che <strong>Luca Parmitano<\/strong>, astronauta italiano dell&#8217;<a href=\"http:\/\/www.esa.int\/\">ESA<\/a>, effettuer\u00e0 nel corso della sua permanenza a bordo della ISS per la \u201c<strong>Missione Beyond<\/strong>&#8220;.<\/p>\n<p>Tra questi, il <strong>programma IPERDRONE<\/strong>, presentato da <strong> Stefania Cantoni<\/strong>, deputy dell&#8217;Unit\u00e0 Spazio del CIRA e responsabile del programma, e dal team di ricercatori costituito da <strong>Mario De Stefano Fumo<\/strong>, <strong>Raffaele Votta<\/strong>, <strong>Roberto Gardi <\/strong>e<strong> Alberto Fedele.<\/strong><\/p>\n<p>Il programma, <strong>finanziato <\/strong>dall\u2019<strong>ASI<\/strong>, \u00a0mira alla realizzazione di un <strong>piccolo sistema di rientro spaziale<\/strong>, in grado di effettuare <strong>operazioni in orbita<\/strong> intorno alla <strong>Stazione Spaziale<\/strong>, <strong>rientrare in atmosfera<\/strong>, raggiungere la <strong>superficie terrestre<\/strong> e <strong>riportare integri i payload imbarcati<\/strong>, conservando la funzionalit\u00e0 dei principali sottosistemi.<\/p>\n<p>Tali capacit\u00e0 saranno dimostrate attraverso l&#8217;esecuzione di una serie di missioni sequenziali ad obiettivi incrementali.<\/p>\n<p>La prima missione, denominata <strong>DAVID &#8211; Drone Autonomo Verifica ISS e Deorbit<\/strong>, avr\u00e0 l&#8217;obiettivo di testare alcune <strong>capacit\u00e0<\/strong> di sistema tra cui quella <strong>ispettiva<\/strong> e di <strong>interazione con la ISS<\/strong>, e si svolger\u00e0 nell&#8217;<strong>autunno del 2019 <\/strong>proprio in concomitanza con la presenza sulla stazione spaziale dell&#8217;astronauta italiano Luca Parmitano.<\/p>\n<p><em>\u201cDopo il rilascio, la piattaforma si avviciner\u00e0 progressivamente alla ISS dove avr\u00e0 inizio la fase di ispezione. Il sistema \u00e8 infatti equipaggiato con payload ottici per la cattura di immagini HD della stazione spaziale nel visibile e nell&#8217;infrarosso, a una distanza tra i 300 e i 1500 metri e con un dettaglio fino a 5 cm; tale capacit\u00e0 ispettiva \u00e8 di fondamentale importanza per la stazione spaziale che, orbitando in orbita LEO, \u00e8 soggetta ad impatto con debris <\/em>\u2013 si legge nella nota diffusa dal Centro italiano -.\u00a0<em>Inoltre l&#8217;impiego di una piattaforma come quella dell&#8217;iperdrone\u00a0potr\u00e0 permettere in futuro anche di ridurre il tempo delle passeggiate extraveicolari degli astronauti\u201d.<\/em><\/p>\n<p>Terminata la fase di ispezione la piattaforma si allontaner\u00e0 poi\u00a0dalla stazione per eseguire le successive fasi della sua missione: una dimostrazione di <strong>rendez vous con un target virtuale<\/strong> e una dimostrazione di <strong>capacit\u00e0 di de<\/strong>&#8211;<strong>orbiting<\/strong>. Il programma, tutto italiano, sar\u00e0 realizzato da un <strong>raggruppamento temporaneo di impresa guidato dal CIRA<\/strong> e costituito da <strong>Kayser<\/strong> <strong>Italia<\/strong> e <strong>Tyvak<\/strong> <strong>International<\/strong>.<\/p>\n","protected":false},"excerpt":{"rendered":"<p>Come gi\u00e0 anticipato da Spazio-News.it, nel corso dell&#8217;evento organizzato dall&#8217;Agenzia Spaziale Italiana &#8211; ASI per celebrare i 20 anni di<\/p>\n","protected":false},"author":1,"featured_media":240,"comment_status":"closed","ping_status":"open","sticky":false,"template":"","format":"standard","meta":{"colormag_page_container_layout":"default_layout","colormag_page_sidebar_layout":"default_layout","footnotes":""},"categories":[32,5],"tags":[812,811,692,596,1509,113,129],"class_list":["post-2337","post","type-post","status-publish","format-standard","has-post-thumbnail","hentry","category-prima-pagina","category-ricerca-innovazione","tag-agenzia-spaziale-europea-esa","tag-agenzia-spaziale-italiana-asi","tag-centro-italiano-ricerche-aerospaziali-cira","tag-international-space-station-iss","tag-programma-iperdrone","tag-ricerca","tag-spazio"],"yoast_head":"<!-- This site is optimized with the Yoast SEO plugin v26.8 - https:\/\/yoast.com\/product\/yoast-seo-wordpress\/ -->\n<title>CIRA: PRESENTATO IL PROGRAMMA IPERDRONE &#187; Spazio-News Magazine<\/title>\n<meta name=\"description\" content=\"Come anticipato da Spazio-News, nel corso dell&#039;evento organizzato dall&#039;ASI per i 20anni della ISS, \u00e8 stato presentato il &quot;progetto Iperdrone&quot;\" \/>\n<meta name=\"robots\" content=\"index, follow, max-snippet:-1, max-image-preview:large, max-video-preview:-1\" \/>\n<link rel=\"canonical\" href=\"http:\/\/spazio-news.it\/?p=2337\" \/>\n<meta property=\"og:locale\" content=\"it_IT\" \/>\n<meta property=\"og:type\" content=\"article\" \/>\n<meta property=\"og:title\" content=\"CIRA: PRESENTATO IL PROGRAMMA IPERDRONE &#187; Spazio-News Magazine\" \/>\n<meta property=\"og:description\" content=\"Come anticipato da Spazio-News, nel corso dell&#039;evento organizzato dall&#039;ASI per i 20anni della ISS, \u00e8 stato presentato il &quot;progetto Iperdrone&quot;\" \/>\n<meta property=\"og:url\" content=\"http:\/\/spazio-news.it\/?p=2337\" \/>\n<meta property=\"og:site_name\" content=\"Spazio-News Magazine\" \/>\n<meta property=\"article:publisher\" content=\"https:\/\/m.facebook.com\/spazio-news-magazine\" \/>\n<meta property=\"article:author\" content=\"@SpazioNewsMagazine\" \/>\n<meta property=\"article:published_time\" content=\"2018-11-23T11:01:24+00:00\" \/>\n<meta property=\"article:modified_time\" content=\"2026-01-29T18:49:29+00:00\" \/>\n<meta property=\"og:image\" content=\"http:\/\/spazio-news.it\/wp-content\/uploads\/2018\/07\/Spazio-News.it-ASI-Missione-OLIMPO-800-x-445.jpg\" \/>\n\t<meta property=\"og:image:width\" content=\"800\" \/>\n\t<meta property=\"og:image:height\" content=\"445\" \/>\n\t<meta property=\"og:image:type\" content=\"image\/jpeg\" \/>\n<meta name=\"author\" content=\"Redazione\" \/>\n<meta name=\"twitter:card\" content=\"summary_large_image\" \/>\n<meta name=\"twitter:creator\" content=\"@news_spazio\" \/>\n<meta name=\"twitter:site\" content=\"@News_spazio\" \/>\n<meta name=\"twitter:label1\" content=\"Scritto da\" \/>\n\t<meta name=\"twitter:data1\" content=\"Redazione\" \/>\n\t<meta name=\"twitter:label2\" content=\"Tempo di lettura stimato\" \/>\n\t<meta name=\"twitter:data2\" content=\"2 minuti\" \/>\n<script type=\"application\/ld+json\" class=\"yoast-schema-graph\">{\"@context\":\"https:\/\/schema.org\",\"@graph\":[{\"@type\":\"NewsArticle\",\"@id\":\"http:\/\/spazio-news.it\/?p=2337#article\",\"isPartOf\":{\"@id\":\"http:\/\/spazio-news.it\/?p=2337\"},\"author\":{\"name\":\"Redazione\",\"@id\":\"http:\/\/spazio-news.it\/#\/schema\/person\/c600904e882e9e166ed8e5e3773d37b3\"},\"headline\":\"CIRA: PRESENTATO IL PROGRAMMA IPERDRONE\",\"datePublished\":\"2018-11-23T11:01:24+00:00\",\"dateModified\":\"2026-01-29T18:49:29+00:00\",\"mainEntityOfPage\":{\"@id\":\"http:\/\/spazio-news.it\/?p=2337\"},\"wordCount\":375,\"publisher\":{\"@id\":\"http:\/\/spazio-news.it\/#organization\"},\"image\":{\"@id\":\"http:\/\/spazio-news.it\/?p=2337#primaryimage\"},\"thumbnailUrl\":\"http:\/\/spazio-news.it\/wp-content\/uploads\/2018\/07\/Spazio-News.it-ASI-Missione-OLIMPO-800-x-445.jpg\",\"keywords\":[\"Agenzia Spaziale Europea - ESA\",\"Agenzia Spaziale Italiana - ASI\",\"Centro Italiano Ricerche Aerospaziali - CIRA\",\"International Space Station - ISS\",\"Programma Iperdrone\",\"ricerca\",\"Spazio\"],\"articleSection\":[\"01 - PRIMA PAGINA\",\"05 - RICERCA &amp; INNOVAZIONE\"],\"inLanguage\":\"it-IT\"},{\"@type\":\"WebPage\",\"@id\":\"http:\/\/spazio-news.it\/?p=2337\",\"url\":\"http:\/\/spazio-news.it\/?p=2337\",\"name\":\"CIRA: PRESENTATO IL PROGRAMMA IPERDRONE &#187; Spazio-News Magazine\",\"isPartOf\":{\"@id\":\"http:\/\/spazio-news.it\/#website\"},\"primaryImageOfPage\":{\"@id\":\"http:\/\/spazio-news.it\/?p=2337#primaryimage\"},\"image\":{\"@id\":\"http:\/\/spazio-news.it\/?p=2337#primaryimage\"},\"thumbnailUrl\":\"http:\/\/spazio-news.it\/wp-content\/uploads\/2018\/07\/Spazio-News.it-ASI-Missione-OLIMPO-800-x-445.jpg\",\"datePublished\":\"2018-11-23T11:01:24+00:00\",\"dateModified\":\"2026-01-29T18:49:29+00:00\",\"description\":\"Come anticipato da Spazio-News, nel corso dell'evento organizzato dall'ASI per i 20anni della ISS, \u00e8 stato presentato il \\\"progetto Iperdrone\\\"\",\"breadcrumb\":{\"@id\":\"http:\/\/spazio-news.it\/?p=2337#breadcrumb\"},\"inLanguage\":\"it-IT\",\"potentialAction\":[{\"@type\":\"ReadAction\",\"target\":[\"http:\/\/spazio-news.it\/?p=2337\"]}]},{\"@type\":\"ImageObject\",\"inLanguage\":\"it-IT\",\"@id\":\"http:\/\/spazio-news.it\/?p=2337#primaryimage\",\"url\":\"http:\/\/spazio-news.it\/wp-content\/uploads\/2018\/07\/Spazio-News.it-ASI-Missione-OLIMPO-800-x-445.jpg\",\"contentUrl\":\"http:\/\/spazio-news.it\/wp-content\/uploads\/2018\/07\/Spazio-News.it-ASI-Missione-OLIMPO-800-x-445.jpg\",\"width\":800,\"height\":445,\"caption\":\"Spazio-News.it - ASI Missione OLIMPO 800 x 445\"},{\"@type\":\"BreadcrumbList\",\"@id\":\"http:\/\/spazio-news.it\/?p=2337#breadcrumb\",\"itemListElement\":[{\"@type\":\"ListItem\",\"position\":1,\"name\":\"Home\",\"item\":\"http:\/\/spazio-news.it\/\"},{\"@type\":\"ListItem\",\"position\":2,\"name\":\"CIRA: PRESENTATO IL PROGRAMMA IPERDRONE\"}]},{\"@type\":\"WebSite\",\"@id\":\"http:\/\/spazio-news.it\/#website\",\"url\":\"http:\/\/spazio-news.it\/\",\"name\":\"Spazio-News Magazine\",\"description\":\"La guida che sfida la complessit\u00e0 del mondo industriale\",\"publisher\":{\"@id\":\"http:\/\/spazio-news.it\/#organization\"},\"alternateName\":\"Spazio-news.it\",\"potentialAction\":[{\"@type\":\"SearchAction\",\"target\":{\"@type\":\"EntryPoint\",\"urlTemplate\":\"http:\/\/spazio-news.it\/?s={search_term_string}\"},\"query-input\":{\"@type\":\"PropertyValueSpecification\",\"valueRequired\":true,\"valueName\":\"search_term_string\"}}],\"inLanguage\":\"it-IT\"},{\"@type\":\"Organization\",\"@id\":\"http:\/\/spazio-news.it\/#organization\",\"name\":\"Spazio-News Magazine\",\"url\":\"http:\/\/spazio-news.it\/\",\"logo\":{\"@type\":\"ImageObject\",\"inLanguage\":\"it-IT\",\"@id\":\"http:\/\/spazio-news.it\/#\/schema\/logo\/image\/\",\"url\":\"http:\/\/spazio-news.it\/wp-content\/uploads\/2023\/09\/Logo-Spazio-News-512-x-512-NO-testo.jpg\",\"contentUrl\":\"http:\/\/spazio-news.it\/wp-content\/uploads\/2023\/09\/Logo-Spazio-News-512-x-512-NO-testo.jpg\",\"width\":512,\"height\":512,\"caption\":\"Spazio-News Magazine\"},\"image\":{\"@id\":\"http:\/\/spazio-news.it\/#\/schema\/logo\/image\/\"},\"sameAs\":[\"https:\/\/m.facebook.com\/spazio-news-magazine\",\"https:\/\/x.com\/News_spazio\"]},{\"@type\":\"Person\",\"@id\":\"http:\/\/spazio-news.it\/#\/schema\/person\/c600904e882e9e166ed8e5e3773d37b3\",\"name\":\"Redazione\",\"sameAs\":[\"http:\/\/spazio-news.it\",\"@SpazioNewsMagazine\",\"https:\/\/x.com\/@news_spazio\"],\"url\":\"http:\/\/spazio-news.it\/?author=1\"}]}<\/script>\n<!-- \/ Yoast SEO plugin. -->","yoast_head_json":{"title":"CIRA: PRESENTATO IL PROGRAMMA IPERDRONE &#187; Spazio-News Magazine","description":"Come anticipato da Spazio-News, nel corso dell'evento organizzato dall'ASI per i 20anni della ISS, \u00e8 stato presentato il \"progetto Iperdrone\"","robots":{"index":"index","follow":"follow","max-snippet":"max-snippet:-1","max-image-preview":"max-image-preview:large","max-video-preview":"max-video-preview:-1"},"canonical":"http:\/\/spazio-news.it\/?p=2337","og_locale":"it_IT","og_type":"article","og_title":"CIRA: PRESENTATO IL PROGRAMMA IPERDRONE &#187; Spazio-News Magazine","og_description":"Come anticipato da Spazio-News, nel corso dell'evento organizzato dall'ASI per i 20anni della ISS, \u00e8 stato presentato il \"progetto Iperdrone\"","og_url":"http:\/\/spazio-news.it\/?p=2337","og_site_name":"Spazio-News Magazine","article_publisher":"https:\/\/m.facebook.com\/spazio-news-magazine","article_author":"@SpazioNewsMagazine","article_published_time":"2018-11-23T11:01:24+00:00","article_modified_time":"2026-01-29T18:49:29+00:00","og_image":[{"width":800,"height":445,"url":"http:\/\/spazio-news.it\/wp-content\/uploads\/2018\/07\/Spazio-News.it-ASI-Missione-OLIMPO-800-x-445.jpg","type":"image\/jpeg"}],"author":"Redazione","twitter_card":"summary_large_image","twitter_creator":"@news_spazio","twitter_site":"@News_spazio","twitter_misc":{"Scritto da":"Redazione","Tempo di lettura stimato":"2 minuti"},"schema":{"@context":"https:\/\/schema.org","@graph":[{"@type":"NewsArticle","@id":"http:\/\/spazio-news.it\/?p=2337#article","isPartOf":{"@id":"http:\/\/spazio-news.it\/?p=2337"},"author":{"name":"Redazione","@id":"http:\/\/spazio-news.it\/#\/schema\/person\/c600904e882e9e166ed8e5e3773d37b3"},"headline":"CIRA: PRESENTATO IL PROGRAMMA IPERDRONE","datePublished":"2018-11-23T11:01:24+00:00","dateModified":"2026-01-29T18:49:29+00:00","mainEntityOfPage":{"@id":"http:\/\/spazio-news.it\/?p=2337"},"wordCount":375,"publisher":{"@id":"http:\/\/spazio-news.it\/#organization"},"image":{"@id":"http:\/\/spazio-news.it\/?p=2337#primaryimage"},"thumbnailUrl":"http:\/\/spazio-news.it\/wp-content\/uploads\/2018\/07\/Spazio-News.it-ASI-Missione-OLIMPO-800-x-445.jpg","keywords":["Agenzia Spaziale Europea - ESA","Agenzia Spaziale Italiana - ASI","Centro Italiano Ricerche Aerospaziali - CIRA","International Space Station - ISS","Programma Iperdrone","ricerca","Spazio"],"articleSection":["01 - PRIMA PAGINA","05 - RICERCA &amp; INNOVAZIONE"],"inLanguage":"it-IT"},{"@type":"WebPage","@id":"http:\/\/spazio-news.it\/?p=2337","url":"http:\/\/spazio-news.it\/?p=2337","name":"CIRA: PRESENTATO IL PROGRAMMA IPERDRONE &#187; Spazio-News Magazine","isPartOf":{"@id":"http:\/\/spazio-news.it\/#website"},"primaryImageOfPage":{"@id":"http:\/\/spazio-news.it\/?p=2337#primaryimage"},"image":{"@id":"http:\/\/spazio-news.it\/?p=2337#primaryimage"},"thumbnailUrl":"http:\/\/spazio-news.it\/wp-content\/uploads\/2018\/07\/Spazio-News.it-ASI-Missione-OLIMPO-800-x-445.jpg","datePublished":"2018-11-23T11:01:24+00:00","dateModified":"2026-01-29T18:49:29+00:00","description":"Come anticipato da Spazio-News, nel corso dell'evento organizzato dall'ASI per i 20anni della ISS, \u00e8 stato presentato il \"progetto Iperdrone\"","breadcrumb":{"@id":"http:\/\/spazio-news.it\/?p=2337#breadcrumb"},"inLanguage":"it-IT","potentialAction":[{"@type":"ReadAction","target":["http:\/\/spazio-news.it\/?p=2337"]}]},{"@type":"ImageObject","inLanguage":"it-IT","@id":"http:\/\/spazio-news.it\/?p=2337#primaryimage","url":"http:\/\/spazio-news.it\/wp-content\/uploads\/2018\/07\/Spazio-News.it-ASI-Missione-OLIMPO-800-x-445.jpg","contentUrl":"http:\/\/spazio-news.it\/wp-content\/uploads\/2018\/07\/Spazio-News.it-ASI-Missione-OLIMPO-800-x-445.jpg","width":800,"height":445,"caption":"Spazio-News.it - ASI Missione OLIMPO 800 x 445"},{"@type":"BreadcrumbList","@id":"http:\/\/spazio-news.it\/?p=2337#breadcrumb","itemListElement":[{"@type":"ListItem","position":1,"name":"Home","item":"http:\/\/spazio-news.it\/"},{"@type":"ListItem","position":2,"name":"CIRA: PRESENTATO IL PROGRAMMA IPERDRONE"}]},{"@type":"WebSite","@id":"http:\/\/spazio-news.it\/#website","url":"http:\/\/spazio-news.it\/","name":"Spazio-News Magazine","description":"La guida che sfida la complessit\u00e0 del mondo industriale","publisher":{"@id":"http:\/\/spazio-news.it\/#organization"},"alternateName":"Spazio-news.it","potentialAction":[{"@type":"SearchAction","target":{"@type":"EntryPoint","urlTemplate":"http:\/\/spazio-news.it\/?s={search_term_string}"},"query-input":{"@type":"PropertyValueSpecification","valueRequired":true,"valueName":"search_term_string"}}],"inLanguage":"it-IT"},{"@type":"Organization","@id":"http:\/\/spazio-news.it\/#organization","name":"Spazio-News Magazine","url":"http:\/\/spazio-news.it\/","logo":{"@type":"ImageObject","inLanguage":"it-IT","@id":"http:\/\/spazio-news.it\/#\/schema\/logo\/image\/","url":"http:\/\/spazio-news.it\/wp-content\/uploads\/2023\/09\/Logo-Spazio-News-512-x-512-NO-testo.jpg","contentUrl":"http:\/\/spazio-news.it\/wp-content\/uploads\/2023\/09\/Logo-Spazio-News-512-x-512-NO-testo.jpg","width":512,"height":512,"caption":"Spazio-News Magazine"},"image":{"@id":"http:\/\/spazio-news.it\/#\/schema\/logo\/image\/"},"sameAs":["https:\/\/m.facebook.com\/spazio-news-magazine","https:\/\/x.com\/News_spazio"]},{"@type":"Person","@id":"http:\/\/spazio-news.it\/#\/schema\/person\/c600904e882e9e166ed8e5e3773d37b3","name":"Redazione","sameAs":["http:\/\/spazio-news.it","@SpazioNewsMagazine","https:\/\/x.com\/@news_spazio"],"url":"http:\/\/spazio-news.it\/?author=1"}]}},"_links":{"self":[{"href":"http:\/\/spazio-news.it\/index.php?rest_route=\/wp\/v2\/posts\/2337","targetHints":{"allow":["GET"]}}],"collection":[{"href":"http:\/\/spazio-news.it\/index.php?rest_route=\/wp\/v2\/posts"}],"about":[{"href":"http:\/\/spazio-news.it\/index.php?rest_route=\/wp\/v2\/types\/post"}],"author":[{"embeddable":true,"href":"http:\/\/spazio-news.it\/index.php?rest_route=\/wp\/v2\/users\/1"}],"replies":[{"embeddable":true,"href":"http:\/\/spazio-news.it\/index.php?rest_route=%2Fwp%2Fv2%2Fcomments&post=2337"}],"version-history":[{"count":3,"href":"http:\/\/spazio-news.it\/index.php?rest_route=\/wp\/v2\/posts\/2337\/revisions"}],"predecessor-version":[{"id":12792,"href":"http:\/\/spazio-news.it\/index.php?rest_route=\/wp\/v2\/posts\/2337\/revisions\/12792"}],"wp:featuredmedia":[{"embeddable":true,"href":"http:\/\/spazio-news.it\/index.php?rest_route=\/wp\/v2\/media\/240"}],"wp:attachment":[{"href":"http:\/\/spazio-news.it\/index.php?rest_route=%2Fwp%2Fv2%2Fmedia&parent=2337"}],"wp:term":[{"taxonomy":"category","embeddable":true,"href":"http:\/\/spazio-news.it\/index.php?rest_route=%2Fwp%2Fv2%2Fcategories&post=2337"},{"taxonomy":"post_tag","embeddable":true,"href":"http:\/\/spazio-news.it\/index.php?rest_route=%2Fwp%2Fv2%2Ftags&post=2337"}],"curies":[{"name":"wp","href":"https:\/\/api.w.org\/{rel}","templated":true}]}}