{"id":2343,"date":"2018-11-23T14:24:23","date_gmt":"2018-11-23T13:24:23","guid":{"rendered":"http:\/\/spazio-news.it\/?p=2343"},"modified":"2018-11-23T12:31:13","modified_gmt":"2018-11-23T11:31:13","slug":"boeing-assemblato-il-primo-flight-test-777x","status":"publish","type":"post","link":"http:\/\/spazio-news.it\/?p=2343","title":{"rendered":"BOEING: ASSEMBLATO IL PRIMO FLIGHT TEST 777X"},"content":{"rendered":"<p>Nello stabilimento di Everett, Washington, <a href=\"https:\/\/www.boeing.com\/\" rel=\"noopener\" target=\"_blank\">Boeing<\/a> ha assemblato le principali sezioni della fusoliera del primo aereo <strong>777X<\/strong>. I team dell\u2019azienda statunitense, in un traguardo di produzione fondamentale chiamato <strong>final body join<\/strong>, hanno collegato la prua dell\u2019aereo con le sezioni centrale e posteriore. L\u2019aereo adesso misura 77 metri di lunghezza dalla prua alla coda e diventa cos\u00ec il pi\u00f9 lungo aereo passeggeri che l\u2019azienda abbia mai costruito.<\/p>\n<p>Basato sul leader di mercato <strong>777<\/strong> e sul <strong>787 Dreamliner<\/strong>, il 777X si propone alle compagnie aeree come il pi\u00f9 grande e pi\u00f9 efficiente bimotore al mondo, consentendo il 12% in meno di consumo di carburante e costi operativi pi\u00f9 bassi del 10% rispetto agli aerei competitor.<br \/>\nIl 777X pu\u00f2 raggiungere prestazioni senza precedenti attraverso l\u2019introduzione delle pi\u00f9 recenti tecnologie, come il motore commerciale a pi\u00f9 basso consumo di sempre, il <strong>GE9X<\/strong>, e un\u2019ala in composito totalmente nuova di quarta generazione progettata per garantire portanza ed efficienza. Grazie all\u2019aggiunta di un set di wingtip ripiegate e rastrellate, l\u2019apertura alare dell\u2019aereo raggiunge i 72 metri, \u00e8 in grado quindi di rafforzare l\u2019efficienza aerodinamica dell\u2019ala e ridurre la spinta del motore e il consumo di carburante. In aggiunta, le wingtip cos\u00ec<br \/>\nripiegate consentono al 777X di mantenere la compatibilit\u00e0 aeroportuale con l\u2019esistente famiglia 777, aggiungendo valore per i clienti.<\/p>\n<p>Il primo modello del 777X a essere introdotto sar\u00e0 il <strong>777-9<\/strong>, in grado di ospitare 400-425 passeggeri in configurazione standard, con un range di 14.075 km. Per migliorare il confort dei passeggeri Boeing si sta basando sugli interni preferiti dai passeggeri dell\u2019attuale 777 e sulle innovazioni degli interni del 787. I viaggiatori godranno di finestrini pi\u00f9 grandi e situati pi\u00f9 in alto sulla fusoliera rispetto all\u2019attuale 777, insieme a una cabina pi\u00f9 ampia, una nuova illuminazione e un\u2019architettura migliorata.<br \/>\nIl primo test airplane 777X per le prove ground stating \u00e8 stato completato a settembre 2018. Dopo il flight test n. 1 saranno costruiti tre ulteriori aerei per i flight test. Il primo volo del 777X \u00e8 previsto nel 2019. La prima consegna nel 2020.<\/p>\n","protected":false},"excerpt":{"rendered":"<p>Nello stabilimento di Everett, Washington, Boeing ha assemblato le principali sezioni della fusoliera del primo aereo 777X. I team dell\u2019azienda<\/p>\n","protected":false},"author":1,"featured_media":2344,"comment_status":"closed","ping_status":"open","sticky":false,"template":"","format":"standard","meta":{"colormag_page_container_layout":"default_layout","colormag_page_sidebar_layout":"default_layout","footnotes":""},"categories":[32,3],"tags":[1473,1472,172,1358,1510,1511],"class_list":["post-2343","post","type-post","status-publish","format-standard","has-post-thumbnail","hentry","category-prima-pagina","category-industria","tag-777x","tag-787-dreamliner","tag-boeing","tag-boeing-777","tag-boeing-777-9","tag-ge9x"],"yoast_head":"<!-- This site is optimized with the Yoast SEO plugin v26.8 - https:\/\/yoast.com\/product\/yoast-seo-wordpress\/ -->\n<title>BOEING: ASSEMBLATO IL PRIMO FLIGHT TEST 777X &#187; Spazio-News Magazine<\/title>\n<meta name=\"description\" content=\"Assemblato nello stabilimento Boeing di Everett il primo aereo 777X per fight test. Il pirmo volo \u00e8 previsto nel 2019\" \/>\n<meta name=\"robots\" content=\"index, follow, max-snippet:-1, max-image-preview:large, max-video-preview:-1\" \/>\n<link rel=\"canonical\" href=\"http:\/\/spazio-news.it\/?p=2343\" \/>\n<meta property=\"og:locale\" content=\"it_IT\" \/>\n<meta property=\"og:type\" content=\"article\" \/>\n<meta property=\"og:title\" content=\"BOEING: ASSEMBLATO IL PRIMO FLIGHT TEST 777X &#187; Spazio-News Magazine\" \/>\n<meta property=\"og:description\" content=\"Assemblato nello stabilimento Boeing di Everett il primo aereo 777X per fight test. Il pirmo volo \u00e8 previsto nel 2019\" \/>\n<meta property=\"og:url\" content=\"http:\/\/spazio-news.it\/?p=2343\" \/>\n<meta property=\"og:site_name\" content=\"Spazio-News Magazine\" \/>\n<meta property=\"article:publisher\" content=\"https:\/\/m.facebook.com\/spazio-news-magazine\" \/>\n<meta property=\"article:author\" content=\"@SpazioNewsMagazine\" \/>\n<meta property=\"article:published_time\" content=\"2018-11-23T13:24:23+00:00\" \/>\n<meta property=\"og:image\" content=\"http:\/\/spazio-news.it\/wp-content\/uploads\/2018\/11\/Boeing_777X-Final-Body-Join_Spazio-News.jpg\" \/>\n\t<meta property=\"og:image:width\" content=\"800\" \/>\n\t<meta property=\"og:image:height\" content=\"442\" \/>\n\t<meta property=\"og:image:type\" content=\"image\/jpeg\" \/>\n<meta name=\"author\" content=\"Redazione\" \/>\n<meta name=\"twitter:card\" content=\"summary_large_image\" \/>\n<meta name=\"twitter:creator\" content=\"@news_spazio\" \/>\n<meta name=\"twitter:site\" content=\"@News_spazio\" \/>\n<meta name=\"twitter:label1\" content=\"Scritto da\" \/>\n\t<meta name=\"twitter:data1\" content=\"Redazione\" \/>\n\t<meta name=\"twitter:label2\" content=\"Tempo di lettura stimato\" \/>\n\t<meta name=\"twitter:data2\" content=\"2 minuti\" \/>\n<script type=\"application\/ld+json\" class=\"yoast-schema-graph\">{\"@context\":\"https:\/\/schema.org\",\"@graph\":[{\"@type\":\"NewsArticle\",\"@id\":\"http:\/\/spazio-news.it\/?p=2343#article\",\"isPartOf\":{\"@id\":\"http:\/\/spazio-news.it\/?p=2343\"},\"author\":{\"name\":\"Redazione\",\"@id\":\"https:\/\/spazio-news.it\/#\/schema\/person\/c600904e882e9e166ed8e5e3773d37b3\"},\"headline\":\"BOEING: ASSEMBLATO IL PRIMO FLIGHT TEST 777X\",\"datePublished\":\"2018-11-23T13:24:23+00:00\",\"mainEntityOfPage\":{\"@id\":\"http:\/\/spazio-news.it\/?p=2343\"},\"wordCount\":342,\"publisher\":{\"@id\":\"https:\/\/spazio-news.it\/#organization\"},\"image\":{\"@id\":\"http:\/\/spazio-news.it\/?p=2343#primaryimage\"},\"thumbnailUrl\":\"http:\/\/spazio-news.it\/wp-content\/uploads\/2018\/11\/Boeing_777X-Final-Body-Join_Spazio-News.jpg\",\"keywords\":[\"777X\",\"787 Dreamliner\",\"Boeing\",\"Boeing 777\",\"Boeing 777-9\",\"GE9X\"],\"articleSection\":[\"01 - PRIMA PAGINA\",\"02 - INDUSTRIA\"],\"inLanguage\":\"it-IT\"},{\"@type\":\"WebPage\",\"@id\":\"http:\/\/spazio-news.it\/?p=2343\",\"url\":\"http:\/\/spazio-news.it\/?p=2343\",\"name\":\"BOEING: ASSEMBLATO IL PRIMO FLIGHT TEST 777X &#187; Spazio-News Magazine\",\"isPartOf\":{\"@id\":\"https:\/\/spazio-news.it\/#website\"},\"primaryImageOfPage\":{\"@id\":\"http:\/\/spazio-news.it\/?p=2343#primaryimage\"},\"image\":{\"@id\":\"http:\/\/spazio-news.it\/?p=2343#primaryimage\"},\"thumbnailUrl\":\"http:\/\/spazio-news.it\/wp-content\/uploads\/2018\/11\/Boeing_777X-Final-Body-Join_Spazio-News.jpg\",\"datePublished\":\"2018-11-23T13:24:23+00:00\",\"description\":\"Assemblato nello stabilimento Boeing di Everett il primo aereo 777X per fight test. Il pirmo volo \u00e8 previsto nel 2019\",\"breadcrumb\":{\"@id\":\"http:\/\/spazio-news.it\/?p=2343#breadcrumb\"},\"inLanguage\":\"it-IT\",\"potentialAction\":[{\"@type\":\"ReadAction\",\"target\":[\"http:\/\/spazio-news.it\/?p=2343\"]}]},{\"@type\":\"ImageObject\",\"inLanguage\":\"it-IT\",\"@id\":\"http:\/\/spazio-news.it\/?p=2343#primaryimage\",\"url\":\"http:\/\/spazio-news.it\/wp-content\/uploads\/2018\/11\/Boeing_777X-Final-Body-Join_Spazio-News.jpg\",\"contentUrl\":\"http:\/\/spazio-news.it\/wp-content\/uploads\/2018\/11\/Boeing_777X-Final-Body-Join_Spazio-News.jpg\",\"width\":800,\"height\":442,\"caption\":\"Boeing_777X-Final-Body-Join_Spazio-News\"},{\"@type\":\"BreadcrumbList\",\"@id\":\"http:\/\/spazio-news.it\/?p=2343#breadcrumb\",\"itemListElement\":[{\"@type\":\"ListItem\",\"position\":1,\"name\":\"Home\",\"item\":\"https:\/\/spazio-news.it\/\"},{\"@type\":\"ListItem\",\"position\":2,\"name\":\"BOEING: ASSEMBLATO IL PRIMO FLIGHT TEST 777X\"}]},{\"@type\":\"WebSite\",\"@id\":\"https:\/\/spazio-news.it\/#website\",\"url\":\"https:\/\/spazio-news.it\/\",\"name\":\"Spazio-News Magazine\",\"description\":\"La guida che sfida la complessit\u00e0 del mondo industriale\",\"publisher\":{\"@id\":\"https:\/\/spazio-news.it\/#organization\"},\"alternateName\":\"Spazio-news.it\",\"potentialAction\":[{\"@type\":\"SearchAction\",\"target\":{\"@type\":\"EntryPoint\",\"urlTemplate\":\"https:\/\/spazio-news.it\/?s={search_term_string}\"},\"query-input\":{\"@type\":\"PropertyValueSpecification\",\"valueRequired\":true,\"valueName\":\"search_term_string\"}}],\"inLanguage\":\"it-IT\"},{\"@type\":\"Organization\",\"@id\":\"https:\/\/spazio-news.it\/#organization\",\"name\":\"Spazio-News Magazine\",\"url\":\"https:\/\/spazio-news.it\/\",\"logo\":{\"@type\":\"ImageObject\",\"inLanguage\":\"it-IT\",\"@id\":\"https:\/\/spazio-news.it\/#\/schema\/logo\/image\/\",\"url\":\"http:\/\/spazio-news.it\/wp-content\/uploads\/2023\/09\/Logo-Spazio-News-512-x-512-NO-testo.jpg\",\"contentUrl\":\"http:\/\/spazio-news.it\/wp-content\/uploads\/2023\/09\/Logo-Spazio-News-512-x-512-NO-testo.jpg\",\"width\":512,\"height\":512,\"caption\":\"Spazio-News Magazine\"},\"image\":{\"@id\":\"https:\/\/spazio-news.it\/#\/schema\/logo\/image\/\"},\"sameAs\":[\"https:\/\/m.facebook.com\/spazio-news-magazine\",\"https:\/\/x.com\/News_spazio\"]},{\"@type\":\"Person\",\"@id\":\"https:\/\/spazio-news.it\/#\/schema\/person\/c600904e882e9e166ed8e5e3773d37b3\",\"name\":\"Redazione\",\"sameAs\":[\"http:\/\/spazio-news.it\",\"@SpazioNewsMagazine\",\"https:\/\/x.com\/@news_spazio\"],\"url\":\"http:\/\/spazio-news.it\/?author=1\"}]}<\/script>\n<!-- \/ Yoast SEO plugin. -->","yoast_head_json":{"title":"BOEING: ASSEMBLATO IL PRIMO FLIGHT TEST 777X &#187; Spazio-News Magazine","description":"Assemblato nello stabilimento Boeing di Everett il primo aereo 777X per fight test. Il pirmo volo \u00e8 previsto nel 2019","robots":{"index":"index","follow":"follow","max-snippet":"max-snippet:-1","max-image-preview":"max-image-preview:large","max-video-preview":"max-video-preview:-1"},"canonical":"http:\/\/spazio-news.it\/?p=2343","og_locale":"it_IT","og_type":"article","og_title":"BOEING: ASSEMBLATO IL PRIMO FLIGHT TEST 777X &#187; Spazio-News Magazine","og_description":"Assemblato nello stabilimento Boeing di Everett il primo aereo 777X per fight test. Il pirmo volo \u00e8 previsto nel 2019","og_url":"http:\/\/spazio-news.it\/?p=2343","og_site_name":"Spazio-News Magazine","article_publisher":"https:\/\/m.facebook.com\/spazio-news-magazine","article_author":"@SpazioNewsMagazine","article_published_time":"2018-11-23T13:24:23+00:00","og_image":[{"width":800,"height":442,"url":"http:\/\/spazio-news.it\/wp-content\/uploads\/2018\/11\/Boeing_777X-Final-Body-Join_Spazio-News.jpg","type":"image\/jpeg"}],"author":"Redazione","twitter_card":"summary_large_image","twitter_creator":"@news_spazio","twitter_site":"@News_spazio","twitter_misc":{"Scritto da":"Redazione","Tempo di lettura stimato":"2 minuti"},"schema":{"@context":"https:\/\/schema.org","@graph":[{"@type":"NewsArticle","@id":"http:\/\/spazio-news.it\/?p=2343#article","isPartOf":{"@id":"http:\/\/spazio-news.it\/?p=2343"},"author":{"name":"Redazione","@id":"https:\/\/spazio-news.it\/#\/schema\/person\/c600904e882e9e166ed8e5e3773d37b3"},"headline":"BOEING: ASSEMBLATO IL PRIMO FLIGHT TEST 777X","datePublished":"2018-11-23T13:24:23+00:00","mainEntityOfPage":{"@id":"http:\/\/spazio-news.it\/?p=2343"},"wordCount":342,"publisher":{"@id":"https:\/\/spazio-news.it\/#organization"},"image":{"@id":"http:\/\/spazio-news.it\/?p=2343#primaryimage"},"thumbnailUrl":"http:\/\/spazio-news.it\/wp-content\/uploads\/2018\/11\/Boeing_777X-Final-Body-Join_Spazio-News.jpg","keywords":["777X","787 Dreamliner","Boeing","Boeing 777","Boeing 777-9","GE9X"],"articleSection":["01 - PRIMA PAGINA","02 - INDUSTRIA"],"inLanguage":"it-IT"},{"@type":"WebPage","@id":"http:\/\/spazio-news.it\/?p=2343","url":"http:\/\/spazio-news.it\/?p=2343","name":"BOEING: ASSEMBLATO IL PRIMO FLIGHT TEST 777X &#187; Spazio-News Magazine","isPartOf":{"@id":"https:\/\/spazio-news.it\/#website"},"primaryImageOfPage":{"@id":"http:\/\/spazio-news.it\/?p=2343#primaryimage"},"image":{"@id":"http:\/\/spazio-news.it\/?p=2343#primaryimage"},"thumbnailUrl":"http:\/\/spazio-news.it\/wp-content\/uploads\/2018\/11\/Boeing_777X-Final-Body-Join_Spazio-News.jpg","datePublished":"2018-11-23T13:24:23+00:00","description":"Assemblato nello stabilimento Boeing di Everett il primo aereo 777X per fight test. Il pirmo volo \u00e8 previsto nel 2019","breadcrumb":{"@id":"http:\/\/spazio-news.it\/?p=2343#breadcrumb"},"inLanguage":"it-IT","potentialAction":[{"@type":"ReadAction","target":["http:\/\/spazio-news.it\/?p=2343"]}]},{"@type":"ImageObject","inLanguage":"it-IT","@id":"http:\/\/spazio-news.it\/?p=2343#primaryimage","url":"http:\/\/spazio-news.it\/wp-content\/uploads\/2018\/11\/Boeing_777X-Final-Body-Join_Spazio-News.jpg","contentUrl":"http:\/\/spazio-news.it\/wp-content\/uploads\/2018\/11\/Boeing_777X-Final-Body-Join_Spazio-News.jpg","width":800,"height":442,"caption":"Boeing_777X-Final-Body-Join_Spazio-News"},{"@type":"BreadcrumbList","@id":"http:\/\/spazio-news.it\/?p=2343#breadcrumb","itemListElement":[{"@type":"ListItem","position":1,"name":"Home","item":"https:\/\/spazio-news.it\/"},{"@type":"ListItem","position":2,"name":"BOEING: ASSEMBLATO IL PRIMO FLIGHT TEST 777X"}]},{"@type":"WebSite","@id":"https:\/\/spazio-news.it\/#website","url":"https:\/\/spazio-news.it\/","name":"Spazio-News Magazine","description":"La guida che sfida la complessit\u00e0 del mondo industriale","publisher":{"@id":"https:\/\/spazio-news.it\/#organization"},"alternateName":"Spazio-news.it","potentialAction":[{"@type":"SearchAction","target":{"@type":"EntryPoint","urlTemplate":"https:\/\/spazio-news.it\/?s={search_term_string}"},"query-input":{"@type":"PropertyValueSpecification","valueRequired":true,"valueName":"search_term_string"}}],"inLanguage":"it-IT"},{"@type":"Organization","@id":"https:\/\/spazio-news.it\/#organization","name":"Spazio-News Magazine","url":"https:\/\/spazio-news.it\/","logo":{"@type":"ImageObject","inLanguage":"it-IT","@id":"https:\/\/spazio-news.it\/#\/schema\/logo\/image\/","url":"http:\/\/spazio-news.it\/wp-content\/uploads\/2023\/09\/Logo-Spazio-News-512-x-512-NO-testo.jpg","contentUrl":"http:\/\/spazio-news.it\/wp-content\/uploads\/2023\/09\/Logo-Spazio-News-512-x-512-NO-testo.jpg","width":512,"height":512,"caption":"Spazio-News Magazine"},"image":{"@id":"https:\/\/spazio-news.it\/#\/schema\/logo\/image\/"},"sameAs":["https:\/\/m.facebook.com\/spazio-news-magazine","https:\/\/x.com\/News_spazio"]},{"@type":"Person","@id":"https:\/\/spazio-news.it\/#\/schema\/person\/c600904e882e9e166ed8e5e3773d37b3","name":"Redazione","sameAs":["http:\/\/spazio-news.it","@SpazioNewsMagazine","https:\/\/x.com\/@news_spazio"],"url":"http:\/\/spazio-news.it\/?author=1"}]}},"_links":{"self":[{"href":"http:\/\/spazio-news.it\/index.php?rest_route=\/wp\/v2\/posts\/2343","targetHints":{"allow":["GET"]}}],"collection":[{"href":"http:\/\/spazio-news.it\/index.php?rest_route=\/wp\/v2\/posts"}],"about":[{"href":"http:\/\/spazio-news.it\/index.php?rest_route=\/wp\/v2\/types\/post"}],"author":[{"embeddable":true,"href":"http:\/\/spazio-news.it\/index.php?rest_route=\/wp\/v2\/users\/1"}],"replies":[{"embeddable":true,"href":"http:\/\/spazio-news.it\/index.php?rest_route=%2Fwp%2Fv2%2Fcomments&post=2343"}],"version-history":[{"count":1,"href":"http:\/\/spazio-news.it\/index.php?rest_route=\/wp\/v2\/posts\/2343\/revisions"}],"predecessor-version":[{"id":2345,"href":"http:\/\/spazio-news.it\/index.php?rest_route=\/wp\/v2\/posts\/2343\/revisions\/2345"}],"wp:featuredmedia":[{"embeddable":true,"href":"http:\/\/spazio-news.it\/index.php?rest_route=\/wp\/v2\/media\/2344"}],"wp:attachment":[{"href":"http:\/\/spazio-news.it\/index.php?rest_route=%2Fwp%2Fv2%2Fmedia&parent=2343"}],"wp:term":[{"taxonomy":"category","embeddable":true,"href":"http:\/\/spazio-news.it\/index.php?rest_route=%2Fwp%2Fv2%2Fcategories&post=2343"},{"taxonomy":"post_tag","embeddable":true,"href":"http:\/\/spazio-news.it\/index.php?rest_route=%2Fwp%2Fv2%2Ftags&post=2343"}],"curies":[{"name":"wp","href":"https:\/\/api.w.org\/{rel}","templated":true}]}}