{"id":2348,"date":"2018-11-26T09:45:31","date_gmt":"2018-11-26T08:45:31","guid":{"rendered":"http:\/\/spazio-news.it\/?p=2348"},"modified":"2018-11-25T13:55:23","modified_gmt":"2018-11-25T12:55:23","slug":"aci-world-rallenta-a-luglio-la-crescita-passeggeri","status":"publish","type":"post","link":"http:\/\/spazio-news.it\/?p=2348","title":{"rendered":"ACI WORLD: RALLENTA A LUGLIO LA CRESCITA PASSEGGERI"},"content":{"rendered":"<p><em>a.m.<\/em><\/p>\n<p>I dati della rilevazione effettuata dal <a href=\"https:\/\/aci.aero\/\" rel=\"noopener\" target=\"_blank\">Consiglio internazionale degli Aeroporti \u2013 ACI<\/a> indicano per il mese di <strong>luglio<\/strong> un aumento nel traffico globale di passeggeri pari al <strong>5,4%<\/strong> rispetto a luglio 2017. Si tratta di un leggero rallentamento rispetto al +6,6% registrato nel mese di giugno, in linea del resto con un trend iniziato alla fine del primo trimestre dell\u2019anno.<\/p>\n<p>Il <strong>traffico merci<\/strong> ha beneficiato invece di una piccola tendenza al rialzo, registrando a luglio una crescita del <strong>3,2%<\/strong>, che \u00e8 quasi un punto percentuale in pi\u00f9 rispetto al +2,3% che aveva caratterizzato il mese di giugno. Anche nel settore cargo, per\u00f2, si registra una tendenza al rallentamento della crescita dei volumi, considerando che alla fine del secondo trimestre dell\u2019anno la crescita era del 4,8%.<br \/>\n<em><br \/>\n\u201cL\u2019industria globale dell\u2019aviazione ha registrato risultati particolarmente positivi nel 2017. Sebbene i dati 2018 almeno fino a luglio sembrano in tenuta, sar\u00e0 difficile quest\u2019anno raggiungere risultati simili<\/em> \u2013 ha dichiarato <strong>Angela Gittens<\/strong>, direttore generale ACI World \u2013. <em>Inoltre \u00e8 ormai chiaro che le tensioni commerciali stanno avendo ripercussioni sulle esportazioni a livello globale. Il traffico internazionale di passeggeri, che ha beneficiato di un significativo slancio dall\u2019inizio dell\u2019anno, ha rallentato a luglio. Questo ha portato la crescita di questo segmento praticamente allo stesso livello dei risultati registrati dal mercato domestico\u201d<\/em>.<\/p>\n<p>In dettaglio, il mercato internazionale ha registrato a luglio una crescita del 5,8%, mentre del 5,1% \u00e8 stata la crescita che ha caratterizzato il mercato dei viaggi nazionali.<br \/>\nI mercati pi\u00f9 grandi, Asia-Pacifico, Europa e Nord America, hanno riportato a luglio risultati sostanzialmente allineati, registrando rispettivamente una crescita del 5,9%, 5,1% e 5%. Nonostante i dati siano tutto sommato omogenei nel mese di luglio, considerando l\u2019andamento dall\u2019inizio dell\u2019anno l\u2019Asia-Pacifico mantiene la sua posizione guida, rispetto alle altre due regioni, con una crescita passeggeri dell\u20198,2%, rispetto al +6,4% dell\u2019Europa e al +5,2% del Nord America.<br \/>\nIl Medio Oriente, che dall\u2019inizio dell\u2019anno ha mostrato segni di declino, dalla primavera si \u00e8 mostrato in ripresa e registra a luglio una crescita del 6,9%, dopo il sorprendente +8,5% registrato a giugno. Questi ottimi risultati hanno spinto in rialzo la tendenza dall\u2019inizio dell\u2019anno, che si attesta alla fine di luglio su una media dell\u20191,7% (a maggio il risultato era negativo -0,8%).<br \/>\nContinua in America Latina una fase positiva, che ha visto a luglio il traffico aumentare del 4,8%, dopo il leggero rallentamento registrato a giugno (+2,7%). Dovendo fare i conti con la crisi economica che ha caratterizzato grandi Paesi come il Brasile e l\u2019Argentina, la regione negli ultimi due anni ha visto rallentare pesantemente la crescita di traffico passeggeri.<\/p>\n<p>Per quanto riguarda il cargo, le tendenze globali sembrano seguire il contesto commerciale in evoluzione intorno agli Stati Uniti a luglio, con i trasporti internazionali che continuano a luglio una tendenza in rallentamento e  registrano una crescita del 3,9%, in contrazione, dunque, rispetto al +4,4% di giugno. Contemporaneamente, da rilevare i buoni risultati del mercato cargo interno, che a luglio \u00e8 cresciuto del 7% e del 5,8% complessivamente considerando i primi sette mesi dell\u2019anno. Questo risultato ha in parte bilanciato il rallentamento del commercio internazionale, ma nel lungo periodo non \u00e8 stato possibile compensare appieno l&#8217;impatto economico di un declino del mercato cargo internazionale, che rappresenta circa il doppio delle dimensioni del segmento domestico.<\/p>\n<p>Dei tre maggiori mercati regionali, a luglio \u00e8 il Nord America a registrare il miglior risultato (+4.1%), seguito da Europa (+2,9%) e Asia-Pacifico (+2,5%). Fin dal primo trimestre dell\u2019anno i dati indicano una contrazione lenta ma costante della crescita. Considerando dunque i primi sette mesi dell\u2019anno, in America la crescita si attesta al +5,4%, in Asia-Pacifico +4,1%, in Europa +3,5%.<br \/>\nRelativamente buono il risultato dell\u2019America Latina, che a luglio registra una crescita del 4,6%, seconda solo a quella che ha interessato l\u2019Africa. Da inizio anno la crescita \u00e8 stata in questo caso del 9,7%.<br \/>\nAnche in Africa il cargo ha registrato una diminuzione di volumi, dopo aver beneficiato di un&#8217;impennata di quasi il 18% a giugno. La crescita registrata a luglio \u00e8 stata del 6,2%, mentre rimane comunque un dato a doppia cifra a caratterizzare l\u2019andamento del cargo aereo dall\u2019inizio dell\u2019anno nella regione, +11,6%.<br \/>\nIn linea con l\u2019andamento del traffico passeggeri, in Medio oriente il cargo \u00e8 stato interessato da una ripresa, dopo aver registrato a giugno una diminuzione dell\u20191,2%. La crescita nel mese di luglio \u00e8 stata del 3,2%, e il risultato ha aiutato la crescita media del mercato cargo dall\u2019inizio dell\u2019anno, portandola a +0,7% (era a +0,2% a giugno).<\/p>\n","protected":false},"excerpt":{"rendered":"<p>a.m. I dati della rilevazione effettuata dal Consiglio internazionale degli Aeroporti \u2013 ACI indicano per il mese di luglio un<\/p>\n","protected":false},"author":1,"featured_media":1082,"comment_status":"closed","ping_status":"open","sticky":false,"template":"","format":"standard","meta":{"colormag_page_container_layout":"default_layout","colormag_page_sidebar_layout":"default_layout","footnotes":""},"categories":[32,3],"tags":[750,28,645,414],"class_list":["post-2348","post","type-post","status-publish","format-standard","has-post-thumbnail","hentry","category-prima-pagina","category-industria","tag-aci-world","tag-aeroporti","tag-traffico-cargo","tag-traffico-passeggeri"],"yoast_head":"<!-- This site is optimized with the Yoast SEO plugin v26.8 - https:\/\/yoast.com\/product\/yoast-seo-wordpress\/ -->\n<title>ACI WORLD: RALLENTA A LUGLIO LA CRESCITA PASSEGGERI &#187; Spazio-News Magazine<\/title>\n<meta name=\"description\" content=\"I dati rilevati dal Consiglio internazionale degli Aeroporti - ACI indicano a luglio un rallentamento della crescita passeggeri, +5,4%\" \/>\n<meta name=\"robots\" content=\"index, follow, max-snippet:-1, max-image-preview:large, max-video-preview:-1\" \/>\n<link rel=\"canonical\" href=\"http:\/\/spazio-news.it\/?p=2348\" \/>\n<meta property=\"og:locale\" content=\"it_IT\" \/>\n<meta property=\"og:type\" content=\"article\" \/>\n<meta property=\"og:title\" content=\"ACI WORLD: RALLENTA A LUGLIO LA CRESCITA PASSEGGERI &#187; Spazio-News Magazine\" \/>\n<meta property=\"og:description\" content=\"I dati rilevati dal Consiglio internazionale degli Aeroporti - ACI indicano a luglio un rallentamento della crescita passeggeri, +5,4%\" \/>\n<meta property=\"og:url\" content=\"http:\/\/spazio-news.it\/?p=2348\" \/>\n<meta property=\"og:site_name\" content=\"Spazio-News Magazine\" \/>\n<meta property=\"article:publisher\" content=\"https:\/\/m.facebook.com\/spazio-news-magazine\" \/>\n<meta property=\"article:author\" content=\"@SpazioNewsMagazine\" \/>\n<meta property=\"article:published_time\" content=\"2018-11-26T08:45:31+00:00\" \/>\n<meta property=\"og:image\" content=\"http:\/\/spazio-news.it\/wp-content\/uploads\/2018\/09\/ACIWorld_logo_Spazio-news.png\" \/>\n\t<meta property=\"og:image:width\" content=\"800\" \/>\n\t<meta property=\"og:image:height\" content=\"424\" \/>\n\t<meta property=\"og:image:type\" content=\"image\/png\" \/>\n<meta name=\"author\" content=\"Redazione\" \/>\n<meta name=\"twitter:card\" content=\"summary_large_image\" \/>\n<meta name=\"twitter:creator\" content=\"@news_spazio\" \/>\n<meta name=\"twitter:site\" content=\"@News_spazio\" \/>\n<meta name=\"twitter:label1\" content=\"Scritto da\" \/>\n\t<meta name=\"twitter:data1\" content=\"Redazione\" \/>\n\t<meta name=\"twitter:label2\" content=\"Tempo di lettura stimato\" \/>\n\t<meta name=\"twitter:data2\" content=\"4 minuti\" \/>\n<script type=\"application\/ld+json\" class=\"yoast-schema-graph\">{\"@context\":\"https:\/\/schema.org\",\"@graph\":[{\"@type\":\"NewsArticle\",\"@id\":\"http:\/\/spazio-news.it\/?p=2348#article\",\"isPartOf\":{\"@id\":\"http:\/\/spazio-news.it\/?p=2348\"},\"author\":{\"name\":\"Redazione\",\"@id\":\"https:\/\/spazio-news.it\/#\/schema\/person\/c600904e882e9e166ed8e5e3773d37b3\"},\"headline\":\"ACI WORLD: RALLENTA A LUGLIO LA CRESCITA PASSEGGERI\",\"datePublished\":\"2018-11-26T08:45:31+00:00\",\"mainEntityOfPage\":{\"@id\":\"http:\/\/spazio-news.it\/?p=2348\"},\"wordCount\":732,\"publisher\":{\"@id\":\"https:\/\/spazio-news.it\/#organization\"},\"image\":{\"@id\":\"http:\/\/spazio-news.it\/?p=2348#primaryimage\"},\"thumbnailUrl\":\"http:\/\/spazio-news.it\/wp-content\/uploads\/2018\/09\/ACIWorld_logo_Spazio-news.png\",\"keywords\":[\"ACI World\",\"aeroporti\",\"traffico cargo\",\"traffico passeggeri\"],\"articleSection\":[\"01 - PRIMA PAGINA\",\"02 - INDUSTRIA\"],\"inLanguage\":\"it-IT\"},{\"@type\":\"WebPage\",\"@id\":\"http:\/\/spazio-news.it\/?p=2348\",\"url\":\"http:\/\/spazio-news.it\/?p=2348\",\"name\":\"ACI WORLD: RALLENTA A LUGLIO LA CRESCITA PASSEGGERI &#187; Spazio-News Magazine\",\"isPartOf\":{\"@id\":\"https:\/\/spazio-news.it\/#website\"},\"primaryImageOfPage\":{\"@id\":\"http:\/\/spazio-news.it\/?p=2348#primaryimage\"},\"image\":{\"@id\":\"http:\/\/spazio-news.it\/?p=2348#primaryimage\"},\"thumbnailUrl\":\"http:\/\/spazio-news.it\/wp-content\/uploads\/2018\/09\/ACIWorld_logo_Spazio-news.png\",\"datePublished\":\"2018-11-26T08:45:31+00:00\",\"description\":\"I dati rilevati dal Consiglio internazionale degli Aeroporti - ACI indicano a luglio un rallentamento della crescita passeggeri, +5,4%\",\"breadcrumb\":{\"@id\":\"http:\/\/spazio-news.it\/?p=2348#breadcrumb\"},\"inLanguage\":\"it-IT\",\"potentialAction\":[{\"@type\":\"ReadAction\",\"target\":[\"http:\/\/spazio-news.it\/?p=2348\"]}]},{\"@type\":\"ImageObject\",\"inLanguage\":\"it-IT\",\"@id\":\"http:\/\/spazio-news.it\/?p=2348#primaryimage\",\"url\":\"http:\/\/spazio-news.it\/wp-content\/uploads\/2018\/09\/ACIWorld_logo_Spazio-news.png\",\"contentUrl\":\"http:\/\/spazio-news.it\/wp-content\/uploads\/2018\/09\/ACIWorld_logo_Spazio-news.png\",\"width\":800,\"height\":424,\"caption\":\"ACIWorld_logo_Spazio-news\"},{\"@type\":\"BreadcrumbList\",\"@id\":\"http:\/\/spazio-news.it\/?p=2348#breadcrumb\",\"itemListElement\":[{\"@type\":\"ListItem\",\"position\":1,\"name\":\"Home\",\"item\":\"https:\/\/spazio-news.it\/\"},{\"@type\":\"ListItem\",\"position\":2,\"name\":\"ACI WORLD: RALLENTA A LUGLIO LA CRESCITA PASSEGGERI\"}]},{\"@type\":\"WebSite\",\"@id\":\"https:\/\/spazio-news.it\/#website\",\"url\":\"https:\/\/spazio-news.it\/\",\"name\":\"Spazio-News Magazine\",\"description\":\"La guida che sfida la complessit\u00e0 del mondo industriale\",\"publisher\":{\"@id\":\"https:\/\/spazio-news.it\/#organization\"},\"alternateName\":\"Spazio-news.it\",\"potentialAction\":[{\"@type\":\"SearchAction\",\"target\":{\"@type\":\"EntryPoint\",\"urlTemplate\":\"https:\/\/spazio-news.it\/?s={search_term_string}\"},\"query-input\":{\"@type\":\"PropertyValueSpecification\",\"valueRequired\":true,\"valueName\":\"search_term_string\"}}],\"inLanguage\":\"it-IT\"},{\"@type\":\"Organization\",\"@id\":\"https:\/\/spazio-news.it\/#organization\",\"name\":\"Spazio-News Magazine\",\"url\":\"https:\/\/spazio-news.it\/\",\"logo\":{\"@type\":\"ImageObject\",\"inLanguage\":\"it-IT\",\"@id\":\"https:\/\/spazio-news.it\/#\/schema\/logo\/image\/\",\"url\":\"http:\/\/spazio-news.it\/wp-content\/uploads\/2023\/09\/Logo-Spazio-News-512-x-512-NO-testo.jpg\",\"contentUrl\":\"http:\/\/spazio-news.it\/wp-content\/uploads\/2023\/09\/Logo-Spazio-News-512-x-512-NO-testo.jpg\",\"width\":512,\"height\":512,\"caption\":\"Spazio-News Magazine\"},\"image\":{\"@id\":\"https:\/\/spazio-news.it\/#\/schema\/logo\/image\/\"},\"sameAs\":[\"https:\/\/m.facebook.com\/spazio-news-magazine\",\"https:\/\/x.com\/News_spazio\"]},{\"@type\":\"Person\",\"@id\":\"https:\/\/spazio-news.it\/#\/schema\/person\/c600904e882e9e166ed8e5e3773d37b3\",\"name\":\"Redazione\",\"sameAs\":[\"http:\/\/spazio-news.it\",\"@SpazioNewsMagazine\",\"https:\/\/x.com\/@news_spazio\"],\"url\":\"http:\/\/spazio-news.it\/?author=1\"}]}<\/script>\n<!-- \/ Yoast SEO plugin. -->","yoast_head_json":{"title":"ACI WORLD: RALLENTA A LUGLIO LA CRESCITA PASSEGGERI &#187; Spazio-News Magazine","description":"I dati rilevati dal Consiglio internazionale degli Aeroporti - ACI indicano a luglio un rallentamento della crescita passeggeri, +5,4%","robots":{"index":"index","follow":"follow","max-snippet":"max-snippet:-1","max-image-preview":"max-image-preview:large","max-video-preview":"max-video-preview:-1"},"canonical":"http:\/\/spazio-news.it\/?p=2348","og_locale":"it_IT","og_type":"article","og_title":"ACI WORLD: RALLENTA A LUGLIO LA CRESCITA PASSEGGERI &#187; Spazio-News Magazine","og_description":"I dati rilevati dal Consiglio internazionale degli Aeroporti - ACI indicano a luglio un rallentamento della crescita passeggeri, +5,4%","og_url":"http:\/\/spazio-news.it\/?p=2348","og_site_name":"Spazio-News Magazine","article_publisher":"https:\/\/m.facebook.com\/spazio-news-magazine","article_author":"@SpazioNewsMagazine","article_published_time":"2018-11-26T08:45:31+00:00","og_image":[{"width":800,"height":424,"url":"http:\/\/spazio-news.it\/wp-content\/uploads\/2018\/09\/ACIWorld_logo_Spazio-news.png","type":"image\/png"}],"author":"Redazione","twitter_card":"summary_large_image","twitter_creator":"@news_spazio","twitter_site":"@News_spazio","twitter_misc":{"Scritto da":"Redazione","Tempo di lettura stimato":"4 minuti"},"schema":{"@context":"https:\/\/schema.org","@graph":[{"@type":"NewsArticle","@id":"http:\/\/spazio-news.it\/?p=2348#article","isPartOf":{"@id":"http:\/\/spazio-news.it\/?p=2348"},"author":{"name":"Redazione","@id":"https:\/\/spazio-news.it\/#\/schema\/person\/c600904e882e9e166ed8e5e3773d37b3"},"headline":"ACI WORLD: RALLENTA A LUGLIO LA CRESCITA PASSEGGERI","datePublished":"2018-11-26T08:45:31+00:00","mainEntityOfPage":{"@id":"http:\/\/spazio-news.it\/?p=2348"},"wordCount":732,"publisher":{"@id":"https:\/\/spazio-news.it\/#organization"},"image":{"@id":"http:\/\/spazio-news.it\/?p=2348#primaryimage"},"thumbnailUrl":"http:\/\/spazio-news.it\/wp-content\/uploads\/2018\/09\/ACIWorld_logo_Spazio-news.png","keywords":["ACI World","aeroporti","traffico cargo","traffico passeggeri"],"articleSection":["01 - PRIMA PAGINA","02 - INDUSTRIA"],"inLanguage":"it-IT"},{"@type":"WebPage","@id":"http:\/\/spazio-news.it\/?p=2348","url":"http:\/\/spazio-news.it\/?p=2348","name":"ACI WORLD: RALLENTA A LUGLIO LA CRESCITA PASSEGGERI &#187; Spazio-News Magazine","isPartOf":{"@id":"https:\/\/spazio-news.it\/#website"},"primaryImageOfPage":{"@id":"http:\/\/spazio-news.it\/?p=2348#primaryimage"},"image":{"@id":"http:\/\/spazio-news.it\/?p=2348#primaryimage"},"thumbnailUrl":"http:\/\/spazio-news.it\/wp-content\/uploads\/2018\/09\/ACIWorld_logo_Spazio-news.png","datePublished":"2018-11-26T08:45:31+00:00","description":"I dati rilevati dal Consiglio internazionale degli Aeroporti - ACI indicano a luglio un rallentamento della crescita passeggeri, +5,4%","breadcrumb":{"@id":"http:\/\/spazio-news.it\/?p=2348#breadcrumb"},"inLanguage":"it-IT","potentialAction":[{"@type":"ReadAction","target":["http:\/\/spazio-news.it\/?p=2348"]}]},{"@type":"ImageObject","inLanguage":"it-IT","@id":"http:\/\/spazio-news.it\/?p=2348#primaryimage","url":"http:\/\/spazio-news.it\/wp-content\/uploads\/2018\/09\/ACIWorld_logo_Spazio-news.png","contentUrl":"http:\/\/spazio-news.it\/wp-content\/uploads\/2018\/09\/ACIWorld_logo_Spazio-news.png","width":800,"height":424,"caption":"ACIWorld_logo_Spazio-news"},{"@type":"BreadcrumbList","@id":"http:\/\/spazio-news.it\/?p=2348#breadcrumb","itemListElement":[{"@type":"ListItem","position":1,"name":"Home","item":"https:\/\/spazio-news.it\/"},{"@type":"ListItem","position":2,"name":"ACI WORLD: RALLENTA A LUGLIO LA CRESCITA PASSEGGERI"}]},{"@type":"WebSite","@id":"https:\/\/spazio-news.it\/#website","url":"https:\/\/spazio-news.it\/","name":"Spazio-News Magazine","description":"La guida che sfida la complessit\u00e0 del mondo industriale","publisher":{"@id":"https:\/\/spazio-news.it\/#organization"},"alternateName":"Spazio-news.it","potentialAction":[{"@type":"SearchAction","target":{"@type":"EntryPoint","urlTemplate":"https:\/\/spazio-news.it\/?s={search_term_string}"},"query-input":{"@type":"PropertyValueSpecification","valueRequired":true,"valueName":"search_term_string"}}],"inLanguage":"it-IT"},{"@type":"Organization","@id":"https:\/\/spazio-news.it\/#organization","name":"Spazio-News Magazine","url":"https:\/\/spazio-news.it\/","logo":{"@type":"ImageObject","inLanguage":"it-IT","@id":"https:\/\/spazio-news.it\/#\/schema\/logo\/image\/","url":"http:\/\/spazio-news.it\/wp-content\/uploads\/2023\/09\/Logo-Spazio-News-512-x-512-NO-testo.jpg","contentUrl":"http:\/\/spazio-news.it\/wp-content\/uploads\/2023\/09\/Logo-Spazio-News-512-x-512-NO-testo.jpg","width":512,"height":512,"caption":"Spazio-News Magazine"},"image":{"@id":"https:\/\/spazio-news.it\/#\/schema\/logo\/image\/"},"sameAs":["https:\/\/m.facebook.com\/spazio-news-magazine","https:\/\/x.com\/News_spazio"]},{"@type":"Person","@id":"https:\/\/spazio-news.it\/#\/schema\/person\/c600904e882e9e166ed8e5e3773d37b3","name":"Redazione","sameAs":["http:\/\/spazio-news.it","@SpazioNewsMagazine","https:\/\/x.com\/@news_spazio"],"url":"http:\/\/spazio-news.it\/?author=1"}]}},"_links":{"self":[{"href":"http:\/\/spazio-news.it\/index.php?rest_route=\/wp\/v2\/posts\/2348","targetHints":{"allow":["GET"]}}],"collection":[{"href":"http:\/\/spazio-news.it\/index.php?rest_route=\/wp\/v2\/posts"}],"about":[{"href":"http:\/\/spazio-news.it\/index.php?rest_route=\/wp\/v2\/types\/post"}],"author":[{"embeddable":true,"href":"http:\/\/spazio-news.it\/index.php?rest_route=\/wp\/v2\/users\/1"}],"replies":[{"embeddable":true,"href":"http:\/\/spazio-news.it\/index.php?rest_route=%2Fwp%2Fv2%2Fcomments&post=2348"}],"version-history":[{"count":1,"href":"http:\/\/spazio-news.it\/index.php?rest_route=\/wp\/v2\/posts\/2348\/revisions"}],"predecessor-version":[{"id":2349,"href":"http:\/\/spazio-news.it\/index.php?rest_route=\/wp\/v2\/posts\/2348\/revisions\/2349"}],"wp:featuredmedia":[{"embeddable":true,"href":"http:\/\/spazio-news.it\/index.php?rest_route=\/wp\/v2\/media\/1082"}],"wp:attachment":[{"href":"http:\/\/spazio-news.it\/index.php?rest_route=%2Fwp%2Fv2%2Fmedia&parent=2348"}],"wp:term":[{"taxonomy":"category","embeddable":true,"href":"http:\/\/spazio-news.it\/index.php?rest_route=%2Fwp%2Fv2%2Fcategories&post=2348"},{"taxonomy":"post_tag","embeddable":true,"href":"http:\/\/spazio-news.it\/index.php?rest_route=%2Fwp%2Fv2%2Ftags&post=2348"}],"curies":[{"name":"wp","href":"https:\/\/api.w.org\/{rel}","templated":true}]}}