{"id":2350,"date":"2018-11-26T10:30:20","date_gmt":"2018-11-26T09:30:20","guid":{"rendered":"http:\/\/spazio-news.it\/?p=2350"},"modified":"2026-01-29T19:41:43","modified_gmt":"2026-01-29T18:41:43","slug":"wizz-air-da-aprile-nuova-base-a-cracovia","status":"publish","type":"post","link":"http:\/\/spazio-news.it\/?p=2350","title":{"rendered":"WIZZ AIR: DA APRILE NUOVA BASE A CRACOVIA"},"content":{"rendered":"<p><a href=\"https:\/\/www.wizzair.com\/it-it\" rel=\"noopener\" target=\"_blank\">Wizz Air<\/a> ha annunciato l\u2019apertura della sua nuova base a <strong>Cracovia<\/strong>, che sar\u00e0 accompagnata dal lancio di 12 nuove rotte verso 9 Paesi a partire da aprile. A maggio e settembre 2019 la compagnia ungherese baser\u00e0 2 aerei <strong>Airbus A321<\/strong> all&#8217;aeroporto di Cracovia, che diventer\u00e0 la 26\u00b0 base di Wizz Air e la sua nuova base in Polonia, insieme a Varsavia, Katowice, Danzica e Breslavia. La creazione della nuova base rappresenta un investimento di 240 milioni di dollari e crea 80 nuovi posti di lavoro diretti con la compagnia aerea e oltre 140 posti di lavoro nei settori collegati. I 2 nuovi aeromobili Airbus A321 supporteranno le operazioni di dodici nuove rotte, di cui due verso l\u2019Italia \u2013 <strong>Bari e Catania<\/strong> \u2013 insieme a Londra, Kiev, Larnaca, Nizza, Turku, Billund, Doncaster, Kharkiv, Oslo e Kutaisi.<\/p>\n<p><em>&#8220;L&#8217;annuncio di oggi sottolinea il nostro impegno nei confronti della Polonia, il nostro primo mercato nel quale abbiamo avviato le operazioni nel 2004<\/em> \u2013 ha dichiarato nel corso della conferenza stampa a Cracovia, <strong>Stephen Jones<\/strong>, Executive Vice President e Deputy CEO di Wizz Air \u2013. <em>Abbiamo scelto Cracovia come la nostra pi\u00f9 recente base in Polonia in quanto vediamo il potenziale e la crescente richiesta di viaggi a basso costo in questa citt\u00e0 che \u00e8 una delle destinazioni turistiche pi\u00f9 popolari e un hub di business in rapido sviluppo. La nostra nuova base aprir\u00e0 il 1\u00b0 maggio 2019, con 80 nuovi posti di lavoro direttamente con Wizz Air e, a partire dal prossimo anno, offriremo 12 rotte nuove ed entusiasmanti. La nostra continua crescita in Polonia rafforza ulteriormente l&#8217;impegno di Wizz Air verso il paese, la citt\u00e0 e l&#8217;aeroporto di Cracovia, oltre a stimolare l&#8217;industria del turismo e dell&#8217;ospitalit\u00e0 in Polonia&#8221;<\/em>.<\/p>\n<p>Anche in <strong>Italia<\/strong> la crescita di Wizz Air \u00e8 stata tangibile, con un incremento del 10%. Inclusi i collegamenti appena lanciati da\/per Cracovia, sono complessivamente <strong>89<\/strong> le rotte che vedono protagonista il nostro Paese e i passeggeri trasportati nei mesi gennaio-ottobre 2018 sono 4,3 milioni, a fronte dei 3,9 milioni dello stesso periodo dello scorso anno. <\/p>\n","protected":false},"excerpt":{"rendered":"<p>Wizz Air ha annunciato l\u2019apertura della sua nuova base a Cracovia, che sar\u00e0 accompagnata dal lancio di 12 nuove rotte<\/p>\n","protected":false},"author":1,"featured_media":1316,"comment_status":"closed","ping_status":"open","sticky":false,"template":"","format":"standard","meta":{"colormag_page_container_layout":"default_layout","colormag_page_sidebar_layout":"default_layout","footnotes":""},"categories":[32,3],"tags":[1513,740,652,1512],"class_list":["post-2350","post","type-post","status-publish","format-standard","has-post-thumbnail","hentry","category-prima-pagina","category-industria","tag-aeroporto-di-cracovia","tag-airbus-a321","tag-low-cost","tag-wizz-air"],"yoast_head":"<!-- This site is optimized with the Yoast SEO plugin v26.8 - https:\/\/yoast.com\/product\/yoast-seo-wordpress\/ -->\n<title>WIZZ AIR: DA APRILE NUOVA BASE A CRACOVIA &#187; Spazio-News Magazine<\/title>\n<meta name=\"description\" content=\"Wizz Air ha annunciato l&#039;apertura nella primavera del 2019 della sua 26esima base a Cracovia, che coincider\u00e0 con il lancio di 12 nuove rotte\" \/>\n<meta name=\"robots\" content=\"index, follow, max-snippet:-1, max-image-preview:large, max-video-preview:-1\" \/>\n<link rel=\"canonical\" href=\"https:\/\/spazio-news.it\/?p=2350\" \/>\n<meta property=\"og:locale\" content=\"it_IT\" \/>\n<meta property=\"og:type\" content=\"article\" \/>\n<meta property=\"og:title\" content=\"WIZZ AIR: DA APRILE NUOVA BASE A CRACOVIA &#187; Spazio-News Magazine\" \/>\n<meta property=\"og:description\" content=\"Wizz Air ha annunciato l&#039;apertura nella primavera del 2019 della sua 26esima base a Cracovia, che coincider\u00e0 con il lancio di 12 nuove rotte\" \/>\n<meta property=\"og:url\" content=\"https:\/\/spazio-news.it\/?p=2350\" \/>\n<meta property=\"og:site_name\" content=\"Spazio-News Magazine\" \/>\n<meta property=\"article:publisher\" content=\"https:\/\/m.facebook.com\/spazio-news-magazine\" \/>\n<meta property=\"article:author\" content=\"@SpazioNewsMagazine\" \/>\n<meta property=\"article:published_time\" content=\"2018-11-26T09:30:20+00:00\" \/>\n<meta property=\"article:modified_time\" content=\"2026-01-29T18:41:43+00:00\" \/>\n<meta property=\"og:image\" content=\"https:\/\/spazio-news.it\/wp-content\/uploads\/2018\/10\/wizz-air-a321_Spazio-news.jpg\" \/>\n\t<meta property=\"og:image:width\" content=\"800\" \/>\n\t<meta property=\"og:image:height\" content=\"439\" \/>\n\t<meta property=\"og:image:type\" content=\"image\/jpeg\" \/>\n<meta name=\"author\" content=\"Redazione\" \/>\n<meta name=\"twitter:card\" content=\"summary_large_image\" \/>\n<meta name=\"twitter:creator\" content=\"@news_spazio\" \/>\n<meta name=\"twitter:site\" content=\"@News_spazio\" \/>\n<meta name=\"twitter:label1\" content=\"Scritto da\" \/>\n\t<meta name=\"twitter:data1\" content=\"Redazione\" \/>\n\t<meta name=\"twitter:label2\" content=\"Tempo di lettura stimato\" \/>\n\t<meta name=\"twitter:data2\" content=\"2 minuti\" \/>\n<script type=\"application\/ld+json\" class=\"yoast-schema-graph\">{\"@context\":\"https:\/\/schema.org\",\"@graph\":[{\"@type\":\"NewsArticle\",\"@id\":\"https:\/\/spazio-news.it\/?p=2350#article\",\"isPartOf\":{\"@id\":\"https:\/\/spazio-news.it\/?p=2350\"},\"author\":{\"name\":\"Redazione\",\"@id\":\"https:\/\/spazio-news.it\/#\/schema\/person\/c600904e882e9e166ed8e5e3773d37b3\"},\"headline\":\"WIZZ AIR: DA APRILE NUOVA BASE A CRACOVIA\",\"datePublished\":\"2018-11-26T09:30:20+00:00\",\"dateModified\":\"2026-01-29T18:41:43+00:00\",\"mainEntityOfPage\":{\"@id\":\"https:\/\/spazio-news.it\/?p=2350\"},\"wordCount\":334,\"publisher\":{\"@id\":\"https:\/\/spazio-news.it\/#organization\"},\"image\":{\"@id\":\"https:\/\/spazio-news.it\/?p=2350#primaryimage\"},\"thumbnailUrl\":\"http:\/\/spazio-news.it\/wp-content\/uploads\/2018\/10\/wizz-air-a321_Spazio-news.jpg\",\"keywords\":[\"Aeroporto di Cracovia\",\"Airbus A321\",\"Low cost\",\"Wizz Air\"],\"articleSection\":[\"01 - PRIMA PAGINA\",\"02 - INDUSTRIA\"],\"inLanguage\":\"it-IT\"},{\"@type\":\"WebPage\",\"@id\":\"https:\/\/spazio-news.it\/?p=2350\",\"url\":\"https:\/\/spazio-news.it\/?p=2350\",\"name\":\"WIZZ AIR: DA APRILE NUOVA BASE A CRACOVIA &#187; Spazio-News Magazine\",\"isPartOf\":{\"@id\":\"https:\/\/spazio-news.it\/#website\"},\"primaryImageOfPage\":{\"@id\":\"https:\/\/spazio-news.it\/?p=2350#primaryimage\"},\"image\":{\"@id\":\"https:\/\/spazio-news.it\/?p=2350#primaryimage\"},\"thumbnailUrl\":\"http:\/\/spazio-news.it\/wp-content\/uploads\/2018\/10\/wizz-air-a321_Spazio-news.jpg\",\"datePublished\":\"2018-11-26T09:30:20+00:00\",\"dateModified\":\"2026-01-29T18:41:43+00:00\",\"description\":\"Wizz Air ha annunciato l'apertura nella primavera del 2019 della sua 26esima base a Cracovia, che coincider\u00e0 con il lancio di 12 nuove rotte\",\"breadcrumb\":{\"@id\":\"https:\/\/spazio-news.it\/?p=2350#breadcrumb\"},\"inLanguage\":\"it-IT\",\"potentialAction\":[{\"@type\":\"ReadAction\",\"target\":[\"https:\/\/spazio-news.it\/?p=2350\"]}]},{\"@type\":\"ImageObject\",\"inLanguage\":\"it-IT\",\"@id\":\"https:\/\/spazio-news.it\/?p=2350#primaryimage\",\"url\":\"http:\/\/spazio-news.it\/wp-content\/uploads\/2018\/10\/wizz-air-a321_Spazio-news.jpg\",\"contentUrl\":\"http:\/\/spazio-news.it\/wp-content\/uploads\/2018\/10\/wizz-air-a321_Spazio-news.jpg\",\"width\":800,\"height\":439,\"caption\":\"wizz-air-a321_Spazio-news\"},{\"@type\":\"BreadcrumbList\",\"@id\":\"https:\/\/spazio-news.it\/?p=2350#breadcrumb\",\"itemListElement\":[{\"@type\":\"ListItem\",\"position\":1,\"name\":\"Home\",\"item\":\"https:\/\/spazio-news.it\/\"},{\"@type\":\"ListItem\",\"position\":2,\"name\":\"WIZZ AIR: DA APRILE NUOVA BASE A CRACOVIA\"}]},{\"@type\":\"WebSite\",\"@id\":\"https:\/\/spazio-news.it\/#website\",\"url\":\"https:\/\/spazio-news.it\/\",\"name\":\"Spazio-News Magazine\",\"description\":\"La guida che sfida la complessit\u00e0 del mondo industriale\",\"publisher\":{\"@id\":\"https:\/\/spazio-news.it\/#organization\"},\"alternateName\":\"Spazio-news.it\",\"potentialAction\":[{\"@type\":\"SearchAction\",\"target\":{\"@type\":\"EntryPoint\",\"urlTemplate\":\"https:\/\/spazio-news.it\/?s={search_term_string}\"},\"query-input\":{\"@type\":\"PropertyValueSpecification\",\"valueRequired\":true,\"valueName\":\"search_term_string\"}}],\"inLanguage\":\"it-IT\"},{\"@type\":\"Organization\",\"@id\":\"https:\/\/spazio-news.it\/#organization\",\"name\":\"Spazio-News Magazine\",\"url\":\"https:\/\/spazio-news.it\/\",\"logo\":{\"@type\":\"ImageObject\",\"inLanguage\":\"it-IT\",\"@id\":\"https:\/\/spazio-news.it\/#\/schema\/logo\/image\/\",\"url\":\"http:\/\/spazio-news.it\/wp-content\/uploads\/2023\/09\/Logo-Spazio-News-512-x-512-NO-testo.jpg\",\"contentUrl\":\"http:\/\/spazio-news.it\/wp-content\/uploads\/2023\/09\/Logo-Spazio-News-512-x-512-NO-testo.jpg\",\"width\":512,\"height\":512,\"caption\":\"Spazio-News Magazine\"},\"image\":{\"@id\":\"https:\/\/spazio-news.it\/#\/schema\/logo\/image\/\"},\"sameAs\":[\"https:\/\/m.facebook.com\/spazio-news-magazine\",\"https:\/\/x.com\/News_spazio\"]},{\"@type\":\"Person\",\"@id\":\"https:\/\/spazio-news.it\/#\/schema\/person\/c600904e882e9e166ed8e5e3773d37b3\",\"name\":\"Redazione\",\"sameAs\":[\"http:\/\/spazio-news.it\",\"@SpazioNewsMagazine\",\"https:\/\/x.com\/@news_spazio\"],\"url\":\"http:\/\/spazio-news.it\/?author=1\"}]}<\/script>\n<!-- \/ Yoast SEO plugin. -->","yoast_head_json":{"title":"WIZZ AIR: DA APRILE NUOVA BASE A CRACOVIA &#187; Spazio-News Magazine","description":"Wizz Air ha annunciato l'apertura nella primavera del 2019 della sua 26esima base a Cracovia, che coincider\u00e0 con il lancio di 12 nuove rotte","robots":{"index":"index","follow":"follow","max-snippet":"max-snippet:-1","max-image-preview":"max-image-preview:large","max-video-preview":"max-video-preview:-1"},"canonical":"https:\/\/spazio-news.it\/?p=2350","og_locale":"it_IT","og_type":"article","og_title":"WIZZ AIR: DA APRILE NUOVA BASE A CRACOVIA &#187; Spazio-News Magazine","og_description":"Wizz Air ha annunciato l'apertura nella primavera del 2019 della sua 26esima base a Cracovia, che coincider\u00e0 con il lancio di 12 nuove rotte","og_url":"https:\/\/spazio-news.it\/?p=2350","og_site_name":"Spazio-News Magazine","article_publisher":"https:\/\/m.facebook.com\/spazio-news-magazine","article_author":"@SpazioNewsMagazine","article_published_time":"2018-11-26T09:30:20+00:00","article_modified_time":"2026-01-29T18:41:43+00:00","og_image":[{"width":800,"height":439,"url":"https:\/\/spazio-news.it\/wp-content\/uploads\/2018\/10\/wizz-air-a321_Spazio-news.jpg","type":"image\/jpeg"}],"author":"Redazione","twitter_card":"summary_large_image","twitter_creator":"@news_spazio","twitter_site":"@News_spazio","twitter_misc":{"Scritto da":"Redazione","Tempo di lettura stimato":"2 minuti"},"schema":{"@context":"https:\/\/schema.org","@graph":[{"@type":"NewsArticle","@id":"https:\/\/spazio-news.it\/?p=2350#article","isPartOf":{"@id":"https:\/\/spazio-news.it\/?p=2350"},"author":{"name":"Redazione","@id":"https:\/\/spazio-news.it\/#\/schema\/person\/c600904e882e9e166ed8e5e3773d37b3"},"headline":"WIZZ AIR: DA APRILE NUOVA BASE A CRACOVIA","datePublished":"2018-11-26T09:30:20+00:00","dateModified":"2026-01-29T18:41:43+00:00","mainEntityOfPage":{"@id":"https:\/\/spazio-news.it\/?p=2350"},"wordCount":334,"publisher":{"@id":"https:\/\/spazio-news.it\/#organization"},"image":{"@id":"https:\/\/spazio-news.it\/?p=2350#primaryimage"},"thumbnailUrl":"http:\/\/spazio-news.it\/wp-content\/uploads\/2018\/10\/wizz-air-a321_Spazio-news.jpg","keywords":["Aeroporto di Cracovia","Airbus A321","Low cost","Wizz Air"],"articleSection":["01 - PRIMA PAGINA","02 - INDUSTRIA"],"inLanguage":"it-IT"},{"@type":"WebPage","@id":"https:\/\/spazio-news.it\/?p=2350","url":"https:\/\/spazio-news.it\/?p=2350","name":"WIZZ AIR: DA APRILE NUOVA BASE A CRACOVIA &#187; Spazio-News Magazine","isPartOf":{"@id":"https:\/\/spazio-news.it\/#website"},"primaryImageOfPage":{"@id":"https:\/\/spazio-news.it\/?p=2350#primaryimage"},"image":{"@id":"https:\/\/spazio-news.it\/?p=2350#primaryimage"},"thumbnailUrl":"http:\/\/spazio-news.it\/wp-content\/uploads\/2018\/10\/wizz-air-a321_Spazio-news.jpg","datePublished":"2018-11-26T09:30:20+00:00","dateModified":"2026-01-29T18:41:43+00:00","description":"Wizz Air ha annunciato l'apertura nella primavera del 2019 della sua 26esima base a Cracovia, che coincider\u00e0 con il lancio di 12 nuove rotte","breadcrumb":{"@id":"https:\/\/spazio-news.it\/?p=2350#breadcrumb"},"inLanguage":"it-IT","potentialAction":[{"@type":"ReadAction","target":["https:\/\/spazio-news.it\/?p=2350"]}]},{"@type":"ImageObject","inLanguage":"it-IT","@id":"https:\/\/spazio-news.it\/?p=2350#primaryimage","url":"http:\/\/spazio-news.it\/wp-content\/uploads\/2018\/10\/wizz-air-a321_Spazio-news.jpg","contentUrl":"http:\/\/spazio-news.it\/wp-content\/uploads\/2018\/10\/wizz-air-a321_Spazio-news.jpg","width":800,"height":439,"caption":"wizz-air-a321_Spazio-news"},{"@type":"BreadcrumbList","@id":"https:\/\/spazio-news.it\/?p=2350#breadcrumb","itemListElement":[{"@type":"ListItem","position":1,"name":"Home","item":"https:\/\/spazio-news.it\/"},{"@type":"ListItem","position":2,"name":"WIZZ AIR: DA APRILE NUOVA BASE A CRACOVIA"}]},{"@type":"WebSite","@id":"https:\/\/spazio-news.it\/#website","url":"https:\/\/spazio-news.it\/","name":"Spazio-News Magazine","description":"La guida che sfida la complessit\u00e0 del mondo industriale","publisher":{"@id":"https:\/\/spazio-news.it\/#organization"},"alternateName":"Spazio-news.it","potentialAction":[{"@type":"SearchAction","target":{"@type":"EntryPoint","urlTemplate":"https:\/\/spazio-news.it\/?s={search_term_string}"},"query-input":{"@type":"PropertyValueSpecification","valueRequired":true,"valueName":"search_term_string"}}],"inLanguage":"it-IT"},{"@type":"Organization","@id":"https:\/\/spazio-news.it\/#organization","name":"Spazio-News Magazine","url":"https:\/\/spazio-news.it\/","logo":{"@type":"ImageObject","inLanguage":"it-IT","@id":"https:\/\/spazio-news.it\/#\/schema\/logo\/image\/","url":"http:\/\/spazio-news.it\/wp-content\/uploads\/2023\/09\/Logo-Spazio-News-512-x-512-NO-testo.jpg","contentUrl":"http:\/\/spazio-news.it\/wp-content\/uploads\/2023\/09\/Logo-Spazio-News-512-x-512-NO-testo.jpg","width":512,"height":512,"caption":"Spazio-News Magazine"},"image":{"@id":"https:\/\/spazio-news.it\/#\/schema\/logo\/image\/"},"sameAs":["https:\/\/m.facebook.com\/spazio-news-magazine","https:\/\/x.com\/News_spazio"]},{"@type":"Person","@id":"https:\/\/spazio-news.it\/#\/schema\/person\/c600904e882e9e166ed8e5e3773d37b3","name":"Redazione","sameAs":["http:\/\/spazio-news.it","@SpazioNewsMagazine","https:\/\/x.com\/@news_spazio"],"url":"http:\/\/spazio-news.it\/?author=1"}]}},"_links":{"self":[{"href":"http:\/\/spazio-news.it\/index.php?rest_route=\/wp\/v2\/posts\/2350","targetHints":{"allow":["GET"]}}],"collection":[{"href":"http:\/\/spazio-news.it\/index.php?rest_route=\/wp\/v2\/posts"}],"about":[{"href":"http:\/\/spazio-news.it\/index.php?rest_route=\/wp\/v2\/types\/post"}],"author":[{"embeddable":true,"href":"http:\/\/spazio-news.it\/index.php?rest_route=\/wp\/v2\/users\/1"}],"replies":[{"embeddable":true,"href":"http:\/\/spazio-news.it\/index.php?rest_route=%2Fwp%2Fv2%2Fcomments&post=2350"}],"version-history":[{"count":2,"href":"http:\/\/spazio-news.it\/index.php?rest_route=\/wp\/v2\/posts\/2350\/revisions"}],"predecessor-version":[{"id":12501,"href":"http:\/\/spazio-news.it\/index.php?rest_route=\/wp\/v2\/posts\/2350\/revisions\/12501"}],"wp:featuredmedia":[{"embeddable":true,"href":"http:\/\/spazio-news.it\/index.php?rest_route=\/wp\/v2\/media\/1316"}],"wp:attachment":[{"href":"http:\/\/spazio-news.it\/index.php?rest_route=%2Fwp%2Fv2%2Fmedia&parent=2350"}],"wp:term":[{"taxonomy":"category","embeddable":true,"href":"http:\/\/spazio-news.it\/index.php?rest_route=%2Fwp%2Fv2%2Fcategories&post=2350"},{"taxonomy":"post_tag","embeddable":true,"href":"http:\/\/spazio-news.it\/index.php?rest_route=%2Fwp%2Fv2%2Ftags&post=2350"}],"curies":[{"name":"wp","href":"https:\/\/api.w.org\/{rel}","templated":true}]}}