{"id":2354,"date":"2018-11-26T03:47:47","date_gmt":"2018-11-26T02:47:47","guid":{"rendered":"http:\/\/spazio-news.it\/?p=2354"},"modified":"2018-11-25T15:52:29","modified_gmt":"2018-11-25T14:52:29","slug":"piaggio-attivata-la-procedura-di-amministrazione-straordinaria","status":"publish","type":"post","link":"http:\/\/spazio-news.it\/?p=2354","title":{"rendered":"PIAGGIO, ATTIVATA LA PROCEDURA DI AMMINISTRAZIONE STRAORDINARIA"},"content":{"rendered":"<p>Preoccupa sempre di pi\u00f9 la crisi di <a href=\"http:\/\/www.piaggioaerospace.it\/\">Piaggio Aerospace<\/a>. Il <strong>Consiglio di Amministrazione &#8211; CdA<\/strong>, considerato lo stato di insolvenza in cui versa la societ\u00e0 di <strong>Villanova d\u2019Albenga<\/strong>, ha presentato istanza al <a href=\"https:\/\/www.sviluppoeconomico.gov.it\/index.php\/it\/\">Ministero dello Sviluppo Economico &#8211; MISE<\/a> per la <strong>procedura di amministrazione straordinaria<\/strong>.<\/p>\n<p><em>\u201cNonostante l\u2019impegno e il duro lavoro di tutti i dipendenti di Piaggio Aerospace, cos\u00ec come il significativo supporto finanziario sostenuto dal socio nel corso degli anni, le assunzioni fondamentali del piano di risanamento approvato nel 2017 non si sono concretizzate<\/em> \u2013 si legge nella nota diffusa dalla societ\u00e0 -. <em>La continua incertezza e le attuali condizioni di mercato fanno s\u00ec che la societ\u00e0 non sia pi\u00f9 finanziariamente sostenibile\u201d<\/em>.<\/p>\n","protected":false},"excerpt":{"rendered":"<p>Preoccupa sempre di pi\u00f9 la crisi di Piaggio Aerospace. Il Consiglio di Amministrazione &#8211; CdA, considerato lo stato di insolvenza<\/p>\n","protected":false},"author":1,"featured_media":2355,"comment_status":"closed","ping_status":"open","sticky":false,"template":"","format":"standard","meta":{"colormag_page_container_layout":"default_layout","colormag_page_sidebar_layout":"default_layout","footnotes":""},"categories":[32,3],"tags":[1518,1519,1517,1227],"class_list":["post-2354","post","type-post","status-publish","format-standard","has-post-thumbnail","hentry","category-prima-pagina","category-industria","tag-amministrazione-straordinaria","tag-piaggio","tag-piaggio-aerospace","tag-piaggio-p180"],"yoast_head":"<!-- This site is optimized with the Yoast SEO plugin v26.8 - https:\/\/yoast.com\/product\/yoast-seo-wordpress\/ -->\n<title>PIAGGIO, ATTIVATA LA PROCEDURA DI AMMINISTRAZIONE STRAORDINARIA &#187; Spazio-News Magazine<\/title>\n<meta name=\"description\" content=\"Preoccupa sempre di pi\u00f9 la crisi di Piaggio Aerospace. Il Consiglio di Amministrazione - CdA, considerato lo stato di insolvenza in cui versa\" \/>\n<meta name=\"robots\" content=\"index, follow, max-snippet:-1, max-image-preview:large, max-video-preview:-1\" \/>\n<link rel=\"canonical\" href=\"http:\/\/spazio-news.it\/?p=2354\" \/>\n<meta property=\"og:locale\" content=\"it_IT\" \/>\n<meta property=\"og:type\" content=\"article\" \/>\n<meta property=\"og:title\" content=\"PIAGGIO, ATTIVATA LA PROCEDURA DI AMMINISTRAZIONE STRAORDINARIA &#187; Spazio-News Magazine\" \/>\n<meta property=\"og:description\" content=\"Preoccupa sempre di pi\u00f9 la crisi di Piaggio Aerospace. Il Consiglio di Amministrazione - CdA, considerato lo stato di insolvenza in cui versa\" \/>\n<meta property=\"og:url\" content=\"http:\/\/spazio-news.it\/?p=2354\" \/>\n<meta property=\"og:site_name\" content=\"Spazio-News Magazine\" \/>\n<meta property=\"article:publisher\" content=\"https:\/\/m.facebook.com\/spazio-news-magazine\" \/>\n<meta property=\"article:author\" content=\"@SpazioNewsMagazine\" \/>\n<meta property=\"article:published_time\" content=\"2018-11-26T02:47:47+00:00\" \/>\n<meta property=\"og:image\" content=\"http:\/\/spazio-news.it\/wp-content\/uploads\/2018\/11\/Piaggio-Aerospace-P-180-Spazio-News.it_-e1556974354880.png\" \/>\n\t<meta property=\"og:image:width\" content=\"800\" \/>\n\t<meta property=\"og:image:height\" content=\"446\" \/>\n\t<meta property=\"og:image:type\" content=\"image\/png\" \/>\n<meta name=\"author\" content=\"Redazione\" \/>\n<meta name=\"twitter:card\" content=\"summary_large_image\" \/>\n<meta name=\"twitter:creator\" content=\"@news_spazio\" \/>\n<meta name=\"twitter:site\" content=\"@News_spazio\" \/>\n<meta name=\"twitter:label1\" content=\"Scritto da\" \/>\n\t<meta name=\"twitter:data1\" content=\"Redazione\" \/>\n\t<meta name=\"twitter:label2\" content=\"Tempo di lettura stimato\" \/>\n\t<meta name=\"twitter:data2\" content=\"1 minuto\" \/>\n<script type=\"application\/ld+json\" class=\"yoast-schema-graph\">{\"@context\":\"https:\/\/schema.org\",\"@graph\":[{\"@type\":\"NewsArticle\",\"@id\":\"http:\/\/spazio-news.it\/?p=2354#article\",\"isPartOf\":{\"@id\":\"http:\/\/spazio-news.it\/?p=2354\"},\"author\":{\"name\":\"Redazione\",\"@id\":\"https:\/\/spazio-news.it\/#\/schema\/person\/c600904e882e9e166ed8e5e3773d37b3\"},\"headline\":\"PIAGGIO, ATTIVATA LA PROCEDURA DI AMMINISTRAZIONE STRAORDINARIA\",\"datePublished\":\"2018-11-26T02:47:47+00:00\",\"mainEntityOfPage\":{\"@id\":\"http:\/\/spazio-news.it\/?p=2354\"},\"wordCount\":119,\"publisher\":{\"@id\":\"https:\/\/spazio-news.it\/#organization\"},\"image\":{\"@id\":\"http:\/\/spazio-news.it\/?p=2354#primaryimage\"},\"thumbnailUrl\":\"http:\/\/spazio-news.it\/wp-content\/uploads\/2018\/11\/Piaggio-Aerospace-P-180-Spazio-News.it_-e1556974354880.png\",\"keywords\":[\"amministrazione straordinaria\",\"Piaggio\",\"Piaggio Aerospace\",\"Piaggio P180\"],\"articleSection\":[\"01 - PRIMA PAGINA\",\"02 - INDUSTRIA\"],\"inLanguage\":\"it-IT\"},{\"@type\":\"WebPage\",\"@id\":\"http:\/\/spazio-news.it\/?p=2354\",\"url\":\"http:\/\/spazio-news.it\/?p=2354\",\"name\":\"PIAGGIO, ATTIVATA LA PROCEDURA DI AMMINISTRAZIONE STRAORDINARIA &#187; Spazio-News Magazine\",\"isPartOf\":{\"@id\":\"https:\/\/spazio-news.it\/#website\"},\"primaryImageOfPage\":{\"@id\":\"http:\/\/spazio-news.it\/?p=2354#primaryimage\"},\"image\":{\"@id\":\"http:\/\/spazio-news.it\/?p=2354#primaryimage\"},\"thumbnailUrl\":\"http:\/\/spazio-news.it\/wp-content\/uploads\/2018\/11\/Piaggio-Aerospace-P-180-Spazio-News.it_-e1556974354880.png\",\"datePublished\":\"2018-11-26T02:47:47+00:00\",\"description\":\"Preoccupa sempre di pi\u00f9 la crisi di Piaggio Aerospace. Il Consiglio di Amministrazione - CdA, considerato lo stato di insolvenza in cui versa\",\"breadcrumb\":{\"@id\":\"http:\/\/spazio-news.it\/?p=2354#breadcrumb\"},\"inLanguage\":\"it-IT\",\"potentialAction\":[{\"@type\":\"ReadAction\",\"target\":[\"http:\/\/spazio-news.it\/?p=2354\"]}]},{\"@type\":\"ImageObject\",\"inLanguage\":\"it-IT\",\"@id\":\"http:\/\/spazio-news.it\/?p=2354#primaryimage\",\"url\":\"http:\/\/spazio-news.it\/wp-content\/uploads\/2018\/11\/Piaggio-Aerospace-P-180-Spazio-News.it_-e1556974354880.png\",\"contentUrl\":\"http:\/\/spazio-news.it\/wp-content\/uploads\/2018\/11\/Piaggio-Aerospace-P-180-Spazio-News.it_-e1556974354880.png\",\"width\":800,\"height\":446,\"caption\":\"Piaggio Aerospace P-180 Spazio-News.it\"},{\"@type\":\"BreadcrumbList\",\"@id\":\"http:\/\/spazio-news.it\/?p=2354#breadcrumb\",\"itemListElement\":[{\"@type\":\"ListItem\",\"position\":1,\"name\":\"Home\",\"item\":\"https:\/\/spazio-news.it\/\"},{\"@type\":\"ListItem\",\"position\":2,\"name\":\"PIAGGIO, ATTIVATA LA PROCEDURA DI AMMINISTRAZIONE STRAORDINARIA\"}]},{\"@type\":\"WebSite\",\"@id\":\"https:\/\/spazio-news.it\/#website\",\"url\":\"https:\/\/spazio-news.it\/\",\"name\":\"Spazio-News Magazine\",\"description\":\"La guida che sfida la complessit\u00e0 del mondo industriale\",\"publisher\":{\"@id\":\"https:\/\/spazio-news.it\/#organization\"},\"alternateName\":\"Spazio-news.it\",\"potentialAction\":[{\"@type\":\"SearchAction\",\"target\":{\"@type\":\"EntryPoint\",\"urlTemplate\":\"https:\/\/spazio-news.it\/?s={search_term_string}\"},\"query-input\":{\"@type\":\"PropertyValueSpecification\",\"valueRequired\":true,\"valueName\":\"search_term_string\"}}],\"inLanguage\":\"it-IT\"},{\"@type\":\"Organization\",\"@id\":\"https:\/\/spazio-news.it\/#organization\",\"name\":\"Spazio-News Magazine\",\"url\":\"https:\/\/spazio-news.it\/\",\"logo\":{\"@type\":\"ImageObject\",\"inLanguage\":\"it-IT\",\"@id\":\"https:\/\/spazio-news.it\/#\/schema\/logo\/image\/\",\"url\":\"http:\/\/spazio-news.it\/wp-content\/uploads\/2023\/09\/Logo-Spazio-News-512-x-512-NO-testo.jpg\",\"contentUrl\":\"http:\/\/spazio-news.it\/wp-content\/uploads\/2023\/09\/Logo-Spazio-News-512-x-512-NO-testo.jpg\",\"width\":512,\"height\":512,\"caption\":\"Spazio-News Magazine\"},\"image\":{\"@id\":\"https:\/\/spazio-news.it\/#\/schema\/logo\/image\/\"},\"sameAs\":[\"https:\/\/m.facebook.com\/spazio-news-magazine\",\"https:\/\/x.com\/News_spazio\"]},{\"@type\":\"Person\",\"@id\":\"https:\/\/spazio-news.it\/#\/schema\/person\/c600904e882e9e166ed8e5e3773d37b3\",\"name\":\"Redazione\",\"sameAs\":[\"http:\/\/spazio-news.it\",\"@SpazioNewsMagazine\",\"https:\/\/x.com\/@news_spazio\"],\"url\":\"http:\/\/spazio-news.it\/?author=1\"}]}<\/script>\n<!-- \/ Yoast SEO plugin. -->","yoast_head_json":{"title":"PIAGGIO, ATTIVATA LA PROCEDURA DI AMMINISTRAZIONE STRAORDINARIA &#187; Spazio-News Magazine","description":"Preoccupa sempre di pi\u00f9 la crisi di Piaggio Aerospace. Il Consiglio di Amministrazione - CdA, considerato lo stato di insolvenza in cui versa","robots":{"index":"index","follow":"follow","max-snippet":"max-snippet:-1","max-image-preview":"max-image-preview:large","max-video-preview":"max-video-preview:-1"},"canonical":"http:\/\/spazio-news.it\/?p=2354","og_locale":"it_IT","og_type":"article","og_title":"PIAGGIO, ATTIVATA LA PROCEDURA DI AMMINISTRAZIONE STRAORDINARIA &#187; Spazio-News Magazine","og_description":"Preoccupa sempre di pi\u00f9 la crisi di Piaggio Aerospace. Il Consiglio di Amministrazione - CdA, considerato lo stato di insolvenza in cui versa","og_url":"http:\/\/spazio-news.it\/?p=2354","og_site_name":"Spazio-News Magazine","article_publisher":"https:\/\/m.facebook.com\/spazio-news-magazine","article_author":"@SpazioNewsMagazine","article_published_time":"2018-11-26T02:47:47+00:00","og_image":[{"width":800,"height":446,"url":"http:\/\/spazio-news.it\/wp-content\/uploads\/2018\/11\/Piaggio-Aerospace-P-180-Spazio-News.it_-e1556974354880.png","type":"image\/png"}],"author":"Redazione","twitter_card":"summary_large_image","twitter_creator":"@news_spazio","twitter_site":"@News_spazio","twitter_misc":{"Scritto da":"Redazione","Tempo di lettura stimato":"1 minuto"},"schema":{"@context":"https:\/\/schema.org","@graph":[{"@type":"NewsArticle","@id":"http:\/\/spazio-news.it\/?p=2354#article","isPartOf":{"@id":"http:\/\/spazio-news.it\/?p=2354"},"author":{"name":"Redazione","@id":"https:\/\/spazio-news.it\/#\/schema\/person\/c600904e882e9e166ed8e5e3773d37b3"},"headline":"PIAGGIO, ATTIVATA LA PROCEDURA DI AMMINISTRAZIONE STRAORDINARIA","datePublished":"2018-11-26T02:47:47+00:00","mainEntityOfPage":{"@id":"http:\/\/spazio-news.it\/?p=2354"},"wordCount":119,"publisher":{"@id":"https:\/\/spazio-news.it\/#organization"},"image":{"@id":"http:\/\/spazio-news.it\/?p=2354#primaryimage"},"thumbnailUrl":"http:\/\/spazio-news.it\/wp-content\/uploads\/2018\/11\/Piaggio-Aerospace-P-180-Spazio-News.it_-e1556974354880.png","keywords":["amministrazione straordinaria","Piaggio","Piaggio Aerospace","Piaggio P180"],"articleSection":["01 - PRIMA PAGINA","02 - INDUSTRIA"],"inLanguage":"it-IT"},{"@type":"WebPage","@id":"http:\/\/spazio-news.it\/?p=2354","url":"http:\/\/spazio-news.it\/?p=2354","name":"PIAGGIO, ATTIVATA LA PROCEDURA DI AMMINISTRAZIONE STRAORDINARIA &#187; Spazio-News Magazine","isPartOf":{"@id":"https:\/\/spazio-news.it\/#website"},"primaryImageOfPage":{"@id":"http:\/\/spazio-news.it\/?p=2354#primaryimage"},"image":{"@id":"http:\/\/spazio-news.it\/?p=2354#primaryimage"},"thumbnailUrl":"http:\/\/spazio-news.it\/wp-content\/uploads\/2018\/11\/Piaggio-Aerospace-P-180-Spazio-News.it_-e1556974354880.png","datePublished":"2018-11-26T02:47:47+00:00","description":"Preoccupa sempre di pi\u00f9 la crisi di Piaggio Aerospace. Il Consiglio di Amministrazione - CdA, considerato lo stato di insolvenza in cui versa","breadcrumb":{"@id":"http:\/\/spazio-news.it\/?p=2354#breadcrumb"},"inLanguage":"it-IT","potentialAction":[{"@type":"ReadAction","target":["http:\/\/spazio-news.it\/?p=2354"]}]},{"@type":"ImageObject","inLanguage":"it-IT","@id":"http:\/\/spazio-news.it\/?p=2354#primaryimage","url":"http:\/\/spazio-news.it\/wp-content\/uploads\/2018\/11\/Piaggio-Aerospace-P-180-Spazio-News.it_-e1556974354880.png","contentUrl":"http:\/\/spazio-news.it\/wp-content\/uploads\/2018\/11\/Piaggio-Aerospace-P-180-Spazio-News.it_-e1556974354880.png","width":800,"height":446,"caption":"Piaggio Aerospace P-180 Spazio-News.it"},{"@type":"BreadcrumbList","@id":"http:\/\/spazio-news.it\/?p=2354#breadcrumb","itemListElement":[{"@type":"ListItem","position":1,"name":"Home","item":"https:\/\/spazio-news.it\/"},{"@type":"ListItem","position":2,"name":"PIAGGIO, ATTIVATA LA PROCEDURA DI AMMINISTRAZIONE STRAORDINARIA"}]},{"@type":"WebSite","@id":"https:\/\/spazio-news.it\/#website","url":"https:\/\/spazio-news.it\/","name":"Spazio-News Magazine","description":"La guida che sfida la complessit\u00e0 del mondo industriale","publisher":{"@id":"https:\/\/spazio-news.it\/#organization"},"alternateName":"Spazio-news.it","potentialAction":[{"@type":"SearchAction","target":{"@type":"EntryPoint","urlTemplate":"https:\/\/spazio-news.it\/?s={search_term_string}"},"query-input":{"@type":"PropertyValueSpecification","valueRequired":true,"valueName":"search_term_string"}}],"inLanguage":"it-IT"},{"@type":"Organization","@id":"https:\/\/spazio-news.it\/#organization","name":"Spazio-News Magazine","url":"https:\/\/spazio-news.it\/","logo":{"@type":"ImageObject","inLanguage":"it-IT","@id":"https:\/\/spazio-news.it\/#\/schema\/logo\/image\/","url":"http:\/\/spazio-news.it\/wp-content\/uploads\/2023\/09\/Logo-Spazio-News-512-x-512-NO-testo.jpg","contentUrl":"http:\/\/spazio-news.it\/wp-content\/uploads\/2023\/09\/Logo-Spazio-News-512-x-512-NO-testo.jpg","width":512,"height":512,"caption":"Spazio-News Magazine"},"image":{"@id":"https:\/\/spazio-news.it\/#\/schema\/logo\/image\/"},"sameAs":["https:\/\/m.facebook.com\/spazio-news-magazine","https:\/\/x.com\/News_spazio"]},{"@type":"Person","@id":"https:\/\/spazio-news.it\/#\/schema\/person\/c600904e882e9e166ed8e5e3773d37b3","name":"Redazione","sameAs":["http:\/\/spazio-news.it","@SpazioNewsMagazine","https:\/\/x.com\/@news_spazio"],"url":"http:\/\/spazio-news.it\/?author=1"}]}},"_links":{"self":[{"href":"http:\/\/spazio-news.it\/index.php?rest_route=\/wp\/v2\/posts\/2354","targetHints":{"allow":["GET"]}}],"collection":[{"href":"http:\/\/spazio-news.it\/index.php?rest_route=\/wp\/v2\/posts"}],"about":[{"href":"http:\/\/spazio-news.it\/index.php?rest_route=\/wp\/v2\/types\/post"}],"author":[{"embeddable":true,"href":"http:\/\/spazio-news.it\/index.php?rest_route=\/wp\/v2\/users\/1"}],"replies":[{"embeddable":true,"href":"http:\/\/spazio-news.it\/index.php?rest_route=%2Fwp%2Fv2%2Fcomments&post=2354"}],"version-history":[{"count":1,"href":"http:\/\/spazio-news.it\/index.php?rest_route=\/wp\/v2\/posts\/2354\/revisions"}],"predecessor-version":[{"id":2356,"href":"http:\/\/spazio-news.it\/index.php?rest_route=\/wp\/v2\/posts\/2354\/revisions\/2356"}],"wp:featuredmedia":[{"embeddable":true,"href":"http:\/\/spazio-news.it\/index.php?rest_route=\/wp\/v2\/media\/2355"}],"wp:attachment":[{"href":"http:\/\/spazio-news.it\/index.php?rest_route=%2Fwp%2Fv2%2Fmedia&parent=2354"}],"wp:term":[{"taxonomy":"category","embeddable":true,"href":"http:\/\/spazio-news.it\/index.php?rest_route=%2Fwp%2Fv2%2Fcategories&post=2354"},{"taxonomy":"post_tag","embeddable":true,"href":"http:\/\/spazio-news.it\/index.php?rest_route=%2Fwp%2Fv2%2Ftags&post=2354"}],"curies":[{"name":"wp","href":"https:\/\/api.w.org\/{rel}","templated":true}]}}