{"id":2360,"date":"2018-11-26T07:42:45","date_gmt":"2018-11-26T06:42:45","guid":{"rendered":"http:\/\/spazio-news.it\/?p=2360"},"modified":"2018-11-25T16:10:24","modified_gmt":"2018-11-25T15:10:24","slug":"telespazio-festeggia-i-20-anni-di-attivita-in-romania","status":"publish","type":"post","link":"http:\/\/spazio-news.it\/?p=2360","title":{"rendered":"TELESPAZIO FESTEGGIA I 20 ANNI DI ATTIVIT\u00c0 IN ROMANIA"},"content":{"rendered":"<p><a href=\"http:\/\/www.telespazio.com\/\">Telespazio<\/a> ha festeggiato i primi <strong>20 anni di attivit\u00e0 spaziali in Romania<\/strong>, con un <strong>evento <\/strong><strong>promosso presso<\/strong><strong> l\u2019Ambasciata d\u2019Italia a Bucarest<\/strong>. Dal <strong>1998<\/strong> l\u2019azienda italiana opera in Romania attraverso <a href=\"http:\/\/www.rartel.ro\">RARTEL<\/a>, societ\u00e0 nella quale \u00e8 azionista di maggioranza in <strong>joint venture<\/strong> con <u><a href=\"http:\/\/www.radiocom.ro\/\">RADIOCOM &#8211; Societatea Na\u021bional\u0103 de Radiocomunica\u021bii<\/a><\/u>, controllata dal <strong>Ministero delle Comunicazioni e della Societ\u00e0 delle Informazioni<\/strong>.<\/p>\n<p><em>\u201cRARTEL ha iniziato le sue attivit\u00e0 in Romania nel 1998 e ha vissuto da protagonista una parte importante della storia dei servizi satellitari di questo Paese, sempre al fianco di clienti e istituzioni per i quali la tecnologia spaziale \u00e8 importante per raggiungere i propri obiettivi. L\u2019integrazione nella NATO e nell&#8217;UE, nonch\u00e9 l&#8217;adesione dell&#8217;Agenzia Spaziale Romena all\u2019Agenzia Spaziale Europea, sono eventi che consentiranno sempre pi\u00f9 lo sviluppo dell&#8217;industria spaziale in questo Paese<\/em> \u2013 ha commentato l\u2019<strong>Amministratore Delegato di Telespazio, Luigi Pasquali <\/strong><strong>-.<\/strong> I<em>n questi 20 anni, RARTEL ha lavorato in stretta collaborazione con il suo azionista romeno SNR e siamo convinti che questa collaborazione possa essere considerata un successo, con vantaggi importanti per entrambe le parti\u201d.<\/em><\/p>\n<p>Alla cerimonia hanno partecipato, insieme con l\u2019AD <strong>Pasquali<\/strong><strong>, <\/strong><strong>anche<\/strong> l\u2019<strong>Ambasciatore italiano<\/strong>, <strong>Marco Giungi<\/strong>, l\u2019<strong>Amministratore Delegato di Rartel<\/strong>, <strong>Roberto Scagnoli<\/strong>, il <strong>Presidente della Societatea Na\u021bional\u0103 de Radiocomunica\u021bii<\/strong>, <strong>Eugen Brad<\/strong>.<\/p>\n<p><em>\u201cLa partnership tra la Societatea Na\u021bional\u0103 de Radiocomunica\u021bii e Telespazio, attraverso la joint venture RARTEL, ha contribuito alla crescita costante del\u00a0Centro per le comunicazioni satellitari di Cheia, l\u2019unica infrastruttura di questo tipo in Romania<\/em> &#8211; \u00a0ha aggiunto il presidente <strong>Eugen Brad<\/strong> -. <em>Dal 2015 le due societ\u00e0 sono coinvolte in una serie di importanti programmi satellitari, diversificando la gamma dei servizi offerti sia a livello nazionale che internazionale (esempi ne sono il contratto vinto con l\u2019Ente televisivo romeno, i servizi di telemetria per EUMETSAT e quelli di localizzazione e di commutazione dati a pacchetto per Inmarsat). Siamo convinti che questa partnership ci abbia portato stabilit\u00e0 e sostenibilit\u00e0, facendo s\u00ec che il Centro per le comunicazioni satellitari di Cheia diventasse uno dei pi\u00f9 importanti, se non il pi\u00f9 grande teleporto dell\u2019Europa Centrale e Sud-Orientale\u201d.<\/em><\/p>\n<p><strong>RARTEL<\/strong> \u00e8 un\u2019azienda specializzata in <strong>servizi e applicazioni satellitari<\/strong> e fornisce al mercato corporate e istituzionale rumeno e internazionale l\u2019intero portafoglio dei prodotti Telespazio.<\/p>\n<p>In particolare, RARTEL offre servizi di telecomunicazioni fissi e mobili, \u00e8 attiva nel controllo in orbita dei satelliti e nello sviluppo del segmento di terra di <strong>missioni spaziali<\/strong>, commercializza prodotti e servizi di geoinformazione.<\/p>\n<p>Nell\u2019occasione \u00e8 stata <strong>presentata una mostra<\/strong> che raccoglie <strong>dieci immagini satellitari ad alta risoluzione<\/strong>, <strong>ottiche<\/strong> e radar, che consentono di effettuare un vero e proprio <strong>volo virtuale<\/strong> sul territorio rumeno, evidenziandone aspetti peculiari e di grande interesse.<\/p>\n","protected":false},"excerpt":{"rendered":"<p>Telespazio ha festeggiato i primi 20 anni di attivit\u00e0 spaziali in Romania, con un evento promosso presso l\u2019Ambasciata d\u2019Italia a<\/p>\n","protected":false},"author":1,"featured_media":2361,"comment_status":"closed","ping_status":"open","sticky":false,"template":"","format":"standard","meta":{"colormag_page_container_layout":"default_layout","colormag_page_sidebar_layout":"default_layout","footnotes":""},"categories":[32,3],"tags":[1525,1527,1526,1524,1523,1522,129,86],"class_list":["post-2360","post","type-post","status-publish","format-standard","has-post-thumbnail","hentry","category-prima-pagina","category-industria","tag-bucarest","tag-eugen-brad","tag-luigi-pasquali","tag-radiocom-societatea-nationala-de-radiocomunicatii","tag-rartel","tag-romania","tag-spazio","tag-telespazio"],"yoast_head":"<!-- This site is optimized with the Yoast SEO plugin v26.8 - https:\/\/yoast.com\/product\/yoast-seo-wordpress\/ -->\n<title>TELESPAZIO FESTEGGIA I 20 ANNI DI ATTIVIT\u00c0 IN ROMANIA &#187; Spazio-News Magazine<\/title>\n<meta name=\"description\" content=\"Telespazio ha festeggiato i primi 20 anni di attivit\u00e0 spaziali in Romania, con un evento promosso presso l\u2019Ambasciata d\u2019Italia a Bucarest.\" \/>\n<meta name=\"robots\" content=\"index, follow, max-snippet:-1, max-image-preview:large, max-video-preview:-1\" \/>\n<link rel=\"canonical\" href=\"http:\/\/spazio-news.it\/?p=2360\" \/>\n<meta property=\"og:locale\" content=\"it_IT\" \/>\n<meta property=\"og:type\" content=\"article\" \/>\n<meta property=\"og:title\" content=\"TELESPAZIO FESTEGGIA I 20 ANNI DI ATTIVIT\u00c0 IN ROMANIA &#187; Spazio-News Magazine\" \/>\n<meta property=\"og:description\" content=\"Telespazio ha festeggiato i primi 20 anni di attivit\u00e0 spaziali in Romania, con un evento promosso presso l\u2019Ambasciata d\u2019Italia a Bucarest.\" \/>\n<meta property=\"og:url\" content=\"http:\/\/spazio-news.it\/?p=2360\" \/>\n<meta property=\"og:site_name\" content=\"Spazio-News Magazine\" \/>\n<meta property=\"article:publisher\" content=\"https:\/\/m.facebook.com\/spazio-news-magazine\" \/>\n<meta property=\"article:author\" content=\"@SpazioNewsMagazine\" \/>\n<meta property=\"article:published_time\" content=\"2018-11-26T06:42:45+00:00\" \/>\n<meta property=\"og:image\" content=\"http:\/\/spazio-news.it\/wp-content\/uploads\/2018\/11\/Telespazio-20-anni-Romania-Bucarest-RARTEL-RADIOCOM-Societatea-Na\u021bional\u0103-de-Radiocomunica\u021bii.png\" \/>\n\t<meta property=\"og:image:width\" content=\"800\" \/>\n\t<meta property=\"og:image:height\" content=\"448\" \/>\n\t<meta property=\"og:image:type\" content=\"image\/png\" \/>\n<meta name=\"author\" content=\"Redazione\" \/>\n<meta name=\"twitter:card\" content=\"summary_large_image\" \/>\n<meta name=\"twitter:creator\" content=\"@news_spazio\" \/>\n<meta name=\"twitter:site\" content=\"@News_spazio\" \/>\n<meta name=\"twitter:label1\" content=\"Scritto da\" \/>\n\t<meta name=\"twitter:data1\" content=\"Redazione\" \/>\n\t<meta name=\"twitter:label2\" content=\"Tempo di lettura stimato\" \/>\n\t<meta name=\"twitter:data2\" content=\"2 minuti\" \/>\n<script type=\"application\/ld+json\" class=\"yoast-schema-graph\">{\"@context\":\"https:\/\/schema.org\",\"@graph\":[{\"@type\":\"NewsArticle\",\"@id\":\"http:\/\/spazio-news.it\/?p=2360#article\",\"isPartOf\":{\"@id\":\"http:\/\/spazio-news.it\/?p=2360\"},\"author\":{\"name\":\"Redazione\",\"@id\":\"https:\/\/spazio-news.it\/#\/schema\/person\/c600904e882e9e166ed8e5e3773d37b3\"},\"headline\":\"TELESPAZIO FESTEGGIA I 20 ANNI DI ATTIVIT\u00c0 IN ROMANIA\",\"datePublished\":\"2018-11-26T06:42:45+00:00\",\"mainEntityOfPage\":{\"@id\":\"http:\/\/spazio-news.it\/?p=2360\"},\"wordCount\":452,\"publisher\":{\"@id\":\"https:\/\/spazio-news.it\/#organization\"},\"image\":{\"@id\":\"http:\/\/spazio-news.it\/?p=2360#primaryimage\"},\"thumbnailUrl\":\"http:\/\/spazio-news.it\/wp-content\/uploads\/2018\/11\/Telespazio-20-anni-Romania-Bucarest-RARTEL-RADIOCOM-Societatea-Na\u021bional\u0103-de-Radiocomunica\u021bii.png\",\"keywords\":[\"Bucarest\",\"Eugen Brad\",\"Luigi Pasquali\",\"RADIOCOM - Societatea Na\u021bional\u0103 de Radiocomunica\u021bii\",\"RARTEL\",\"Romania\",\"Spazio\",\"Telespazio\"],\"articleSection\":[\"01 - PRIMA PAGINA\",\"02 - INDUSTRIA\"],\"inLanguage\":\"it-IT\"},{\"@type\":\"WebPage\",\"@id\":\"http:\/\/spazio-news.it\/?p=2360\",\"url\":\"http:\/\/spazio-news.it\/?p=2360\",\"name\":\"TELESPAZIO FESTEGGIA I 20 ANNI DI ATTIVIT\u00c0 IN ROMANIA &#187; Spazio-News Magazine\",\"isPartOf\":{\"@id\":\"https:\/\/spazio-news.it\/#website\"},\"primaryImageOfPage\":{\"@id\":\"http:\/\/spazio-news.it\/?p=2360#primaryimage\"},\"image\":{\"@id\":\"http:\/\/spazio-news.it\/?p=2360#primaryimage\"},\"thumbnailUrl\":\"http:\/\/spazio-news.it\/wp-content\/uploads\/2018\/11\/Telespazio-20-anni-Romania-Bucarest-RARTEL-RADIOCOM-Societatea-Na\u021bional\u0103-de-Radiocomunica\u021bii.png\",\"datePublished\":\"2018-11-26T06:42:45+00:00\",\"description\":\"Telespazio ha festeggiato i primi 20 anni di attivit\u00e0 spaziali in Romania, con un evento promosso presso l\u2019Ambasciata d\u2019Italia a Bucarest.\",\"breadcrumb\":{\"@id\":\"http:\/\/spazio-news.it\/?p=2360#breadcrumb\"},\"inLanguage\":\"it-IT\",\"potentialAction\":[{\"@type\":\"ReadAction\",\"target\":[\"http:\/\/spazio-news.it\/?p=2360\"]}]},{\"@type\":\"ImageObject\",\"inLanguage\":\"it-IT\",\"@id\":\"http:\/\/spazio-news.it\/?p=2360#primaryimage\",\"url\":\"http:\/\/spazio-news.it\/wp-content\/uploads\/2018\/11\/Telespazio-20-anni-Romania-Bucarest-RARTEL-RADIOCOM-Societatea-Na\u021bional\u0103-de-Radiocomunica\u021bii.png\",\"contentUrl\":\"http:\/\/spazio-news.it\/wp-content\/uploads\/2018\/11\/Telespazio-20-anni-Romania-Bucarest-RARTEL-RADIOCOM-Societatea-Na\u021bional\u0103-de-Radiocomunica\u021bii.png\",\"width\":800,\"height\":448,\"caption\":\"Telespazio 20 anni Romania Bucarest RARTEL RADIOCOM - Societatea Na\u021bional\u0103 de Radiocomunica\u021bii\"},{\"@type\":\"BreadcrumbList\",\"@id\":\"http:\/\/spazio-news.it\/?p=2360#breadcrumb\",\"itemListElement\":[{\"@type\":\"ListItem\",\"position\":1,\"name\":\"Home\",\"item\":\"https:\/\/spazio-news.it\/\"},{\"@type\":\"ListItem\",\"position\":2,\"name\":\"TELESPAZIO FESTEGGIA I 20 ANNI DI ATTIVIT\u00c0 IN ROMANIA\"}]},{\"@type\":\"WebSite\",\"@id\":\"https:\/\/spazio-news.it\/#website\",\"url\":\"https:\/\/spazio-news.it\/\",\"name\":\"Spazio-News Magazine\",\"description\":\"La guida che sfida la complessit\u00e0 del mondo industriale\",\"publisher\":{\"@id\":\"https:\/\/spazio-news.it\/#organization\"},\"alternateName\":\"Spazio-news.it\",\"potentialAction\":[{\"@type\":\"SearchAction\",\"target\":{\"@type\":\"EntryPoint\",\"urlTemplate\":\"https:\/\/spazio-news.it\/?s={search_term_string}\"},\"query-input\":{\"@type\":\"PropertyValueSpecification\",\"valueRequired\":true,\"valueName\":\"search_term_string\"}}],\"inLanguage\":\"it-IT\"},{\"@type\":\"Organization\",\"@id\":\"https:\/\/spazio-news.it\/#organization\",\"name\":\"Spazio-News Magazine\",\"url\":\"https:\/\/spazio-news.it\/\",\"logo\":{\"@type\":\"ImageObject\",\"inLanguage\":\"it-IT\",\"@id\":\"https:\/\/spazio-news.it\/#\/schema\/logo\/image\/\",\"url\":\"http:\/\/spazio-news.it\/wp-content\/uploads\/2023\/09\/Logo-Spazio-News-512-x-512-NO-testo.jpg\",\"contentUrl\":\"http:\/\/spazio-news.it\/wp-content\/uploads\/2023\/09\/Logo-Spazio-News-512-x-512-NO-testo.jpg\",\"width\":512,\"height\":512,\"caption\":\"Spazio-News Magazine\"},\"image\":{\"@id\":\"https:\/\/spazio-news.it\/#\/schema\/logo\/image\/\"},\"sameAs\":[\"https:\/\/m.facebook.com\/spazio-news-magazine\",\"https:\/\/x.com\/News_spazio\"]},{\"@type\":\"Person\",\"@id\":\"https:\/\/spazio-news.it\/#\/schema\/person\/c600904e882e9e166ed8e5e3773d37b3\",\"name\":\"Redazione\",\"sameAs\":[\"http:\/\/spazio-news.it\",\"@SpazioNewsMagazine\",\"https:\/\/x.com\/@news_spazio\"],\"url\":\"http:\/\/spazio-news.it\/?author=1\"}]}<\/script>\n<!-- \/ Yoast SEO plugin. -->","yoast_head_json":{"title":"TELESPAZIO FESTEGGIA I 20 ANNI DI ATTIVIT\u00c0 IN ROMANIA &#187; Spazio-News Magazine","description":"Telespazio ha festeggiato i primi 20 anni di attivit\u00e0 spaziali in Romania, con un evento promosso presso l\u2019Ambasciata d\u2019Italia a Bucarest.","robots":{"index":"index","follow":"follow","max-snippet":"max-snippet:-1","max-image-preview":"max-image-preview:large","max-video-preview":"max-video-preview:-1"},"canonical":"http:\/\/spazio-news.it\/?p=2360","og_locale":"it_IT","og_type":"article","og_title":"TELESPAZIO FESTEGGIA I 20 ANNI DI ATTIVIT\u00c0 IN ROMANIA &#187; Spazio-News Magazine","og_description":"Telespazio ha festeggiato i primi 20 anni di attivit\u00e0 spaziali in Romania, con un evento promosso presso l\u2019Ambasciata d\u2019Italia a Bucarest.","og_url":"http:\/\/spazio-news.it\/?p=2360","og_site_name":"Spazio-News Magazine","article_publisher":"https:\/\/m.facebook.com\/spazio-news-magazine","article_author":"@SpazioNewsMagazine","article_published_time":"2018-11-26T06:42:45+00:00","og_image":[{"width":800,"height":448,"url":"http:\/\/spazio-news.it\/wp-content\/uploads\/2018\/11\/Telespazio-20-anni-Romania-Bucarest-RARTEL-RADIOCOM-Societatea-Na\u021bional\u0103-de-Radiocomunica\u021bii.png","type":"image\/png"}],"author":"Redazione","twitter_card":"summary_large_image","twitter_creator":"@news_spazio","twitter_site":"@News_spazio","twitter_misc":{"Scritto da":"Redazione","Tempo di lettura stimato":"2 minuti"},"schema":{"@context":"https:\/\/schema.org","@graph":[{"@type":"NewsArticle","@id":"http:\/\/spazio-news.it\/?p=2360#article","isPartOf":{"@id":"http:\/\/spazio-news.it\/?p=2360"},"author":{"name":"Redazione","@id":"https:\/\/spazio-news.it\/#\/schema\/person\/c600904e882e9e166ed8e5e3773d37b3"},"headline":"TELESPAZIO FESTEGGIA I 20 ANNI DI ATTIVIT\u00c0 IN ROMANIA","datePublished":"2018-11-26T06:42:45+00:00","mainEntityOfPage":{"@id":"http:\/\/spazio-news.it\/?p=2360"},"wordCount":452,"publisher":{"@id":"https:\/\/spazio-news.it\/#organization"},"image":{"@id":"http:\/\/spazio-news.it\/?p=2360#primaryimage"},"thumbnailUrl":"http:\/\/spazio-news.it\/wp-content\/uploads\/2018\/11\/Telespazio-20-anni-Romania-Bucarest-RARTEL-RADIOCOM-Societatea-Na\u021bional\u0103-de-Radiocomunica\u021bii.png","keywords":["Bucarest","Eugen Brad","Luigi Pasquali","RADIOCOM - Societatea Na\u021bional\u0103 de Radiocomunica\u021bii","RARTEL","Romania","Spazio","Telespazio"],"articleSection":["01 - PRIMA PAGINA","02 - INDUSTRIA"],"inLanguage":"it-IT"},{"@type":"WebPage","@id":"http:\/\/spazio-news.it\/?p=2360","url":"http:\/\/spazio-news.it\/?p=2360","name":"TELESPAZIO FESTEGGIA I 20 ANNI DI ATTIVIT\u00c0 IN ROMANIA &#187; Spazio-News Magazine","isPartOf":{"@id":"https:\/\/spazio-news.it\/#website"},"primaryImageOfPage":{"@id":"http:\/\/spazio-news.it\/?p=2360#primaryimage"},"image":{"@id":"http:\/\/spazio-news.it\/?p=2360#primaryimage"},"thumbnailUrl":"http:\/\/spazio-news.it\/wp-content\/uploads\/2018\/11\/Telespazio-20-anni-Romania-Bucarest-RARTEL-RADIOCOM-Societatea-Na\u021bional\u0103-de-Radiocomunica\u021bii.png","datePublished":"2018-11-26T06:42:45+00:00","description":"Telespazio ha festeggiato i primi 20 anni di attivit\u00e0 spaziali in Romania, con un evento promosso presso l\u2019Ambasciata d\u2019Italia a Bucarest.","breadcrumb":{"@id":"http:\/\/spazio-news.it\/?p=2360#breadcrumb"},"inLanguage":"it-IT","potentialAction":[{"@type":"ReadAction","target":["http:\/\/spazio-news.it\/?p=2360"]}]},{"@type":"ImageObject","inLanguage":"it-IT","@id":"http:\/\/spazio-news.it\/?p=2360#primaryimage","url":"http:\/\/spazio-news.it\/wp-content\/uploads\/2018\/11\/Telespazio-20-anni-Romania-Bucarest-RARTEL-RADIOCOM-Societatea-Na\u021bional\u0103-de-Radiocomunica\u021bii.png","contentUrl":"http:\/\/spazio-news.it\/wp-content\/uploads\/2018\/11\/Telespazio-20-anni-Romania-Bucarest-RARTEL-RADIOCOM-Societatea-Na\u021bional\u0103-de-Radiocomunica\u021bii.png","width":800,"height":448,"caption":"Telespazio 20 anni Romania Bucarest RARTEL RADIOCOM - Societatea Na\u021bional\u0103 de Radiocomunica\u021bii"},{"@type":"BreadcrumbList","@id":"http:\/\/spazio-news.it\/?p=2360#breadcrumb","itemListElement":[{"@type":"ListItem","position":1,"name":"Home","item":"https:\/\/spazio-news.it\/"},{"@type":"ListItem","position":2,"name":"TELESPAZIO FESTEGGIA I 20 ANNI DI ATTIVIT\u00c0 IN ROMANIA"}]},{"@type":"WebSite","@id":"https:\/\/spazio-news.it\/#website","url":"https:\/\/spazio-news.it\/","name":"Spazio-News Magazine","description":"La guida che sfida la complessit\u00e0 del mondo industriale","publisher":{"@id":"https:\/\/spazio-news.it\/#organization"},"alternateName":"Spazio-news.it","potentialAction":[{"@type":"SearchAction","target":{"@type":"EntryPoint","urlTemplate":"https:\/\/spazio-news.it\/?s={search_term_string}"},"query-input":{"@type":"PropertyValueSpecification","valueRequired":true,"valueName":"search_term_string"}}],"inLanguage":"it-IT"},{"@type":"Organization","@id":"https:\/\/spazio-news.it\/#organization","name":"Spazio-News Magazine","url":"https:\/\/spazio-news.it\/","logo":{"@type":"ImageObject","inLanguage":"it-IT","@id":"https:\/\/spazio-news.it\/#\/schema\/logo\/image\/","url":"http:\/\/spazio-news.it\/wp-content\/uploads\/2023\/09\/Logo-Spazio-News-512-x-512-NO-testo.jpg","contentUrl":"http:\/\/spazio-news.it\/wp-content\/uploads\/2023\/09\/Logo-Spazio-News-512-x-512-NO-testo.jpg","width":512,"height":512,"caption":"Spazio-News Magazine"},"image":{"@id":"https:\/\/spazio-news.it\/#\/schema\/logo\/image\/"},"sameAs":["https:\/\/m.facebook.com\/spazio-news-magazine","https:\/\/x.com\/News_spazio"]},{"@type":"Person","@id":"https:\/\/spazio-news.it\/#\/schema\/person\/c600904e882e9e166ed8e5e3773d37b3","name":"Redazione","sameAs":["http:\/\/spazio-news.it","@SpazioNewsMagazine","https:\/\/x.com\/@news_spazio"],"url":"http:\/\/spazio-news.it\/?author=1"}]}},"_links":{"self":[{"href":"http:\/\/spazio-news.it\/index.php?rest_route=\/wp\/v2\/posts\/2360","targetHints":{"allow":["GET"]}}],"collection":[{"href":"http:\/\/spazio-news.it\/index.php?rest_route=\/wp\/v2\/posts"}],"about":[{"href":"http:\/\/spazio-news.it\/index.php?rest_route=\/wp\/v2\/types\/post"}],"author":[{"embeddable":true,"href":"http:\/\/spazio-news.it\/index.php?rest_route=\/wp\/v2\/users\/1"}],"replies":[{"embeddable":true,"href":"http:\/\/spazio-news.it\/index.php?rest_route=%2Fwp%2Fv2%2Fcomments&post=2360"}],"version-history":[{"count":2,"href":"http:\/\/spazio-news.it\/index.php?rest_route=\/wp\/v2\/posts\/2360\/revisions"}],"predecessor-version":[{"id":2363,"href":"http:\/\/spazio-news.it\/index.php?rest_route=\/wp\/v2\/posts\/2360\/revisions\/2363"}],"wp:featuredmedia":[{"embeddable":true,"href":"http:\/\/spazio-news.it\/index.php?rest_route=\/wp\/v2\/media\/2361"}],"wp:attachment":[{"href":"http:\/\/spazio-news.it\/index.php?rest_route=%2Fwp%2Fv2%2Fmedia&parent=2360"}],"wp:term":[{"taxonomy":"category","embeddable":true,"href":"http:\/\/spazio-news.it\/index.php?rest_route=%2Fwp%2Fv2%2Fcategories&post=2360"},{"taxonomy":"post_tag","embeddable":true,"href":"http:\/\/spazio-news.it\/index.php?rest_route=%2Fwp%2Fv2%2Ftags&post=2360"}],"curies":[{"name":"wp","href":"https:\/\/api.w.org\/{rel}","templated":true}]}}