{"id":2371,"date":"2018-11-27T05:04:22","date_gmt":"2018-11-27T04:04:22","guid":{"rendered":"http:\/\/spazio-news.it\/?p=2371"},"modified":"2019-05-27T20:06:54","modified_gmt":"2019-05-27T19:06:54","slug":"mediterranean-dialogues18-uniti-per-sconfiggere-lisis","status":"publish","type":"post","link":"http:\/\/spazio-news.it\/?p=2371","title":{"rendered":"MEDITERRANEAN DIALOGUES18: UNITI PER SCONFIGGERE L\u2019ISIS"},"content":{"rendered":"<p><em>\u201cDaesh non \u00e8 scomparso ma, sotto l\u2019insostenibile pressione dei suoi avversari, \u00e8 come se fosse evaporato trasformandosi da presenza visibile a nemico invisibile. In altri termini, la disarticolazione del Califfato a seguito della perdita della capitale Raqqa, di Mosul e dei centri urbani iracheni, ha causato una dispersione del movimento. Sarebbe per\u00f2 un errore grave considerarlo un fenomeno ormai legato alla dimensione locale. Il movimento mantiene tutta la sua potenzialit\u00e0 materiale e ideologica. Per tale ragione ritengo che sia fondamentale continuare a lavorare insieme perch\u00e9 l\u2019azione della <a href=\"https:\/\/theglobalcoalition.org\/en\/home\/\"> Coalizione anti-ISIS<\/a> dimostri che uniti \u00e8 possibile raggiungere risultati importanti sia dal punto di vista militare che in termini di stabilizzazione\u201d.<\/em><\/p>\n<p>Con queste parole il <strong>Ministro della Difesa<\/strong>  <strong>Elisabetta Trenta<\/strong> ha aperto il su intervento alla <a href=\"https:\/\/med.ispionline.it\/\"> IV Edizione dei Mediterranean Dialogues<\/a>, la <strong> conferenza internazionale<\/strong> dedicata alla <strong>sicurezza<\/strong> e crescita del<strong> Mediterraneo<\/strong>.<\/p>\n<p>Il Ministro \u00e8 intervenuta nel panel<strong> \u201cShared Security\u201d<\/strong> dedicato al tema: \u201c<strong>Daesh\/ISIS: The day after. Countering a new wave of violent extremism<\/strong>\u201d.<\/p>\n<p>Dibattito, moderato dal <strong>Presidente della Rai<\/strong>, <strong>Marcello Foa<\/strong>, al quale hanno preso parte il <strong> Ministro degli Affari Esteri dell\u2019Iraq<\/strong>, <strong>Mohamed Ali Alhakim<\/strong>, ed il <strong> Segretario Generale della Nato<\/strong>, <strong>Jens Stoltenberg<\/strong>.<\/p>\n<p><em>\u201cAttualmente l\u2019impegno militare \u00e8 concentrato sulle rimanenti sacche di resistenza di ISIS attive nella valle dell\u2019Eufrate, dove si prevede che le operazioni si protrarranno sino ai primi mesi del 2019. Una volta eliminata la componente convenzionale delle forze di ISIS, occorrer\u00e0 combattere le cellule dormienti e contrastare la minaccia di passaggio di cellule di Daesh dalla Siria in Iraq &#8211;<\/em> ha aggiunto il Ministro.<\/p>\n<p>Basilare evitare errori gi\u00e0 compiuto in passato: <em>\u201cinnanzitutto non sottovalutare la minaccia, essere tempestivi nei nostri interventi e soprattutto affrontare le cause e i fattori di radicamento territoriale del terrorismo stesso, investendo le Autorit\u00e0 locali, incluse la popolazione e le comunit\u00e0 sociali, della piena responsabilit\u00e0 di contrastare la minaccia terroristica sul proprio territorio\u201d.<\/em><\/p>\n<p><em>\u201cL\u2019Italia \u00e8 orgogliosa di far parte della Coalizione anti-ISIS e ritengo si debba far tesoro delle esperienze e delle lezioni che abbiamo appreso fino ad oggi\u201d<\/em> ha sottolineato la titolare del Dicastero che ha richiamato l\u2019importanza di <em>\u201cagire uniti ed in maniera coesa\u201d<\/em> ma soprattutto di un coinvolgimento pieno ed inclusivo delle autorit\u00e0 locali e della societ\u00e0 civile per sconfiggere definitivamente l\u2019<strong>ISIS<\/strong>.<\/p>\n<p>All\u2019evento hanno preso parte oltre <strong>40 tra Capi di Stato<\/strong>, <strong>Ministri<\/strong>, esponenti di spicco di <strong>organizzazioni internazionali<\/strong>, oltre mille leader del mondo dell\u2019<strong>economia<\/strong>, della <strong>politica<\/strong> e della <strong>cultura<\/strong> provenienti da pi\u00f9 di <strong>50 Paesi<\/strong>.<\/p>\n<p>A margine dei lavori della conferenza, il <strong>Ministro Trenta<\/strong> ha avuto un colloquio con il <strong>Segretario Generale della Nato, Jens Stoltenberg<\/strong>.<\/p>\n","protected":false},"excerpt":{"rendered":"<p>\u201cDaesh non \u00e8 scomparso ma, sotto l\u2019insostenibile pressione dei suoi avversari, \u00e8 come se fosse evaporato trasformandosi da presenza visibile<\/p>\n","protected":false},"author":1,"featured_media":0,"comment_status":"closed","ping_status":"open","sticky":false,"template":"","format":"standard","meta":{"colormag_page_container_layout":"default_layout","colormag_page_sidebar_layout":"default_layout","footnotes":""},"categories":[32,4],"tags":[1532,19,432,1533,1534,919,105,918],"class_list":["post-2371","post","type-post","status-publish","format-standard","hentry","category-prima-pagina","category-istituzioni","tag-daesh","tag-difesa","tag-elisabetta-trenta","tag-isis","tag-mediterranean-dialogues","tag-mediterraneo","tag-ministero-della-difesa","tag-north-atlantic-treaty-organization-nato"],"yoast_head":"<!-- This site is optimized with the Yoast SEO plugin v26.8 - https:\/\/yoast.com\/product\/yoast-seo-wordpress\/ -->\n<title>MEDITERRANEAN DIALOGUES18: UNITI PER SCONFIGGERE L\u2019ISIS &#187; Spazio-News Magazine<\/title>\n<meta name=\"description\" content=\"\u201cDaesh non \u00e8 scomparso ma, sotto l\u2019insostenibile pressione dei suoi avversari, \u00e8 come se fosse evaporato trasformandosi da presenza visibile\" \/>\n<meta name=\"robots\" content=\"index, follow, max-snippet:-1, max-image-preview:large, max-video-preview:-1\" \/>\n<link rel=\"canonical\" href=\"http:\/\/spazio-news.it\/?p=2371\" \/>\n<meta property=\"og:locale\" content=\"it_IT\" \/>\n<meta property=\"og:type\" content=\"article\" \/>\n<meta property=\"og:title\" content=\"MEDITERRANEAN DIALOGUES18: UNITI PER SCONFIGGERE L\u2019ISIS &#187; Spazio-News Magazine\" \/>\n<meta property=\"og:description\" content=\"\u201cDaesh non \u00e8 scomparso ma, sotto l\u2019insostenibile pressione dei suoi avversari, \u00e8 come se fosse evaporato trasformandosi da presenza visibile\" \/>\n<meta property=\"og:url\" content=\"http:\/\/spazio-news.it\/?p=2371\" \/>\n<meta property=\"og:site_name\" content=\"Spazio-News Magazine\" \/>\n<meta property=\"article:publisher\" content=\"https:\/\/m.facebook.com\/spazio-news-magazine\" \/>\n<meta property=\"article:author\" content=\"@SpazioNewsMagazine\" \/>\n<meta property=\"article:published_time\" content=\"2018-11-27T04:04:22+00:00\" \/>\n<meta property=\"article:modified_time\" content=\"2019-05-27T19:06:54+00:00\" \/>\n<meta property=\"og:image\" content=\"http:\/\/spazio-news.it\/wp-content\/uploads\/2023\/09\/Spazio-News-Magazine-Logo-IT-Senza-scritta.png\" \/>\n\t<meta property=\"og:image:width\" content=\"1280\" \/>\n\t<meta property=\"og:image:height\" content=\"720\" \/>\n\t<meta property=\"og:image:type\" content=\"image\/png\" \/>\n<meta name=\"author\" content=\"Redazione\" \/>\n<meta name=\"twitter:card\" content=\"summary_large_image\" \/>\n<meta name=\"twitter:creator\" content=\"@news_spazio\" \/>\n<meta name=\"twitter:site\" content=\"@News_spazio\" \/>\n<meta name=\"twitter:label1\" content=\"Scritto da\" \/>\n\t<meta name=\"twitter:data1\" content=\"Redazione\" \/>\n\t<meta name=\"twitter:label2\" content=\"Tempo di lettura stimato\" \/>\n\t<meta name=\"twitter:data2\" content=\"2 minuti\" \/>\n<script type=\"application\/ld+json\" class=\"yoast-schema-graph\">{\"@context\":\"https:\/\/schema.org\",\"@graph\":[{\"@type\":\"NewsArticle\",\"@id\":\"http:\/\/spazio-news.it\/?p=2371#article\",\"isPartOf\":{\"@id\":\"http:\/\/spazio-news.it\/?p=2371\"},\"author\":{\"name\":\"Redazione\",\"@id\":\"http:\/\/spazio-news.it\/#\/schema\/person\/c600904e882e9e166ed8e5e3773d37b3\"},\"headline\":\"MEDITERRANEAN DIALOGUES18: UNITI PER SCONFIGGERE L\u2019ISIS\",\"datePublished\":\"2018-11-27T04:04:22+00:00\",\"dateModified\":\"2019-05-27T19:06:54+00:00\",\"mainEntityOfPage\":{\"@id\":\"http:\/\/spazio-news.it\/?p=2371\"},\"wordCount\":433,\"publisher\":{\"@id\":\"http:\/\/spazio-news.it\/#organization\"},\"keywords\":[\"Daesh\",\"difesa\",\"Elisabetta Trenta\",\"ISIS\",\"Mediterranean Dialogues\",\"Mediterraneo\",\"Ministero della Difesa\",\"North Atlantic Treaty Organization - NATO\"],\"articleSection\":[\"01 - PRIMA PAGINA\",\"03 - ISTITUZIONI\"],\"inLanguage\":\"it-IT\"},{\"@type\":\"WebPage\",\"@id\":\"http:\/\/spazio-news.it\/?p=2371\",\"url\":\"http:\/\/spazio-news.it\/?p=2371\",\"name\":\"MEDITERRANEAN DIALOGUES18: UNITI PER SCONFIGGERE L\u2019ISIS &#187; Spazio-News Magazine\",\"isPartOf\":{\"@id\":\"http:\/\/spazio-news.it\/#website\"},\"datePublished\":\"2018-11-27T04:04:22+00:00\",\"dateModified\":\"2019-05-27T19:06:54+00:00\",\"description\":\"\u201cDaesh non \u00e8 scomparso ma, sotto l\u2019insostenibile pressione dei suoi avversari, \u00e8 come se fosse evaporato trasformandosi da presenza visibile\",\"breadcrumb\":{\"@id\":\"http:\/\/spazio-news.it\/?p=2371#breadcrumb\"},\"inLanguage\":\"it-IT\",\"potentialAction\":[{\"@type\":\"ReadAction\",\"target\":[\"http:\/\/spazio-news.it\/?p=2371\"]}]},{\"@type\":\"BreadcrumbList\",\"@id\":\"http:\/\/spazio-news.it\/?p=2371#breadcrumb\",\"itemListElement\":[{\"@type\":\"ListItem\",\"position\":1,\"name\":\"Home\",\"item\":\"http:\/\/spazio-news.it\/\"},{\"@type\":\"ListItem\",\"position\":2,\"name\":\"MEDITERRANEAN DIALOGUES18: UNITI PER SCONFIGGERE L\u2019ISIS\"}]},{\"@type\":\"WebSite\",\"@id\":\"http:\/\/spazio-news.it\/#website\",\"url\":\"http:\/\/spazio-news.it\/\",\"name\":\"Spazio-News Magazine\",\"description\":\"La guida che sfida la complessit\u00e0 del mondo industriale\",\"publisher\":{\"@id\":\"http:\/\/spazio-news.it\/#organization\"},\"alternateName\":\"Spazio-news.it\",\"potentialAction\":[{\"@type\":\"SearchAction\",\"target\":{\"@type\":\"EntryPoint\",\"urlTemplate\":\"http:\/\/spazio-news.it\/?s={search_term_string}\"},\"query-input\":{\"@type\":\"PropertyValueSpecification\",\"valueRequired\":true,\"valueName\":\"search_term_string\"}}],\"inLanguage\":\"it-IT\"},{\"@type\":\"Organization\",\"@id\":\"http:\/\/spazio-news.it\/#organization\",\"name\":\"Spazio-News Magazine\",\"url\":\"http:\/\/spazio-news.it\/\",\"logo\":{\"@type\":\"ImageObject\",\"inLanguage\":\"it-IT\",\"@id\":\"http:\/\/spazio-news.it\/#\/schema\/logo\/image\/\",\"url\":\"http:\/\/spazio-news.it\/wp-content\/uploads\/2023\/09\/Logo-Spazio-News-512-x-512-NO-testo.jpg\",\"contentUrl\":\"http:\/\/spazio-news.it\/wp-content\/uploads\/2023\/09\/Logo-Spazio-News-512-x-512-NO-testo.jpg\",\"width\":512,\"height\":512,\"caption\":\"Spazio-News Magazine\"},\"image\":{\"@id\":\"http:\/\/spazio-news.it\/#\/schema\/logo\/image\/\"},\"sameAs\":[\"https:\/\/m.facebook.com\/spazio-news-magazine\",\"https:\/\/x.com\/News_spazio\"]},{\"@type\":\"Person\",\"@id\":\"http:\/\/spazio-news.it\/#\/schema\/person\/c600904e882e9e166ed8e5e3773d37b3\",\"name\":\"Redazione\",\"sameAs\":[\"http:\/\/spazio-news.it\",\"@SpazioNewsMagazine\",\"https:\/\/x.com\/@news_spazio\"],\"url\":\"http:\/\/spazio-news.it\/?author=1\"}]}<\/script>\n<!-- \/ Yoast SEO plugin. -->","yoast_head_json":{"title":"MEDITERRANEAN DIALOGUES18: UNITI PER SCONFIGGERE L\u2019ISIS &#187; Spazio-News Magazine","description":"\u201cDaesh non \u00e8 scomparso ma, sotto l\u2019insostenibile pressione dei suoi avversari, \u00e8 come se fosse evaporato trasformandosi da presenza visibile","robots":{"index":"index","follow":"follow","max-snippet":"max-snippet:-1","max-image-preview":"max-image-preview:large","max-video-preview":"max-video-preview:-1"},"canonical":"http:\/\/spazio-news.it\/?p=2371","og_locale":"it_IT","og_type":"article","og_title":"MEDITERRANEAN DIALOGUES18: UNITI PER SCONFIGGERE L\u2019ISIS &#187; Spazio-News Magazine","og_description":"\u201cDaesh non \u00e8 scomparso ma, sotto l\u2019insostenibile pressione dei suoi avversari, \u00e8 come se fosse evaporato trasformandosi da presenza visibile","og_url":"http:\/\/spazio-news.it\/?p=2371","og_site_name":"Spazio-News Magazine","article_publisher":"https:\/\/m.facebook.com\/spazio-news-magazine","article_author":"@SpazioNewsMagazine","article_published_time":"2018-11-27T04:04:22+00:00","article_modified_time":"2019-05-27T19:06:54+00:00","og_image":[{"width":1280,"height":720,"url":"http:\/\/spazio-news.it\/wp-content\/uploads\/2023\/09\/Spazio-News-Magazine-Logo-IT-Senza-scritta.png","type":"image\/png"}],"author":"Redazione","twitter_card":"summary_large_image","twitter_creator":"@news_spazio","twitter_site":"@News_spazio","twitter_misc":{"Scritto da":"Redazione","Tempo di lettura stimato":"2 minuti"},"schema":{"@context":"https:\/\/schema.org","@graph":[{"@type":"NewsArticle","@id":"http:\/\/spazio-news.it\/?p=2371#article","isPartOf":{"@id":"http:\/\/spazio-news.it\/?p=2371"},"author":{"name":"Redazione","@id":"http:\/\/spazio-news.it\/#\/schema\/person\/c600904e882e9e166ed8e5e3773d37b3"},"headline":"MEDITERRANEAN DIALOGUES18: UNITI PER SCONFIGGERE L\u2019ISIS","datePublished":"2018-11-27T04:04:22+00:00","dateModified":"2019-05-27T19:06:54+00:00","mainEntityOfPage":{"@id":"http:\/\/spazio-news.it\/?p=2371"},"wordCount":433,"publisher":{"@id":"http:\/\/spazio-news.it\/#organization"},"keywords":["Daesh","difesa","Elisabetta Trenta","ISIS","Mediterranean Dialogues","Mediterraneo","Ministero della Difesa","North Atlantic Treaty Organization - NATO"],"articleSection":["01 - PRIMA PAGINA","03 - ISTITUZIONI"],"inLanguage":"it-IT"},{"@type":"WebPage","@id":"http:\/\/spazio-news.it\/?p=2371","url":"http:\/\/spazio-news.it\/?p=2371","name":"MEDITERRANEAN DIALOGUES18: UNITI PER SCONFIGGERE L\u2019ISIS &#187; Spazio-News Magazine","isPartOf":{"@id":"http:\/\/spazio-news.it\/#website"},"datePublished":"2018-11-27T04:04:22+00:00","dateModified":"2019-05-27T19:06:54+00:00","description":"\u201cDaesh non \u00e8 scomparso ma, sotto l\u2019insostenibile pressione dei suoi avversari, \u00e8 come se fosse evaporato trasformandosi da presenza visibile","breadcrumb":{"@id":"http:\/\/spazio-news.it\/?p=2371#breadcrumb"},"inLanguage":"it-IT","potentialAction":[{"@type":"ReadAction","target":["http:\/\/spazio-news.it\/?p=2371"]}]},{"@type":"BreadcrumbList","@id":"http:\/\/spazio-news.it\/?p=2371#breadcrumb","itemListElement":[{"@type":"ListItem","position":1,"name":"Home","item":"http:\/\/spazio-news.it\/"},{"@type":"ListItem","position":2,"name":"MEDITERRANEAN DIALOGUES18: UNITI PER SCONFIGGERE L\u2019ISIS"}]},{"@type":"WebSite","@id":"http:\/\/spazio-news.it\/#website","url":"http:\/\/spazio-news.it\/","name":"Spazio-News Magazine","description":"La guida che sfida la complessit\u00e0 del mondo industriale","publisher":{"@id":"http:\/\/spazio-news.it\/#organization"},"alternateName":"Spazio-news.it","potentialAction":[{"@type":"SearchAction","target":{"@type":"EntryPoint","urlTemplate":"http:\/\/spazio-news.it\/?s={search_term_string}"},"query-input":{"@type":"PropertyValueSpecification","valueRequired":true,"valueName":"search_term_string"}}],"inLanguage":"it-IT"},{"@type":"Organization","@id":"http:\/\/spazio-news.it\/#organization","name":"Spazio-News Magazine","url":"http:\/\/spazio-news.it\/","logo":{"@type":"ImageObject","inLanguage":"it-IT","@id":"http:\/\/spazio-news.it\/#\/schema\/logo\/image\/","url":"http:\/\/spazio-news.it\/wp-content\/uploads\/2023\/09\/Logo-Spazio-News-512-x-512-NO-testo.jpg","contentUrl":"http:\/\/spazio-news.it\/wp-content\/uploads\/2023\/09\/Logo-Spazio-News-512-x-512-NO-testo.jpg","width":512,"height":512,"caption":"Spazio-News Magazine"},"image":{"@id":"http:\/\/spazio-news.it\/#\/schema\/logo\/image\/"},"sameAs":["https:\/\/m.facebook.com\/spazio-news-magazine","https:\/\/x.com\/News_spazio"]},{"@type":"Person","@id":"http:\/\/spazio-news.it\/#\/schema\/person\/c600904e882e9e166ed8e5e3773d37b3","name":"Redazione","sameAs":["http:\/\/spazio-news.it","@SpazioNewsMagazine","https:\/\/x.com\/@news_spazio"],"url":"http:\/\/spazio-news.it\/?author=1"}]}},"_links":{"self":[{"href":"http:\/\/spazio-news.it\/index.php?rest_route=\/wp\/v2\/posts\/2371","targetHints":{"allow":["GET"]}}],"collection":[{"href":"http:\/\/spazio-news.it\/index.php?rest_route=\/wp\/v2\/posts"}],"about":[{"href":"http:\/\/spazio-news.it\/index.php?rest_route=\/wp\/v2\/types\/post"}],"author":[{"embeddable":true,"href":"http:\/\/spazio-news.it\/index.php?rest_route=\/wp\/v2\/users\/1"}],"replies":[{"embeddable":true,"href":"http:\/\/spazio-news.it\/index.php?rest_route=%2Fwp%2Fv2%2Fcomments&post=2371"}],"version-history":[{"count":3,"href":"http:\/\/spazio-news.it\/index.php?rest_route=\/wp\/v2\/posts\/2371\/revisions"}],"predecessor-version":[{"id":4566,"href":"http:\/\/spazio-news.it\/index.php?rest_route=\/wp\/v2\/posts\/2371\/revisions\/4566"}],"wp:attachment":[{"href":"http:\/\/spazio-news.it\/index.php?rest_route=%2Fwp%2Fv2%2Fmedia&parent=2371"}],"wp:term":[{"taxonomy":"category","embeddable":true,"href":"http:\/\/spazio-news.it\/index.php?rest_route=%2Fwp%2Fv2%2Fcategories&post=2371"},{"taxonomy":"post_tag","embeddable":true,"href":"http:\/\/spazio-news.it\/index.php?rest_route=%2Fwp%2Fv2%2Ftags&post=2371"}],"curies":[{"name":"wp","href":"https:\/\/api.w.org\/{rel}","templated":true}]}}