{"id":2390,"date":"2018-11-29T04:49:20","date_gmt":"2018-11-29T03:49:20","guid":{"rendered":"http:\/\/spazio-news.it\/?p=2390"},"modified":"2019-05-27T20:07:01","modified_gmt":"2019-05-27T19:07:01","slug":"am-conclusa-lesercitazione-dedalo-1","status":"publish","type":"post","link":"http:\/\/spazio-news.it\/?p=2390","title":{"rendered":"AM: CONCLUSA L&#8217;ESERCITAZIONE &#8220;DEDALO 1&#8221;"},"content":{"rendered":"<p><strong>38 anni<\/strong> fa, il <strong>23 novembre 1980<\/strong> alle <a href=\"calendar:T1:19:34\">19:34<\/a>, un minuto e mezzo di terrore <strong>rase al suolo paesi interi<\/strong> e provoc\u00f2 circa <a href=\"geo:0,0?q=3000 morti 9000 feriti 300\">3000 morti, 9000 feriti, 300<\/a> mila senza tetto e 150 mila abitazioni distrutte.<\/p>\n<p>Lo scorso 23 novembre, nel ricordo di quella giornata e dei tragici eventi successivi, personale e mezzi dell\u2019Aeronautica Militare &#8211; AM (<strong>Scuola Specialisti<\/strong> e\u00a0 <strong>9\u00b0 Stormo di Grazzanise<\/strong>), il <strong>Comune di Caserta<\/strong>, la <strong>Protezione Civile della Regione Campania<\/strong>, la <strong>Croce Rossa Italiana &#8211; Comitato di Caserta<\/strong> con le rappresentanze degli studenti degli Istituti Scolastici casertani provenienti dal Liceo Scientifico Statale \u201cA. Diaz\u201d, dall\u2019ITIS \u2013 Liceo Scientifico \u201cGiordani\u201d, dal Liceo Statale \u201cA. Manzoni\u201d e dal Liceo Artistico \u2013 Istituto professionale \u201cMattei\u201d hanno partecipato all\u2019<strong>esercitazione congiunta di protezione civile denominata \u201cDedalo 1\u201d<\/strong>.<\/p>\n<p><em>\u201cL\u2019esercitazione, iniziata con l\u2019alzabandiera di reparto cui hanno partecipato tutte le organizzazioni coinvolte e gli studenti, ha consentito di addestrare il personale della Forza Armata a pianificare e gestire le attivit\u00e0 di supporto alla popolazione civile in caso di emergenza e calamit\u00e0 naturali, di aggiornare i piani di emergenza e verificare le modalit\u00e0 di coordinamento con gli altri Enti del territorio coinvolti. In tale ambito, saranno organizzate specifiche riunioni per analizzare i vari aspetti e l\u2019esito dell\u2019esercitazione stessa<\/em> \u2013 si legge nella nota dell\u2019AM -. \u00a0<em>In particolare, \u00e8 stato simulato un violento terremoto di magnitudo 7 con epicentro nella citt\u00e0 di Caserta ad una profondit\u00e0 di circa 10 Km e tutte le attivit\u00e0 sono state svolte \u201clive\u201d, come se realmente la macchina dei soccorsi fosse partita in quel momento, con una concitata telefonata di richiesta soccorso. Nello scenario simulato la scossa ha provocato sia crolli di abitazioni civili sia l\u2019inagibilit\u00e0 degli ospedali locali con eventi franosi e incendi tali da rendere necessario il soccorso alla popolazione coinvolta e l\u2019evacuazione degli abitanti delle aree pi\u00f9 a rischio<\/em>.<\/p>\n<p>La macchina dei soccorsi coordinati dalla <strong>Protezione civile regionale<\/strong> \u00e8 scattata immediatamente con l\u2019invio sul posto di un <strong>drone<\/strong> per la verifica della situazione dell\u2019alto.<\/p>\n<p>Da terra intanto arrivavano sul luogo del disastro le <strong>unit\u00e0 cinofile<\/strong> per la ricerca dei dispersi tra le macerie e <strong>squadre operative di soccorso <\/strong>sia <strong>tecnico<\/strong> che <strong>sanitario<\/strong>.<\/p>\n<p>Il coordinamento delle operazioni \u00e8 stato garantito da una <strong> Sala operativa regionale mobile<\/strong>, sistemata sul piazzale delle bandiere della <strong> Scuola Specialisti dell\u2019Aeronautica Militare<\/strong> accanto ad un campo di accoglienza con nove tende pneumatiche, dove \u00e8 stato dislocato anche il <strong>Posto Medico Avanzato<\/strong> per l\u2019effettuazione del Triage con i codici verdi, gialli e rossi in modo da poter simulare anche il trasporto immediato dei feriti pi\u00f9 gravi, in codice rosso, che sono stati trasferiti presso le strutture ospedaliere pi\u00f9 vicine con un <strong>elicottero HH212<\/strong> del <strong>9\u00b0 Stormo dell\u2019Aeronautica Militare<\/strong> di stanza a Grazzanise (CE).<\/p>\n<p>Un altro elicottero della Protezione civile dotato di un <strong> sistema di spegnimento incendi<\/strong> ha domato le fiamme che sono divampate a causa del terremoto.<\/p>\n<p>Nel corso dell\u2019esercitazione il personale militare e civile ha avuto la possibilit\u00e0 di addestrarsi con <strong>scenari di crisi<\/strong> non riproducibili in altro modo se non con una attivit\u00e0 operativa reale.<\/p>\n<p>Con questa esercitazione la Scuola Specialisti ravviva ulteriormente il rapporto con i cittadini e le Istituzioni del territorio casertano che la ospita fin dalla costituzione dell\u2019Aeronautica Militare, all\u2019inizio degli anni 20 del secolo scorso, quando, accanto all\u2019esigenza di formare i piloti, si ebbe l\u2019esigenza di addestrare gli specialisti del mezzo aereo. La valorizzazione di questo rapporto passer\u00e0 sempre di pi\u00f9 attraverso iniziative ad alta valenza di utilit\u00e0 sociale e di solidariet\u00e0 nello spirito che gi\u00e0 valse alla Scuola Specialisti la medaglia di bronzo al Valor Civile perch\u00e9 &#8211; in occasione del sisma del 1980 &#8211; che colpiva la Basilicata e la Campania, il personale tutto, nonostante le difficolt\u00e0 ambientali, si prodigava, sin dal momento della costituzione dei primi centri operativi, con spirito di abnegazione e grande professionalit\u00e0, intervenendo con uomini e mezzi alle operazioni di soccorso e garantendo, altres\u00ec, il necessario supporto logistico ai servizi essenziali.<\/p>\n","protected":false},"excerpt":{"rendered":"<p>38 anni fa, il 23 novembre 1980 alle 19:34, un minuto e mezzo di terrore rase al suolo paesi interi<\/p>\n","protected":false},"author":1,"featured_media":2391,"comment_status":"closed","ping_status":"open","sticky":false,"template":"","format":"standard","meta":{"colormag_page_container_layout":"default_layout","colormag_page_sidebar_layout":"default_layout","footnotes":""},"categories":[32,4],"tags":[54,1491,1552,1551,235,1550],"class_list":["post-2390","post","type-post","status-publish","format-standard","has-post-thumbnail","hentry","category-prima-pagina","category-istituzioni","tag-aeronautica-militare-italiana","tag-campania","tag-croce-rossa","tag-esercitazione-dedalo-1","tag-protezione-civile-nazionale","tag-terremoto"],"yoast_head":"<!-- This site is optimized with the Yoast SEO plugin v26.8 - https:\/\/yoast.com\/product\/yoast-seo-wordpress\/ -->\n<title>AM: CONCLUSA L&#039;ESERCITAZIONE &quot;DEDALO 1&quot; &#187; Spazio-News Magazine<\/title>\n<meta name=\"description\" content=\"Lo scorso 23 novembre l\u2019AM (Scuola Specialisti e\u00a0 9\u00b0 Stormo), la Protezione Civile e la Croce Rossa hanno partecipato all\u2019esercitazione Dedalo\" \/>\n<meta name=\"robots\" content=\"index, follow, max-snippet:-1, max-image-preview:large, max-video-preview:-1\" \/>\n<link rel=\"canonical\" href=\"http:\/\/spazio-news.it\/?p=2390\" \/>\n<meta property=\"og:locale\" content=\"it_IT\" \/>\n<meta property=\"og:type\" content=\"article\" \/>\n<meta property=\"og:title\" content=\"AM: CONCLUSA L&#039;ESERCITAZIONE &quot;DEDALO 1&quot; &#187; Spazio-News Magazine\" \/>\n<meta property=\"og:description\" content=\"Lo scorso 23 novembre l\u2019AM (Scuola Specialisti e\u00a0 9\u00b0 Stormo), la Protezione Civile e la Croce Rossa hanno partecipato all\u2019esercitazione Dedalo\" \/>\n<meta property=\"og:url\" content=\"http:\/\/spazio-news.it\/?p=2390\" \/>\n<meta property=\"og:site_name\" content=\"Spazio-News Magazine\" \/>\n<meta property=\"article:publisher\" content=\"https:\/\/m.facebook.com\/spazio-news-magazine\" \/>\n<meta property=\"article:author\" content=\"@SpazioNewsMagazine\" \/>\n<meta property=\"article:published_time\" content=\"2018-11-29T03:49:20+00:00\" \/>\n<meta property=\"article:modified_time\" content=\"2019-05-27T19:07:01+00:00\" \/>\n<meta property=\"og:image\" content=\"http:\/\/spazio-news.it\/wp-content\/uploads\/2018\/11\/AM-elicottero-soccorso-esercitazione-HH212-9\u00b0-Stormo.png\" \/>\n\t<meta property=\"og:image:width\" content=\"1024\" \/>\n\t<meta property=\"og:image:height\" content=\"699\" \/>\n\t<meta property=\"og:image:type\" content=\"image\/png\" \/>\n<meta name=\"author\" content=\"Redazione\" \/>\n<meta name=\"twitter:card\" content=\"summary_large_image\" \/>\n<meta name=\"twitter:creator\" content=\"@news_spazio\" \/>\n<meta name=\"twitter:site\" content=\"@News_spazio\" \/>\n<meta name=\"twitter:label1\" content=\"Scritto da\" \/>\n\t<meta name=\"twitter:data1\" content=\"Redazione\" \/>\n\t<meta name=\"twitter:label2\" content=\"Tempo di lettura stimato\" \/>\n\t<meta name=\"twitter:data2\" content=\"3 minuti\" \/>\n<script type=\"application\/ld+json\" class=\"yoast-schema-graph\">{\"@context\":\"https:\/\/schema.org\",\"@graph\":[{\"@type\":\"NewsArticle\",\"@id\":\"http:\/\/spazio-news.it\/?p=2390#article\",\"isPartOf\":{\"@id\":\"http:\/\/spazio-news.it\/?p=2390\"},\"author\":{\"name\":\"Redazione\",\"@id\":\"https:\/\/spazio-news.it\/#\/schema\/person\/c600904e882e9e166ed8e5e3773d37b3\"},\"headline\":\"AM: CONCLUSA L&#8217;ESERCITAZIONE &#8220;DEDALO 1&#8221;\",\"datePublished\":\"2018-11-29T03:49:20+00:00\",\"dateModified\":\"2019-05-27T19:07:01+00:00\",\"mainEntityOfPage\":{\"@id\":\"http:\/\/spazio-news.it\/?p=2390\"},\"wordCount\":650,\"publisher\":{\"@id\":\"https:\/\/spazio-news.it\/#organization\"},\"image\":{\"@id\":\"http:\/\/spazio-news.it\/?p=2390#primaryimage\"},\"thumbnailUrl\":\"http:\/\/spazio-news.it\/wp-content\/uploads\/2018\/11\/AM-elicottero-soccorso-esercitazione-HH212-9\u00b0-Stormo.png\",\"keywords\":[\"Aeronautica Militare Italiana\",\"Campania\",\"Croce Rossa\",\"Esercitazione Dedalo 1\",\"Protezione Civile Nazionale\",\"Terremoto\"],\"articleSection\":[\"01 - PRIMA PAGINA\",\"03 - ISTITUZIONI\"],\"inLanguage\":\"it-IT\"},{\"@type\":\"WebPage\",\"@id\":\"http:\/\/spazio-news.it\/?p=2390\",\"url\":\"http:\/\/spazio-news.it\/?p=2390\",\"name\":\"AM: CONCLUSA L'ESERCITAZIONE \\\"DEDALO 1\\\" &#187; Spazio-News Magazine\",\"isPartOf\":{\"@id\":\"https:\/\/spazio-news.it\/#website\"},\"primaryImageOfPage\":{\"@id\":\"http:\/\/spazio-news.it\/?p=2390#primaryimage\"},\"image\":{\"@id\":\"http:\/\/spazio-news.it\/?p=2390#primaryimage\"},\"thumbnailUrl\":\"http:\/\/spazio-news.it\/wp-content\/uploads\/2018\/11\/AM-elicottero-soccorso-esercitazione-HH212-9\u00b0-Stormo.png\",\"datePublished\":\"2018-11-29T03:49:20+00:00\",\"dateModified\":\"2019-05-27T19:07:01+00:00\",\"description\":\"Lo scorso 23 novembre l\u2019AM (Scuola Specialisti e\u00a0 9\u00b0 Stormo), la Protezione Civile e la Croce Rossa hanno partecipato all\u2019esercitazione Dedalo\",\"breadcrumb\":{\"@id\":\"http:\/\/spazio-news.it\/?p=2390#breadcrumb\"},\"inLanguage\":\"it-IT\",\"potentialAction\":[{\"@type\":\"ReadAction\",\"target\":[\"http:\/\/spazio-news.it\/?p=2390\"]}]},{\"@type\":\"ImageObject\",\"inLanguage\":\"it-IT\",\"@id\":\"http:\/\/spazio-news.it\/?p=2390#primaryimage\",\"url\":\"http:\/\/spazio-news.it\/wp-content\/uploads\/2018\/11\/AM-elicottero-soccorso-esercitazione-HH212-9\u00b0-Stormo.png\",\"contentUrl\":\"http:\/\/spazio-news.it\/wp-content\/uploads\/2018\/11\/AM-elicottero-soccorso-esercitazione-HH212-9\u00b0-Stormo.png\",\"width\":1024,\"height\":699,\"caption\":\"AM elicottero soccorso esercitazione HH212 9\u00b0 Stormo\"},{\"@type\":\"BreadcrumbList\",\"@id\":\"http:\/\/spazio-news.it\/?p=2390#breadcrumb\",\"itemListElement\":[{\"@type\":\"ListItem\",\"position\":1,\"name\":\"Home\",\"item\":\"https:\/\/spazio-news.it\/\"},{\"@type\":\"ListItem\",\"position\":2,\"name\":\"AM: CONCLUSA L&#8217;ESERCITAZIONE &#8220;DEDALO 1&#8221;\"}]},{\"@type\":\"WebSite\",\"@id\":\"https:\/\/spazio-news.it\/#website\",\"url\":\"https:\/\/spazio-news.it\/\",\"name\":\"Spazio-News Magazine\",\"description\":\"La guida che sfida la complessit\u00e0 del mondo industriale\",\"publisher\":{\"@id\":\"https:\/\/spazio-news.it\/#organization\"},\"alternateName\":\"Spazio-news.it\",\"potentialAction\":[{\"@type\":\"SearchAction\",\"target\":{\"@type\":\"EntryPoint\",\"urlTemplate\":\"https:\/\/spazio-news.it\/?s={search_term_string}\"},\"query-input\":{\"@type\":\"PropertyValueSpecification\",\"valueRequired\":true,\"valueName\":\"search_term_string\"}}],\"inLanguage\":\"it-IT\"},{\"@type\":\"Organization\",\"@id\":\"https:\/\/spazio-news.it\/#organization\",\"name\":\"Spazio-News Magazine\",\"url\":\"https:\/\/spazio-news.it\/\",\"logo\":{\"@type\":\"ImageObject\",\"inLanguage\":\"it-IT\",\"@id\":\"https:\/\/spazio-news.it\/#\/schema\/logo\/image\/\",\"url\":\"http:\/\/spazio-news.it\/wp-content\/uploads\/2023\/09\/Logo-Spazio-News-512-x-512-NO-testo.jpg\",\"contentUrl\":\"http:\/\/spazio-news.it\/wp-content\/uploads\/2023\/09\/Logo-Spazio-News-512-x-512-NO-testo.jpg\",\"width\":512,\"height\":512,\"caption\":\"Spazio-News Magazine\"},\"image\":{\"@id\":\"https:\/\/spazio-news.it\/#\/schema\/logo\/image\/\"},\"sameAs\":[\"https:\/\/m.facebook.com\/spazio-news-magazine\",\"https:\/\/x.com\/News_spazio\"]},{\"@type\":\"Person\",\"@id\":\"https:\/\/spazio-news.it\/#\/schema\/person\/c600904e882e9e166ed8e5e3773d37b3\",\"name\":\"Redazione\",\"sameAs\":[\"http:\/\/spazio-news.it\",\"@SpazioNewsMagazine\",\"https:\/\/x.com\/@news_spazio\"],\"url\":\"http:\/\/spazio-news.it\/?author=1\"}]}<\/script>\n<!-- \/ Yoast SEO plugin. -->","yoast_head_json":{"title":"AM: CONCLUSA L'ESERCITAZIONE \"DEDALO 1\" &#187; Spazio-News Magazine","description":"Lo scorso 23 novembre l\u2019AM (Scuola Specialisti e\u00a0 9\u00b0 Stormo), la Protezione Civile e la Croce Rossa hanno partecipato all\u2019esercitazione Dedalo","robots":{"index":"index","follow":"follow","max-snippet":"max-snippet:-1","max-image-preview":"max-image-preview:large","max-video-preview":"max-video-preview:-1"},"canonical":"http:\/\/spazio-news.it\/?p=2390","og_locale":"it_IT","og_type":"article","og_title":"AM: CONCLUSA L'ESERCITAZIONE \"DEDALO 1\" &#187; Spazio-News Magazine","og_description":"Lo scorso 23 novembre l\u2019AM (Scuola Specialisti e\u00a0 9\u00b0 Stormo), la Protezione Civile e la Croce Rossa hanno partecipato all\u2019esercitazione Dedalo","og_url":"http:\/\/spazio-news.it\/?p=2390","og_site_name":"Spazio-News Magazine","article_publisher":"https:\/\/m.facebook.com\/spazio-news-magazine","article_author":"@SpazioNewsMagazine","article_published_time":"2018-11-29T03:49:20+00:00","article_modified_time":"2019-05-27T19:07:01+00:00","og_image":[{"width":1024,"height":699,"url":"http:\/\/spazio-news.it\/wp-content\/uploads\/2018\/11\/AM-elicottero-soccorso-esercitazione-HH212-9\u00b0-Stormo.png","type":"image\/png"}],"author":"Redazione","twitter_card":"summary_large_image","twitter_creator":"@news_spazio","twitter_site":"@News_spazio","twitter_misc":{"Scritto da":"Redazione","Tempo di lettura stimato":"3 minuti"},"schema":{"@context":"https:\/\/schema.org","@graph":[{"@type":"NewsArticle","@id":"http:\/\/spazio-news.it\/?p=2390#article","isPartOf":{"@id":"http:\/\/spazio-news.it\/?p=2390"},"author":{"name":"Redazione","@id":"https:\/\/spazio-news.it\/#\/schema\/person\/c600904e882e9e166ed8e5e3773d37b3"},"headline":"AM: CONCLUSA L&#8217;ESERCITAZIONE &#8220;DEDALO 1&#8221;","datePublished":"2018-11-29T03:49:20+00:00","dateModified":"2019-05-27T19:07:01+00:00","mainEntityOfPage":{"@id":"http:\/\/spazio-news.it\/?p=2390"},"wordCount":650,"publisher":{"@id":"https:\/\/spazio-news.it\/#organization"},"image":{"@id":"http:\/\/spazio-news.it\/?p=2390#primaryimage"},"thumbnailUrl":"http:\/\/spazio-news.it\/wp-content\/uploads\/2018\/11\/AM-elicottero-soccorso-esercitazione-HH212-9\u00b0-Stormo.png","keywords":["Aeronautica Militare Italiana","Campania","Croce Rossa","Esercitazione Dedalo 1","Protezione Civile Nazionale","Terremoto"],"articleSection":["01 - PRIMA PAGINA","03 - ISTITUZIONI"],"inLanguage":"it-IT"},{"@type":"WebPage","@id":"http:\/\/spazio-news.it\/?p=2390","url":"http:\/\/spazio-news.it\/?p=2390","name":"AM: CONCLUSA L'ESERCITAZIONE \"DEDALO 1\" &#187; Spazio-News Magazine","isPartOf":{"@id":"https:\/\/spazio-news.it\/#website"},"primaryImageOfPage":{"@id":"http:\/\/spazio-news.it\/?p=2390#primaryimage"},"image":{"@id":"http:\/\/spazio-news.it\/?p=2390#primaryimage"},"thumbnailUrl":"http:\/\/spazio-news.it\/wp-content\/uploads\/2018\/11\/AM-elicottero-soccorso-esercitazione-HH212-9\u00b0-Stormo.png","datePublished":"2018-11-29T03:49:20+00:00","dateModified":"2019-05-27T19:07:01+00:00","description":"Lo scorso 23 novembre l\u2019AM (Scuola Specialisti e\u00a0 9\u00b0 Stormo), la Protezione Civile e la Croce Rossa hanno partecipato all\u2019esercitazione Dedalo","breadcrumb":{"@id":"http:\/\/spazio-news.it\/?p=2390#breadcrumb"},"inLanguage":"it-IT","potentialAction":[{"@type":"ReadAction","target":["http:\/\/spazio-news.it\/?p=2390"]}]},{"@type":"ImageObject","inLanguage":"it-IT","@id":"http:\/\/spazio-news.it\/?p=2390#primaryimage","url":"http:\/\/spazio-news.it\/wp-content\/uploads\/2018\/11\/AM-elicottero-soccorso-esercitazione-HH212-9\u00b0-Stormo.png","contentUrl":"http:\/\/spazio-news.it\/wp-content\/uploads\/2018\/11\/AM-elicottero-soccorso-esercitazione-HH212-9\u00b0-Stormo.png","width":1024,"height":699,"caption":"AM elicottero soccorso esercitazione HH212 9\u00b0 Stormo"},{"@type":"BreadcrumbList","@id":"http:\/\/spazio-news.it\/?p=2390#breadcrumb","itemListElement":[{"@type":"ListItem","position":1,"name":"Home","item":"https:\/\/spazio-news.it\/"},{"@type":"ListItem","position":2,"name":"AM: CONCLUSA L&#8217;ESERCITAZIONE &#8220;DEDALO 1&#8221;"}]},{"@type":"WebSite","@id":"https:\/\/spazio-news.it\/#website","url":"https:\/\/spazio-news.it\/","name":"Spazio-News Magazine","description":"La guida che sfida la complessit\u00e0 del mondo industriale","publisher":{"@id":"https:\/\/spazio-news.it\/#organization"},"alternateName":"Spazio-news.it","potentialAction":[{"@type":"SearchAction","target":{"@type":"EntryPoint","urlTemplate":"https:\/\/spazio-news.it\/?s={search_term_string}"},"query-input":{"@type":"PropertyValueSpecification","valueRequired":true,"valueName":"search_term_string"}}],"inLanguage":"it-IT"},{"@type":"Organization","@id":"https:\/\/spazio-news.it\/#organization","name":"Spazio-News Magazine","url":"https:\/\/spazio-news.it\/","logo":{"@type":"ImageObject","inLanguage":"it-IT","@id":"https:\/\/spazio-news.it\/#\/schema\/logo\/image\/","url":"http:\/\/spazio-news.it\/wp-content\/uploads\/2023\/09\/Logo-Spazio-News-512-x-512-NO-testo.jpg","contentUrl":"http:\/\/spazio-news.it\/wp-content\/uploads\/2023\/09\/Logo-Spazio-News-512-x-512-NO-testo.jpg","width":512,"height":512,"caption":"Spazio-News Magazine"},"image":{"@id":"https:\/\/spazio-news.it\/#\/schema\/logo\/image\/"},"sameAs":["https:\/\/m.facebook.com\/spazio-news-magazine","https:\/\/x.com\/News_spazio"]},{"@type":"Person","@id":"https:\/\/spazio-news.it\/#\/schema\/person\/c600904e882e9e166ed8e5e3773d37b3","name":"Redazione","sameAs":["http:\/\/spazio-news.it","@SpazioNewsMagazine","https:\/\/x.com\/@news_spazio"],"url":"http:\/\/spazio-news.it\/?author=1"}]}},"_links":{"self":[{"href":"http:\/\/spazio-news.it\/index.php?rest_route=\/wp\/v2\/posts\/2390","targetHints":{"allow":["GET"]}}],"collection":[{"href":"http:\/\/spazio-news.it\/index.php?rest_route=\/wp\/v2\/posts"}],"about":[{"href":"http:\/\/spazio-news.it\/index.php?rest_route=\/wp\/v2\/types\/post"}],"author":[{"embeddable":true,"href":"http:\/\/spazio-news.it\/index.php?rest_route=\/wp\/v2\/users\/1"}],"replies":[{"embeddable":true,"href":"http:\/\/spazio-news.it\/index.php?rest_route=%2Fwp%2Fv2%2Fcomments&post=2390"}],"version-history":[{"count":3,"href":"http:\/\/spazio-news.it\/index.php?rest_route=\/wp\/v2\/posts\/2390\/revisions"}],"predecessor-version":[{"id":4647,"href":"http:\/\/spazio-news.it\/index.php?rest_route=\/wp\/v2\/posts\/2390\/revisions\/4647"}],"wp:featuredmedia":[{"embeddable":true,"href":"http:\/\/spazio-news.it\/index.php?rest_route=\/wp\/v2\/media\/2391"}],"wp:attachment":[{"href":"http:\/\/spazio-news.it\/index.php?rest_route=%2Fwp%2Fv2%2Fmedia&parent=2390"}],"wp:term":[{"taxonomy":"category","embeddable":true,"href":"http:\/\/spazio-news.it\/index.php?rest_route=%2Fwp%2Fv2%2Fcategories&post=2390"},{"taxonomy":"post_tag","embeddable":true,"href":"http:\/\/spazio-news.it\/index.php?rest_route=%2Fwp%2Fv2%2Ftags&post=2390"}],"curies":[{"name":"wp","href":"https:\/\/api.w.org\/{rel}","templated":true}]}}