{"id":2405,"date":"2018-11-29T09:53:43","date_gmt":"2018-11-29T08:53:43","guid":{"rendered":"http:\/\/spazio-news.it\/?p=2405"},"modified":"2018-11-28T10:08:55","modified_gmt":"2018-11-28T09:08:55","slug":"aerdorica-pubblicato-bando-per-ricerca-socio-privato","status":"publish","type":"post","link":"http:\/\/spazio-news.it\/?p=2405","title":{"rendered":"AERDORICA: PUBBLICATO BANDO PER RICERCA SOCIO PRIVATO"},"content":{"rendered":"<p>\u00c8 stato pubblicato in Gazzetta Ufficiale il bando per la selezione del socio privato di <strong>Aerdorica<\/strong> nella gestione dell\u2019<a href=\"http:\/\/aeroportomarche.regione.marche.it\/\" rel=\"noopener\" target=\"_blank\">Aeroporto di Ancona<\/a>. L&#8217;importo dell&#8217;aumento di capitale sociale da parte dell&#8217;investitore privato \u00e8 stato stimato non inferiore a 15 milioni di euro. <\/p>\n<p>Il socio privato potr\u00e0 entrare nella compagine attraverso la sottoscrizione dell&#8217;aumento di capitale solo se, e nella misura in cui, dopo l&#8217;aggiudicazione della gara si siano verificate le seguenti condizioni: autorizzazione della Commissione europea alla sottoscrizione dell&#8217;aumento di capitale sociale di 25 milioni da parte della Regione Marche; ricostruzione del capitale residuo; decreto di omologa del concordato preventivo da parte del Tribunale di Ancona. <\/p>\n<p><em>\u201cChi entrer\u00e0 in Aerdorica, dopo l&#8217;omologa del concordato preventivo<\/em> \u2013 ha dichiarato il presidente <strong>Luca Ceriscioli<\/strong> &#8211; <em>potr\u00e0 contare su una societ\u00e0 sostanzialmente libera dai debiti, anche grazie ai 25 milioni di aumento di capitale sociale previsti dalla Legge Regionale. Quindi si tratta di individuare un partner industriale ancor pi\u00f9 che finanziario, perch\u00e9 ci sta a cuore che lo scalo torni in salute e sviluppi tutte le sue potenzialit\u00e0\u201d<\/em>.<\/p>\n<p>Il bando &#8211; scaricabile dal <a href=\"http:\/\/aeroportomarche.regione.marche.it\/\" rel=\"noopener\" target=\"_blank\">sito Internet di Aerdorica<\/a> &#8211; \u00e8 aperto ai soggetti con capitale sociale non inferiore a 200 mila euro e l&#8217;offerta deve contenere una fideiussione di 600 mila euro. Il termine ultimo per la presentazione delle offerte \u00e8 stato fissato alle ore 13 del 4 gennaio 2019. <\/p>\n","protected":false},"excerpt":{"rendered":"<p>\u00c8 stato pubblicato in Gazzetta Ufficiale il bando per la selezione del socio privato di Aerdorica nella gestione dell\u2019Aeroporto di<\/p>\n","protected":false},"author":1,"featured_media":2406,"comment_status":"closed","ping_status":"open","sticky":false,"template":"","format":"standard","meta":{"colormag_page_container_layout":"default_layout","colormag_page_sidebar_layout":"default_layout","footnotes":""},"categories":[32,3],"tags":[1564,28,1563,1565],"class_list":["post-2405","post","type-post","status-publish","format-standard","has-post-thumbnail","hentry","category-prima-pagina","category-industria","tag-aerdorica","tag-aeroporti","tag-aeroporto-delle-marche","tag-luca-ceriscioli"],"yoast_head":"<!-- This site is optimized with the Yoast SEO plugin v26.8 - https:\/\/yoast.com\/product\/yoast-seo-wordpress\/ -->\n<title>AERDORICA: PUBBLICATO BANDO PER RICERCA SOCIO PRIVATO &#187; Spazio-News Magazine<\/title>\n<meta name=\"description\" content=\"Pubblicato in Gazzetta ufficiale il bando per la selezione del socio privato di Aerdorica nella gestione dell&#039;Aeroporto delle Marche\" \/>\n<meta name=\"robots\" content=\"index, follow, max-snippet:-1, max-image-preview:large, max-video-preview:-1\" \/>\n<link rel=\"canonical\" href=\"http:\/\/spazio-news.it\/?p=2405\" \/>\n<meta property=\"og:locale\" content=\"it_IT\" \/>\n<meta property=\"og:type\" content=\"article\" \/>\n<meta property=\"og:title\" content=\"AERDORICA: PUBBLICATO BANDO PER RICERCA SOCIO PRIVATO &#187; Spazio-News Magazine\" \/>\n<meta property=\"og:description\" content=\"Pubblicato in Gazzetta ufficiale il bando per la selezione del socio privato di Aerdorica nella gestione dell&#039;Aeroporto delle Marche\" \/>\n<meta property=\"og:url\" content=\"http:\/\/spazio-news.it\/?p=2405\" \/>\n<meta property=\"og:site_name\" content=\"Spazio-News Magazine\" \/>\n<meta property=\"article:publisher\" content=\"https:\/\/m.facebook.com\/spazio-news-magazine\" \/>\n<meta property=\"article:author\" content=\"@SpazioNewsMagazine\" \/>\n<meta property=\"article:published_time\" content=\"2018-11-29T08:53:43+00:00\" \/>\n<meta property=\"og:image\" content=\"http:\/\/spazio-news.it\/wp-content\/uploads\/2018\/11\/aeroporto_industria_Spazio-news.jpg\" \/>\n\t<meta property=\"og:image:width\" content=\"800\" \/>\n\t<meta property=\"og:image:height\" content=\"488\" \/>\n\t<meta property=\"og:image:type\" content=\"image\/jpeg\" \/>\n<meta name=\"author\" content=\"Redazione\" \/>\n<meta name=\"twitter:card\" content=\"summary_large_image\" \/>\n<meta name=\"twitter:creator\" content=\"@news_spazio\" \/>\n<meta name=\"twitter:site\" content=\"@News_spazio\" \/>\n<meta name=\"twitter:label1\" content=\"Scritto da\" \/>\n\t<meta name=\"twitter:data1\" content=\"Redazione\" \/>\n\t<meta name=\"twitter:label2\" content=\"Tempo di lettura stimato\" \/>\n\t<meta name=\"twitter:data2\" content=\"1 minuto\" \/>\n<script type=\"application\/ld+json\" class=\"yoast-schema-graph\">{\"@context\":\"https:\/\/schema.org\",\"@graph\":[{\"@type\":\"NewsArticle\",\"@id\":\"http:\/\/spazio-news.it\/?p=2405#article\",\"isPartOf\":{\"@id\":\"http:\/\/spazio-news.it\/?p=2405\"},\"author\":{\"name\":\"Redazione\",\"@id\":\"https:\/\/spazio-news.it\/#\/schema\/person\/c600904e882e9e166ed8e5e3773d37b3\"},\"headline\":\"AERDORICA: PUBBLICATO BANDO PER RICERCA SOCIO PRIVATO\",\"datePublished\":\"2018-11-29T08:53:43+00:00\",\"mainEntityOfPage\":{\"@id\":\"http:\/\/spazio-news.it\/?p=2405\"},\"wordCount\":227,\"publisher\":{\"@id\":\"https:\/\/spazio-news.it\/#organization\"},\"image\":{\"@id\":\"http:\/\/spazio-news.it\/?p=2405#primaryimage\"},\"thumbnailUrl\":\"http:\/\/spazio-news.it\/wp-content\/uploads\/2018\/11\/aeroporto_industria_Spazio-news.jpg\",\"keywords\":[\"Aerdorica\",\"aeroporti\",\"Aeroporto delle Marche\",\"Luca Ceriscioli\"],\"articleSection\":[\"01 - PRIMA PAGINA\",\"02 - INDUSTRIA\"],\"inLanguage\":\"it-IT\"},{\"@type\":\"WebPage\",\"@id\":\"http:\/\/spazio-news.it\/?p=2405\",\"url\":\"http:\/\/spazio-news.it\/?p=2405\",\"name\":\"AERDORICA: PUBBLICATO BANDO PER RICERCA SOCIO PRIVATO &#187; Spazio-News Magazine\",\"isPartOf\":{\"@id\":\"https:\/\/spazio-news.it\/#website\"},\"primaryImageOfPage\":{\"@id\":\"http:\/\/spazio-news.it\/?p=2405#primaryimage\"},\"image\":{\"@id\":\"http:\/\/spazio-news.it\/?p=2405#primaryimage\"},\"thumbnailUrl\":\"http:\/\/spazio-news.it\/wp-content\/uploads\/2018\/11\/aeroporto_industria_Spazio-news.jpg\",\"datePublished\":\"2018-11-29T08:53:43+00:00\",\"description\":\"Pubblicato in Gazzetta ufficiale il bando per la selezione del socio privato di Aerdorica nella gestione dell'Aeroporto delle Marche\",\"breadcrumb\":{\"@id\":\"http:\/\/spazio-news.it\/?p=2405#breadcrumb\"},\"inLanguage\":\"it-IT\",\"potentialAction\":[{\"@type\":\"ReadAction\",\"target\":[\"http:\/\/spazio-news.it\/?p=2405\"]}]},{\"@type\":\"ImageObject\",\"inLanguage\":\"it-IT\",\"@id\":\"http:\/\/spazio-news.it\/?p=2405#primaryimage\",\"url\":\"http:\/\/spazio-news.it\/wp-content\/uploads\/2018\/11\/aeroporto_industria_Spazio-news.jpg\",\"contentUrl\":\"http:\/\/spazio-news.it\/wp-content\/uploads\/2018\/11\/aeroporto_industria_Spazio-news.jpg\",\"width\":800,\"height\":488,\"caption\":\"aeroporto_industria_Spazio-news\"},{\"@type\":\"BreadcrumbList\",\"@id\":\"http:\/\/spazio-news.it\/?p=2405#breadcrumb\",\"itemListElement\":[{\"@type\":\"ListItem\",\"position\":1,\"name\":\"Home\",\"item\":\"https:\/\/spazio-news.it\/\"},{\"@type\":\"ListItem\",\"position\":2,\"name\":\"AERDORICA: PUBBLICATO BANDO PER RICERCA SOCIO PRIVATO\"}]},{\"@type\":\"WebSite\",\"@id\":\"https:\/\/spazio-news.it\/#website\",\"url\":\"https:\/\/spazio-news.it\/\",\"name\":\"Spazio-News Magazine\",\"description\":\"La guida che sfida la complessit\u00e0 del mondo industriale\",\"publisher\":{\"@id\":\"https:\/\/spazio-news.it\/#organization\"},\"alternateName\":\"Spazio-news.it\",\"potentialAction\":[{\"@type\":\"SearchAction\",\"target\":{\"@type\":\"EntryPoint\",\"urlTemplate\":\"https:\/\/spazio-news.it\/?s={search_term_string}\"},\"query-input\":{\"@type\":\"PropertyValueSpecification\",\"valueRequired\":true,\"valueName\":\"search_term_string\"}}],\"inLanguage\":\"it-IT\"},{\"@type\":\"Organization\",\"@id\":\"https:\/\/spazio-news.it\/#organization\",\"name\":\"Spazio-News Magazine\",\"url\":\"https:\/\/spazio-news.it\/\",\"logo\":{\"@type\":\"ImageObject\",\"inLanguage\":\"it-IT\",\"@id\":\"https:\/\/spazio-news.it\/#\/schema\/logo\/image\/\",\"url\":\"http:\/\/spazio-news.it\/wp-content\/uploads\/2023\/09\/Logo-Spazio-News-512-x-512-NO-testo.jpg\",\"contentUrl\":\"http:\/\/spazio-news.it\/wp-content\/uploads\/2023\/09\/Logo-Spazio-News-512-x-512-NO-testo.jpg\",\"width\":512,\"height\":512,\"caption\":\"Spazio-News Magazine\"},\"image\":{\"@id\":\"https:\/\/spazio-news.it\/#\/schema\/logo\/image\/\"},\"sameAs\":[\"https:\/\/m.facebook.com\/spazio-news-magazine\",\"https:\/\/x.com\/News_spazio\"]},{\"@type\":\"Person\",\"@id\":\"https:\/\/spazio-news.it\/#\/schema\/person\/c600904e882e9e166ed8e5e3773d37b3\",\"name\":\"Redazione\",\"sameAs\":[\"http:\/\/spazio-news.it\",\"@SpazioNewsMagazine\",\"https:\/\/x.com\/@news_spazio\"],\"url\":\"http:\/\/spazio-news.it\/?author=1\"}]}<\/script>\n<!-- \/ Yoast SEO plugin. -->","yoast_head_json":{"title":"AERDORICA: PUBBLICATO BANDO PER RICERCA SOCIO PRIVATO &#187; Spazio-News Magazine","description":"Pubblicato in Gazzetta ufficiale il bando per la selezione del socio privato di Aerdorica nella gestione dell'Aeroporto delle Marche","robots":{"index":"index","follow":"follow","max-snippet":"max-snippet:-1","max-image-preview":"max-image-preview:large","max-video-preview":"max-video-preview:-1"},"canonical":"http:\/\/spazio-news.it\/?p=2405","og_locale":"it_IT","og_type":"article","og_title":"AERDORICA: PUBBLICATO BANDO PER RICERCA SOCIO PRIVATO &#187; Spazio-News Magazine","og_description":"Pubblicato in Gazzetta ufficiale il bando per la selezione del socio privato di Aerdorica nella gestione dell'Aeroporto delle Marche","og_url":"http:\/\/spazio-news.it\/?p=2405","og_site_name":"Spazio-News Magazine","article_publisher":"https:\/\/m.facebook.com\/spazio-news-magazine","article_author":"@SpazioNewsMagazine","article_published_time":"2018-11-29T08:53:43+00:00","og_image":[{"width":800,"height":488,"url":"http:\/\/spazio-news.it\/wp-content\/uploads\/2018\/11\/aeroporto_industria_Spazio-news.jpg","type":"image\/jpeg"}],"author":"Redazione","twitter_card":"summary_large_image","twitter_creator":"@news_spazio","twitter_site":"@News_spazio","twitter_misc":{"Scritto da":"Redazione","Tempo di lettura stimato":"1 minuto"},"schema":{"@context":"https:\/\/schema.org","@graph":[{"@type":"NewsArticle","@id":"http:\/\/spazio-news.it\/?p=2405#article","isPartOf":{"@id":"http:\/\/spazio-news.it\/?p=2405"},"author":{"name":"Redazione","@id":"https:\/\/spazio-news.it\/#\/schema\/person\/c600904e882e9e166ed8e5e3773d37b3"},"headline":"AERDORICA: PUBBLICATO BANDO PER RICERCA SOCIO PRIVATO","datePublished":"2018-11-29T08:53:43+00:00","mainEntityOfPage":{"@id":"http:\/\/spazio-news.it\/?p=2405"},"wordCount":227,"publisher":{"@id":"https:\/\/spazio-news.it\/#organization"},"image":{"@id":"http:\/\/spazio-news.it\/?p=2405#primaryimage"},"thumbnailUrl":"http:\/\/spazio-news.it\/wp-content\/uploads\/2018\/11\/aeroporto_industria_Spazio-news.jpg","keywords":["Aerdorica","aeroporti","Aeroporto delle Marche","Luca Ceriscioli"],"articleSection":["01 - PRIMA PAGINA","02 - INDUSTRIA"],"inLanguage":"it-IT"},{"@type":"WebPage","@id":"http:\/\/spazio-news.it\/?p=2405","url":"http:\/\/spazio-news.it\/?p=2405","name":"AERDORICA: PUBBLICATO BANDO PER RICERCA SOCIO PRIVATO &#187; Spazio-News Magazine","isPartOf":{"@id":"https:\/\/spazio-news.it\/#website"},"primaryImageOfPage":{"@id":"http:\/\/spazio-news.it\/?p=2405#primaryimage"},"image":{"@id":"http:\/\/spazio-news.it\/?p=2405#primaryimage"},"thumbnailUrl":"http:\/\/spazio-news.it\/wp-content\/uploads\/2018\/11\/aeroporto_industria_Spazio-news.jpg","datePublished":"2018-11-29T08:53:43+00:00","description":"Pubblicato in Gazzetta ufficiale il bando per la selezione del socio privato di Aerdorica nella gestione dell'Aeroporto delle Marche","breadcrumb":{"@id":"http:\/\/spazio-news.it\/?p=2405#breadcrumb"},"inLanguage":"it-IT","potentialAction":[{"@type":"ReadAction","target":["http:\/\/spazio-news.it\/?p=2405"]}]},{"@type":"ImageObject","inLanguage":"it-IT","@id":"http:\/\/spazio-news.it\/?p=2405#primaryimage","url":"http:\/\/spazio-news.it\/wp-content\/uploads\/2018\/11\/aeroporto_industria_Spazio-news.jpg","contentUrl":"http:\/\/spazio-news.it\/wp-content\/uploads\/2018\/11\/aeroporto_industria_Spazio-news.jpg","width":800,"height":488,"caption":"aeroporto_industria_Spazio-news"},{"@type":"BreadcrumbList","@id":"http:\/\/spazio-news.it\/?p=2405#breadcrumb","itemListElement":[{"@type":"ListItem","position":1,"name":"Home","item":"https:\/\/spazio-news.it\/"},{"@type":"ListItem","position":2,"name":"AERDORICA: PUBBLICATO BANDO PER RICERCA SOCIO PRIVATO"}]},{"@type":"WebSite","@id":"https:\/\/spazio-news.it\/#website","url":"https:\/\/spazio-news.it\/","name":"Spazio-News Magazine","description":"La guida che sfida la complessit\u00e0 del mondo industriale","publisher":{"@id":"https:\/\/spazio-news.it\/#organization"},"alternateName":"Spazio-news.it","potentialAction":[{"@type":"SearchAction","target":{"@type":"EntryPoint","urlTemplate":"https:\/\/spazio-news.it\/?s={search_term_string}"},"query-input":{"@type":"PropertyValueSpecification","valueRequired":true,"valueName":"search_term_string"}}],"inLanguage":"it-IT"},{"@type":"Organization","@id":"https:\/\/spazio-news.it\/#organization","name":"Spazio-News Magazine","url":"https:\/\/spazio-news.it\/","logo":{"@type":"ImageObject","inLanguage":"it-IT","@id":"https:\/\/spazio-news.it\/#\/schema\/logo\/image\/","url":"http:\/\/spazio-news.it\/wp-content\/uploads\/2023\/09\/Logo-Spazio-News-512-x-512-NO-testo.jpg","contentUrl":"http:\/\/spazio-news.it\/wp-content\/uploads\/2023\/09\/Logo-Spazio-News-512-x-512-NO-testo.jpg","width":512,"height":512,"caption":"Spazio-News Magazine"},"image":{"@id":"https:\/\/spazio-news.it\/#\/schema\/logo\/image\/"},"sameAs":["https:\/\/m.facebook.com\/spazio-news-magazine","https:\/\/x.com\/News_spazio"]},{"@type":"Person","@id":"https:\/\/spazio-news.it\/#\/schema\/person\/c600904e882e9e166ed8e5e3773d37b3","name":"Redazione","sameAs":["http:\/\/spazio-news.it","@SpazioNewsMagazine","https:\/\/x.com\/@news_spazio"],"url":"http:\/\/spazio-news.it\/?author=1"}]}},"_links":{"self":[{"href":"http:\/\/spazio-news.it\/index.php?rest_route=\/wp\/v2\/posts\/2405","targetHints":{"allow":["GET"]}}],"collection":[{"href":"http:\/\/spazio-news.it\/index.php?rest_route=\/wp\/v2\/posts"}],"about":[{"href":"http:\/\/spazio-news.it\/index.php?rest_route=\/wp\/v2\/types\/post"}],"author":[{"embeddable":true,"href":"http:\/\/spazio-news.it\/index.php?rest_route=\/wp\/v2\/users\/1"}],"replies":[{"embeddable":true,"href":"http:\/\/spazio-news.it\/index.php?rest_route=%2Fwp%2Fv2%2Fcomments&post=2405"}],"version-history":[{"count":1,"href":"http:\/\/spazio-news.it\/index.php?rest_route=\/wp\/v2\/posts\/2405\/revisions"}],"predecessor-version":[{"id":2407,"href":"http:\/\/spazio-news.it\/index.php?rest_route=\/wp\/v2\/posts\/2405\/revisions\/2407"}],"wp:featuredmedia":[{"embeddable":true,"href":"http:\/\/spazio-news.it\/index.php?rest_route=\/wp\/v2\/media\/2406"}],"wp:attachment":[{"href":"http:\/\/spazio-news.it\/index.php?rest_route=%2Fwp%2Fv2%2Fmedia&parent=2405"}],"wp:term":[{"taxonomy":"category","embeddable":true,"href":"http:\/\/spazio-news.it\/index.php?rest_route=%2Fwp%2Fv2%2Fcategories&post=2405"},{"taxonomy":"post_tag","embeddable":true,"href":"http:\/\/spazio-news.it\/index.php?rest_route=%2Fwp%2Fv2%2Ftags&post=2405"}],"curies":[{"name":"wp","href":"https:\/\/api.w.org\/{rel}","templated":true}]}}