{"id":2429,"date":"2018-11-30T05:42:27","date_gmt":"2018-11-30T04:42:27","guid":{"rendered":"http:\/\/spazio-news.it\/?p=2429"},"modified":"2019-05-27T20:06:59","modified_gmt":"2019-05-27T19:06:59","slug":"difesa-esercito-forza-nec-conclusa-la-ii-sio-2018","status":"publish","type":"post","link":"http:\/\/spazio-news.it\/?p=2429","title":{"rendered":"DIFESA, ESERCITO &#8211; FORZA NEC: CONCLUSA LA II SIO 2018"},"content":{"rendered":"<p>Il  Ministro della Difesa, Elisabetta Trenta, ha partecipato alla seconda <strong>Sessione di Integrazione Operativa &#8211; SIO 2018<\/strong> condotta dalle unit\u00e0 dell\u2019Esercito Italiano nell\u2019ambito della campagna di sperimentazione del progetto congiunto Difesa &#8211; Industria \u201c<strong>Forza NEC<\/strong>\u201d.<\/p>\n<p>\u201c<strong>Preparazione<\/strong> e <strong>innovazione tecnologica<\/strong> sono un binomio fondamentale per chi quotidianamente \u00e8 impegnato, in patria e all\u2019estero, per il bene del paese e dei suoi cittadini\u201d. A dirlo \u00e8 il Ministro della Difesa <u>Trenta<\/u>, al termine <strong>della SIO 2018<\/strong>, l\u2019esercitazione che si \u00e8 svolta presso il <strong>poligono militare<\/strong> di <strong>Monte Romano<\/strong> svolta dalla <strong>Brigata \u201cAosta\u201d<\/strong> con l\u2019impiego di assetti specialistici dell\u2019Esercito, che ha visto la partecipazione di circa <strong>1200 uomini e donne<\/strong> di <strong>25 Reparti<\/strong>.<\/p>\n<p>Attivit\u00e0 alla quale hanno presenziato anche il <strong>Capo di Stato Maggiore della Difesa<\/strong>, <strong>Generale Enzo Vecciarelli<\/strong>, il <strong> Capo di Stato Maggiore dell\u2019Esercito<\/strong>, <strong>Generale di Corpo d\u2019Armata, Salvatore Farina<\/strong>, e il <strong>Comandante della Brigata \u201cAosta\u201d, Generale di Brigata Bruno Pisciotta<\/strong>.<\/p>\n<p>La titolare del Dicastero si \u00e8 soffermata sull\u2019importanza dell\u2019esercitazione volta a\u00a0<em>\u201ctestare sofisticati sistemi di comando e controllo,\u00a0mezzi tattici nonch\u00e9 equipaggiamenti individuali ad elevata connotazione tecnologica, acquisiti nell\u2019ambito del programma soldato futuro\u201d.<\/em><\/p>\n<p>\u201cOltre a testimoniare il livello di preparazione, professionalit\u00e0 e capacit\u00e0 raggiunto dai militari, l\u2019esercitazione odierna ha messo in evidenza anche il connubio tra Forze Armate e Industria della Difesa tramite la sperimentazione di sistemi d&#8217;arma ed equipaggiamenti ad elevato indice tecnologico \u2013 ha aggiunto la Trenta -. \u201c<em>Un contributo prezioso grazie al quale, ha sottolineato il Ministro,<\/em> <em>l\u2019Italia potr\u00e0 confermare quel livello di prestigio e visibilit\u00e0 internazionale che \u00e8 riuscita a ritagliarsi dimostrando di essere all\u2019altezza delle aspettative e di sapersi adattare ai nuovi scenari di riferimento sempre pi\u00f9 incerti\u201d.<\/em><\/p>\n<p>Obiettivo dell\u2019esercitazione \u00e8 stato quello di <strong>implementare le capacit\u00e0 di operare in modo interamente digitalizzato e interforze<\/strong>, utilizzando i <strong>sistemi di comando e controllo<\/strong>, i mezzi tattici nonch\u00e9 gli equipaggiamenti individuali, acquisiti nel programma  \u201cSoldato Futuro\u201d.<\/p>\n<p>L\u2019incremento di questi innovativi sistemi individuali, pienamente integrati tra loro, ha condotto alla realizzazione di un \u201c<strong>sistema soldato<\/strong>\u201d basato sulla <strong>sinergia uomo-dotazione<\/strong>, idoneo ad assolvere i compiti all\u2019altezza dei profondi mutamenti intervenuti nello scenario internazionale, nell\u2019ottica di un <strong>contesto duale d\u2019impiego<\/strong>.<\/p>\n","protected":false},"excerpt":{"rendered":"<p>Il Ministro della Difesa, Elisabetta Trenta, ha partecipato alla seconda Sessione di Integrazione Operativa &#8211; SIO 2018 condotta dalle unit\u00e0<\/p>\n","protected":false},"author":1,"featured_media":2430,"comment_status":"closed","ping_status":"open","sticky":false,"template":"","format":"standard","meta":{"colormag_page_container_layout":"default_layout","colormag_page_sidebar_layout":"default_layout","footnotes":""},"categories":[32,4],"tags":[19,432,1579,105,1580],"class_list":["post-2429","post","type-post","status-publish","format-standard","has-post-thumbnail","hentry","category-prima-pagina","category-istituzioni","tag-difesa","tag-elisabetta-trenta","tag-forza-nec","tag-ministero-della-difesa","tag-sessione-di-integrazione-operativa-sio-2018"],"yoast_head":"<!-- This site is optimized with the Yoast SEO plugin v26.8 - https:\/\/yoast.com\/product\/yoast-seo-wordpress\/ -->\n<title>DIFESA, ESERCITO - FORZA NEC: CONCLUSA LA II SIO 2018 &#187; Spazio-News Magazine<\/title>\n<meta name=\"description\" content=\"Il Ministro Trenta, ha partecipato alla seconda SIO 2018 condotta dalle unit\u00e0 dell\u2019Esercito Italiano nell\u2019ambito del progetto \u201cForza NEC\u201d\" \/>\n<meta name=\"robots\" content=\"index, follow, max-snippet:-1, max-image-preview:large, max-video-preview:-1\" \/>\n<link rel=\"canonical\" href=\"http:\/\/spazio-news.it\/?p=2429\" \/>\n<meta property=\"og:locale\" content=\"it_IT\" \/>\n<meta property=\"og:type\" content=\"article\" \/>\n<meta property=\"og:title\" content=\"DIFESA, ESERCITO - FORZA NEC: CONCLUSA LA II SIO 2018 &#187; Spazio-News Magazine\" \/>\n<meta property=\"og:description\" content=\"Il Ministro Trenta, ha partecipato alla seconda SIO 2018 condotta dalle unit\u00e0 dell\u2019Esercito Italiano nell\u2019ambito del progetto \u201cForza NEC\u201d\" \/>\n<meta property=\"og:url\" content=\"http:\/\/spazio-news.it\/?p=2429\" \/>\n<meta property=\"og:site_name\" content=\"Spazio-News Magazine\" \/>\n<meta property=\"article:publisher\" content=\"https:\/\/m.facebook.com\/spazio-news-magazine\" \/>\n<meta property=\"article:author\" content=\"@SpazioNewsMagazine\" \/>\n<meta property=\"article:published_time\" content=\"2018-11-30T04:42:27+00:00\" \/>\n<meta property=\"article:modified_time\" content=\"2019-05-27T19:06:59+00:00\" \/>\n<meta property=\"og:image\" content=\"http:\/\/spazio-news.it\/wp-content\/uploads\/2018\/11\/Elisabetta-Trenta-in-divisa--e1552228471762.png\" \/>\n\t<meta property=\"og:image:width\" content=\"800\" \/>\n\t<meta property=\"og:image:height\" content=\"446\" \/>\n\t<meta property=\"og:image:type\" content=\"image\/png\" \/>\n<meta name=\"author\" content=\"Redazione\" \/>\n<meta name=\"twitter:card\" content=\"summary_large_image\" \/>\n<meta name=\"twitter:creator\" content=\"@news_spazio\" \/>\n<meta name=\"twitter:site\" content=\"@News_spazio\" \/>\n<meta name=\"twitter:label1\" content=\"Scritto da\" \/>\n\t<meta name=\"twitter:data1\" content=\"Redazione\" \/>\n\t<meta name=\"twitter:label2\" content=\"Tempo di lettura stimato\" \/>\n\t<meta name=\"twitter:data2\" content=\"2 minuti\" \/>\n<script type=\"application\/ld+json\" class=\"yoast-schema-graph\">{\"@context\":\"https:\/\/schema.org\",\"@graph\":[{\"@type\":\"NewsArticle\",\"@id\":\"http:\/\/spazio-news.it\/?p=2429#article\",\"isPartOf\":{\"@id\":\"http:\/\/spazio-news.it\/?p=2429\"},\"author\":{\"name\":\"Redazione\",\"@id\":\"http:\/\/spazio-news.it\/#\/schema\/person\/c600904e882e9e166ed8e5e3773d37b3\"},\"headline\":\"DIFESA, ESERCITO &#8211; FORZA NEC: CONCLUSA LA II SIO 2018\",\"datePublished\":\"2018-11-30T04:42:27+00:00\",\"dateModified\":\"2019-05-27T19:06:59+00:00\",\"mainEntityOfPage\":{\"@id\":\"http:\/\/spazio-news.it\/?p=2429\"},\"wordCount\":367,\"publisher\":{\"@id\":\"http:\/\/spazio-news.it\/#organization\"},\"image\":{\"@id\":\"http:\/\/spazio-news.it\/?p=2429#primaryimage\"},\"thumbnailUrl\":\"http:\/\/spazio-news.it\/wp-content\/uploads\/2018\/11\/Elisabetta-Trenta-in-divisa--e1552228471762.png\",\"keywords\":[\"difesa\",\"Elisabetta Trenta\",\"Forza NEC\",\"Ministero della Difesa\",\"Sessione di Integrazione Operativa - SIO 2018\"],\"articleSection\":[\"01 - PRIMA PAGINA\",\"03 - ISTITUZIONI\"],\"inLanguage\":\"it-IT\"},{\"@type\":\"WebPage\",\"@id\":\"http:\/\/spazio-news.it\/?p=2429\",\"url\":\"http:\/\/spazio-news.it\/?p=2429\",\"name\":\"DIFESA, ESERCITO - FORZA NEC: CONCLUSA LA II SIO 2018 &#187; Spazio-News Magazine\",\"isPartOf\":{\"@id\":\"http:\/\/spazio-news.it\/#website\"},\"primaryImageOfPage\":{\"@id\":\"http:\/\/spazio-news.it\/?p=2429#primaryimage\"},\"image\":{\"@id\":\"http:\/\/spazio-news.it\/?p=2429#primaryimage\"},\"thumbnailUrl\":\"http:\/\/spazio-news.it\/wp-content\/uploads\/2018\/11\/Elisabetta-Trenta-in-divisa--e1552228471762.png\",\"datePublished\":\"2018-11-30T04:42:27+00:00\",\"dateModified\":\"2019-05-27T19:06:59+00:00\",\"description\":\"Il Ministro Trenta, ha partecipato alla seconda SIO 2018 condotta dalle unit\u00e0 dell\u2019Esercito Italiano nell\u2019ambito del progetto \u201cForza NEC\u201d\",\"breadcrumb\":{\"@id\":\"http:\/\/spazio-news.it\/?p=2429#breadcrumb\"},\"inLanguage\":\"it-IT\",\"potentialAction\":[{\"@type\":\"ReadAction\",\"target\":[\"http:\/\/spazio-news.it\/?p=2429\"]}]},{\"@type\":\"ImageObject\",\"inLanguage\":\"it-IT\",\"@id\":\"http:\/\/spazio-news.it\/?p=2429#primaryimage\",\"url\":\"http:\/\/spazio-news.it\/wp-content\/uploads\/2018\/11\/Elisabetta-Trenta-in-divisa--e1552228471762.png\",\"contentUrl\":\"http:\/\/spazio-news.it\/wp-content\/uploads\/2018\/11\/Elisabetta-Trenta-in-divisa--e1552228471762.png\",\"width\":800,\"height\":446,\"caption\":\"Elisabetta Trenta in divisa\"},{\"@type\":\"BreadcrumbList\",\"@id\":\"http:\/\/spazio-news.it\/?p=2429#breadcrumb\",\"itemListElement\":[{\"@type\":\"ListItem\",\"position\":1,\"name\":\"Home\",\"item\":\"http:\/\/spazio-news.it\/\"},{\"@type\":\"ListItem\",\"position\":2,\"name\":\"DIFESA, ESERCITO &#8211; FORZA NEC: CONCLUSA LA II SIO 2018\"}]},{\"@type\":\"WebSite\",\"@id\":\"http:\/\/spazio-news.it\/#website\",\"url\":\"http:\/\/spazio-news.it\/\",\"name\":\"Spazio-News Magazine\",\"description\":\"La guida che sfida la complessit\u00e0 del mondo industriale\",\"publisher\":{\"@id\":\"http:\/\/spazio-news.it\/#organization\"},\"alternateName\":\"Spazio-news.it\",\"potentialAction\":[{\"@type\":\"SearchAction\",\"target\":{\"@type\":\"EntryPoint\",\"urlTemplate\":\"http:\/\/spazio-news.it\/?s={search_term_string}\"},\"query-input\":{\"@type\":\"PropertyValueSpecification\",\"valueRequired\":true,\"valueName\":\"search_term_string\"}}],\"inLanguage\":\"it-IT\"},{\"@type\":\"Organization\",\"@id\":\"http:\/\/spazio-news.it\/#organization\",\"name\":\"Spazio-News Magazine\",\"url\":\"http:\/\/spazio-news.it\/\",\"logo\":{\"@type\":\"ImageObject\",\"inLanguage\":\"it-IT\",\"@id\":\"http:\/\/spazio-news.it\/#\/schema\/logo\/image\/\",\"url\":\"http:\/\/spazio-news.it\/wp-content\/uploads\/2023\/09\/Logo-Spazio-News-512-x-512-NO-testo.jpg\",\"contentUrl\":\"http:\/\/spazio-news.it\/wp-content\/uploads\/2023\/09\/Logo-Spazio-News-512-x-512-NO-testo.jpg\",\"width\":512,\"height\":512,\"caption\":\"Spazio-News Magazine\"},\"image\":{\"@id\":\"http:\/\/spazio-news.it\/#\/schema\/logo\/image\/\"},\"sameAs\":[\"https:\/\/m.facebook.com\/spazio-news-magazine\",\"https:\/\/x.com\/News_spazio\"]},{\"@type\":\"Person\",\"@id\":\"http:\/\/spazio-news.it\/#\/schema\/person\/c600904e882e9e166ed8e5e3773d37b3\",\"name\":\"Redazione\",\"sameAs\":[\"http:\/\/spazio-news.it\",\"@SpazioNewsMagazine\",\"https:\/\/x.com\/@news_spazio\"],\"url\":\"http:\/\/spazio-news.it\/?author=1\"}]}<\/script>\n<!-- \/ Yoast SEO plugin. -->","yoast_head_json":{"title":"DIFESA, ESERCITO - FORZA NEC: CONCLUSA LA II SIO 2018 &#187; Spazio-News Magazine","description":"Il Ministro Trenta, ha partecipato alla seconda SIO 2018 condotta dalle unit\u00e0 dell\u2019Esercito Italiano nell\u2019ambito del progetto \u201cForza NEC\u201d","robots":{"index":"index","follow":"follow","max-snippet":"max-snippet:-1","max-image-preview":"max-image-preview:large","max-video-preview":"max-video-preview:-1"},"canonical":"http:\/\/spazio-news.it\/?p=2429","og_locale":"it_IT","og_type":"article","og_title":"DIFESA, ESERCITO - FORZA NEC: CONCLUSA LA II SIO 2018 &#187; Spazio-News Magazine","og_description":"Il Ministro Trenta, ha partecipato alla seconda SIO 2018 condotta dalle unit\u00e0 dell\u2019Esercito Italiano nell\u2019ambito del progetto \u201cForza NEC\u201d","og_url":"http:\/\/spazio-news.it\/?p=2429","og_site_name":"Spazio-News Magazine","article_publisher":"https:\/\/m.facebook.com\/spazio-news-magazine","article_author":"@SpazioNewsMagazine","article_published_time":"2018-11-30T04:42:27+00:00","article_modified_time":"2019-05-27T19:06:59+00:00","og_image":[{"width":800,"height":446,"url":"http:\/\/spazio-news.it\/wp-content\/uploads\/2018\/11\/Elisabetta-Trenta-in-divisa--e1552228471762.png","type":"image\/png"}],"author":"Redazione","twitter_card":"summary_large_image","twitter_creator":"@news_spazio","twitter_site":"@News_spazio","twitter_misc":{"Scritto da":"Redazione","Tempo di lettura stimato":"2 minuti"},"schema":{"@context":"https:\/\/schema.org","@graph":[{"@type":"NewsArticle","@id":"http:\/\/spazio-news.it\/?p=2429#article","isPartOf":{"@id":"http:\/\/spazio-news.it\/?p=2429"},"author":{"name":"Redazione","@id":"http:\/\/spazio-news.it\/#\/schema\/person\/c600904e882e9e166ed8e5e3773d37b3"},"headline":"DIFESA, ESERCITO &#8211; FORZA NEC: CONCLUSA LA II SIO 2018","datePublished":"2018-11-30T04:42:27+00:00","dateModified":"2019-05-27T19:06:59+00:00","mainEntityOfPage":{"@id":"http:\/\/spazio-news.it\/?p=2429"},"wordCount":367,"publisher":{"@id":"http:\/\/spazio-news.it\/#organization"},"image":{"@id":"http:\/\/spazio-news.it\/?p=2429#primaryimage"},"thumbnailUrl":"http:\/\/spazio-news.it\/wp-content\/uploads\/2018\/11\/Elisabetta-Trenta-in-divisa--e1552228471762.png","keywords":["difesa","Elisabetta Trenta","Forza NEC","Ministero della Difesa","Sessione di Integrazione Operativa - SIO 2018"],"articleSection":["01 - PRIMA PAGINA","03 - ISTITUZIONI"],"inLanguage":"it-IT"},{"@type":"WebPage","@id":"http:\/\/spazio-news.it\/?p=2429","url":"http:\/\/spazio-news.it\/?p=2429","name":"DIFESA, ESERCITO - FORZA NEC: CONCLUSA LA II SIO 2018 &#187; Spazio-News Magazine","isPartOf":{"@id":"http:\/\/spazio-news.it\/#website"},"primaryImageOfPage":{"@id":"http:\/\/spazio-news.it\/?p=2429#primaryimage"},"image":{"@id":"http:\/\/spazio-news.it\/?p=2429#primaryimage"},"thumbnailUrl":"http:\/\/spazio-news.it\/wp-content\/uploads\/2018\/11\/Elisabetta-Trenta-in-divisa--e1552228471762.png","datePublished":"2018-11-30T04:42:27+00:00","dateModified":"2019-05-27T19:06:59+00:00","description":"Il Ministro Trenta, ha partecipato alla seconda SIO 2018 condotta dalle unit\u00e0 dell\u2019Esercito Italiano nell\u2019ambito del progetto \u201cForza NEC\u201d","breadcrumb":{"@id":"http:\/\/spazio-news.it\/?p=2429#breadcrumb"},"inLanguage":"it-IT","potentialAction":[{"@type":"ReadAction","target":["http:\/\/spazio-news.it\/?p=2429"]}]},{"@type":"ImageObject","inLanguage":"it-IT","@id":"http:\/\/spazio-news.it\/?p=2429#primaryimage","url":"http:\/\/spazio-news.it\/wp-content\/uploads\/2018\/11\/Elisabetta-Trenta-in-divisa--e1552228471762.png","contentUrl":"http:\/\/spazio-news.it\/wp-content\/uploads\/2018\/11\/Elisabetta-Trenta-in-divisa--e1552228471762.png","width":800,"height":446,"caption":"Elisabetta Trenta in divisa"},{"@type":"BreadcrumbList","@id":"http:\/\/spazio-news.it\/?p=2429#breadcrumb","itemListElement":[{"@type":"ListItem","position":1,"name":"Home","item":"http:\/\/spazio-news.it\/"},{"@type":"ListItem","position":2,"name":"DIFESA, ESERCITO &#8211; FORZA NEC: CONCLUSA LA II SIO 2018"}]},{"@type":"WebSite","@id":"http:\/\/spazio-news.it\/#website","url":"http:\/\/spazio-news.it\/","name":"Spazio-News Magazine","description":"La guida che sfida la complessit\u00e0 del mondo industriale","publisher":{"@id":"http:\/\/spazio-news.it\/#organization"},"alternateName":"Spazio-news.it","potentialAction":[{"@type":"SearchAction","target":{"@type":"EntryPoint","urlTemplate":"http:\/\/spazio-news.it\/?s={search_term_string}"},"query-input":{"@type":"PropertyValueSpecification","valueRequired":true,"valueName":"search_term_string"}}],"inLanguage":"it-IT"},{"@type":"Organization","@id":"http:\/\/spazio-news.it\/#organization","name":"Spazio-News Magazine","url":"http:\/\/spazio-news.it\/","logo":{"@type":"ImageObject","inLanguage":"it-IT","@id":"http:\/\/spazio-news.it\/#\/schema\/logo\/image\/","url":"http:\/\/spazio-news.it\/wp-content\/uploads\/2023\/09\/Logo-Spazio-News-512-x-512-NO-testo.jpg","contentUrl":"http:\/\/spazio-news.it\/wp-content\/uploads\/2023\/09\/Logo-Spazio-News-512-x-512-NO-testo.jpg","width":512,"height":512,"caption":"Spazio-News Magazine"},"image":{"@id":"http:\/\/spazio-news.it\/#\/schema\/logo\/image\/"},"sameAs":["https:\/\/m.facebook.com\/spazio-news-magazine","https:\/\/x.com\/News_spazio"]},{"@type":"Person","@id":"http:\/\/spazio-news.it\/#\/schema\/person\/c600904e882e9e166ed8e5e3773d37b3","name":"Redazione","sameAs":["http:\/\/spazio-news.it","@SpazioNewsMagazine","https:\/\/x.com\/@news_spazio"],"url":"http:\/\/spazio-news.it\/?author=1"}]}},"_links":{"self":[{"href":"http:\/\/spazio-news.it\/index.php?rest_route=\/wp\/v2\/posts\/2429","targetHints":{"allow":["GET"]}}],"collection":[{"href":"http:\/\/spazio-news.it\/index.php?rest_route=\/wp\/v2\/posts"}],"about":[{"href":"http:\/\/spazio-news.it\/index.php?rest_route=\/wp\/v2\/types\/post"}],"author":[{"embeddable":true,"href":"http:\/\/spazio-news.it\/index.php?rest_route=\/wp\/v2\/users\/1"}],"replies":[{"embeddable":true,"href":"http:\/\/spazio-news.it\/index.php?rest_route=%2Fwp%2Fv2%2Fcomments&post=2429"}],"version-history":[{"count":6,"href":"http:\/\/spazio-news.it\/index.php?rest_route=\/wp\/v2\/posts\/2429\/revisions"}],"predecessor-version":[{"id":4614,"href":"http:\/\/spazio-news.it\/index.php?rest_route=\/wp\/v2\/posts\/2429\/revisions\/4614"}],"wp:featuredmedia":[{"embeddable":true,"href":"http:\/\/spazio-news.it\/index.php?rest_route=\/wp\/v2\/media\/2430"}],"wp:attachment":[{"href":"http:\/\/spazio-news.it\/index.php?rest_route=%2Fwp%2Fv2%2Fmedia&parent=2429"}],"wp:term":[{"taxonomy":"category","embeddable":true,"href":"http:\/\/spazio-news.it\/index.php?rest_route=%2Fwp%2Fv2%2Fcategories&post=2429"},{"taxonomy":"post_tag","embeddable":true,"href":"http:\/\/spazio-news.it\/index.php?rest_route=%2Fwp%2Fv2%2Ftags&post=2429"}],"curies":[{"name":"wp","href":"https:\/\/api.w.org\/{rel}","templated":true}]}}