{"id":2493,"date":"2018-12-05T11:31:00","date_gmt":"2018-12-05T10:31:00","guid":{"rendered":"http:\/\/spazio-news.it\/?p=2493"},"modified":"2018-12-04T16:45:19","modified_gmt":"2018-12-04T15:45:19","slug":"cinque-anni-del-distretto-aerospaziale-della-sardegna","status":"publish","type":"post","link":"http:\/\/spazio-news.it\/?p=2493","title":{"rendered":"CINQUE ANNI DEL DISTRETTO AEROSPAZIALE DELLA SARDEGNA"},"content":{"rendered":"<p>Della regione come esempio internazionale per le sue politiche sull\u2019aerospazio, di quello che \u00e8 stato gi\u00e0 fatto nell\u2019isola, dei prossimi progetti e delle nuove prospettive si \u00e8 parlato in occasione dei 5 anni dalla costituzione del <a href=\"http:\/\/www.dassardegna.eu\/\" rel=\"noopener\" target=\"_blank\">Distretto aerospaziale della Sardegna<\/a>, evento al quale hanno partecipato il direttore del Dass <strong>Giacomo Cao<\/strong>, <strong>Cristina Leone<\/strong>, presidente del <a href=\"https:\/\/www.ctna.it\/\" rel=\"noopener\" target=\"_blank\">Cluster Tecnologico Nazionale Aerospazio<\/a>, e il consigliere economico del sottosegretario di Stato con delega all\u2019aerospazio, <strong>Stefano Gialandris<\/strong>.<\/p>\n<p><em>\u201cCome Giunta crediamo molto nell\u2019aerospazio, abbiamo sostenuto questo settore dal primo momento inserendolo nella nostra S3, la strategia di specializzazione intelligente, e questa \u00e8 stata la svolta per dare impulso al settore<\/em> &#8211; ha dichiarato l\u2019assessore alla Programmazione <strong>Raffaele Paci<\/strong> -. <em>I risultati che sono gi\u00e0 arrivati, i riconoscimenti da parte della Nasa, il ruolo strategico del Radiotelescopio di San Basilio, gli investimenti di <a href=\"http:\/\/www.avio.com\/\" rel=\"noopener\" target=\"_blank\">Avio<\/a> nel Sarrabus e di tante altre imprese del distretto aerospaziale dimostrano che la strada \u00e8 quella giusta. La Sardegna, come \u00e8 stato pi\u00f9 volte riconosciuto durante il dibattito, \u00e8 ormai un punto di riferimento mondiale: abbiamo professionalit\u00e0 importanti, condizioni ideali per ospitare strutture di ricerca, forti competenze nell\u2019alta tecnologia e nel digitale. Facendo sinergia, lavorando tutti insieme, possiamo raggiungere risultati ancora pi\u00f9 importanti: ma in questo \u00e8 fondamentale la continuit\u00e0 di sistema, garantire una traiettoria comune su cui i privati possono contare e in cui le Universit\u00e0 giocano un ruolo decisivo\u201d<\/em>.<\/p>\n<p>Paci ha sottolineato anche che la Regione ha gi\u00e0 investito oltre 10milioni di euro nei bandi per l\u2019aerospazio: <em>\u201cBandi che hanno avuto un successo enorme, che abbiamo rifinanziato per garantire copertura a tutti i progetti idonei. Questo dimostra che \u00e8 un settore che sta crescendo molto e che, come si vede dai progetti presentati, sta riuscendo a passare dalla fase di ricerca pura a quella di ricaduta sul territorio, e questo \u00e8 un passaggio fondamentale perch\u00e9 \u00e8 quello che pu\u00f2 portare sviluppo e posti di lavoro. I progetti si occupano di gestione satellitare degli incendi, di agricoltura di precisione, monitoraggio ambientale e sorveglianza del territorio per garantire pi\u00f9 sicurezza, cose concrete e contributo forte all\u2019innovazione dei settori pi\u00f9 tradizionali, dove abbiamo bisogno di alta tecnologia per farli crescere\u201d<\/em>. <\/p>\n<p>Al finanziamento dei bandi si affiancano i cofinanziamenti di importanti progetti internazionali. <em>\u201cRicerca tecnologica e capitale umano sono le chiavi con le quali la Sardegna pu\u00f2 competere a livello mondiale, diventando una piattaforma internazionale in cui l\u2019aerospazio gioca un ruolo di primo piano &#8211; ha sottolineato Paci -. Con l\u2019alta tecnologia possiamo superare il limite geografico trasformandolo in una risorsa. Le caratteristiche della nostra isola e le competenze digitali che possiamo garantire sono ideali per ospitare importanti progetti internazionali, come infatti sta gi\u00e0 accadendo: pensiamo ad <strong>Aria<\/strong> nella miniera di Seruci o a <strong>SarGrav<\/strong> a Lula, candidata a ospitare un laboratorio di ricerca internazionale sulle onde gravitazionali da un miliardo di euro, pezzi di storia del nostro passato che rivivono grazie all\u2019alta tecnologia. In pochi anni l\u2019aerospazio per la Sardegna si \u00e8 trasformato da valida potenzialit\u00e0 a solida realt\u00e0, e di questo siamo molto orgogliosi, perch\u00e9 questo pu\u00f2 garantire un solido futuro alla nostra terra e ai nostri giovani\u201d<\/em>. <\/p>\n","protected":false},"excerpt":{"rendered":"<p>Della regione come esempio internazionale per le sue politiche sull\u2019aerospazio, di quello che \u00e8 stato gi\u00e0 fatto nell\u2019isola, dei prossimi<\/p>\n","protected":false},"author":1,"featured_media":2494,"comment_status":"closed","ping_status":"open","sticky":false,"template":"","format":"standard","meta":{"colormag_page_container_layout":"default_layout","colormag_page_sidebar_layout":"default_layout","footnotes":""},"categories":[32,5],"tags":[861,1646,1648,1645,1649,1647,1650],"class_list":["post-2493","post","type-post","status-publish","format-standard","has-post-thumbnail","hentry","category-prima-pagina","category-ricerca-innovazione","tag-avio","tag-cluster-tecnologico-nazionale-aerospazio","tag-cristina-leone","tag-dass-distretto-aerospaziale-sardegna","tag-giacomo-cao","tag-raffaele-paci","tag-regione-sardegna"],"yoast_head":"<!-- This site is optimized with the Yoast SEO plugin v26.8 - https:\/\/yoast.com\/product\/yoast-seo-wordpress\/ -->\n<title>CINQUE ANNI DEL DISTRETTO AEROSPAZIALE DELLA SARDEGNA &#187; Spazio-News Magazine<\/title>\n<meta name=\"description\" content=\"Celebrati i cinque anni dalla costituzione del Distretto aerospaziale della Sardegna, alla presenza del vicepresidente Regione Raffaele Paci\" \/>\n<meta name=\"robots\" content=\"index, follow, max-snippet:-1, max-image-preview:large, max-video-preview:-1\" \/>\n<link rel=\"canonical\" href=\"http:\/\/spazio-news.it\/?p=2493\" \/>\n<meta property=\"og:locale\" content=\"it_IT\" \/>\n<meta property=\"og:type\" content=\"article\" \/>\n<meta property=\"og:title\" content=\"CINQUE ANNI DEL DISTRETTO AEROSPAZIALE DELLA SARDEGNA &#187; Spazio-News Magazine\" \/>\n<meta property=\"og:description\" content=\"Celebrati i cinque anni dalla costituzione del Distretto aerospaziale della Sardegna, alla presenza del vicepresidente Regione Raffaele Paci\" \/>\n<meta property=\"og:url\" content=\"http:\/\/spazio-news.it\/?p=2493\" \/>\n<meta property=\"og:site_name\" content=\"Spazio-News Magazine\" \/>\n<meta property=\"article:publisher\" content=\"https:\/\/m.facebook.com\/spazio-news-magazine\" \/>\n<meta property=\"article:author\" content=\"@SpazioNewsMagazine\" \/>\n<meta property=\"article:published_time\" content=\"2018-12-05T10:31:00+00:00\" \/>\n<meta property=\"og:image\" content=\"http:\/\/spazio-news.it\/wp-content\/uploads\/2018\/12\/DASS_Sardegna_aerospazio_spazio-news.jpg\" \/>\n\t<meta property=\"og:image:width\" content=\"800\" \/>\n\t<meta property=\"og:image:height\" content=\"488\" \/>\n\t<meta property=\"og:image:type\" content=\"image\/jpeg\" \/>\n<meta name=\"author\" content=\"Redazione\" \/>\n<meta name=\"twitter:card\" content=\"summary_large_image\" \/>\n<meta name=\"twitter:creator\" content=\"@news_spazio\" \/>\n<meta name=\"twitter:site\" content=\"@News_spazio\" \/>\n<meta name=\"twitter:label1\" content=\"Scritto da\" \/>\n\t<meta name=\"twitter:data1\" content=\"Redazione\" \/>\n\t<meta name=\"twitter:label2\" content=\"Tempo di lettura stimato\" \/>\n\t<meta name=\"twitter:data2\" content=\"3 minuti\" \/>\n<script type=\"application\/ld+json\" class=\"yoast-schema-graph\">{\"@context\":\"https:\/\/schema.org\",\"@graph\":[{\"@type\":\"NewsArticle\",\"@id\":\"http:\/\/spazio-news.it\/?p=2493#article\",\"isPartOf\":{\"@id\":\"http:\/\/spazio-news.it\/?p=2493\"},\"author\":{\"name\":\"Redazione\",\"@id\":\"https:\/\/spazio-news.it\/#\/schema\/person\/c600904e882e9e166ed8e5e3773d37b3\"},\"headline\":\"CINQUE ANNI DEL DISTRETTO AEROSPAZIALE DELLA SARDEGNA\",\"datePublished\":\"2018-12-05T10:31:00+00:00\",\"mainEntityOfPage\":{\"@id\":\"http:\/\/spazio-news.it\/?p=2493\"},\"wordCount\":522,\"publisher\":{\"@id\":\"https:\/\/spazio-news.it\/#organization\"},\"image\":{\"@id\":\"http:\/\/spazio-news.it\/?p=2493#primaryimage\"},\"thumbnailUrl\":\"http:\/\/spazio-news.it\/wp-content\/uploads\/2018\/12\/DASS_Sardegna_aerospazio_spazio-news.jpg\",\"keywords\":[\"Avio\",\"Cluster Tecnologico Nazionale Aerospazio\",\"Cristina Leone\",\"DASS - Distretto aerospaziale Sardegna\",\"Giacomo Cao\",\"Raffaele Paci\",\"Regione Sardegna\"],\"articleSection\":[\"01 - PRIMA PAGINA\",\"05 - RICERCA &amp; INNOVAZIONE\"],\"inLanguage\":\"it-IT\"},{\"@type\":\"WebPage\",\"@id\":\"http:\/\/spazio-news.it\/?p=2493\",\"url\":\"http:\/\/spazio-news.it\/?p=2493\",\"name\":\"CINQUE ANNI DEL DISTRETTO AEROSPAZIALE DELLA SARDEGNA &#187; Spazio-News Magazine\",\"isPartOf\":{\"@id\":\"https:\/\/spazio-news.it\/#website\"},\"primaryImageOfPage\":{\"@id\":\"http:\/\/spazio-news.it\/?p=2493#primaryimage\"},\"image\":{\"@id\":\"http:\/\/spazio-news.it\/?p=2493#primaryimage\"},\"thumbnailUrl\":\"http:\/\/spazio-news.it\/wp-content\/uploads\/2018\/12\/DASS_Sardegna_aerospazio_spazio-news.jpg\",\"datePublished\":\"2018-12-05T10:31:00+00:00\",\"description\":\"Celebrati i cinque anni dalla costituzione del Distretto aerospaziale della Sardegna, alla presenza del vicepresidente Regione Raffaele Paci\",\"breadcrumb\":{\"@id\":\"http:\/\/spazio-news.it\/?p=2493#breadcrumb\"},\"inLanguage\":\"it-IT\",\"potentialAction\":[{\"@type\":\"ReadAction\",\"target\":[\"http:\/\/spazio-news.it\/?p=2493\"]}]},{\"@type\":\"ImageObject\",\"inLanguage\":\"it-IT\",\"@id\":\"http:\/\/spazio-news.it\/?p=2493#primaryimage\",\"url\":\"http:\/\/spazio-news.it\/wp-content\/uploads\/2018\/12\/DASS_Sardegna_aerospazio_spazio-news.jpg\",\"contentUrl\":\"http:\/\/spazio-news.it\/wp-content\/uploads\/2018\/12\/DASS_Sardegna_aerospazio_spazio-news.jpg\",\"width\":800,\"height\":488,\"caption\":\"DASS_Sardegna_aerospazio_spazio-news\"},{\"@type\":\"BreadcrumbList\",\"@id\":\"http:\/\/spazio-news.it\/?p=2493#breadcrumb\",\"itemListElement\":[{\"@type\":\"ListItem\",\"position\":1,\"name\":\"Home\",\"item\":\"https:\/\/spazio-news.it\/\"},{\"@type\":\"ListItem\",\"position\":2,\"name\":\"CINQUE ANNI DEL DISTRETTO AEROSPAZIALE DELLA SARDEGNA\"}]},{\"@type\":\"WebSite\",\"@id\":\"https:\/\/spazio-news.it\/#website\",\"url\":\"https:\/\/spazio-news.it\/\",\"name\":\"Spazio-News Magazine\",\"description\":\"La guida che sfida la complessit\u00e0 del mondo industriale\",\"publisher\":{\"@id\":\"https:\/\/spazio-news.it\/#organization\"},\"alternateName\":\"Spazio-news.it\",\"potentialAction\":[{\"@type\":\"SearchAction\",\"target\":{\"@type\":\"EntryPoint\",\"urlTemplate\":\"https:\/\/spazio-news.it\/?s={search_term_string}\"},\"query-input\":{\"@type\":\"PropertyValueSpecification\",\"valueRequired\":true,\"valueName\":\"search_term_string\"}}],\"inLanguage\":\"it-IT\"},{\"@type\":\"Organization\",\"@id\":\"https:\/\/spazio-news.it\/#organization\",\"name\":\"Spazio-News Magazine\",\"url\":\"https:\/\/spazio-news.it\/\",\"logo\":{\"@type\":\"ImageObject\",\"inLanguage\":\"it-IT\",\"@id\":\"https:\/\/spazio-news.it\/#\/schema\/logo\/image\/\",\"url\":\"http:\/\/spazio-news.it\/wp-content\/uploads\/2023\/09\/Logo-Spazio-News-512-x-512-NO-testo.jpg\",\"contentUrl\":\"http:\/\/spazio-news.it\/wp-content\/uploads\/2023\/09\/Logo-Spazio-News-512-x-512-NO-testo.jpg\",\"width\":512,\"height\":512,\"caption\":\"Spazio-News Magazine\"},\"image\":{\"@id\":\"https:\/\/spazio-news.it\/#\/schema\/logo\/image\/\"},\"sameAs\":[\"https:\/\/m.facebook.com\/spazio-news-magazine\",\"https:\/\/x.com\/News_spazio\"]},{\"@type\":\"Person\",\"@id\":\"https:\/\/spazio-news.it\/#\/schema\/person\/c600904e882e9e166ed8e5e3773d37b3\",\"name\":\"Redazione\",\"sameAs\":[\"http:\/\/spazio-news.it\",\"@SpazioNewsMagazine\",\"https:\/\/x.com\/@news_spazio\"],\"url\":\"http:\/\/spazio-news.it\/?author=1\"}]}<\/script>\n<!-- \/ Yoast SEO plugin. -->","yoast_head_json":{"title":"CINQUE ANNI DEL DISTRETTO AEROSPAZIALE DELLA SARDEGNA &#187; Spazio-News Magazine","description":"Celebrati i cinque anni dalla costituzione del Distretto aerospaziale della Sardegna, alla presenza del vicepresidente Regione Raffaele Paci","robots":{"index":"index","follow":"follow","max-snippet":"max-snippet:-1","max-image-preview":"max-image-preview:large","max-video-preview":"max-video-preview:-1"},"canonical":"http:\/\/spazio-news.it\/?p=2493","og_locale":"it_IT","og_type":"article","og_title":"CINQUE ANNI DEL DISTRETTO AEROSPAZIALE DELLA SARDEGNA &#187; Spazio-News Magazine","og_description":"Celebrati i cinque anni dalla costituzione del Distretto aerospaziale della Sardegna, alla presenza del vicepresidente Regione Raffaele Paci","og_url":"http:\/\/spazio-news.it\/?p=2493","og_site_name":"Spazio-News Magazine","article_publisher":"https:\/\/m.facebook.com\/spazio-news-magazine","article_author":"@SpazioNewsMagazine","article_published_time":"2018-12-05T10:31:00+00:00","og_image":[{"width":800,"height":488,"url":"http:\/\/spazio-news.it\/wp-content\/uploads\/2018\/12\/DASS_Sardegna_aerospazio_spazio-news.jpg","type":"image\/jpeg"}],"author":"Redazione","twitter_card":"summary_large_image","twitter_creator":"@news_spazio","twitter_site":"@News_spazio","twitter_misc":{"Scritto da":"Redazione","Tempo di lettura stimato":"3 minuti"},"schema":{"@context":"https:\/\/schema.org","@graph":[{"@type":"NewsArticle","@id":"http:\/\/spazio-news.it\/?p=2493#article","isPartOf":{"@id":"http:\/\/spazio-news.it\/?p=2493"},"author":{"name":"Redazione","@id":"https:\/\/spazio-news.it\/#\/schema\/person\/c600904e882e9e166ed8e5e3773d37b3"},"headline":"CINQUE ANNI DEL DISTRETTO AEROSPAZIALE DELLA SARDEGNA","datePublished":"2018-12-05T10:31:00+00:00","mainEntityOfPage":{"@id":"http:\/\/spazio-news.it\/?p=2493"},"wordCount":522,"publisher":{"@id":"https:\/\/spazio-news.it\/#organization"},"image":{"@id":"http:\/\/spazio-news.it\/?p=2493#primaryimage"},"thumbnailUrl":"http:\/\/spazio-news.it\/wp-content\/uploads\/2018\/12\/DASS_Sardegna_aerospazio_spazio-news.jpg","keywords":["Avio","Cluster Tecnologico Nazionale Aerospazio","Cristina Leone","DASS - Distretto aerospaziale Sardegna","Giacomo Cao","Raffaele Paci","Regione Sardegna"],"articleSection":["01 - PRIMA PAGINA","05 - RICERCA &amp; INNOVAZIONE"],"inLanguage":"it-IT"},{"@type":"WebPage","@id":"http:\/\/spazio-news.it\/?p=2493","url":"http:\/\/spazio-news.it\/?p=2493","name":"CINQUE ANNI DEL DISTRETTO AEROSPAZIALE DELLA SARDEGNA &#187; Spazio-News Magazine","isPartOf":{"@id":"https:\/\/spazio-news.it\/#website"},"primaryImageOfPage":{"@id":"http:\/\/spazio-news.it\/?p=2493#primaryimage"},"image":{"@id":"http:\/\/spazio-news.it\/?p=2493#primaryimage"},"thumbnailUrl":"http:\/\/spazio-news.it\/wp-content\/uploads\/2018\/12\/DASS_Sardegna_aerospazio_spazio-news.jpg","datePublished":"2018-12-05T10:31:00+00:00","description":"Celebrati i cinque anni dalla costituzione del Distretto aerospaziale della Sardegna, alla presenza del vicepresidente Regione Raffaele Paci","breadcrumb":{"@id":"http:\/\/spazio-news.it\/?p=2493#breadcrumb"},"inLanguage":"it-IT","potentialAction":[{"@type":"ReadAction","target":["http:\/\/spazio-news.it\/?p=2493"]}]},{"@type":"ImageObject","inLanguage":"it-IT","@id":"http:\/\/spazio-news.it\/?p=2493#primaryimage","url":"http:\/\/spazio-news.it\/wp-content\/uploads\/2018\/12\/DASS_Sardegna_aerospazio_spazio-news.jpg","contentUrl":"http:\/\/spazio-news.it\/wp-content\/uploads\/2018\/12\/DASS_Sardegna_aerospazio_spazio-news.jpg","width":800,"height":488,"caption":"DASS_Sardegna_aerospazio_spazio-news"},{"@type":"BreadcrumbList","@id":"http:\/\/spazio-news.it\/?p=2493#breadcrumb","itemListElement":[{"@type":"ListItem","position":1,"name":"Home","item":"https:\/\/spazio-news.it\/"},{"@type":"ListItem","position":2,"name":"CINQUE ANNI DEL DISTRETTO AEROSPAZIALE DELLA SARDEGNA"}]},{"@type":"WebSite","@id":"https:\/\/spazio-news.it\/#website","url":"https:\/\/spazio-news.it\/","name":"Spazio-News Magazine","description":"La guida che sfida la complessit\u00e0 del mondo industriale","publisher":{"@id":"https:\/\/spazio-news.it\/#organization"},"alternateName":"Spazio-news.it","potentialAction":[{"@type":"SearchAction","target":{"@type":"EntryPoint","urlTemplate":"https:\/\/spazio-news.it\/?s={search_term_string}"},"query-input":{"@type":"PropertyValueSpecification","valueRequired":true,"valueName":"search_term_string"}}],"inLanguage":"it-IT"},{"@type":"Organization","@id":"https:\/\/spazio-news.it\/#organization","name":"Spazio-News Magazine","url":"https:\/\/spazio-news.it\/","logo":{"@type":"ImageObject","inLanguage":"it-IT","@id":"https:\/\/spazio-news.it\/#\/schema\/logo\/image\/","url":"http:\/\/spazio-news.it\/wp-content\/uploads\/2023\/09\/Logo-Spazio-News-512-x-512-NO-testo.jpg","contentUrl":"http:\/\/spazio-news.it\/wp-content\/uploads\/2023\/09\/Logo-Spazio-News-512-x-512-NO-testo.jpg","width":512,"height":512,"caption":"Spazio-News Magazine"},"image":{"@id":"https:\/\/spazio-news.it\/#\/schema\/logo\/image\/"},"sameAs":["https:\/\/m.facebook.com\/spazio-news-magazine","https:\/\/x.com\/News_spazio"]},{"@type":"Person","@id":"https:\/\/spazio-news.it\/#\/schema\/person\/c600904e882e9e166ed8e5e3773d37b3","name":"Redazione","sameAs":["http:\/\/spazio-news.it","@SpazioNewsMagazine","https:\/\/x.com\/@news_spazio"],"url":"http:\/\/spazio-news.it\/?author=1"}]}},"_links":{"self":[{"href":"http:\/\/spazio-news.it\/index.php?rest_route=\/wp\/v2\/posts\/2493","targetHints":{"allow":["GET"]}}],"collection":[{"href":"http:\/\/spazio-news.it\/index.php?rest_route=\/wp\/v2\/posts"}],"about":[{"href":"http:\/\/spazio-news.it\/index.php?rest_route=\/wp\/v2\/types\/post"}],"author":[{"embeddable":true,"href":"http:\/\/spazio-news.it\/index.php?rest_route=\/wp\/v2\/users\/1"}],"replies":[{"embeddable":true,"href":"http:\/\/spazio-news.it\/index.php?rest_route=%2Fwp%2Fv2%2Fcomments&post=2493"}],"version-history":[{"count":1,"href":"http:\/\/spazio-news.it\/index.php?rest_route=\/wp\/v2\/posts\/2493\/revisions"}],"predecessor-version":[{"id":2495,"href":"http:\/\/spazio-news.it\/index.php?rest_route=\/wp\/v2\/posts\/2493\/revisions\/2495"}],"wp:featuredmedia":[{"embeddable":true,"href":"http:\/\/spazio-news.it\/index.php?rest_route=\/wp\/v2\/media\/2494"}],"wp:attachment":[{"href":"http:\/\/spazio-news.it\/index.php?rest_route=%2Fwp%2Fv2%2Fmedia&parent=2493"}],"wp:term":[{"taxonomy":"category","embeddable":true,"href":"http:\/\/spazio-news.it\/index.php?rest_route=%2Fwp%2Fv2%2Fcategories&post=2493"},{"taxonomy":"post_tag","embeddable":true,"href":"http:\/\/spazio-news.it\/index.php?rest_route=%2Fwp%2Fv2%2Ftags&post=2493"}],"curies":[{"name":"wp","href":"https:\/\/api.w.org\/{rel}","templated":true}]}}