{"id":2507,"date":"2018-12-05T13:10:47","date_gmt":"2018-12-05T12:10:47","guid":{"rendered":"http:\/\/spazio-news.it\/?p=2507"},"modified":"2018-12-04T17:17:07","modified_gmt":"2018-12-04T16:17:07","slug":"occupazione-a-ottobre-crescono-ultracinquantenni","status":"publish","type":"post","link":"http:\/\/spazio-news.it\/?p=2507","title":{"rendered":"OCCUPAZIONE, A OTTOBRE CRESCONO ULTRACINQUANTENNI"},"content":{"rendered":"<p>Dopo il calo del mese scorso, la <strong>stima degli occupati<\/strong> a ottobre 2018 risulta sostanzialmente stabile. Il tasso di occupazione, pari al 58,7%, non fa registrare variazioni congiunturali. A renderlo noto \u00e8 l\u2019<a href=\"https:\/\/www.istat.it\/\" rel=\"noopener\" target=\"_blank\">ISTAT<\/a>, nel suo consueto report mensile.<br \/>\nNell\u2019ultimo mese la stabilit\u00e0 degli occupati deriva da un aumento dei dipendenti permanenti (+37 mila) e da diminuzioni per quelli a termine (-13 mila), che interrompono il trend positivo avviatosi nel mese di marzo, e per gli indipendenti (-16 mila).<\/p>\n<p>Con riferimento all\u2019et\u00e0, <strong>calano gli occupati tra i 25 e i 49 anni<\/strong> mentre si registra una lieve crescita tra i 15-24enni e un <strong>aumento<\/strong> pi\u00f9 consistente <strong>tra gli ultracinquantenni<\/strong>.<br \/>\nPer il secondo mese consecutivo cresce la stima delle persone in cerca di occupazione (+2,4%, pari a +64 mila unit\u00e0).<br \/>\nL\u2019aumento della disoccupazione si distribuisce su entrambe le componenti di genere e tutte le classi di et\u00e0. Il tasso di disoccupazione sale al 10,6% (+0,2 punti percentuali su base mensile), quello giovanile aumenta lievemente e si attesta al 32,5% (+0,1 punti).<\/p>\n<p>A ottobre si stima un <strong>calo degli inattivi tra i 15 e i 64 anni<\/strong> (-0,6%, pari a -77 mila unit\u00e0). La diminuzione coinvolge uomini e donne e si distribuisce in tutte le classi di et\u00e0 ad eccezione dei 25-34enni. Il tasso di inattivit\u00e0 scende al 34,2% (-0,2 punti percentuali).<br \/>\nNel periodo <strong>agosto-ottobre 2018<\/strong> l\u2019occupazione risulta in calo rispetto al trimestre precedente (-0,2%, pari a -40 mila unit\u00e0). La diminuzione interessa uomini e donne.<\/p>\n<p><strong>Diminuiscono gli occupati tra i 15 e i 49 anni<\/strong> mentre aumentano gli ultracinquantenni. Nel trimestre crescono i dipendenti a termine (+62 mila) e calano sia i permanenti (-64 mila) sia gli indipendenti (-38 mila).<br \/>\nNell\u2019arco del trimestre al calo degli occupati si associa quello dei disoccupati (-2,5%, pari a -70 mila) mentre risultano in aumento gli inattivi (+0,4%, +56 mila).<\/p>\n<p><strong>Su base annua, l\u2019occupazione cresce dello 0,7%<\/strong>, pari a +159 mila unit\u00e0. L\u2019espansione interessa uomini e donne e si concentra fortemente tra i lavoratori a termine (+296 mila); sostanzialmente stabili gli indipendenti, mentre si registra un\u2019ampia flessione dei dipendenti permanenti (-140 mila). Nell\u2019anno aumentano principalmente gli occupati ultracinquantenni (+330 mila) e, in misura pi\u00f9 contenuta, i 15-24enni (+20 mila), mentre calano i 25-49enni (-190 mila). Al netto della componente demografica si stima comunque un segno positivo per l\u2019occupazione in tutte le classi di et\u00e0.<br \/>\nNei dodici mesi, a fronte della crescita degli occupati si stima un calo dei disoccupati (-4,1%, pari a -118 mila unit\u00e0) e degli inattivi tra i 15 e i 64 anni (-1,1%, -143 mila).<\/p>\n","protected":false},"excerpt":{"rendered":"<p>Dopo il calo del mese scorso, la stima degli occupati a ottobre 2018 risulta sostanzialmente stabile. Il tasso di occupazione,<\/p>\n","protected":false},"author":1,"featured_media":2332,"comment_status":"closed","ping_status":"open","sticky":false,"template":"","format":"standard","meta":{"colormag_page_container_layout":"default_layout","colormag_page_sidebar_layout":"default_layout","footnotes":""},"categories":[32,6],"tags":[1657,447,39],"class_list":["post-2507","post","type-post","status-publish","format-standard","has-post-thumbnail","hentry","category-prima-pagina","category-economia-societa","tag-dati-occupazione","tag-disoccupazione","tag-lavoro"],"yoast_head":"<!-- This site is optimized with the Yoast SEO plugin v26.8 - https:\/\/yoast.com\/product\/yoast-seo-wordpress\/ -->\n<title>OCCUPAZIONE, A OTTOBRE CRESCONO ULTRACINQUANTENNI &#187; Spazio-News Magazine<\/title>\n<meta name=\"description\" content=\"Le stime ISTAT su occupati a ottobre risultano sostanzialmente stabili. Tasso di occupazione non registra variazioni congiunturali\" \/>\n<meta name=\"robots\" content=\"index, follow, max-snippet:-1, max-image-preview:large, max-video-preview:-1\" \/>\n<link rel=\"canonical\" href=\"https:\/\/spazio-news.it\/?p=2507\" \/>\n<meta property=\"og:locale\" content=\"it_IT\" \/>\n<meta property=\"og:type\" content=\"article\" \/>\n<meta property=\"og:title\" content=\"OCCUPAZIONE, A OTTOBRE CRESCONO ULTRACINQUANTENNI &#187; Spazio-News Magazine\" \/>\n<meta property=\"og:description\" content=\"Le stime ISTAT su occupati a ottobre risultano sostanzialmente stabili. Tasso di occupazione non registra variazioni congiunturali\" \/>\n<meta property=\"og:url\" content=\"https:\/\/spazio-news.it\/?p=2507\" \/>\n<meta property=\"og:site_name\" content=\"Spazio-News Magazine\" \/>\n<meta property=\"article:publisher\" content=\"https:\/\/m.facebook.com\/spazio-news-magazine\" \/>\n<meta property=\"article:author\" content=\"@SpazioNewsMagazine\" \/>\n<meta property=\"article:published_time\" content=\"2018-12-05T12:10:47+00:00\" \/>\n<meta property=\"og:image\" content=\"https:\/\/spazio-news.it\/wp-content\/uploads\/2018\/11\/Istat-palazzo-Istituto-nazionale-di-statistica-e1550329647971.png\" \/>\n\t<meta property=\"og:image:width\" content=\"800\" \/>\n\t<meta property=\"og:image:height\" content=\"446\" \/>\n\t<meta property=\"og:image:type\" content=\"image\/png\" \/>\n<meta name=\"author\" content=\"Redazione\" \/>\n<meta name=\"twitter:card\" content=\"summary_large_image\" \/>\n<meta name=\"twitter:creator\" content=\"@news_spazio\" \/>\n<meta name=\"twitter:site\" content=\"@News_spazio\" \/>\n<meta name=\"twitter:label1\" content=\"Scritto da\" \/>\n\t<meta name=\"twitter:data1\" content=\"Redazione\" \/>\n\t<meta name=\"twitter:label2\" content=\"Tempo di lettura stimato\" \/>\n\t<meta name=\"twitter:data2\" content=\"2 minuti\" \/>\n<script type=\"application\/ld+json\" class=\"yoast-schema-graph\">{\"@context\":\"https:\/\/schema.org\",\"@graph\":[{\"@type\":\"NewsArticle\",\"@id\":\"https:\/\/spazio-news.it\/?p=2507#article\",\"isPartOf\":{\"@id\":\"https:\/\/spazio-news.it\/?p=2507\"},\"author\":{\"name\":\"Redazione\",\"@id\":\"http:\/\/spazio-news.it\/#\/schema\/person\/c600904e882e9e166ed8e5e3773d37b3\"},\"headline\":\"OCCUPAZIONE, A OTTOBRE CRESCONO ULTRACINQUANTENNI\",\"datePublished\":\"2018-12-05T12:10:47+00:00\",\"mainEntityOfPage\":{\"@id\":\"https:\/\/spazio-news.it\/?p=2507\"},\"wordCount\":414,\"publisher\":{\"@id\":\"http:\/\/spazio-news.it\/#organization\"},\"image\":{\"@id\":\"https:\/\/spazio-news.it\/?p=2507#primaryimage\"},\"thumbnailUrl\":\"http:\/\/spazio-news.it\/wp-content\/uploads\/2018\/11\/Istat-palazzo-Istituto-nazionale-di-statistica-e1550329647971.png\",\"keywords\":[\"Dati occupazione\",\"disoccupazione\",\"lavoro\"],\"articleSection\":[\"01 - PRIMA PAGINA\",\"04 - ECONOMIA &amp; SOCIET\u00c0\"],\"inLanguage\":\"it-IT\"},{\"@type\":\"WebPage\",\"@id\":\"https:\/\/spazio-news.it\/?p=2507\",\"url\":\"https:\/\/spazio-news.it\/?p=2507\",\"name\":\"OCCUPAZIONE, A OTTOBRE CRESCONO ULTRACINQUANTENNI &#187; Spazio-News Magazine\",\"isPartOf\":{\"@id\":\"http:\/\/spazio-news.it\/#website\"},\"primaryImageOfPage\":{\"@id\":\"https:\/\/spazio-news.it\/?p=2507#primaryimage\"},\"image\":{\"@id\":\"https:\/\/spazio-news.it\/?p=2507#primaryimage\"},\"thumbnailUrl\":\"http:\/\/spazio-news.it\/wp-content\/uploads\/2018\/11\/Istat-palazzo-Istituto-nazionale-di-statistica-e1550329647971.png\",\"datePublished\":\"2018-12-05T12:10:47+00:00\",\"description\":\"Le stime ISTAT su occupati a ottobre risultano sostanzialmente stabili. Tasso di occupazione non registra variazioni congiunturali\",\"breadcrumb\":{\"@id\":\"https:\/\/spazio-news.it\/?p=2507#breadcrumb\"},\"inLanguage\":\"it-IT\",\"potentialAction\":[{\"@type\":\"ReadAction\",\"target\":[\"https:\/\/spazio-news.it\/?p=2507\"]}]},{\"@type\":\"ImageObject\",\"inLanguage\":\"it-IT\",\"@id\":\"https:\/\/spazio-news.it\/?p=2507#primaryimage\",\"url\":\"http:\/\/spazio-news.it\/wp-content\/uploads\/2018\/11\/Istat-palazzo-Istituto-nazionale-di-statistica-e1550329647971.png\",\"contentUrl\":\"http:\/\/spazio-news.it\/wp-content\/uploads\/2018\/11\/Istat-palazzo-Istituto-nazionale-di-statistica-e1550329647971.png\",\"width\":800,\"height\":446,\"caption\":\"Istat palazzo Istituto nazionale di statistica\"},{\"@type\":\"BreadcrumbList\",\"@id\":\"https:\/\/spazio-news.it\/?p=2507#breadcrumb\",\"itemListElement\":[{\"@type\":\"ListItem\",\"position\":1,\"name\":\"Home\",\"item\":\"http:\/\/spazio-news.it\/\"},{\"@type\":\"ListItem\",\"position\":2,\"name\":\"OCCUPAZIONE, A OTTOBRE CRESCONO ULTRACINQUANTENNI\"}]},{\"@type\":\"WebSite\",\"@id\":\"http:\/\/spazio-news.it\/#website\",\"url\":\"http:\/\/spazio-news.it\/\",\"name\":\"Spazio-News Magazine\",\"description\":\"La guida che sfida la complessit\u00e0 del mondo industriale\",\"publisher\":{\"@id\":\"http:\/\/spazio-news.it\/#organization\"},\"alternateName\":\"Spazio-news.it\",\"potentialAction\":[{\"@type\":\"SearchAction\",\"target\":{\"@type\":\"EntryPoint\",\"urlTemplate\":\"http:\/\/spazio-news.it\/?s={search_term_string}\"},\"query-input\":{\"@type\":\"PropertyValueSpecification\",\"valueRequired\":true,\"valueName\":\"search_term_string\"}}],\"inLanguage\":\"it-IT\"},{\"@type\":\"Organization\",\"@id\":\"http:\/\/spazio-news.it\/#organization\",\"name\":\"Spazio-News Magazine\",\"url\":\"http:\/\/spazio-news.it\/\",\"logo\":{\"@type\":\"ImageObject\",\"inLanguage\":\"it-IT\",\"@id\":\"http:\/\/spazio-news.it\/#\/schema\/logo\/image\/\",\"url\":\"http:\/\/spazio-news.it\/wp-content\/uploads\/2023\/09\/Logo-Spazio-News-512-x-512-NO-testo.jpg\",\"contentUrl\":\"http:\/\/spazio-news.it\/wp-content\/uploads\/2023\/09\/Logo-Spazio-News-512-x-512-NO-testo.jpg\",\"width\":512,\"height\":512,\"caption\":\"Spazio-News Magazine\"},\"image\":{\"@id\":\"http:\/\/spazio-news.it\/#\/schema\/logo\/image\/\"},\"sameAs\":[\"https:\/\/m.facebook.com\/spazio-news-magazine\",\"https:\/\/x.com\/News_spazio\"]},{\"@type\":\"Person\",\"@id\":\"http:\/\/spazio-news.it\/#\/schema\/person\/c600904e882e9e166ed8e5e3773d37b3\",\"name\":\"Redazione\",\"sameAs\":[\"http:\/\/spazio-news.it\",\"@SpazioNewsMagazine\",\"https:\/\/x.com\/@news_spazio\"],\"url\":\"http:\/\/spazio-news.it\/?author=1\"}]}<\/script>\n<!-- \/ Yoast SEO plugin. -->","yoast_head_json":{"title":"OCCUPAZIONE, A OTTOBRE CRESCONO ULTRACINQUANTENNI &#187; Spazio-News Magazine","description":"Le stime ISTAT su occupati a ottobre risultano sostanzialmente stabili. Tasso di occupazione non registra variazioni congiunturali","robots":{"index":"index","follow":"follow","max-snippet":"max-snippet:-1","max-image-preview":"max-image-preview:large","max-video-preview":"max-video-preview:-1"},"canonical":"https:\/\/spazio-news.it\/?p=2507","og_locale":"it_IT","og_type":"article","og_title":"OCCUPAZIONE, A OTTOBRE CRESCONO ULTRACINQUANTENNI &#187; Spazio-News Magazine","og_description":"Le stime ISTAT su occupati a ottobre risultano sostanzialmente stabili. Tasso di occupazione non registra variazioni congiunturali","og_url":"https:\/\/spazio-news.it\/?p=2507","og_site_name":"Spazio-News Magazine","article_publisher":"https:\/\/m.facebook.com\/spazio-news-magazine","article_author":"@SpazioNewsMagazine","article_published_time":"2018-12-05T12:10:47+00:00","og_image":[{"width":800,"height":446,"url":"https:\/\/spazio-news.it\/wp-content\/uploads\/2018\/11\/Istat-palazzo-Istituto-nazionale-di-statistica-e1550329647971.png","type":"image\/png"}],"author":"Redazione","twitter_card":"summary_large_image","twitter_creator":"@news_spazio","twitter_site":"@News_spazio","twitter_misc":{"Scritto da":"Redazione","Tempo di lettura stimato":"2 minuti"},"schema":{"@context":"https:\/\/schema.org","@graph":[{"@type":"NewsArticle","@id":"https:\/\/spazio-news.it\/?p=2507#article","isPartOf":{"@id":"https:\/\/spazio-news.it\/?p=2507"},"author":{"name":"Redazione","@id":"http:\/\/spazio-news.it\/#\/schema\/person\/c600904e882e9e166ed8e5e3773d37b3"},"headline":"OCCUPAZIONE, A OTTOBRE CRESCONO ULTRACINQUANTENNI","datePublished":"2018-12-05T12:10:47+00:00","mainEntityOfPage":{"@id":"https:\/\/spazio-news.it\/?p=2507"},"wordCount":414,"publisher":{"@id":"http:\/\/spazio-news.it\/#organization"},"image":{"@id":"https:\/\/spazio-news.it\/?p=2507#primaryimage"},"thumbnailUrl":"http:\/\/spazio-news.it\/wp-content\/uploads\/2018\/11\/Istat-palazzo-Istituto-nazionale-di-statistica-e1550329647971.png","keywords":["Dati occupazione","disoccupazione","lavoro"],"articleSection":["01 - PRIMA PAGINA","04 - ECONOMIA &amp; SOCIET\u00c0"],"inLanguage":"it-IT"},{"@type":"WebPage","@id":"https:\/\/spazio-news.it\/?p=2507","url":"https:\/\/spazio-news.it\/?p=2507","name":"OCCUPAZIONE, A OTTOBRE CRESCONO ULTRACINQUANTENNI &#187; Spazio-News Magazine","isPartOf":{"@id":"http:\/\/spazio-news.it\/#website"},"primaryImageOfPage":{"@id":"https:\/\/spazio-news.it\/?p=2507#primaryimage"},"image":{"@id":"https:\/\/spazio-news.it\/?p=2507#primaryimage"},"thumbnailUrl":"http:\/\/spazio-news.it\/wp-content\/uploads\/2018\/11\/Istat-palazzo-Istituto-nazionale-di-statistica-e1550329647971.png","datePublished":"2018-12-05T12:10:47+00:00","description":"Le stime ISTAT su occupati a ottobre risultano sostanzialmente stabili. Tasso di occupazione non registra variazioni congiunturali","breadcrumb":{"@id":"https:\/\/spazio-news.it\/?p=2507#breadcrumb"},"inLanguage":"it-IT","potentialAction":[{"@type":"ReadAction","target":["https:\/\/spazio-news.it\/?p=2507"]}]},{"@type":"ImageObject","inLanguage":"it-IT","@id":"https:\/\/spazio-news.it\/?p=2507#primaryimage","url":"http:\/\/spazio-news.it\/wp-content\/uploads\/2018\/11\/Istat-palazzo-Istituto-nazionale-di-statistica-e1550329647971.png","contentUrl":"http:\/\/spazio-news.it\/wp-content\/uploads\/2018\/11\/Istat-palazzo-Istituto-nazionale-di-statistica-e1550329647971.png","width":800,"height":446,"caption":"Istat palazzo Istituto nazionale di statistica"},{"@type":"BreadcrumbList","@id":"https:\/\/spazio-news.it\/?p=2507#breadcrumb","itemListElement":[{"@type":"ListItem","position":1,"name":"Home","item":"http:\/\/spazio-news.it\/"},{"@type":"ListItem","position":2,"name":"OCCUPAZIONE, A OTTOBRE CRESCONO ULTRACINQUANTENNI"}]},{"@type":"WebSite","@id":"http:\/\/spazio-news.it\/#website","url":"http:\/\/spazio-news.it\/","name":"Spazio-News Magazine","description":"La guida che sfida la complessit\u00e0 del mondo industriale","publisher":{"@id":"http:\/\/spazio-news.it\/#organization"},"alternateName":"Spazio-news.it","potentialAction":[{"@type":"SearchAction","target":{"@type":"EntryPoint","urlTemplate":"http:\/\/spazio-news.it\/?s={search_term_string}"},"query-input":{"@type":"PropertyValueSpecification","valueRequired":true,"valueName":"search_term_string"}}],"inLanguage":"it-IT"},{"@type":"Organization","@id":"http:\/\/spazio-news.it\/#organization","name":"Spazio-News Magazine","url":"http:\/\/spazio-news.it\/","logo":{"@type":"ImageObject","inLanguage":"it-IT","@id":"http:\/\/spazio-news.it\/#\/schema\/logo\/image\/","url":"http:\/\/spazio-news.it\/wp-content\/uploads\/2023\/09\/Logo-Spazio-News-512-x-512-NO-testo.jpg","contentUrl":"http:\/\/spazio-news.it\/wp-content\/uploads\/2023\/09\/Logo-Spazio-News-512-x-512-NO-testo.jpg","width":512,"height":512,"caption":"Spazio-News Magazine"},"image":{"@id":"http:\/\/spazio-news.it\/#\/schema\/logo\/image\/"},"sameAs":["https:\/\/m.facebook.com\/spazio-news-magazine","https:\/\/x.com\/News_spazio"]},{"@type":"Person","@id":"http:\/\/spazio-news.it\/#\/schema\/person\/c600904e882e9e166ed8e5e3773d37b3","name":"Redazione","sameAs":["http:\/\/spazio-news.it","@SpazioNewsMagazine","https:\/\/x.com\/@news_spazio"],"url":"http:\/\/spazio-news.it\/?author=1"}]}},"_links":{"self":[{"href":"http:\/\/spazio-news.it\/index.php?rest_route=\/wp\/v2\/posts\/2507","targetHints":{"allow":["GET"]}}],"collection":[{"href":"http:\/\/spazio-news.it\/index.php?rest_route=\/wp\/v2\/posts"}],"about":[{"href":"http:\/\/spazio-news.it\/index.php?rest_route=\/wp\/v2\/types\/post"}],"author":[{"embeddable":true,"href":"http:\/\/spazio-news.it\/index.php?rest_route=\/wp\/v2\/users\/1"}],"replies":[{"embeddable":true,"href":"http:\/\/spazio-news.it\/index.php?rest_route=%2Fwp%2Fv2%2Fcomments&post=2507"}],"version-history":[{"count":1,"href":"http:\/\/spazio-news.it\/index.php?rest_route=\/wp\/v2\/posts\/2507\/revisions"}],"predecessor-version":[{"id":2508,"href":"http:\/\/spazio-news.it\/index.php?rest_route=\/wp\/v2\/posts\/2507\/revisions\/2508"}],"wp:featuredmedia":[{"embeddable":true,"href":"http:\/\/spazio-news.it\/index.php?rest_route=\/wp\/v2\/media\/2332"}],"wp:attachment":[{"href":"http:\/\/spazio-news.it\/index.php?rest_route=%2Fwp%2Fv2%2Fmedia&parent=2507"}],"wp:term":[{"taxonomy":"category","embeddable":true,"href":"http:\/\/spazio-news.it\/index.php?rest_route=%2Fwp%2Fv2%2Fcategories&post=2507"},{"taxonomy":"post_tag","embeddable":true,"href":"http:\/\/spazio-news.it\/index.php?rest_route=%2Fwp%2Fv2%2Ftags&post=2507"}],"curies":[{"name":"wp","href":"https:\/\/api.w.org\/{rel}","templated":true}]}}