{"id":2515,"date":"2018-12-06T05:31:54","date_gmt":"2018-12-06T04:31:54","guid":{"rendered":"http:\/\/spazio-news.it\/?p=2515"},"modified":"2019-05-27T20:07:04","modified_gmt":"2019-05-27T19:07:04","slug":"amendola-meeting-dellair-forces-operational-commanders","status":"publish","type":"post","link":"http:\/\/spazio-news.it\/?p=2515","title":{"rendered":"AMENDOLA: MEETING DELL\u2019AIR FORCES OPERATIONAL COMMANDERS"},"content":{"rendered":"<p>Il <strong>Comandante della Squadra Aerea &#8211; CSA<\/strong>, <strong>Generale di Squadra Aerea Fernando Giancotti<\/strong> ha presieduto l\u2019<strong>Air Forces Operational Commanders\u2019 Meeting<\/strong>, che si \u00e8 svolto lo scorso 4 dicembre presso il <strong>32\u00b0 Stormo di Amendola<\/strong> nell\u2019ambito del <strong>4\u00b0 Flying Course del Tactical Leadership Programme &#8211; TLP<\/strong>.<\/p>\n<p><em>\u201cL\u2019evento, unico nel suo genere, ha visto la partecipazione dei Comandanti Operativi, o loro rappresentanti, delle Forze Aeree di alcuni dei Paesi aderenti (Belgio, Francia, Germania, Grecia, Olanda, U.S.A.). Dopo la presentazione del 32\u00b0 Stormo da parte del Colonnello Davide Marzinotto, il Col. Paolo Rubino ha illustrato le fasi salienti del 4\u00b0 Flying Course ed il Gen. Giancotti ha posto in risalto le prospettive e l\u2019approccio dell\u2019Aeronautica Militare Italiana verso la 5^ generazione. Successivamente, ogni singolo rappresentante ha potuto evidenziare il proprio punto di vista e le lezioni apprese, al fine di rendere patrimonio comune le rispettive esperienze e competenze <\/em>\u2013 si legge nella nota diffusa dall\u2019Aeronautica Militare Italiana -. <em>Alla fine della giornata, si \u00e8 svolta una visita presso \u201cla cittadella JSF\u201d, sede del 13\u00b0 Gruppo Volo ed al &#8220;Deployable, Air control centre, Recognized air picture production centre, Sensor fusion post&#8221; (DARS), dipendente dal Reparto Mobile di Comando e Controllo (RMCC) di Bari Palese, rischierato sul sedime di Amendola per il TLP. L\u2019occasione ha suscitato grande interesse negli ospiti internazionali. L\u2019approccio italiano alla quinta generazione, primo a conseguire la capacit\u00e0 operativa iniziale in Europa, \u00e8 stato molto apprezzato per la qualit\u00e0 e l\u2019efficacia dei risultati conseguiti e per i concetti fortemente innovativi implementati anche nello sviluppo di cultura e processi organizzativi capaci di supportare e promuovere una vera e propria trasformazione complessiva del sistema operativo A.M\u201d.<\/em><\/p>\n<p>Anche il <strong>4\u00b0 Flying Course<\/strong>, per la <strong>prima volta in Italia<\/strong> dopo molti anni, ha rappresentato un importante passo nella transizione verso il concetto di <strong>5^ Generazione<\/strong>, mediante il primo utilizzo in operazioni congiunte del <strong> velivolo F-35<\/strong> <strong>in interfaccia con Sistemi d\u2019Arma di 4^ generazione. <\/strong><\/p>\n<p>L\u2019integrazione del <strong> sistema d\u2019arma JSF<\/strong> all\u2019interno dell\u2019<strong>Aeronautica Militare <\/strong>rappresenta la trasformazione capacitiva della <strong>Forza Armata<\/strong> verso la Quinta Generazione: l\u2019F-35, definito come \u201c<strong>Sistema di Sistemi<\/strong>\u201d, si pone quale moderno strumento per affrontare gli odierni scenari operativi, ad elevata connotazione <strong>interforze<\/strong> e basati sulla <strong>Superiorit\u00e0 Informativa<\/strong>.<\/p>\n<p>Il successo riscontrato in termini di partecipazione ed interesse anche per questo incontro ai massimi livelli operativi, cos\u00ec come avvenuto per il 4\u00b0 Flying Course e per la dichiarazione della <strong>Iniziale Capacit\u00e0 Operativa &#8211; IOC<\/strong> del velivolo F-35, testimonia la valenza e l\u2019apprezzamento da parte delle <strong>Forze Aeree internazionali<\/strong> dell\u2019innovativo approccio alle tematiche di 5^ generazione e delle metodologie all\u2019avanguardia proposte dall\u2019Aeronautica.<\/p>\n","protected":false},"excerpt":{"rendered":"<p>Il Comandante della Squadra Aerea &#8211; CSA, Generale di Squadra Aerea Fernando Giancotti ha presieduto l\u2019Air Forces Operational Commanders\u2019 Meeting,<\/p>\n","protected":false},"author":1,"featured_media":229,"comment_status":"closed","ping_status":"open","sticky":false,"template":"","format":"standard","meta":{"colormag_page_container_layout":"default_layout","colormag_page_sidebar_layout":"default_layout","footnotes":""},"categories":[32,4],"tags":[1497,54,1663,589,153,156,1498],"class_list":["post-2515","post","type-post","status-publish","format-standard","has-post-thumbnail","hentry","category-prima-pagina","category-istituzioni","tag-4-flying-course","tag-aeronautica-militare-italiana","tag-air-forces-operational-commanders-meeting","tag-amendola","tag-f-35","tag-lockheed-martin","tag-tactical-leadership-programme-tlp"],"yoast_head":"<!-- This site is optimized with the Yoast SEO plugin v26.8 - https:\/\/yoast.com\/product\/yoast-seo-wordpress\/ -->\n<title>AMENDOLA: MEETING DELL\u2019AIR FORCES OPERATIONAL COMMANDERS &#187; Spazio-News Magazine<\/title>\n<meta name=\"description\" content=\"Il Comandante della Squadra Aerea - CSA ha presieduto l\u2019Air Forces Operational Commanders\u2019 Meeting, che si \u00e8 svolto lo scorso 4 dicembre\" \/>\n<meta name=\"robots\" content=\"index, follow, max-snippet:-1, max-image-preview:large, max-video-preview:-1\" \/>\n<link rel=\"canonical\" href=\"http:\/\/spazio-news.it\/?p=2515\" \/>\n<meta property=\"og:locale\" content=\"it_IT\" \/>\n<meta property=\"og:type\" content=\"article\" \/>\n<meta property=\"og:title\" content=\"AMENDOLA: MEETING DELL\u2019AIR FORCES OPERATIONAL COMMANDERS &#187; Spazio-News Magazine\" \/>\n<meta property=\"og:description\" content=\"Il Comandante della Squadra Aerea - CSA ha presieduto l\u2019Air Forces Operational Commanders\u2019 Meeting, che si \u00e8 svolto lo scorso 4 dicembre\" \/>\n<meta property=\"og:url\" content=\"http:\/\/spazio-news.it\/?p=2515\" \/>\n<meta property=\"og:site_name\" content=\"Spazio-News Magazine\" \/>\n<meta property=\"article:publisher\" content=\"https:\/\/m.facebook.com\/spazio-news-magazine\" \/>\n<meta property=\"article:author\" content=\"@SpazioNewsMagazine\" \/>\n<meta property=\"article:published_time\" content=\"2018-12-06T04:31:54+00:00\" \/>\n<meta property=\"article:modified_time\" content=\"2019-05-27T19:07:04+00:00\" \/>\n<meta property=\"og:image\" content=\"http:\/\/spazio-news.it\/wp-content\/uploads\/2018\/07\/Spazio-News.it-esercitazione-militare-f-35-eurofighter-800x445-e1555240083382.jpg\" \/>\n\t<meta property=\"og:image:width\" content=\"800\" \/>\n\t<meta property=\"og:image:height\" content=\"446\" \/>\n\t<meta property=\"og:image:type\" content=\"image\/jpeg\" \/>\n<meta name=\"author\" content=\"Redazione\" \/>\n<meta name=\"twitter:card\" content=\"summary_large_image\" \/>\n<meta name=\"twitter:creator\" content=\"@news_spazio\" \/>\n<meta name=\"twitter:site\" content=\"@News_spazio\" \/>\n<meta name=\"twitter:label1\" content=\"Scritto da\" \/>\n\t<meta name=\"twitter:data1\" content=\"Redazione\" \/>\n\t<meta name=\"twitter:label2\" content=\"Tempo di lettura stimato\" \/>\n\t<meta name=\"twitter:data2\" content=\"2 minuti\" \/>\n<script type=\"application\/ld+json\" class=\"yoast-schema-graph\">{\"@context\":\"https:\/\/schema.org\",\"@graph\":[{\"@type\":\"NewsArticle\",\"@id\":\"http:\/\/spazio-news.it\/?p=2515#article\",\"isPartOf\":{\"@id\":\"http:\/\/spazio-news.it\/?p=2515\"},\"author\":{\"name\":\"Redazione\",\"@id\":\"http:\/\/spazio-news.it\/#\/schema\/person\/c600904e882e9e166ed8e5e3773d37b3\"},\"headline\":\"AMENDOLA: MEETING DELL\u2019AIR FORCES OPERATIONAL COMMANDERS\",\"datePublished\":\"2018-12-06T04:31:54+00:00\",\"dateModified\":\"2019-05-27T19:07:04+00:00\",\"mainEntityOfPage\":{\"@id\":\"http:\/\/spazio-news.it\/?p=2515\"},\"wordCount\":437,\"publisher\":{\"@id\":\"http:\/\/spazio-news.it\/#organization\"},\"image\":{\"@id\":\"http:\/\/spazio-news.it\/?p=2515#primaryimage\"},\"thumbnailUrl\":\"http:\/\/spazio-news.it\/wp-content\/uploads\/2018\/07\/Spazio-News.it-esercitazione-militare-f-35-eurofighter-800x445-e1555240083382.jpg\",\"keywords\":[\"4\u00b0 Flying Course\",\"Aeronautica Militare Italiana\",\"Air Forces Operational Commanders\u2019 Meeting\",\"Amendola\",\"f-35\",\"Lockheed Martin\",\"Tactical Leadership Programme - TLP\"],\"articleSection\":[\"01 - PRIMA PAGINA\",\"03 - ISTITUZIONI\"],\"inLanguage\":\"it-IT\"},{\"@type\":\"WebPage\",\"@id\":\"http:\/\/spazio-news.it\/?p=2515\",\"url\":\"http:\/\/spazio-news.it\/?p=2515\",\"name\":\"AMENDOLA: MEETING DELL\u2019AIR FORCES OPERATIONAL COMMANDERS &#187; Spazio-News Magazine\",\"isPartOf\":{\"@id\":\"http:\/\/spazio-news.it\/#website\"},\"primaryImageOfPage\":{\"@id\":\"http:\/\/spazio-news.it\/?p=2515#primaryimage\"},\"image\":{\"@id\":\"http:\/\/spazio-news.it\/?p=2515#primaryimage\"},\"thumbnailUrl\":\"http:\/\/spazio-news.it\/wp-content\/uploads\/2018\/07\/Spazio-News.it-esercitazione-militare-f-35-eurofighter-800x445-e1555240083382.jpg\",\"datePublished\":\"2018-12-06T04:31:54+00:00\",\"dateModified\":\"2019-05-27T19:07:04+00:00\",\"description\":\"Il Comandante della Squadra Aerea - CSA ha presieduto l\u2019Air Forces Operational Commanders\u2019 Meeting, che si \u00e8 svolto lo scorso 4 dicembre\",\"breadcrumb\":{\"@id\":\"http:\/\/spazio-news.it\/?p=2515#breadcrumb\"},\"inLanguage\":\"it-IT\",\"potentialAction\":[{\"@type\":\"ReadAction\",\"target\":[\"http:\/\/spazio-news.it\/?p=2515\"]}]},{\"@type\":\"ImageObject\",\"inLanguage\":\"it-IT\",\"@id\":\"http:\/\/spazio-news.it\/?p=2515#primaryimage\",\"url\":\"http:\/\/spazio-news.it\/wp-content\/uploads\/2018\/07\/Spazio-News.it-esercitazione-militare-f-35-eurofighter-800x445-e1555240083382.jpg\",\"contentUrl\":\"http:\/\/spazio-news.it\/wp-content\/uploads\/2018\/07\/Spazio-News.it-esercitazione-militare-f-35-eurofighter-800x445-e1555240083382.jpg\",\"width\":800,\"height\":446,\"caption\":\"Spazio-News.it esercitaz\"},{\"@type\":\"BreadcrumbList\",\"@id\":\"http:\/\/spazio-news.it\/?p=2515#breadcrumb\",\"itemListElement\":[{\"@type\":\"ListItem\",\"position\":1,\"name\":\"Home\",\"item\":\"http:\/\/spazio-news.it\/\"},{\"@type\":\"ListItem\",\"position\":2,\"name\":\"AMENDOLA: MEETING DELL\u2019AIR FORCES OPERATIONAL COMMANDERS\"}]},{\"@type\":\"WebSite\",\"@id\":\"http:\/\/spazio-news.it\/#website\",\"url\":\"http:\/\/spazio-news.it\/\",\"name\":\"Spazio-News Magazine\",\"description\":\"La guida che sfida la complessit\u00e0 del mondo industriale\",\"publisher\":{\"@id\":\"http:\/\/spazio-news.it\/#organization\"},\"alternateName\":\"Spazio-news.it\",\"potentialAction\":[{\"@type\":\"SearchAction\",\"target\":{\"@type\":\"EntryPoint\",\"urlTemplate\":\"http:\/\/spazio-news.it\/?s={search_term_string}\"},\"query-input\":{\"@type\":\"PropertyValueSpecification\",\"valueRequired\":true,\"valueName\":\"search_term_string\"}}],\"inLanguage\":\"it-IT\"},{\"@type\":\"Organization\",\"@id\":\"http:\/\/spazio-news.it\/#organization\",\"name\":\"Spazio-News Magazine\",\"url\":\"http:\/\/spazio-news.it\/\",\"logo\":{\"@type\":\"ImageObject\",\"inLanguage\":\"it-IT\",\"@id\":\"http:\/\/spazio-news.it\/#\/schema\/logo\/image\/\",\"url\":\"http:\/\/spazio-news.it\/wp-content\/uploads\/2023\/09\/Logo-Spazio-News-512-x-512-NO-testo.jpg\",\"contentUrl\":\"http:\/\/spazio-news.it\/wp-content\/uploads\/2023\/09\/Logo-Spazio-News-512-x-512-NO-testo.jpg\",\"width\":512,\"height\":512,\"caption\":\"Spazio-News Magazine\"},\"image\":{\"@id\":\"http:\/\/spazio-news.it\/#\/schema\/logo\/image\/\"},\"sameAs\":[\"https:\/\/m.facebook.com\/spazio-news-magazine\",\"https:\/\/x.com\/News_spazio\"]},{\"@type\":\"Person\",\"@id\":\"http:\/\/spazio-news.it\/#\/schema\/person\/c600904e882e9e166ed8e5e3773d37b3\",\"name\":\"Redazione\",\"sameAs\":[\"http:\/\/spazio-news.it\",\"@SpazioNewsMagazine\",\"https:\/\/x.com\/@news_spazio\"],\"url\":\"http:\/\/spazio-news.it\/?author=1\"}]}<\/script>\n<!-- \/ Yoast SEO plugin. -->","yoast_head_json":{"title":"AMENDOLA: MEETING DELL\u2019AIR FORCES OPERATIONAL COMMANDERS &#187; Spazio-News Magazine","description":"Il Comandante della Squadra Aerea - CSA ha presieduto l\u2019Air Forces Operational Commanders\u2019 Meeting, che si \u00e8 svolto lo scorso 4 dicembre","robots":{"index":"index","follow":"follow","max-snippet":"max-snippet:-1","max-image-preview":"max-image-preview:large","max-video-preview":"max-video-preview:-1"},"canonical":"http:\/\/spazio-news.it\/?p=2515","og_locale":"it_IT","og_type":"article","og_title":"AMENDOLA: MEETING DELL\u2019AIR FORCES OPERATIONAL COMMANDERS &#187; Spazio-News Magazine","og_description":"Il Comandante della Squadra Aerea - CSA ha presieduto l\u2019Air Forces Operational Commanders\u2019 Meeting, che si \u00e8 svolto lo scorso 4 dicembre","og_url":"http:\/\/spazio-news.it\/?p=2515","og_site_name":"Spazio-News Magazine","article_publisher":"https:\/\/m.facebook.com\/spazio-news-magazine","article_author":"@SpazioNewsMagazine","article_published_time":"2018-12-06T04:31:54+00:00","article_modified_time":"2019-05-27T19:07:04+00:00","og_image":[{"width":800,"height":446,"url":"http:\/\/spazio-news.it\/wp-content\/uploads\/2018\/07\/Spazio-News.it-esercitazione-militare-f-35-eurofighter-800x445-e1555240083382.jpg","type":"image\/jpeg"}],"author":"Redazione","twitter_card":"summary_large_image","twitter_creator":"@news_spazio","twitter_site":"@News_spazio","twitter_misc":{"Scritto da":"Redazione","Tempo di lettura stimato":"2 minuti"},"schema":{"@context":"https:\/\/schema.org","@graph":[{"@type":"NewsArticle","@id":"http:\/\/spazio-news.it\/?p=2515#article","isPartOf":{"@id":"http:\/\/spazio-news.it\/?p=2515"},"author":{"name":"Redazione","@id":"http:\/\/spazio-news.it\/#\/schema\/person\/c600904e882e9e166ed8e5e3773d37b3"},"headline":"AMENDOLA: MEETING DELL\u2019AIR FORCES OPERATIONAL COMMANDERS","datePublished":"2018-12-06T04:31:54+00:00","dateModified":"2019-05-27T19:07:04+00:00","mainEntityOfPage":{"@id":"http:\/\/spazio-news.it\/?p=2515"},"wordCount":437,"publisher":{"@id":"http:\/\/spazio-news.it\/#organization"},"image":{"@id":"http:\/\/spazio-news.it\/?p=2515#primaryimage"},"thumbnailUrl":"http:\/\/spazio-news.it\/wp-content\/uploads\/2018\/07\/Spazio-News.it-esercitazione-militare-f-35-eurofighter-800x445-e1555240083382.jpg","keywords":["4\u00b0 Flying Course","Aeronautica Militare Italiana","Air Forces Operational Commanders\u2019 Meeting","Amendola","f-35","Lockheed Martin","Tactical Leadership Programme - TLP"],"articleSection":["01 - PRIMA PAGINA","03 - ISTITUZIONI"],"inLanguage":"it-IT"},{"@type":"WebPage","@id":"http:\/\/spazio-news.it\/?p=2515","url":"http:\/\/spazio-news.it\/?p=2515","name":"AMENDOLA: MEETING DELL\u2019AIR FORCES OPERATIONAL COMMANDERS &#187; Spazio-News Magazine","isPartOf":{"@id":"http:\/\/spazio-news.it\/#website"},"primaryImageOfPage":{"@id":"http:\/\/spazio-news.it\/?p=2515#primaryimage"},"image":{"@id":"http:\/\/spazio-news.it\/?p=2515#primaryimage"},"thumbnailUrl":"http:\/\/spazio-news.it\/wp-content\/uploads\/2018\/07\/Spazio-News.it-esercitazione-militare-f-35-eurofighter-800x445-e1555240083382.jpg","datePublished":"2018-12-06T04:31:54+00:00","dateModified":"2019-05-27T19:07:04+00:00","description":"Il Comandante della Squadra Aerea - CSA ha presieduto l\u2019Air Forces Operational Commanders\u2019 Meeting, che si \u00e8 svolto lo scorso 4 dicembre","breadcrumb":{"@id":"http:\/\/spazio-news.it\/?p=2515#breadcrumb"},"inLanguage":"it-IT","potentialAction":[{"@type":"ReadAction","target":["http:\/\/spazio-news.it\/?p=2515"]}]},{"@type":"ImageObject","inLanguage":"it-IT","@id":"http:\/\/spazio-news.it\/?p=2515#primaryimage","url":"http:\/\/spazio-news.it\/wp-content\/uploads\/2018\/07\/Spazio-News.it-esercitazione-militare-f-35-eurofighter-800x445-e1555240083382.jpg","contentUrl":"http:\/\/spazio-news.it\/wp-content\/uploads\/2018\/07\/Spazio-News.it-esercitazione-militare-f-35-eurofighter-800x445-e1555240083382.jpg","width":800,"height":446,"caption":"Spazio-News.it esercitaz"},{"@type":"BreadcrumbList","@id":"http:\/\/spazio-news.it\/?p=2515#breadcrumb","itemListElement":[{"@type":"ListItem","position":1,"name":"Home","item":"http:\/\/spazio-news.it\/"},{"@type":"ListItem","position":2,"name":"AMENDOLA: MEETING DELL\u2019AIR FORCES OPERATIONAL COMMANDERS"}]},{"@type":"WebSite","@id":"http:\/\/spazio-news.it\/#website","url":"http:\/\/spazio-news.it\/","name":"Spazio-News Magazine","description":"La guida che sfida la complessit\u00e0 del mondo industriale","publisher":{"@id":"http:\/\/spazio-news.it\/#organization"},"alternateName":"Spazio-news.it","potentialAction":[{"@type":"SearchAction","target":{"@type":"EntryPoint","urlTemplate":"http:\/\/spazio-news.it\/?s={search_term_string}"},"query-input":{"@type":"PropertyValueSpecification","valueRequired":true,"valueName":"search_term_string"}}],"inLanguage":"it-IT"},{"@type":"Organization","@id":"http:\/\/spazio-news.it\/#organization","name":"Spazio-News Magazine","url":"http:\/\/spazio-news.it\/","logo":{"@type":"ImageObject","inLanguage":"it-IT","@id":"http:\/\/spazio-news.it\/#\/schema\/logo\/image\/","url":"http:\/\/spazio-news.it\/wp-content\/uploads\/2023\/09\/Logo-Spazio-News-512-x-512-NO-testo.jpg","contentUrl":"http:\/\/spazio-news.it\/wp-content\/uploads\/2023\/09\/Logo-Spazio-News-512-x-512-NO-testo.jpg","width":512,"height":512,"caption":"Spazio-News Magazine"},"image":{"@id":"http:\/\/spazio-news.it\/#\/schema\/logo\/image\/"},"sameAs":["https:\/\/m.facebook.com\/spazio-news-magazine","https:\/\/x.com\/News_spazio"]},{"@type":"Person","@id":"http:\/\/spazio-news.it\/#\/schema\/person\/c600904e882e9e166ed8e5e3773d37b3","name":"Redazione","sameAs":["http:\/\/spazio-news.it","@SpazioNewsMagazine","https:\/\/x.com\/@news_spazio"],"url":"http:\/\/spazio-news.it\/?author=1"}]}},"_links":{"self":[{"href":"http:\/\/spazio-news.it\/index.php?rest_route=\/wp\/v2\/posts\/2515","targetHints":{"allow":["GET"]}}],"collection":[{"href":"http:\/\/spazio-news.it\/index.php?rest_route=\/wp\/v2\/posts"}],"about":[{"href":"http:\/\/spazio-news.it\/index.php?rest_route=\/wp\/v2\/types\/post"}],"author":[{"embeddable":true,"href":"http:\/\/spazio-news.it\/index.php?rest_route=\/wp\/v2\/users\/1"}],"replies":[{"embeddable":true,"href":"http:\/\/spazio-news.it\/index.php?rest_route=%2Fwp%2Fv2%2Fcomments&post=2515"}],"version-history":[{"count":3,"href":"http:\/\/spazio-news.it\/index.php?rest_route=\/wp\/v2\/posts\/2515\/revisions"}],"predecessor-version":[{"id":4673,"href":"http:\/\/spazio-news.it\/index.php?rest_route=\/wp\/v2\/posts\/2515\/revisions\/4673"}],"wp:featuredmedia":[{"embeddable":true,"href":"http:\/\/spazio-news.it\/index.php?rest_route=\/wp\/v2\/media\/229"}],"wp:attachment":[{"href":"http:\/\/spazio-news.it\/index.php?rest_route=%2Fwp%2Fv2%2Fmedia&parent=2515"}],"wp:term":[{"taxonomy":"category","embeddable":true,"href":"http:\/\/spazio-news.it\/index.php?rest_route=%2Fwp%2Fv2%2Fcategories&post=2515"},{"taxonomy":"post_tag","embeddable":true,"href":"http:\/\/spazio-news.it\/index.php?rest_route=%2Fwp%2Fv2%2Ftags&post=2515"}],"curies":[{"name":"wp","href":"https:\/\/api.w.org\/{rel}","templated":true}]}}