{"id":2581,"date":"2018-12-11T11:53:08","date_gmt":"2018-12-11T10:53:08","guid":{"rendered":"http:\/\/spazio-news.it\/?p=2581"},"modified":"2026-01-29T19:50:17","modified_gmt":"2026-01-29T18:50:17","slug":"vueling-cinque-nuove-rotte-in-estate-dallitalia","status":"publish","type":"post","link":"http:\/\/spazio-news.it\/?p=2581","title":{"rendered":"VUELING: CINQUE NUOVE ROTTE IN ESTATE DALL\u2019ITALIA"},"content":{"rendered":"<p>La programmazione Vueling dall\u2019Italia per l\u2019estate 2019 prevede da marzo a ottobre 80 rotte in partenza da 17 aeroporti italiani con oltre 5,6 milioni di posti disponibili. <\/p>\n<p>Grazie al lancio di 5 nuove rotte internazionali dagli aeroporti di <strong>Firenze<\/strong> e <strong>Catania<\/strong>, la compagnia spagnola potenzia i collegamenti verso tutta Europa: da Firenze si potranno raggiungere Praga, Vienna, Monaco e Bilbao, mentre da Catania sar\u00e0 possibile volare a Valencia.<\/p>\n<p>L\u2019Italia si riconferma secondo mercato pi\u00f9 rilevante per Vueling a livello internazionale dopo la Spagna: per l\u2019estate 2019 i collegamenti tra i due Paesi sono stati ulteriormente potenziati (+11% vs 2018), e per raggiungere Barcellona saranno disponibili oltre 2 milioni di posti. In aumento anche i voli verso la Francia (+21%) e quelli nazionali tra aeroporti italiani (+2%).  <\/p>\n<p>La prossima estate, l\u2019offerta da <strong>Roma Fiumicino<\/strong>, secondo hub strategico per la compagnia in Europa dopo Barcellona, potr\u00e0 contare su 41 rotte e oltre 3 milioni di posti disponibili. In aumento in particolare i collegamenti verso Parigi: partendo dal primo scalo romano sar\u00e0 infatti possibile raggiungere Parigi-Orly con fino a 33 frequenze settimanali (+26% vs 2018) e Parigi-Charles de Gaulle con fino a 12 frequenze settimanali (+88% vs 2018).<br \/>\nIn crescita il focus su <strong>Milano Malpensa<\/strong>, con una migliorata capacit\u00e0 sui voli per Parigi-Orly (20 frequenze settimanali), Barcellona (39) e Bilbao (3).<br \/>\n<em><br \/>\n\u201cCon 5 nuove rotte, 1 nuovo aereo basato a Firenze e oltre 5 milioni di posti offerti, l\u2019offerta  Vueling per la stagione estiva rappresenta al meglio il nostro impegno per il mercato italiano<\/em> &#8211; ha dichiarato <strong>Susanna Sciacovelli<\/strong>, Direttore Generale per l\u2019Italia di Vueling -. <em>L\u2019Italia riveste per noi un ruolo da protagonista nel panorama europeo e Roma \u00e8 al centro del nostro progetto di sviluppo. Con questa ricca offerta vogliamo offrire a tutti gli italiani la possibilit\u00e0 di trascorrere delle vacanze indimenticabili presso le mete pi\u00f9 desiderate d\u2019Europa\u201d<\/em>.  <\/p>\n<p>Grazie ai collegamenti con l\u2019hub di Barcellona e di Roma Fiumicino, i passeggeri in partenza dagli aeroporti italiani potranno sfruttare l\u2019esclusivo servizio <strong>Vueling-to-Vueling<\/strong> dei voli in connessione, che permette di fare un unico check-in all\u2019aeroporto di partenza e di ritirare direttamente i bagagli all\u2019arrivo. Grazie a questo servizio, i passeggeri in partenza dall\u2019Italia potranno comodamente raggiungere pi\u00f9 di 120 destinazioni servite dalla compagnia in tutta Europa, Africa e Medio Oriente.<\/p>\n<p>Inoltre, grazie alla sinergia con l\u2019aeroporto di Barcellona El Prat, Vueling offrir\u00e0 ai passeggeri in partenza dall\u2019Italia accesso a tutto il network di LEVEL, compagnia low cost a lungo raggio del gruppo IAG, che da Barcellona opera voli diretti internazionali verso New York, Buenos Aires, Los Angeles, San Francisco e Santiago del Cile. <\/p>\n","protected":false},"excerpt":{"rendered":"<p>La programmazione Vueling dall\u2019Italia per l\u2019estate 2019 prevede da marzo a ottobre 80 rotte in partenza da 17 aeroporti italiani<\/p>\n","protected":false},"author":1,"featured_media":2582,"comment_status":"closed","ping_status":"open","sticky":false,"template":"","format":"standard","meta":{"colormag_page_container_layout":"default_layout","colormag_page_sidebar_layout":"default_layout","footnotes":""},"categories":[32,3],"tags":[1705,652,789,1704,500],"class_list":["post-2581","post","type-post","status-publish","format-standard","has-post-thumbnail","hentry","category-prima-pagina","category-industria","tag-level","tag-low-cost","tag-summer-schedule-19","tag-susanna-sciacovelli","tag-vueling"],"yoast_head":"<!-- This site is optimized with the Yoast SEO plugin v26.8 - https:\/\/yoast.com\/product\/yoast-seo-wordpress\/ -->\n<title>VUELING: CINQUE NUOVE ROTTE IN ESTATE DALL\u2019ITALIA &#187; Spazio-News Magazine<\/title>\n<meta name=\"description\" content=\"La programmazione Vueling 2019 per la prossima estate prevede l&#039;attivazione di cinque nuove rotte dall&#039;Italia\" \/>\n<meta name=\"robots\" content=\"index, follow, max-snippet:-1, max-image-preview:large, max-video-preview:-1\" \/>\n<link rel=\"canonical\" href=\"http:\/\/spazio-news.it\/?p=2581\" \/>\n<meta property=\"og:locale\" content=\"it_IT\" \/>\n<meta property=\"og:type\" content=\"article\" \/>\n<meta property=\"og:title\" content=\"VUELING: CINQUE NUOVE ROTTE IN ESTATE DALL\u2019ITALIA &#187; Spazio-News Magazine\" \/>\n<meta property=\"og:description\" content=\"La programmazione Vueling 2019 per la prossima estate prevede l&#039;attivazione di cinque nuove rotte dall&#039;Italia\" \/>\n<meta property=\"og:url\" content=\"http:\/\/spazio-news.it\/?p=2581\" \/>\n<meta property=\"og:site_name\" content=\"Spazio-News Magazine\" \/>\n<meta property=\"article:publisher\" content=\"https:\/\/m.facebook.com\/spazio-news-magazine\" \/>\n<meta property=\"article:author\" content=\"@SpazioNewsMagazine\" \/>\n<meta property=\"article:published_time\" content=\"2018-12-11T10:53:08+00:00\" \/>\n<meta property=\"article:modified_time\" content=\"2026-01-29T18:50:17+00:00\" \/>\n<meta property=\"og:image\" content=\"http:\/\/spazio-news.it\/wp-content\/uploads\/2018\/12\/Vueling_Airbus_spazio-news-e1544894981391.jpg\" \/>\n\t<meta property=\"og:image:width\" content=\"800\" \/>\n\t<meta property=\"og:image:height\" content=\"446\" \/>\n\t<meta property=\"og:image:type\" content=\"image\/jpeg\" \/>\n<meta name=\"author\" content=\"Redazione\" \/>\n<meta name=\"twitter:card\" content=\"summary_large_image\" \/>\n<meta name=\"twitter:creator\" content=\"@news_spazio\" \/>\n<meta name=\"twitter:site\" content=\"@News_spazio\" \/>\n<meta name=\"twitter:label1\" content=\"Scritto da\" \/>\n\t<meta name=\"twitter:data1\" content=\"Redazione\" \/>\n\t<meta name=\"twitter:label2\" content=\"Tempo di lettura stimato\" \/>\n\t<meta name=\"twitter:data2\" content=\"2 minuti\" \/>\n<script type=\"application\/ld+json\" class=\"yoast-schema-graph\">{\"@context\":\"https:\/\/schema.org\",\"@graph\":[{\"@type\":\"NewsArticle\",\"@id\":\"http:\/\/spazio-news.it\/?p=2581#article\",\"isPartOf\":{\"@id\":\"http:\/\/spazio-news.it\/?p=2581\"},\"author\":{\"name\":\"Redazione\",\"@id\":\"https:\/\/spazio-news.it\/#\/schema\/person\/c600904e882e9e166ed8e5e3773d37b3\"},\"headline\":\"VUELING: CINQUE NUOVE ROTTE IN ESTATE DALL\u2019ITALIA\",\"datePublished\":\"2018-12-11T10:53:08+00:00\",\"dateModified\":\"2026-01-29T18:50:17+00:00\",\"mainEntityOfPage\":{\"@id\":\"http:\/\/spazio-news.it\/?p=2581\"},\"wordCount\":427,\"publisher\":{\"@id\":\"https:\/\/spazio-news.it\/#organization\"},\"image\":{\"@id\":\"http:\/\/spazio-news.it\/?p=2581#primaryimage\"},\"thumbnailUrl\":\"http:\/\/spazio-news.it\/wp-content\/uploads\/2018\/12\/Vueling_Airbus_spazio-news-e1544894981391.jpg\",\"keywords\":[\"LEVEL\",\"Low cost\",\"Summer schedule 19\",\"Susanna Sciacovelli\",\"Vueling\"],\"articleSection\":[\"01 - PRIMA PAGINA\",\"02 - INDUSTRIA\"],\"inLanguage\":\"it-IT\"},{\"@type\":\"WebPage\",\"@id\":\"http:\/\/spazio-news.it\/?p=2581\",\"url\":\"http:\/\/spazio-news.it\/?p=2581\",\"name\":\"VUELING: CINQUE NUOVE ROTTE IN ESTATE DALL\u2019ITALIA &#187; Spazio-News Magazine\",\"isPartOf\":{\"@id\":\"https:\/\/spazio-news.it\/#website\"},\"primaryImageOfPage\":{\"@id\":\"http:\/\/spazio-news.it\/?p=2581#primaryimage\"},\"image\":{\"@id\":\"http:\/\/spazio-news.it\/?p=2581#primaryimage\"},\"thumbnailUrl\":\"http:\/\/spazio-news.it\/wp-content\/uploads\/2018\/12\/Vueling_Airbus_spazio-news-e1544894981391.jpg\",\"datePublished\":\"2018-12-11T10:53:08+00:00\",\"dateModified\":\"2026-01-29T18:50:17+00:00\",\"description\":\"La programmazione Vueling 2019 per la prossima estate prevede l'attivazione di cinque nuove rotte dall'Italia\",\"breadcrumb\":{\"@id\":\"http:\/\/spazio-news.it\/?p=2581#breadcrumb\"},\"inLanguage\":\"it-IT\",\"potentialAction\":[{\"@type\":\"ReadAction\",\"target\":[\"http:\/\/spazio-news.it\/?p=2581\"]}]},{\"@type\":\"ImageObject\",\"inLanguage\":\"it-IT\",\"@id\":\"http:\/\/spazio-news.it\/?p=2581#primaryimage\",\"url\":\"http:\/\/spazio-news.it\/wp-content\/uploads\/2018\/12\/Vueling_Airbus_spazio-news-e1544894981391.jpg\",\"contentUrl\":\"http:\/\/spazio-news.it\/wp-content\/uploads\/2018\/12\/Vueling_Airbus_spazio-news-e1544894981391.jpg\",\"width\":800,\"height\":446,\"caption\":\"Vueling_Airbus_spazio-news\"},{\"@type\":\"BreadcrumbList\",\"@id\":\"http:\/\/spazio-news.it\/?p=2581#breadcrumb\",\"itemListElement\":[{\"@type\":\"ListItem\",\"position\":1,\"name\":\"Home\",\"item\":\"https:\/\/spazio-news.it\/\"},{\"@type\":\"ListItem\",\"position\":2,\"name\":\"VUELING: CINQUE NUOVE ROTTE IN ESTATE DALL\u2019ITALIA\"}]},{\"@type\":\"WebSite\",\"@id\":\"https:\/\/spazio-news.it\/#website\",\"url\":\"https:\/\/spazio-news.it\/\",\"name\":\"Spazio-News Magazine\",\"description\":\"La guida che sfida la complessit\u00e0 del mondo industriale\",\"publisher\":{\"@id\":\"https:\/\/spazio-news.it\/#organization\"},\"alternateName\":\"Spazio-news.it\",\"potentialAction\":[{\"@type\":\"SearchAction\",\"target\":{\"@type\":\"EntryPoint\",\"urlTemplate\":\"https:\/\/spazio-news.it\/?s={search_term_string}\"},\"query-input\":{\"@type\":\"PropertyValueSpecification\",\"valueRequired\":true,\"valueName\":\"search_term_string\"}}],\"inLanguage\":\"it-IT\"},{\"@type\":\"Organization\",\"@id\":\"https:\/\/spazio-news.it\/#organization\",\"name\":\"Spazio-News Magazine\",\"url\":\"https:\/\/spazio-news.it\/\",\"logo\":{\"@type\":\"ImageObject\",\"inLanguage\":\"it-IT\",\"@id\":\"https:\/\/spazio-news.it\/#\/schema\/logo\/image\/\",\"url\":\"http:\/\/spazio-news.it\/wp-content\/uploads\/2023\/09\/Logo-Spazio-News-512-x-512-NO-testo.jpg\",\"contentUrl\":\"http:\/\/spazio-news.it\/wp-content\/uploads\/2023\/09\/Logo-Spazio-News-512-x-512-NO-testo.jpg\",\"width\":512,\"height\":512,\"caption\":\"Spazio-News Magazine\"},\"image\":{\"@id\":\"https:\/\/spazio-news.it\/#\/schema\/logo\/image\/\"},\"sameAs\":[\"https:\/\/m.facebook.com\/spazio-news-magazine\",\"https:\/\/x.com\/News_spazio\"]},{\"@type\":\"Person\",\"@id\":\"https:\/\/spazio-news.it\/#\/schema\/person\/c600904e882e9e166ed8e5e3773d37b3\",\"name\":\"Redazione\",\"sameAs\":[\"http:\/\/spazio-news.it\",\"@SpazioNewsMagazine\",\"https:\/\/x.com\/@news_spazio\"],\"url\":\"http:\/\/spazio-news.it\/?author=1\"}]}<\/script>\n<!-- \/ Yoast SEO plugin. -->","yoast_head_json":{"title":"VUELING: CINQUE NUOVE ROTTE IN ESTATE DALL\u2019ITALIA &#187; Spazio-News Magazine","description":"La programmazione Vueling 2019 per la prossima estate prevede l'attivazione di cinque nuove rotte dall'Italia","robots":{"index":"index","follow":"follow","max-snippet":"max-snippet:-1","max-image-preview":"max-image-preview:large","max-video-preview":"max-video-preview:-1"},"canonical":"http:\/\/spazio-news.it\/?p=2581","og_locale":"it_IT","og_type":"article","og_title":"VUELING: CINQUE NUOVE ROTTE IN ESTATE DALL\u2019ITALIA &#187; Spazio-News Magazine","og_description":"La programmazione Vueling 2019 per la prossima estate prevede l'attivazione di cinque nuove rotte dall'Italia","og_url":"http:\/\/spazio-news.it\/?p=2581","og_site_name":"Spazio-News Magazine","article_publisher":"https:\/\/m.facebook.com\/spazio-news-magazine","article_author":"@SpazioNewsMagazine","article_published_time":"2018-12-11T10:53:08+00:00","article_modified_time":"2026-01-29T18:50:17+00:00","og_image":[{"width":800,"height":446,"url":"http:\/\/spazio-news.it\/wp-content\/uploads\/2018\/12\/Vueling_Airbus_spazio-news-e1544894981391.jpg","type":"image\/jpeg"}],"author":"Redazione","twitter_card":"summary_large_image","twitter_creator":"@news_spazio","twitter_site":"@News_spazio","twitter_misc":{"Scritto da":"Redazione","Tempo di lettura stimato":"2 minuti"},"schema":{"@context":"https:\/\/schema.org","@graph":[{"@type":"NewsArticle","@id":"http:\/\/spazio-news.it\/?p=2581#article","isPartOf":{"@id":"http:\/\/spazio-news.it\/?p=2581"},"author":{"name":"Redazione","@id":"https:\/\/spazio-news.it\/#\/schema\/person\/c600904e882e9e166ed8e5e3773d37b3"},"headline":"VUELING: CINQUE NUOVE ROTTE IN ESTATE DALL\u2019ITALIA","datePublished":"2018-12-11T10:53:08+00:00","dateModified":"2026-01-29T18:50:17+00:00","mainEntityOfPage":{"@id":"http:\/\/spazio-news.it\/?p=2581"},"wordCount":427,"publisher":{"@id":"https:\/\/spazio-news.it\/#organization"},"image":{"@id":"http:\/\/spazio-news.it\/?p=2581#primaryimage"},"thumbnailUrl":"http:\/\/spazio-news.it\/wp-content\/uploads\/2018\/12\/Vueling_Airbus_spazio-news-e1544894981391.jpg","keywords":["LEVEL","Low cost","Summer schedule 19","Susanna Sciacovelli","Vueling"],"articleSection":["01 - PRIMA PAGINA","02 - INDUSTRIA"],"inLanguage":"it-IT"},{"@type":"WebPage","@id":"http:\/\/spazio-news.it\/?p=2581","url":"http:\/\/spazio-news.it\/?p=2581","name":"VUELING: CINQUE NUOVE ROTTE IN ESTATE DALL\u2019ITALIA &#187; Spazio-News Magazine","isPartOf":{"@id":"https:\/\/spazio-news.it\/#website"},"primaryImageOfPage":{"@id":"http:\/\/spazio-news.it\/?p=2581#primaryimage"},"image":{"@id":"http:\/\/spazio-news.it\/?p=2581#primaryimage"},"thumbnailUrl":"http:\/\/spazio-news.it\/wp-content\/uploads\/2018\/12\/Vueling_Airbus_spazio-news-e1544894981391.jpg","datePublished":"2018-12-11T10:53:08+00:00","dateModified":"2026-01-29T18:50:17+00:00","description":"La programmazione Vueling 2019 per la prossima estate prevede l'attivazione di cinque nuove rotte dall'Italia","breadcrumb":{"@id":"http:\/\/spazio-news.it\/?p=2581#breadcrumb"},"inLanguage":"it-IT","potentialAction":[{"@type":"ReadAction","target":["http:\/\/spazio-news.it\/?p=2581"]}]},{"@type":"ImageObject","inLanguage":"it-IT","@id":"http:\/\/spazio-news.it\/?p=2581#primaryimage","url":"http:\/\/spazio-news.it\/wp-content\/uploads\/2018\/12\/Vueling_Airbus_spazio-news-e1544894981391.jpg","contentUrl":"http:\/\/spazio-news.it\/wp-content\/uploads\/2018\/12\/Vueling_Airbus_spazio-news-e1544894981391.jpg","width":800,"height":446,"caption":"Vueling_Airbus_spazio-news"},{"@type":"BreadcrumbList","@id":"http:\/\/spazio-news.it\/?p=2581#breadcrumb","itemListElement":[{"@type":"ListItem","position":1,"name":"Home","item":"https:\/\/spazio-news.it\/"},{"@type":"ListItem","position":2,"name":"VUELING: CINQUE NUOVE ROTTE IN ESTATE DALL\u2019ITALIA"}]},{"@type":"WebSite","@id":"https:\/\/spazio-news.it\/#website","url":"https:\/\/spazio-news.it\/","name":"Spazio-News Magazine","description":"La guida che sfida la complessit\u00e0 del mondo industriale","publisher":{"@id":"https:\/\/spazio-news.it\/#organization"},"alternateName":"Spazio-news.it","potentialAction":[{"@type":"SearchAction","target":{"@type":"EntryPoint","urlTemplate":"https:\/\/spazio-news.it\/?s={search_term_string}"},"query-input":{"@type":"PropertyValueSpecification","valueRequired":true,"valueName":"search_term_string"}}],"inLanguage":"it-IT"},{"@type":"Organization","@id":"https:\/\/spazio-news.it\/#organization","name":"Spazio-News Magazine","url":"https:\/\/spazio-news.it\/","logo":{"@type":"ImageObject","inLanguage":"it-IT","@id":"https:\/\/spazio-news.it\/#\/schema\/logo\/image\/","url":"http:\/\/spazio-news.it\/wp-content\/uploads\/2023\/09\/Logo-Spazio-News-512-x-512-NO-testo.jpg","contentUrl":"http:\/\/spazio-news.it\/wp-content\/uploads\/2023\/09\/Logo-Spazio-News-512-x-512-NO-testo.jpg","width":512,"height":512,"caption":"Spazio-News Magazine"},"image":{"@id":"https:\/\/spazio-news.it\/#\/schema\/logo\/image\/"},"sameAs":["https:\/\/m.facebook.com\/spazio-news-magazine","https:\/\/x.com\/News_spazio"]},{"@type":"Person","@id":"https:\/\/spazio-news.it\/#\/schema\/person\/c600904e882e9e166ed8e5e3773d37b3","name":"Redazione","sameAs":["http:\/\/spazio-news.it","@SpazioNewsMagazine","https:\/\/x.com\/@news_spazio"],"url":"http:\/\/spazio-news.it\/?author=1"}]}},"_links":{"self":[{"href":"http:\/\/spazio-news.it\/index.php?rest_route=\/wp\/v2\/posts\/2581","targetHints":{"allow":["GET"]}}],"collection":[{"href":"http:\/\/spazio-news.it\/index.php?rest_route=\/wp\/v2\/posts"}],"about":[{"href":"http:\/\/spazio-news.it\/index.php?rest_route=\/wp\/v2\/types\/post"}],"author":[{"embeddable":true,"href":"http:\/\/spazio-news.it\/index.php?rest_route=\/wp\/v2\/users\/1"}],"replies":[{"embeddable":true,"href":"http:\/\/spazio-news.it\/index.php?rest_route=%2Fwp%2Fv2%2Fcomments&post=2581"}],"version-history":[{"count":3,"href":"http:\/\/spazio-news.it\/index.php?rest_route=\/wp\/v2\/posts\/2581\/revisions"}],"predecessor-version":[{"id":12860,"href":"http:\/\/spazio-news.it\/index.php?rest_route=\/wp\/v2\/posts\/2581\/revisions\/12860"}],"wp:featuredmedia":[{"embeddable":true,"href":"http:\/\/spazio-news.it\/index.php?rest_route=\/wp\/v2\/media\/2582"}],"wp:attachment":[{"href":"http:\/\/spazio-news.it\/index.php?rest_route=%2Fwp%2Fv2%2Fmedia&parent=2581"}],"wp:term":[{"taxonomy":"category","embeddable":true,"href":"http:\/\/spazio-news.it\/index.php?rest_route=%2Fwp%2Fv2%2Fcategories&post=2581"},{"taxonomy":"post_tag","embeddable":true,"href":"http:\/\/spazio-news.it\/index.php?rest_route=%2Fwp%2Fv2%2Ftags&post=2581"}],"curies":[{"name":"wp","href":"https:\/\/api.w.org\/{rel}","templated":true}]}}