{"id":2586,"date":"2018-12-11T09:55:11","date_gmt":"2018-12-11T08:55:11","guid":{"rendered":"http:\/\/spazio-news.it\/?p=2586"},"modified":"2026-01-29T19:49:52","modified_gmt":"2026-01-29T18:49:52","slug":"asi-saturno-e-lacqua-rinforzata-di-febe","status":"publish","type":"post","link":"http:\/\/spazio-news.it\/?p=2586","title":{"rendered":"ASI: SATURNO E L\u2019ACQUA \u201cRINFORZATA\u201d DI FEBE"},"content":{"rendered":"<p>\u201c<em>Ha una forma irregolare, il suo volto \u00e8 profondamente segnato da crateri e misura poco pi\u00f9 di 200 chilometri di diametro, ma detiene il record di primo satellite naturale individuato analizzando delle fotografie\u201d<\/em>.<\/p>\n<p>\u00c8 questo l\u2019identikit di <strong><a href=\"https:\/\/en.wikipedia.org\/wiki\/Phoebe_(moon)\">Febe<\/a><\/strong>, <strong>luna di<\/strong> <strong><a href=\"https:\/\/solarsystem.nasa.gov\/planets\/saturn\/overview\/\">Saturno<\/a><\/strong> <strong>scoperta nel<\/strong> <strong>1899<\/strong> dall&#8217;astronomo USA <strong><a href=\"https:\/\/en.wikipedia.org\/wiki\/William_Henry_Pickering\">William Henry Pickering<\/a><\/strong>, che recentemente \u00e8 stata al centro di uno studio sull&#8217;<strong>acqua<\/strong> presente negli <strong>anelli<\/strong> <strong> del pianeta<\/strong> e negli oggetti celesti del suo vasto <strong>entourage<\/strong>.<\/p>\n<p>L\u2019indagine, condotta da un team di ricercatori americani e coordinata dal <strong> Planetary Science Institute<\/strong> <strong>di<\/strong> <strong>Tucson<\/strong>, si \u00e8 basata sui dati raccolti dalla sonda <strong>Cassini<\/strong>, missione congiunta <strong>Nasa-Esa-Asi<\/strong> terminata il <strong><a href=\"geo:0,0?q=15 settembre 2017\">15 settembre 2017<\/a><\/strong> dopo quasi vent&#8217;anni nello spazio. I risultati dell\u2019analisi sono stati illustrati nell&#8217;<strong>articolo<\/strong> <em><strong>\u201cIsotopic Ratios of Saturn&#8217;s Rings and Satellites: Implications for the Origin of Water and Phoebe\u201d<\/strong><\/em><strong><em>,<\/em><\/strong> pubblicato su <strong><a href=\"https:\/\/www.sciencedirect.com\/journal\/icarus\">Icarus<\/a><\/strong>.<\/p>\n<p>Gli astronomi hanno utilizzato soprattutto i dati dello<strong> spettrometro <a href=\"https:\/\/solarsystem.nasa.gov\/missions\/cassini\/mission\/spacecraft\/cassini-orbiter\/visible-and-infrared-mapping-spectrometer\/\"> Vims &#8211; Visual and Infrared Mapping Spectrometer<\/a><\/strong>, uno degli strumenti sviluppati dall\u2019Agenzia Spaziale Italiana &#8211; ASI nell&#8217;ambito dell\u2019accordo di collaborazione con la <strong>Nasa<\/strong> per la missione. Il gruppo di lavoro, utilizzando una nuova metodologia per studiare le <strong>proporzioni degli isotopi<\/strong> dell\u2019<strong>acqua<\/strong> e del <strong>biossido di carbonio<\/strong>, ha riscontrato che l\u2019<strong>acqua<\/strong> presente negli <strong>anelli<\/strong> e nei<strong> satelliti naturali<\/strong> di <strong>Saturno<\/strong> \u00e8 inaspettatamente come quella della <strong>Terra<\/strong>.<\/p>\n<p>Fa eccezione la luna <strong>Febe<\/strong>, la cui <strong>acqua<\/strong> appare di una<strong> tipologia differente<\/strong> e, secondo gli esperti, \u00e8 la pi\u00f9 insolita rispetto a quella studiata <a href=\"geo:0,0?q=su qualsiasi altro oggetto nel\">su qualsiasi altro oggetto nel<\/a><strong> Sistema Solare<\/strong>.<\/p>\n<p>Gli <strong><a href=\"https:\/\/en.wikipedia.org\/wiki\/Isotope\">isotopi<\/a><\/strong> sono atomi appartenenti allo stesso elemento, ma caratterizzati da un differente numero di <strong>neutroni<\/strong> ed hanno quindi una <strong>massa diversa<\/strong>; proprio quest\u2019ultimo fattore pu\u00f2 incidere sui processi all&#8217;<strong>origine<\/strong> di pianeti, lune ed altri oggetti celesti.<\/p>\n<p>Nel caso dell\u2019acqua, l\u2019aggiunta di un neutrone all&#8217;idrogeno porta alla formazione dell\u2019isotopo denominato<strong><a href=\"https:\/\/en.wikipedia.org\/wiki\/Deuterium\"> deuterio<\/a><\/strong> e ad un <strong>incremento di massa<\/strong> di circa il <strong>5%<\/strong>: un piccolo cambiamento che per\u00f2 si fa sentire soprattutto nel <strong>rapporto deuterio\/idrogeno (D\/H)<\/strong> che \u00e8 una sorta di \u2018impronta digitale\u2019 delle condizioni in cui \u00e8 nato un corpo celeste.<\/p>\n<p>I modelli relativi all&#8217;origine del Sistema Solare indicano che il <strong>rapporto D\/H<\/strong> dovrebbe essere maggiormente <strong>elevato<\/strong> nel pi\u00f9 freddo <strong>Sistema Solare esterno<\/strong>, rispetto alla pi\u00f9 calda controparte dove si \u00e8 formata la <strong>Terra<\/strong>.<\/p>\n<p>Nello specifico, alcuni modelli prospettano per <strong>Saturno<\/strong> e la sua \u2018famiglia\u2019 di satelliti un rapporto<strong> D\/H 10 volte<\/strong> pi\u00f9 elevato rispetto alla <strong>Terra<\/strong>; tuttavia, le misurazioni effettuate dal team della ricerca mettono in rilievo che questo vale <strong>solo per la luna Febe<\/strong>.<br \/>\nGli studiosi quindi hanno ipotizzato che l\u2019oggetto celeste si sia formato in un\u2019<strong>area remota<\/strong> del Sistema Solare, ben <strong>oltre Saturno<\/strong>.<\/p>\n<p>Il team ha misurato anche il rapporto degli i<strong>sotopi <a href=\"https:\/\/en.wikipedia.org\/wiki\/Carbon-13\">carbonio-13<\/a> e <a href=\"https:\/\/en.wikipedia.org\/wiki\/Carbon-12\">12<\/a> (13C\/12C)<\/strong> su <strong><a href=\"https:\/\/en.wikipedia.org\/wiki\/Iapetus_(moon)\">Giapeto<\/a><\/strong> &#8211; altra luna di Saturno &#8211; \u00a0e<strong> Febe<\/strong>: per la prima luna la proporzione \u00e8 simile a quella della Terra (cos\u00ec come lo \u00e8 anche per il D\/H), mentre per la seconda \u00e8 almeno<strong> 5 volte pi\u00f9 elevata<\/strong>. Anche in questo caso gli studiosi ritengono che<strong> Febe<\/strong> abbia avuto origine ai <strong>confini del Sistema Solare<\/strong> e che sia stata &#8216;catturata&#8217; da <strong>Saturno<\/strong> in una fase successiva della sua vita millenaria.<\/p>\n<p>Non \u00e8 stato ancora possibile stabilire un luogo di nascita per questa luna, dato che al momento non sono disponibili misurazioni dei <strong>rapporti D\/H e 13C\/12C<\/strong> per <strong><a href=\"https:\/\/solarsystem.nasa.gov\/planets\/dwarf-planets\/pluto\/overview\/\">Plutone<\/a><\/strong> e altri corpi ghiacciati della <strong><a href=\"https:\/\/solarsystem.nasa.gov\/solar-system\/kuiper-belt\/overview\/\">Fascia di Kuiper<\/a>.<\/strong> La somiglianza tra il<strong> rapporto D\/H<\/strong> del sistema di <strong>Saturno<\/strong> e della <strong>Terra<\/strong>, infine, induce a pensare che vi sia stata un\u2019<strong>origine simile<\/strong> per l\u2019<strong>acqua<\/strong> sia nella parte interna che in quella esterna del<strong> Sistema Solare<\/strong>. Questo studio, secondo gli autori, schiude nuove prospettive di ricerca soprattutto sui <strong>modelli<\/strong> relativi alla formazione del nostro sistema planetario.<\/p>\n","protected":false},"excerpt":{"rendered":"<p>\u201cHa una forma irregolare, il suo volto \u00e8 profondamente segnato da crateri e misura poco pi\u00f9 di 200 chilometri di<\/p>\n","protected":false},"author":1,"featured_media":1308,"comment_status":"closed","ping_status":"open","sticky":false,"template":"","format":"standard","meta":{"colormag_page_container_layout":"default_layout","colormag_page_sidebar_layout":"default_layout","footnotes":""},"categories":[32,5],"tags":[811,1708,113,716,129],"class_list":["post-2586","post","type-post","status-publish","format-standard","has-post-thumbnail","hentry","category-prima-pagina","category-ricerca-innovazione","tag-agenzia-spaziale-italiana-asi","tag-febe","tag-ricerca","tag-saturno","tag-spazio"],"yoast_head":"<!-- This site is optimized with the Yoast SEO plugin v26.8 - https:\/\/yoast.com\/product\/yoast-seo-wordpress\/ -->\n<title>ASI: SATURNO E L\u2019ACQUA \u201cRINFORZATA\u201d DI FEBE &#187; Spazio-News Magazine<\/title>\n<meta name=\"description\" content=\"Ha una forma irregolare, il suo volto \u00e8 profondamente segnato da crateri e misura poco pi\u00f9 di 200 chilometri di diametro, ma detiene il\" \/>\n<meta name=\"robots\" content=\"index, follow, max-snippet:-1, max-image-preview:large, max-video-preview:-1\" \/>\n<link rel=\"canonical\" href=\"http:\/\/spazio-news.it\/?p=2586\" \/>\n<meta property=\"og:locale\" content=\"it_IT\" \/>\n<meta property=\"og:type\" content=\"article\" \/>\n<meta property=\"og:title\" content=\"ASI: SATURNO E L\u2019ACQUA \u201cRINFORZATA\u201d DI FEBE &#187; Spazio-News Magazine\" \/>\n<meta property=\"og:description\" content=\"Ha una forma irregolare, il suo volto \u00e8 profondamente segnato da crateri e misura poco pi\u00f9 di 200 chilometri di diametro, ma detiene il\" \/>\n<meta property=\"og:url\" content=\"http:\/\/spazio-news.it\/?p=2586\" \/>\n<meta property=\"og:site_name\" content=\"Spazio-News Magazine\" \/>\n<meta property=\"article:publisher\" content=\"https:\/\/m.facebook.com\/spazio-news-magazine\" \/>\n<meta property=\"article:author\" content=\"@SpazioNewsMagazine\" \/>\n<meta property=\"article:published_time\" content=\"2018-12-11T08:55:11+00:00\" \/>\n<meta property=\"article:modified_time\" content=\"2026-01-29T18:49:52+00:00\" \/>\n<meta property=\"og:image\" content=\"http:\/\/spazio-news.it\/wp-content\/uploads\/2018\/10\/sonda-Juno-Nasa-Giove-spazio.jpg\" \/>\n\t<meta property=\"og:image:width\" content=\"800\" \/>\n\t<meta property=\"og:image:height\" content=\"445\" \/>\n\t<meta property=\"og:image:type\" content=\"image\/jpeg\" \/>\n<meta name=\"author\" content=\"Redazione\" \/>\n<meta name=\"twitter:card\" content=\"summary_large_image\" \/>\n<meta name=\"twitter:creator\" content=\"@news_spazio\" \/>\n<meta name=\"twitter:site\" content=\"@News_spazio\" \/>\n<meta name=\"twitter:label1\" content=\"Scritto da\" \/>\n\t<meta name=\"twitter:data1\" content=\"Redazione\" \/>\n\t<meta name=\"twitter:label2\" content=\"Tempo di lettura stimato\" \/>\n\t<meta name=\"twitter:data2\" content=\"3 minuti\" \/>\n<script type=\"application\/ld+json\" class=\"yoast-schema-graph\">{\"@context\":\"https:\/\/schema.org\",\"@graph\":[{\"@type\":\"NewsArticle\",\"@id\":\"http:\/\/spazio-news.it\/?p=2586#article\",\"isPartOf\":{\"@id\":\"http:\/\/spazio-news.it\/?p=2586\"},\"author\":{\"name\":\"Redazione\",\"@id\":\"https:\/\/spazio-news.it\/#\/schema\/person\/c600904e882e9e166ed8e5e3773d37b3\"},\"headline\":\"ASI: SATURNO E L\u2019ACQUA \u201cRINFORZATA\u201d DI FEBE\",\"datePublished\":\"2018-12-11T08:55:11+00:00\",\"dateModified\":\"2026-01-29T18:49:52+00:00\",\"mainEntityOfPage\":{\"@id\":\"http:\/\/spazio-news.it\/?p=2586\"},\"wordCount\":623,\"publisher\":{\"@id\":\"https:\/\/spazio-news.it\/#organization\"},\"image\":{\"@id\":\"http:\/\/spazio-news.it\/?p=2586#primaryimage\"},\"thumbnailUrl\":\"http:\/\/spazio-news.it\/wp-content\/uploads\/2018\/10\/sonda-Juno-Nasa-Giove-spazio.jpg\",\"keywords\":[\"Agenzia Spaziale Italiana - ASI\",\"Febe\",\"ricerca\",\"Saturno\",\"Spazio\"],\"articleSection\":[\"01 - PRIMA PAGINA\",\"05 - RICERCA &amp; INNOVAZIONE\"],\"inLanguage\":\"it-IT\"},{\"@type\":\"WebPage\",\"@id\":\"http:\/\/spazio-news.it\/?p=2586\",\"url\":\"http:\/\/spazio-news.it\/?p=2586\",\"name\":\"ASI: SATURNO E L\u2019ACQUA \u201cRINFORZATA\u201d DI FEBE &#187; Spazio-News Magazine\",\"isPartOf\":{\"@id\":\"https:\/\/spazio-news.it\/#website\"},\"primaryImageOfPage\":{\"@id\":\"http:\/\/spazio-news.it\/?p=2586#primaryimage\"},\"image\":{\"@id\":\"http:\/\/spazio-news.it\/?p=2586#primaryimage\"},\"thumbnailUrl\":\"http:\/\/spazio-news.it\/wp-content\/uploads\/2018\/10\/sonda-Juno-Nasa-Giove-spazio.jpg\",\"datePublished\":\"2018-12-11T08:55:11+00:00\",\"dateModified\":\"2026-01-29T18:49:52+00:00\",\"description\":\"Ha una forma irregolare, il suo volto \u00e8 profondamente segnato da crateri e misura poco pi\u00f9 di 200 chilometri di diametro, ma detiene il\",\"breadcrumb\":{\"@id\":\"http:\/\/spazio-news.it\/?p=2586#breadcrumb\"},\"inLanguage\":\"it-IT\",\"potentialAction\":[{\"@type\":\"ReadAction\",\"target\":[\"http:\/\/spazio-news.it\/?p=2586\"]}]},{\"@type\":\"ImageObject\",\"inLanguage\":\"it-IT\",\"@id\":\"http:\/\/spazio-news.it\/?p=2586#primaryimage\",\"url\":\"http:\/\/spazio-news.it\/wp-content\/uploads\/2018\/10\/sonda-Juno-Nasa-Giove-spazio.jpg\",\"contentUrl\":\"http:\/\/spazio-news.it\/wp-content\/uploads\/2018\/10\/sonda-Juno-Nasa-Giove-spazio.jpg\",\"width\":800,\"height\":445,\"caption\":\"sonda Juno Nasa Giove spazio\"},{\"@type\":\"BreadcrumbList\",\"@id\":\"http:\/\/spazio-news.it\/?p=2586#breadcrumb\",\"itemListElement\":[{\"@type\":\"ListItem\",\"position\":1,\"name\":\"Home\",\"item\":\"https:\/\/spazio-news.it\/\"},{\"@type\":\"ListItem\",\"position\":2,\"name\":\"ASI: SATURNO E L\u2019ACQUA \u201cRINFORZATA\u201d DI FEBE\"}]},{\"@type\":\"WebSite\",\"@id\":\"https:\/\/spazio-news.it\/#website\",\"url\":\"https:\/\/spazio-news.it\/\",\"name\":\"Spazio-News Magazine\",\"description\":\"La guida che sfida la complessit\u00e0 del mondo industriale\",\"publisher\":{\"@id\":\"https:\/\/spazio-news.it\/#organization\"},\"alternateName\":\"Spazio-news.it\",\"potentialAction\":[{\"@type\":\"SearchAction\",\"target\":{\"@type\":\"EntryPoint\",\"urlTemplate\":\"https:\/\/spazio-news.it\/?s={search_term_string}\"},\"query-input\":{\"@type\":\"PropertyValueSpecification\",\"valueRequired\":true,\"valueName\":\"search_term_string\"}}],\"inLanguage\":\"it-IT\"},{\"@type\":\"Organization\",\"@id\":\"https:\/\/spazio-news.it\/#organization\",\"name\":\"Spazio-News Magazine\",\"url\":\"https:\/\/spazio-news.it\/\",\"logo\":{\"@type\":\"ImageObject\",\"inLanguage\":\"it-IT\",\"@id\":\"https:\/\/spazio-news.it\/#\/schema\/logo\/image\/\",\"url\":\"http:\/\/spazio-news.it\/wp-content\/uploads\/2023\/09\/Logo-Spazio-News-512-x-512-NO-testo.jpg\",\"contentUrl\":\"http:\/\/spazio-news.it\/wp-content\/uploads\/2023\/09\/Logo-Spazio-News-512-x-512-NO-testo.jpg\",\"width\":512,\"height\":512,\"caption\":\"Spazio-News Magazine\"},\"image\":{\"@id\":\"https:\/\/spazio-news.it\/#\/schema\/logo\/image\/\"},\"sameAs\":[\"https:\/\/m.facebook.com\/spazio-news-magazine\",\"https:\/\/x.com\/News_spazio\"]},{\"@type\":\"Person\",\"@id\":\"https:\/\/spazio-news.it\/#\/schema\/person\/c600904e882e9e166ed8e5e3773d37b3\",\"name\":\"Redazione\",\"sameAs\":[\"http:\/\/spazio-news.it\",\"@SpazioNewsMagazine\",\"https:\/\/x.com\/@news_spazio\"],\"url\":\"http:\/\/spazio-news.it\/?author=1\"}]}<\/script>\n<!-- \/ Yoast SEO plugin. -->","yoast_head_json":{"title":"ASI: SATURNO E L\u2019ACQUA \u201cRINFORZATA\u201d DI FEBE &#187; Spazio-News Magazine","description":"Ha una forma irregolare, il suo volto \u00e8 profondamente segnato da crateri e misura poco pi\u00f9 di 200 chilometri di diametro, ma detiene il","robots":{"index":"index","follow":"follow","max-snippet":"max-snippet:-1","max-image-preview":"max-image-preview:large","max-video-preview":"max-video-preview:-1"},"canonical":"http:\/\/spazio-news.it\/?p=2586","og_locale":"it_IT","og_type":"article","og_title":"ASI: SATURNO E L\u2019ACQUA \u201cRINFORZATA\u201d DI FEBE &#187; Spazio-News Magazine","og_description":"Ha una forma irregolare, il suo volto \u00e8 profondamente segnato da crateri e misura poco pi\u00f9 di 200 chilometri di diametro, ma detiene il","og_url":"http:\/\/spazio-news.it\/?p=2586","og_site_name":"Spazio-News Magazine","article_publisher":"https:\/\/m.facebook.com\/spazio-news-magazine","article_author":"@SpazioNewsMagazine","article_published_time":"2018-12-11T08:55:11+00:00","article_modified_time":"2026-01-29T18:49:52+00:00","og_image":[{"width":800,"height":445,"url":"http:\/\/spazio-news.it\/wp-content\/uploads\/2018\/10\/sonda-Juno-Nasa-Giove-spazio.jpg","type":"image\/jpeg"}],"author":"Redazione","twitter_card":"summary_large_image","twitter_creator":"@news_spazio","twitter_site":"@News_spazio","twitter_misc":{"Scritto da":"Redazione","Tempo di lettura stimato":"3 minuti"},"schema":{"@context":"https:\/\/schema.org","@graph":[{"@type":"NewsArticle","@id":"http:\/\/spazio-news.it\/?p=2586#article","isPartOf":{"@id":"http:\/\/spazio-news.it\/?p=2586"},"author":{"name":"Redazione","@id":"https:\/\/spazio-news.it\/#\/schema\/person\/c600904e882e9e166ed8e5e3773d37b3"},"headline":"ASI: SATURNO E L\u2019ACQUA \u201cRINFORZATA\u201d DI FEBE","datePublished":"2018-12-11T08:55:11+00:00","dateModified":"2026-01-29T18:49:52+00:00","mainEntityOfPage":{"@id":"http:\/\/spazio-news.it\/?p=2586"},"wordCount":623,"publisher":{"@id":"https:\/\/spazio-news.it\/#organization"},"image":{"@id":"http:\/\/spazio-news.it\/?p=2586#primaryimage"},"thumbnailUrl":"http:\/\/spazio-news.it\/wp-content\/uploads\/2018\/10\/sonda-Juno-Nasa-Giove-spazio.jpg","keywords":["Agenzia Spaziale Italiana - ASI","Febe","ricerca","Saturno","Spazio"],"articleSection":["01 - PRIMA PAGINA","05 - RICERCA &amp; INNOVAZIONE"],"inLanguage":"it-IT"},{"@type":"WebPage","@id":"http:\/\/spazio-news.it\/?p=2586","url":"http:\/\/spazio-news.it\/?p=2586","name":"ASI: SATURNO E L\u2019ACQUA \u201cRINFORZATA\u201d DI FEBE &#187; Spazio-News Magazine","isPartOf":{"@id":"https:\/\/spazio-news.it\/#website"},"primaryImageOfPage":{"@id":"http:\/\/spazio-news.it\/?p=2586#primaryimage"},"image":{"@id":"http:\/\/spazio-news.it\/?p=2586#primaryimage"},"thumbnailUrl":"http:\/\/spazio-news.it\/wp-content\/uploads\/2018\/10\/sonda-Juno-Nasa-Giove-spazio.jpg","datePublished":"2018-12-11T08:55:11+00:00","dateModified":"2026-01-29T18:49:52+00:00","description":"Ha una forma irregolare, il suo volto \u00e8 profondamente segnato da crateri e misura poco pi\u00f9 di 200 chilometri di diametro, ma detiene il","breadcrumb":{"@id":"http:\/\/spazio-news.it\/?p=2586#breadcrumb"},"inLanguage":"it-IT","potentialAction":[{"@type":"ReadAction","target":["http:\/\/spazio-news.it\/?p=2586"]}]},{"@type":"ImageObject","inLanguage":"it-IT","@id":"http:\/\/spazio-news.it\/?p=2586#primaryimage","url":"http:\/\/spazio-news.it\/wp-content\/uploads\/2018\/10\/sonda-Juno-Nasa-Giove-spazio.jpg","contentUrl":"http:\/\/spazio-news.it\/wp-content\/uploads\/2018\/10\/sonda-Juno-Nasa-Giove-spazio.jpg","width":800,"height":445,"caption":"sonda Juno Nasa Giove spazio"},{"@type":"BreadcrumbList","@id":"http:\/\/spazio-news.it\/?p=2586#breadcrumb","itemListElement":[{"@type":"ListItem","position":1,"name":"Home","item":"https:\/\/spazio-news.it\/"},{"@type":"ListItem","position":2,"name":"ASI: SATURNO E L\u2019ACQUA \u201cRINFORZATA\u201d DI FEBE"}]},{"@type":"WebSite","@id":"https:\/\/spazio-news.it\/#website","url":"https:\/\/spazio-news.it\/","name":"Spazio-News Magazine","description":"La guida che sfida la complessit\u00e0 del mondo industriale","publisher":{"@id":"https:\/\/spazio-news.it\/#organization"},"alternateName":"Spazio-news.it","potentialAction":[{"@type":"SearchAction","target":{"@type":"EntryPoint","urlTemplate":"https:\/\/spazio-news.it\/?s={search_term_string}"},"query-input":{"@type":"PropertyValueSpecification","valueRequired":true,"valueName":"search_term_string"}}],"inLanguage":"it-IT"},{"@type":"Organization","@id":"https:\/\/spazio-news.it\/#organization","name":"Spazio-News Magazine","url":"https:\/\/spazio-news.it\/","logo":{"@type":"ImageObject","inLanguage":"it-IT","@id":"https:\/\/spazio-news.it\/#\/schema\/logo\/image\/","url":"http:\/\/spazio-news.it\/wp-content\/uploads\/2023\/09\/Logo-Spazio-News-512-x-512-NO-testo.jpg","contentUrl":"http:\/\/spazio-news.it\/wp-content\/uploads\/2023\/09\/Logo-Spazio-News-512-x-512-NO-testo.jpg","width":512,"height":512,"caption":"Spazio-News Magazine"},"image":{"@id":"https:\/\/spazio-news.it\/#\/schema\/logo\/image\/"},"sameAs":["https:\/\/m.facebook.com\/spazio-news-magazine","https:\/\/x.com\/News_spazio"]},{"@type":"Person","@id":"https:\/\/spazio-news.it\/#\/schema\/person\/c600904e882e9e166ed8e5e3773d37b3","name":"Redazione","sameAs":["http:\/\/spazio-news.it","@SpazioNewsMagazine","https:\/\/x.com\/@news_spazio"],"url":"http:\/\/spazio-news.it\/?author=1"}]}},"_links":{"self":[{"href":"http:\/\/spazio-news.it\/index.php?rest_route=\/wp\/v2\/posts\/2586","targetHints":{"allow":["GET"]}}],"collection":[{"href":"http:\/\/spazio-news.it\/index.php?rest_route=\/wp\/v2\/posts"}],"about":[{"href":"http:\/\/spazio-news.it\/index.php?rest_route=\/wp\/v2\/types\/post"}],"author":[{"embeddable":true,"href":"http:\/\/spazio-news.it\/index.php?rest_route=\/wp\/v2\/users\/1"}],"replies":[{"embeddable":true,"href":"http:\/\/spazio-news.it\/index.php?rest_route=%2Fwp%2Fv2%2Fcomments&post=2586"}],"version-history":[{"count":4,"href":"http:\/\/spazio-news.it\/index.php?rest_route=\/wp\/v2\/posts\/2586\/revisions"}],"predecessor-version":[{"id":12827,"href":"http:\/\/spazio-news.it\/index.php?rest_route=\/wp\/v2\/posts\/2586\/revisions\/12827"}],"wp:featuredmedia":[{"embeddable":true,"href":"http:\/\/spazio-news.it\/index.php?rest_route=\/wp\/v2\/media\/1308"}],"wp:attachment":[{"href":"http:\/\/spazio-news.it\/index.php?rest_route=%2Fwp%2Fv2%2Fmedia&parent=2586"}],"wp:term":[{"taxonomy":"category","embeddable":true,"href":"http:\/\/spazio-news.it\/index.php?rest_route=%2Fwp%2Fv2%2Fcategories&post=2586"},{"taxonomy":"post_tag","embeddable":true,"href":"http:\/\/spazio-news.it\/index.php?rest_route=%2Fwp%2Fv2%2Ftags&post=2586"}],"curies":[{"name":"wp","href":"https:\/\/api.w.org\/{rel}","templated":true}]}}