{"id":2599,"date":"2018-12-12T04:04:32","date_gmt":"2018-12-12T03:04:32","guid":{"rendered":"http:\/\/spazio-news.it\/?p=2599"},"modified":"2019-02-24T19:06:43","modified_gmt":"2019-02-24T18:06:43","slug":"le-frecce-illuminano-lalbero-di-natale-piu-grande-al-mondo","status":"publish","type":"post","link":"http:\/\/spazio-news.it\/?p=2599","title":{"rendered":"LE FRECCE ILLUMINANO L\u2019ALBERO DI NATALE PI\u00d9 GRANDE AL MONDO"},"content":{"rendered":"<p>Si \u00e8 accesso, lo scorso venerd\u00ec, per la <strong>38\u00b0 volta a Gubbio<\/strong> l&#8217;<strong>Albero<\/strong> <strong>di Natale<\/strong> <strong>pi\u00f9 grande del mondo<\/strong>.<\/p>\n<p>Alla cerimonia di apertura in <strong>Piazza dei Quaranta Martiri<\/strong>, ove erano presenti numerose Autorit\u00e0 religiose, civili e militari di livello regionale, \u00e8 intervenuta una rappresentanza delle Frecce Tricolori in qualit\u00e0 di <strong>testimonial 2018<\/strong> dell&#8217;evento.<\/p>\n<p>Il <strong>Comitato dell&#8217;Albero di Natale pi\u00f9 grande del mondo<\/strong>, realt\u00e0 da <strong>Guinness dei primati<\/strong>, individua infatti ogni anno un <strong>tema<\/strong> che rappresenti il filo conduttore di questa tradizione cos\u00ec sentita ed importante per la citt\u00e0 umbra.<\/p>\n<p>Tema del 2018 \u00e8 lo<strong> &#8220;spirito di squadra&#8221; <\/strong>e pertanto proprio l&#8217;<a href=\"http:\/\/www.aeronauticamarchesi.it\/\">Aeronautica Militare<\/a> per il tramite della sua espressione rappresentativa, la <strong>Pattuglia Acrobatica Nazionale<\/strong>, \u00e8 stata scelta come testimonial di un evento come l&#8217;accensione del grande Albero che con la sua realizzazione unisce insieme tutti gli &#8220;<strong>Alberaioli<\/strong>&#8221; eugubini che, con passione ed impegno, hanno svolto un lungo ed intenso lavoro di team per posizionare le oltre <strong>700 luci <\/strong>sulle pendici del<strong> Monte Ingino<\/strong>, per una superficie pari a circa 30 campi da calcio.<\/p>\n<p><em>\u201cNumerosi gli interventi sul palco durante cerimonia tra cui quelli del Presidente del Comitato, Lucio Costantini e del Sindaco di Gubbio Filippo Mario Stirati che hanno ringraziato l&#8217;Aeronautica Militare per la partecipazione e per la disponibilit\u00e0 concessa alla citt\u00e0 di Gubbio<\/em> \u2013 si legge nella nota dell\u2019AMI -. <em>Il Maggiore Gaetano Farina, neo-Comandante delle Frecce Tricolori,\u00a0al termine del suo saluto ha cos\u00ec avuto l&#8217;onore di accendere l&#8217;Albero,\u00a0gesto che nelle passate edizioni aveva visto protagonisti personalit\u00e0 quali il Santo Padre ed il Presidente della Repubblica e l\u2019astronauta Paolo Nespoli<\/em>\u201d.<\/p>\n<p>Insieme al <strong>Comandante della PAN<\/strong>\u00a0i rappresentanti delle due realt\u00e0 imprescindibili che costituiscono la squadra delle Frecce Tricolori: il <strong>Pony n\u00b0 2<\/strong> della Formazione 2018 delle Frecce Tricolori, il Cap. <strong>Franco Paolo Marocco<\/strong>, a rappresentare tutti i piloti della formazione ed il <strong>Capo Ufficio Comando<\/strong> in rappresentanza invece di tutta la &#8220;<strong>squadra a terra<\/strong>&#8220;, il dietro-le-quinte della Pattuglia Acrobatica Nazionale composto in particolare dai circa 70 specialisti della manutenzione del <strong>velivolo<\/strong> <em>MB339PAN<strong>.<\/strong><\/em><\/p>\n<p>&#8220;<em>Essere stati scelti come simbolo del lavoro di squadra ci onora profondamente perch\u00e9 significa aver colto nella sua essenza la missione che l&#8217;Aeronautica Militare ha assegnato alle Frecce Tricolori ovvero quella di rappresentare tutte le donne e gli uomini della Forza Armata che ogni giorno animati da valori quali la passione, la coesione e l&#8217;umilt\u00e0 mettono la propria professionalit\u00e0 al servizio del Paese<\/em>&#8221; ha commentato il Maggiore Farina dichiarandosi profondamente onorato di aver ricevuto questo prestigioso compito.<\/p>\n","protected":false},"excerpt":{"rendered":"<p>Si \u00e8 accesso, lo scorso venerd\u00ec, per la 38\u00b0 volta a Gubbio l&#8217;Albero di Natale pi\u00f9 grande del mondo. Alla<\/p>\n","protected":false},"author":1,"featured_media":2600,"comment_status":"closed","ping_status":"open","sticky":false,"template":"","format":"standard","meta":{"colormag_page_container_layout":"default_layout","colormag_page_sidebar_layout":"default_layout","footnotes":""},"categories":[32,4],"tags":[54,1332,1219],"class_list":["post-2599","post","type-post","status-publish","format-standard","has-post-thumbnail","hentry","category-prima-pagina","category-istituzioni","tag-aeronautica-militare-italiana","tag-frecce-tricolori","tag-natale-2018"],"yoast_head":"<!-- This site is optimized with the Yoast SEO plugin v26.8 - https:\/\/yoast.com\/product\/yoast-seo-wordpress\/ -->\n<title>LE FRECCE ILLUMINANO L\u2019ALBERO DI NATALE PI\u00d9 GRANDE AL MONDO &#187; Spazio-News Magazine<\/title>\n<meta name=\"description\" content=\"Si \u00e8 accesso per la 38\u00b0 volta a Gubbio l&#039;Albero di Natale pi\u00f9 grande del mondo. Alla cerimonia di apertura \u00e8 intervenuta una rappresentanza\" \/>\n<meta name=\"robots\" content=\"index, follow, max-snippet:-1, max-image-preview:large, max-video-preview:-1\" \/>\n<link rel=\"canonical\" href=\"https:\/\/spazio-news.it\/?p=2599\" \/>\n<meta property=\"og:locale\" content=\"it_IT\" \/>\n<meta property=\"og:type\" content=\"article\" \/>\n<meta property=\"og:title\" content=\"LE FRECCE ILLUMINANO L\u2019ALBERO DI NATALE PI\u00d9 GRANDE AL MONDO &#187; Spazio-News Magazine\" \/>\n<meta property=\"og:description\" content=\"Si \u00e8 accesso per la 38\u00b0 volta a Gubbio l&#039;Albero di Natale pi\u00f9 grande del mondo. Alla cerimonia di apertura \u00e8 intervenuta una rappresentanza\" \/>\n<meta property=\"og:url\" content=\"https:\/\/spazio-news.it\/?p=2599\" \/>\n<meta property=\"og:site_name\" content=\"Spazio-News Magazine\" \/>\n<meta property=\"article:publisher\" content=\"https:\/\/m.facebook.com\/spazio-news-magazine\" \/>\n<meta property=\"article:author\" content=\"@SpazioNewsMagazine\" \/>\n<meta property=\"article:published_time\" content=\"2018-12-12T03:04:32+00:00\" \/>\n<meta property=\"article:modified_time\" content=\"2019-02-24T18:06:43+00:00\" \/>\n<meta property=\"og:image\" content=\"https:\/\/spazio-news.it\/wp-content\/uploads\/2018\/12\/Frecce-tricolori-natale-2018-e1544894883341.png\" \/>\n\t<meta property=\"og:image:width\" content=\"800\" \/>\n\t<meta property=\"og:image:height\" content=\"446\" \/>\n\t<meta property=\"og:image:type\" content=\"image\/png\" \/>\n<meta name=\"author\" content=\"Redazione\" \/>\n<meta name=\"twitter:card\" content=\"summary_large_image\" \/>\n<meta name=\"twitter:creator\" content=\"@news_spazio\" \/>\n<meta name=\"twitter:site\" content=\"@News_spazio\" \/>\n<meta name=\"twitter:label1\" content=\"Scritto da\" \/>\n\t<meta name=\"twitter:data1\" content=\"Redazione\" \/>\n\t<meta name=\"twitter:label2\" content=\"Tempo di lettura stimato\" \/>\n\t<meta name=\"twitter:data2\" content=\"2 minuti\" \/>\n<script type=\"application\/ld+json\" class=\"yoast-schema-graph\">{\"@context\":\"https:\/\/schema.org\",\"@graph\":[{\"@type\":\"NewsArticle\",\"@id\":\"https:\/\/spazio-news.it\/?p=2599#article\",\"isPartOf\":{\"@id\":\"https:\/\/spazio-news.it\/?p=2599\"},\"author\":{\"name\":\"Redazione\",\"@id\":\"http:\/\/spazio-news.it\/#\/schema\/person\/c600904e882e9e166ed8e5e3773d37b3\"},\"headline\":\"LE FRECCE ILLUMINANO L\u2019ALBERO DI NATALE PI\u00d9 GRANDE AL MONDO\",\"datePublished\":\"2018-12-12T03:04:32+00:00\",\"dateModified\":\"2019-02-24T18:06:43+00:00\",\"mainEntityOfPage\":{\"@id\":\"https:\/\/spazio-news.it\/?p=2599\"},\"wordCount\":422,\"publisher\":{\"@id\":\"http:\/\/spazio-news.it\/#organization\"},\"image\":{\"@id\":\"https:\/\/spazio-news.it\/?p=2599#primaryimage\"},\"thumbnailUrl\":\"http:\/\/spazio-news.it\/wp-content\/uploads\/2018\/12\/Frecce-tricolori-natale-2018-e1544894883341.png\",\"keywords\":[\"Aeronautica Militare Italiana\",\"Frecce Tricolori\",\"Natale 2018\"],\"articleSection\":[\"01 - PRIMA PAGINA\",\"03 - ISTITUZIONI\"],\"inLanguage\":\"it-IT\"},{\"@type\":\"WebPage\",\"@id\":\"https:\/\/spazio-news.it\/?p=2599\",\"url\":\"https:\/\/spazio-news.it\/?p=2599\",\"name\":\"LE FRECCE ILLUMINANO L\u2019ALBERO DI NATALE PI\u00d9 GRANDE AL MONDO &#187; Spazio-News Magazine\",\"isPartOf\":{\"@id\":\"http:\/\/spazio-news.it\/#website\"},\"primaryImageOfPage\":{\"@id\":\"https:\/\/spazio-news.it\/?p=2599#primaryimage\"},\"image\":{\"@id\":\"https:\/\/spazio-news.it\/?p=2599#primaryimage\"},\"thumbnailUrl\":\"http:\/\/spazio-news.it\/wp-content\/uploads\/2018\/12\/Frecce-tricolori-natale-2018-e1544894883341.png\",\"datePublished\":\"2018-12-12T03:04:32+00:00\",\"dateModified\":\"2019-02-24T18:06:43+00:00\",\"description\":\"Si \u00e8 accesso per la 38\u00b0 volta a Gubbio l'Albero di Natale pi\u00f9 grande del mondo. Alla cerimonia di apertura \u00e8 intervenuta una rappresentanza\",\"breadcrumb\":{\"@id\":\"https:\/\/spazio-news.it\/?p=2599#breadcrumb\"},\"inLanguage\":\"it-IT\",\"potentialAction\":[{\"@type\":\"ReadAction\",\"target\":[\"https:\/\/spazio-news.it\/?p=2599\"]}]},{\"@type\":\"ImageObject\",\"inLanguage\":\"it-IT\",\"@id\":\"https:\/\/spazio-news.it\/?p=2599#primaryimage\",\"url\":\"http:\/\/spazio-news.it\/wp-content\/uploads\/2018\/12\/Frecce-tricolori-natale-2018-e1544894883341.png\",\"contentUrl\":\"http:\/\/spazio-news.it\/wp-content\/uploads\/2018\/12\/Frecce-tricolori-natale-2018-e1544894883341.png\",\"width\":800,\"height\":446},{\"@type\":\"BreadcrumbList\",\"@id\":\"https:\/\/spazio-news.it\/?p=2599#breadcrumb\",\"itemListElement\":[{\"@type\":\"ListItem\",\"position\":1,\"name\":\"Home\",\"item\":\"http:\/\/spazio-news.it\/\"},{\"@type\":\"ListItem\",\"position\":2,\"name\":\"LE FRECCE ILLUMINANO L\u2019ALBERO DI NATALE PI\u00d9 GRANDE AL MONDO\"}]},{\"@type\":\"WebSite\",\"@id\":\"http:\/\/spazio-news.it\/#website\",\"url\":\"http:\/\/spazio-news.it\/\",\"name\":\"Spazio-News Magazine\",\"description\":\"La guida che sfida la complessit\u00e0 del mondo industriale\",\"publisher\":{\"@id\":\"http:\/\/spazio-news.it\/#organization\"},\"alternateName\":\"Spazio-news.it\",\"potentialAction\":[{\"@type\":\"SearchAction\",\"target\":{\"@type\":\"EntryPoint\",\"urlTemplate\":\"http:\/\/spazio-news.it\/?s={search_term_string}\"},\"query-input\":{\"@type\":\"PropertyValueSpecification\",\"valueRequired\":true,\"valueName\":\"search_term_string\"}}],\"inLanguage\":\"it-IT\"},{\"@type\":\"Organization\",\"@id\":\"http:\/\/spazio-news.it\/#organization\",\"name\":\"Spazio-News Magazine\",\"url\":\"http:\/\/spazio-news.it\/\",\"logo\":{\"@type\":\"ImageObject\",\"inLanguage\":\"it-IT\",\"@id\":\"http:\/\/spazio-news.it\/#\/schema\/logo\/image\/\",\"url\":\"http:\/\/spazio-news.it\/wp-content\/uploads\/2023\/09\/Logo-Spazio-News-512-x-512-NO-testo.jpg\",\"contentUrl\":\"http:\/\/spazio-news.it\/wp-content\/uploads\/2023\/09\/Logo-Spazio-News-512-x-512-NO-testo.jpg\",\"width\":512,\"height\":512,\"caption\":\"Spazio-News Magazine\"},\"image\":{\"@id\":\"http:\/\/spazio-news.it\/#\/schema\/logo\/image\/\"},\"sameAs\":[\"https:\/\/m.facebook.com\/spazio-news-magazine\",\"https:\/\/x.com\/News_spazio\"]},{\"@type\":\"Person\",\"@id\":\"http:\/\/spazio-news.it\/#\/schema\/person\/c600904e882e9e166ed8e5e3773d37b3\",\"name\":\"Redazione\",\"sameAs\":[\"http:\/\/spazio-news.it\",\"@SpazioNewsMagazine\",\"https:\/\/x.com\/@news_spazio\"],\"url\":\"http:\/\/spazio-news.it\/?author=1\"}]}<\/script>\n<!-- \/ Yoast SEO plugin. -->","yoast_head_json":{"title":"LE FRECCE ILLUMINANO L\u2019ALBERO DI NATALE PI\u00d9 GRANDE AL MONDO &#187; Spazio-News Magazine","description":"Si \u00e8 accesso per la 38\u00b0 volta a Gubbio l'Albero di Natale pi\u00f9 grande del mondo. Alla cerimonia di apertura \u00e8 intervenuta una rappresentanza","robots":{"index":"index","follow":"follow","max-snippet":"max-snippet:-1","max-image-preview":"max-image-preview:large","max-video-preview":"max-video-preview:-1"},"canonical":"https:\/\/spazio-news.it\/?p=2599","og_locale":"it_IT","og_type":"article","og_title":"LE FRECCE ILLUMINANO L\u2019ALBERO DI NATALE PI\u00d9 GRANDE AL MONDO &#187; Spazio-News Magazine","og_description":"Si \u00e8 accesso per la 38\u00b0 volta a Gubbio l'Albero di Natale pi\u00f9 grande del mondo. Alla cerimonia di apertura \u00e8 intervenuta una rappresentanza","og_url":"https:\/\/spazio-news.it\/?p=2599","og_site_name":"Spazio-News Magazine","article_publisher":"https:\/\/m.facebook.com\/spazio-news-magazine","article_author":"@SpazioNewsMagazine","article_published_time":"2018-12-12T03:04:32+00:00","article_modified_time":"2019-02-24T18:06:43+00:00","og_image":[{"width":800,"height":446,"url":"https:\/\/spazio-news.it\/wp-content\/uploads\/2018\/12\/Frecce-tricolori-natale-2018-e1544894883341.png","type":"image\/png"}],"author":"Redazione","twitter_card":"summary_large_image","twitter_creator":"@news_spazio","twitter_site":"@News_spazio","twitter_misc":{"Scritto da":"Redazione","Tempo di lettura stimato":"2 minuti"},"schema":{"@context":"https:\/\/schema.org","@graph":[{"@type":"NewsArticle","@id":"https:\/\/spazio-news.it\/?p=2599#article","isPartOf":{"@id":"https:\/\/spazio-news.it\/?p=2599"},"author":{"name":"Redazione","@id":"http:\/\/spazio-news.it\/#\/schema\/person\/c600904e882e9e166ed8e5e3773d37b3"},"headline":"LE FRECCE ILLUMINANO L\u2019ALBERO DI NATALE PI\u00d9 GRANDE AL MONDO","datePublished":"2018-12-12T03:04:32+00:00","dateModified":"2019-02-24T18:06:43+00:00","mainEntityOfPage":{"@id":"https:\/\/spazio-news.it\/?p=2599"},"wordCount":422,"publisher":{"@id":"http:\/\/spazio-news.it\/#organization"},"image":{"@id":"https:\/\/spazio-news.it\/?p=2599#primaryimage"},"thumbnailUrl":"http:\/\/spazio-news.it\/wp-content\/uploads\/2018\/12\/Frecce-tricolori-natale-2018-e1544894883341.png","keywords":["Aeronautica Militare Italiana","Frecce Tricolori","Natale 2018"],"articleSection":["01 - PRIMA PAGINA","03 - ISTITUZIONI"],"inLanguage":"it-IT"},{"@type":"WebPage","@id":"https:\/\/spazio-news.it\/?p=2599","url":"https:\/\/spazio-news.it\/?p=2599","name":"LE FRECCE ILLUMINANO L\u2019ALBERO DI NATALE PI\u00d9 GRANDE AL MONDO &#187; Spazio-News Magazine","isPartOf":{"@id":"http:\/\/spazio-news.it\/#website"},"primaryImageOfPage":{"@id":"https:\/\/spazio-news.it\/?p=2599#primaryimage"},"image":{"@id":"https:\/\/spazio-news.it\/?p=2599#primaryimage"},"thumbnailUrl":"http:\/\/spazio-news.it\/wp-content\/uploads\/2018\/12\/Frecce-tricolori-natale-2018-e1544894883341.png","datePublished":"2018-12-12T03:04:32+00:00","dateModified":"2019-02-24T18:06:43+00:00","description":"Si \u00e8 accesso per la 38\u00b0 volta a Gubbio l'Albero di Natale pi\u00f9 grande del mondo. Alla cerimonia di apertura \u00e8 intervenuta una rappresentanza","breadcrumb":{"@id":"https:\/\/spazio-news.it\/?p=2599#breadcrumb"},"inLanguage":"it-IT","potentialAction":[{"@type":"ReadAction","target":["https:\/\/spazio-news.it\/?p=2599"]}]},{"@type":"ImageObject","inLanguage":"it-IT","@id":"https:\/\/spazio-news.it\/?p=2599#primaryimage","url":"http:\/\/spazio-news.it\/wp-content\/uploads\/2018\/12\/Frecce-tricolori-natale-2018-e1544894883341.png","contentUrl":"http:\/\/spazio-news.it\/wp-content\/uploads\/2018\/12\/Frecce-tricolori-natale-2018-e1544894883341.png","width":800,"height":446},{"@type":"BreadcrumbList","@id":"https:\/\/spazio-news.it\/?p=2599#breadcrumb","itemListElement":[{"@type":"ListItem","position":1,"name":"Home","item":"http:\/\/spazio-news.it\/"},{"@type":"ListItem","position":2,"name":"LE FRECCE ILLUMINANO L\u2019ALBERO DI NATALE PI\u00d9 GRANDE AL MONDO"}]},{"@type":"WebSite","@id":"http:\/\/spazio-news.it\/#website","url":"http:\/\/spazio-news.it\/","name":"Spazio-News Magazine","description":"La guida che sfida la complessit\u00e0 del mondo industriale","publisher":{"@id":"http:\/\/spazio-news.it\/#organization"},"alternateName":"Spazio-news.it","potentialAction":[{"@type":"SearchAction","target":{"@type":"EntryPoint","urlTemplate":"http:\/\/spazio-news.it\/?s={search_term_string}"},"query-input":{"@type":"PropertyValueSpecification","valueRequired":true,"valueName":"search_term_string"}}],"inLanguage":"it-IT"},{"@type":"Organization","@id":"http:\/\/spazio-news.it\/#organization","name":"Spazio-News Magazine","url":"http:\/\/spazio-news.it\/","logo":{"@type":"ImageObject","inLanguage":"it-IT","@id":"http:\/\/spazio-news.it\/#\/schema\/logo\/image\/","url":"http:\/\/spazio-news.it\/wp-content\/uploads\/2023\/09\/Logo-Spazio-News-512-x-512-NO-testo.jpg","contentUrl":"http:\/\/spazio-news.it\/wp-content\/uploads\/2023\/09\/Logo-Spazio-News-512-x-512-NO-testo.jpg","width":512,"height":512,"caption":"Spazio-News Magazine"},"image":{"@id":"http:\/\/spazio-news.it\/#\/schema\/logo\/image\/"},"sameAs":["https:\/\/m.facebook.com\/spazio-news-magazine","https:\/\/x.com\/News_spazio"]},{"@type":"Person","@id":"http:\/\/spazio-news.it\/#\/schema\/person\/c600904e882e9e166ed8e5e3773d37b3","name":"Redazione","sameAs":["http:\/\/spazio-news.it","@SpazioNewsMagazine","https:\/\/x.com\/@news_spazio"],"url":"http:\/\/spazio-news.it\/?author=1"}]}},"_links":{"self":[{"href":"http:\/\/spazio-news.it\/index.php?rest_route=\/wp\/v2\/posts\/2599","targetHints":{"allow":["GET"]}}],"collection":[{"href":"http:\/\/spazio-news.it\/index.php?rest_route=\/wp\/v2\/posts"}],"about":[{"href":"http:\/\/spazio-news.it\/index.php?rest_route=\/wp\/v2\/types\/post"}],"author":[{"embeddable":true,"href":"http:\/\/spazio-news.it\/index.php?rest_route=\/wp\/v2\/users\/1"}],"replies":[{"embeddable":true,"href":"http:\/\/spazio-news.it\/index.php?rest_route=%2Fwp%2Fv2%2Fcomments&post=2599"}],"version-history":[{"count":3,"href":"http:\/\/spazio-news.it\/index.php?rest_route=\/wp\/v2\/posts\/2599\/revisions"}],"predecessor-version":[{"id":3452,"href":"http:\/\/spazio-news.it\/index.php?rest_route=\/wp\/v2\/posts\/2599\/revisions\/3452"}],"wp:featuredmedia":[{"embeddable":true,"href":"http:\/\/spazio-news.it\/index.php?rest_route=\/wp\/v2\/media\/2600"}],"wp:attachment":[{"href":"http:\/\/spazio-news.it\/index.php?rest_route=%2Fwp%2Fv2%2Fmedia&parent=2599"}],"wp:term":[{"taxonomy":"category","embeddable":true,"href":"http:\/\/spazio-news.it\/index.php?rest_route=%2Fwp%2Fv2%2Fcategories&post=2599"},{"taxonomy":"post_tag","embeddable":true,"href":"http:\/\/spazio-news.it\/index.php?rest_route=%2Fwp%2Fv2%2Ftags&post=2599"}],"curies":[{"name":"wp","href":"https:\/\/api.w.org\/{rel}","templated":true}]}}