{"id":2650,"date":"2018-12-18T10:18:56","date_gmt":"2018-12-18T09:18:56","guid":{"rendered":"http:\/\/spazio-news.it\/?p=2650"},"modified":"2019-04-26T19:02:48","modified_gmt":"2019-04-26T18:02:48","slug":"primo-a380-ana-con-livrea-personalizzata","status":"publish","type":"post","link":"http:\/\/spazio-news.it\/?p=2650","title":{"rendered":"PRIMO A380 ANA CON LIVREA PERSONALIZZATA"},"content":{"rendered":"<p>Il primo <strong>A380<\/strong> di All Nippon Airways &#8211; ANA \u00e8 uscito dalla stazione di verniciatura di <a href=\"http:\/\/www.airbus.com\" rel=\"noopener\" target=\"_blank\">Airbus<\/a> di <strong>Amburgo <\/strong> coperto da una livrea unica che raffigura una tartaruga marina verde delle Hawaii.<br \/>\nANA ha all\u2019attivo ordini fremi per tre A380 ed \u00e8 diventata cos\u00ec il primo cliente di questo aeromobile in Giappone. Il vettore prender\u00e0 in consegna il primo A380 alla fine del primo trimestre 2019 e operer\u00e0 l\u2019aeromobile sulla popolare rotta turistica <strong>Narita-Honolulu<\/strong>.<\/p>\n<p>Tutti e tre gli A380 di ANA avranno una speciale livrea con le tartarughe marine native delle Hawaii. Il primo aeromobile \u00e8 blu, il secondo sar\u00e0 verde e il terzo arancione. Si tratta di uno dei lavori pi\u00f9 elaborati mai dipinti da Airbus: sono stati necessari 21 giorni al team per verniciare una superficie di 3.600mq utilizzando 16 diverse sfumature di colore.<\/p>\n<p>Ad Amburgo l\u2019aeromobile proceder\u00e0 al completamento della cabina ed entrer\u00e0 nella fase finale di test a terra e in volo, momento in cui saranno testati accuratamente sistemi di cabina &#8211; compresi quelli sui flussi dell\u2019aria e sul condizionamento &#8211; illuminazione, cucine, toilette, poltrone e intrattenimento di bordo. Parallelamente, Airbus condurr\u00e0 anche dei test avanzati sulla performance, prima che l\u2019aeromobile ritorni a Tolosa in preparazione della consegna e del volo di trasferimento.<br \/>\nA fine novembre Airbus aveva consegnato un totale di 232 A380. L\u2019aeromobile \u00e8 attualmente in servizio presso 14 vettori nel mondo.<\/p>\n","protected":false},"excerpt":{"rendered":"<p>Il primo A380 di All Nippon Airways &#8211; ANA \u00e8 uscito dalla stazione di verniciatura di Airbus di Amburgo coperto<\/p>\n","protected":false},"author":1,"featured_media":2651,"comment_status":"closed","ping_status":"open","sticky":false,"template":"","format":"standard","meta":{"colormag_page_container_layout":"default_layout","colormag_page_sidebar_layout":"default_layout","footnotes":""},"categories":[32,3],"tags":[306,33,829],"class_list":["post-2650","post","type-post","status-publish","format-standard","has-post-thumbnail","hentry","category-prima-pagina","category-industria","tag-a380","tag-airbus","tag-all-nippon-airways-ana"],"yoast_head":"<!-- This site is optimized with the Yoast SEO plugin v26.8 - https:\/\/yoast.com\/product\/yoast-seo-wordpress\/ -->\n<title>PRIMO A380 ANA CON LIVREA PERSONALIZZATA &#187; Spazio-News Magazine<\/title>\n<meta name=\"description\" content=\"Il primo Airbus A380 di All Nippon Airways \u00e8 uscito dalla stazione di verniciatura coperto da una livrea artistica personalizzata\" \/>\n<meta name=\"robots\" content=\"index, follow, max-snippet:-1, max-image-preview:large, max-video-preview:-1\" \/>\n<link rel=\"canonical\" href=\"http:\/\/spazio-news.it\/?p=2650\" \/>\n<meta property=\"og:locale\" content=\"it_IT\" \/>\n<meta property=\"og:type\" content=\"article\" \/>\n<meta property=\"og:title\" content=\"PRIMO A380 ANA CON LIVREA PERSONALIZZATA &#187; Spazio-News Magazine\" \/>\n<meta property=\"og:description\" content=\"Il primo Airbus A380 di All Nippon Airways \u00e8 uscito dalla stazione di verniciatura coperto da una livrea artistica personalizzata\" \/>\n<meta property=\"og:url\" content=\"http:\/\/spazio-news.it\/?p=2650\" \/>\n<meta property=\"og:site_name\" content=\"Spazio-News Magazine\" \/>\n<meta property=\"article:publisher\" content=\"https:\/\/m.facebook.com\/spazio-news-magazine\" \/>\n<meta property=\"article:author\" content=\"@SpazioNewsMagazine\" \/>\n<meta property=\"article:published_time\" content=\"2018-12-18T09:18:56+00:00\" \/>\n<meta property=\"article:modified_time\" content=\"2019-04-26T18:02:48+00:00\" \/>\n<meta property=\"og:image\" content=\"http:\/\/spazio-news.it\/wp-content\/uploads\/2018\/12\/First-A380-ANA_spazio-news-e1544894437952.jpg\" \/>\n\t<meta property=\"og:image:width\" content=\"800\" \/>\n\t<meta property=\"og:image:height\" content=\"446\" \/>\n\t<meta property=\"og:image:type\" content=\"image\/jpeg\" \/>\n<meta name=\"author\" content=\"Redazione\" \/>\n<meta name=\"twitter:card\" content=\"summary_large_image\" \/>\n<meta name=\"twitter:creator\" content=\"@news_spazio\" \/>\n<meta name=\"twitter:site\" content=\"@News_spazio\" \/>\n<meta name=\"twitter:label1\" content=\"Scritto da\" \/>\n\t<meta name=\"twitter:data1\" content=\"Redazione\" \/>\n\t<meta name=\"twitter:label2\" content=\"Tempo di lettura stimato\" \/>\n\t<meta name=\"twitter:data2\" content=\"1 minuto\" \/>\n<script type=\"application\/ld+json\" class=\"yoast-schema-graph\">{\"@context\":\"https:\/\/schema.org\",\"@graph\":[{\"@type\":\"NewsArticle\",\"@id\":\"http:\/\/spazio-news.it\/?p=2650#article\",\"isPartOf\":{\"@id\":\"http:\/\/spazio-news.it\/?p=2650\"},\"author\":{\"name\":\"Redazione\",\"@id\":\"http:\/\/spazio-news.it\/#\/schema\/person\/c600904e882e9e166ed8e5e3773d37b3\"},\"headline\":\"PRIMO A380 ANA CON LIVREA PERSONALIZZATA\",\"datePublished\":\"2018-12-18T09:18:56+00:00\",\"dateModified\":\"2019-04-26T18:02:48+00:00\",\"mainEntityOfPage\":{\"@id\":\"http:\/\/spazio-news.it\/?p=2650\"},\"wordCount\":231,\"publisher\":{\"@id\":\"http:\/\/spazio-news.it\/#organization\"},\"image\":{\"@id\":\"http:\/\/spazio-news.it\/?p=2650#primaryimage\"},\"thumbnailUrl\":\"http:\/\/spazio-news.it\/wp-content\/uploads\/2018\/12\/First-A380-ANA_spazio-news-e1544894437952.jpg\",\"keywords\":[\"A380\",\"Airbus\",\"All Nippon Airways - ANA\"],\"articleSection\":[\"01 - PRIMA PAGINA\",\"02 - INDUSTRIA\"],\"inLanguage\":\"it-IT\"},{\"@type\":\"WebPage\",\"@id\":\"http:\/\/spazio-news.it\/?p=2650\",\"url\":\"http:\/\/spazio-news.it\/?p=2650\",\"name\":\"PRIMO A380 ANA CON LIVREA PERSONALIZZATA &#187; Spazio-News Magazine\",\"isPartOf\":{\"@id\":\"http:\/\/spazio-news.it\/#website\"},\"primaryImageOfPage\":{\"@id\":\"http:\/\/spazio-news.it\/?p=2650#primaryimage\"},\"image\":{\"@id\":\"http:\/\/spazio-news.it\/?p=2650#primaryimage\"},\"thumbnailUrl\":\"http:\/\/spazio-news.it\/wp-content\/uploads\/2018\/12\/First-A380-ANA_spazio-news-e1544894437952.jpg\",\"datePublished\":\"2018-12-18T09:18:56+00:00\",\"dateModified\":\"2019-04-26T18:02:48+00:00\",\"description\":\"Il primo Airbus A380 di All Nippon Airways \u00e8 uscito dalla stazione di verniciatura coperto da una livrea artistica personalizzata\",\"breadcrumb\":{\"@id\":\"http:\/\/spazio-news.it\/?p=2650#breadcrumb\"},\"inLanguage\":\"it-IT\",\"potentialAction\":[{\"@type\":\"ReadAction\",\"target\":[\"http:\/\/spazio-news.it\/?p=2650\"]}]},{\"@type\":\"ImageObject\",\"inLanguage\":\"it-IT\",\"@id\":\"http:\/\/spazio-news.it\/?p=2650#primaryimage\",\"url\":\"http:\/\/spazio-news.it\/wp-content\/uploads\/2018\/12\/First-A380-ANA_spazio-news-e1544894437952.jpg\",\"contentUrl\":\"http:\/\/spazio-news.it\/wp-content\/uploads\/2018\/12\/First-A380-ANA_spazio-news-e1544894437952.jpg\",\"width\":800,\"height\":446,\"caption\":\"First-A380-ANA_spazio-news\"},{\"@type\":\"BreadcrumbList\",\"@id\":\"http:\/\/spazio-news.it\/?p=2650#breadcrumb\",\"itemListElement\":[{\"@type\":\"ListItem\",\"position\":1,\"name\":\"Home\",\"item\":\"http:\/\/spazio-news.it\/\"},{\"@type\":\"ListItem\",\"position\":2,\"name\":\"PRIMO A380 ANA CON LIVREA PERSONALIZZATA\"}]},{\"@type\":\"WebSite\",\"@id\":\"http:\/\/spazio-news.it\/#website\",\"url\":\"http:\/\/spazio-news.it\/\",\"name\":\"Spazio-News Magazine\",\"description\":\"La guida che sfida la complessit\u00e0 del mondo industriale\",\"publisher\":{\"@id\":\"http:\/\/spazio-news.it\/#organization\"},\"alternateName\":\"Spazio-news.it\",\"potentialAction\":[{\"@type\":\"SearchAction\",\"target\":{\"@type\":\"EntryPoint\",\"urlTemplate\":\"http:\/\/spazio-news.it\/?s={search_term_string}\"},\"query-input\":{\"@type\":\"PropertyValueSpecification\",\"valueRequired\":true,\"valueName\":\"search_term_string\"}}],\"inLanguage\":\"it-IT\"},{\"@type\":\"Organization\",\"@id\":\"http:\/\/spazio-news.it\/#organization\",\"name\":\"Spazio-News Magazine\",\"url\":\"http:\/\/spazio-news.it\/\",\"logo\":{\"@type\":\"ImageObject\",\"inLanguage\":\"it-IT\",\"@id\":\"http:\/\/spazio-news.it\/#\/schema\/logo\/image\/\",\"url\":\"http:\/\/spazio-news.it\/wp-content\/uploads\/2023\/09\/Logo-Spazio-News-512-x-512-NO-testo.jpg\",\"contentUrl\":\"http:\/\/spazio-news.it\/wp-content\/uploads\/2023\/09\/Logo-Spazio-News-512-x-512-NO-testo.jpg\",\"width\":512,\"height\":512,\"caption\":\"Spazio-News Magazine\"},\"image\":{\"@id\":\"http:\/\/spazio-news.it\/#\/schema\/logo\/image\/\"},\"sameAs\":[\"https:\/\/m.facebook.com\/spazio-news-magazine\",\"https:\/\/x.com\/News_spazio\"]},{\"@type\":\"Person\",\"@id\":\"http:\/\/spazio-news.it\/#\/schema\/person\/c600904e882e9e166ed8e5e3773d37b3\",\"name\":\"Redazione\",\"sameAs\":[\"http:\/\/spazio-news.it\",\"@SpazioNewsMagazine\",\"https:\/\/x.com\/@news_spazio\"],\"url\":\"http:\/\/spazio-news.it\/?author=1\"}]}<\/script>\n<!-- \/ Yoast SEO plugin. -->","yoast_head_json":{"title":"PRIMO A380 ANA CON LIVREA PERSONALIZZATA &#187; Spazio-News Magazine","description":"Il primo Airbus A380 di All Nippon Airways \u00e8 uscito dalla stazione di verniciatura coperto da una livrea artistica personalizzata","robots":{"index":"index","follow":"follow","max-snippet":"max-snippet:-1","max-image-preview":"max-image-preview:large","max-video-preview":"max-video-preview:-1"},"canonical":"http:\/\/spazio-news.it\/?p=2650","og_locale":"it_IT","og_type":"article","og_title":"PRIMO A380 ANA CON LIVREA PERSONALIZZATA &#187; Spazio-News Magazine","og_description":"Il primo Airbus A380 di All Nippon Airways \u00e8 uscito dalla stazione di verniciatura coperto da una livrea artistica personalizzata","og_url":"http:\/\/spazio-news.it\/?p=2650","og_site_name":"Spazio-News Magazine","article_publisher":"https:\/\/m.facebook.com\/spazio-news-magazine","article_author":"@SpazioNewsMagazine","article_published_time":"2018-12-18T09:18:56+00:00","article_modified_time":"2019-04-26T18:02:48+00:00","og_image":[{"width":800,"height":446,"url":"http:\/\/spazio-news.it\/wp-content\/uploads\/2018\/12\/First-A380-ANA_spazio-news-e1544894437952.jpg","type":"image\/jpeg"}],"author":"Redazione","twitter_card":"summary_large_image","twitter_creator":"@news_spazio","twitter_site":"@News_spazio","twitter_misc":{"Scritto da":"Redazione","Tempo di lettura stimato":"1 minuto"},"schema":{"@context":"https:\/\/schema.org","@graph":[{"@type":"NewsArticle","@id":"http:\/\/spazio-news.it\/?p=2650#article","isPartOf":{"@id":"http:\/\/spazio-news.it\/?p=2650"},"author":{"name":"Redazione","@id":"http:\/\/spazio-news.it\/#\/schema\/person\/c600904e882e9e166ed8e5e3773d37b3"},"headline":"PRIMO A380 ANA CON LIVREA PERSONALIZZATA","datePublished":"2018-12-18T09:18:56+00:00","dateModified":"2019-04-26T18:02:48+00:00","mainEntityOfPage":{"@id":"http:\/\/spazio-news.it\/?p=2650"},"wordCount":231,"publisher":{"@id":"http:\/\/spazio-news.it\/#organization"},"image":{"@id":"http:\/\/spazio-news.it\/?p=2650#primaryimage"},"thumbnailUrl":"http:\/\/spazio-news.it\/wp-content\/uploads\/2018\/12\/First-A380-ANA_spazio-news-e1544894437952.jpg","keywords":["A380","Airbus","All Nippon Airways - ANA"],"articleSection":["01 - PRIMA PAGINA","02 - INDUSTRIA"],"inLanguage":"it-IT"},{"@type":"WebPage","@id":"http:\/\/spazio-news.it\/?p=2650","url":"http:\/\/spazio-news.it\/?p=2650","name":"PRIMO A380 ANA CON LIVREA PERSONALIZZATA &#187; Spazio-News Magazine","isPartOf":{"@id":"http:\/\/spazio-news.it\/#website"},"primaryImageOfPage":{"@id":"http:\/\/spazio-news.it\/?p=2650#primaryimage"},"image":{"@id":"http:\/\/spazio-news.it\/?p=2650#primaryimage"},"thumbnailUrl":"http:\/\/spazio-news.it\/wp-content\/uploads\/2018\/12\/First-A380-ANA_spazio-news-e1544894437952.jpg","datePublished":"2018-12-18T09:18:56+00:00","dateModified":"2019-04-26T18:02:48+00:00","description":"Il primo Airbus A380 di All Nippon Airways \u00e8 uscito dalla stazione di verniciatura coperto da una livrea artistica personalizzata","breadcrumb":{"@id":"http:\/\/spazio-news.it\/?p=2650#breadcrumb"},"inLanguage":"it-IT","potentialAction":[{"@type":"ReadAction","target":["http:\/\/spazio-news.it\/?p=2650"]}]},{"@type":"ImageObject","inLanguage":"it-IT","@id":"http:\/\/spazio-news.it\/?p=2650#primaryimage","url":"http:\/\/spazio-news.it\/wp-content\/uploads\/2018\/12\/First-A380-ANA_spazio-news-e1544894437952.jpg","contentUrl":"http:\/\/spazio-news.it\/wp-content\/uploads\/2018\/12\/First-A380-ANA_spazio-news-e1544894437952.jpg","width":800,"height":446,"caption":"First-A380-ANA_spazio-news"},{"@type":"BreadcrumbList","@id":"http:\/\/spazio-news.it\/?p=2650#breadcrumb","itemListElement":[{"@type":"ListItem","position":1,"name":"Home","item":"http:\/\/spazio-news.it\/"},{"@type":"ListItem","position":2,"name":"PRIMO A380 ANA CON LIVREA PERSONALIZZATA"}]},{"@type":"WebSite","@id":"http:\/\/spazio-news.it\/#website","url":"http:\/\/spazio-news.it\/","name":"Spazio-News Magazine","description":"La guida che sfida la complessit\u00e0 del mondo industriale","publisher":{"@id":"http:\/\/spazio-news.it\/#organization"},"alternateName":"Spazio-news.it","potentialAction":[{"@type":"SearchAction","target":{"@type":"EntryPoint","urlTemplate":"http:\/\/spazio-news.it\/?s={search_term_string}"},"query-input":{"@type":"PropertyValueSpecification","valueRequired":true,"valueName":"search_term_string"}}],"inLanguage":"it-IT"},{"@type":"Organization","@id":"http:\/\/spazio-news.it\/#organization","name":"Spazio-News Magazine","url":"http:\/\/spazio-news.it\/","logo":{"@type":"ImageObject","inLanguage":"it-IT","@id":"http:\/\/spazio-news.it\/#\/schema\/logo\/image\/","url":"http:\/\/spazio-news.it\/wp-content\/uploads\/2023\/09\/Logo-Spazio-News-512-x-512-NO-testo.jpg","contentUrl":"http:\/\/spazio-news.it\/wp-content\/uploads\/2023\/09\/Logo-Spazio-News-512-x-512-NO-testo.jpg","width":512,"height":512,"caption":"Spazio-News Magazine"},"image":{"@id":"http:\/\/spazio-news.it\/#\/schema\/logo\/image\/"},"sameAs":["https:\/\/m.facebook.com\/spazio-news-magazine","https:\/\/x.com\/News_spazio"]},{"@type":"Person","@id":"http:\/\/spazio-news.it\/#\/schema\/person\/c600904e882e9e166ed8e5e3773d37b3","name":"Redazione","sameAs":["http:\/\/spazio-news.it","@SpazioNewsMagazine","https:\/\/x.com\/@news_spazio"],"url":"http:\/\/spazio-news.it\/?author=1"}]}},"_links":{"self":[{"href":"http:\/\/spazio-news.it\/index.php?rest_route=\/wp\/v2\/posts\/2650","targetHints":{"allow":["GET"]}}],"collection":[{"href":"http:\/\/spazio-news.it\/index.php?rest_route=\/wp\/v2\/posts"}],"about":[{"href":"http:\/\/spazio-news.it\/index.php?rest_route=\/wp\/v2\/types\/post"}],"author":[{"embeddable":true,"href":"http:\/\/spazio-news.it\/index.php?rest_route=\/wp\/v2\/users\/1"}],"replies":[{"embeddable":true,"href":"http:\/\/spazio-news.it\/index.php?rest_route=%2Fwp%2Fv2%2Fcomments&post=2650"}],"version-history":[{"count":2,"href":"http:\/\/spazio-news.it\/index.php?rest_route=\/wp\/v2\/posts\/2650\/revisions"}],"predecessor-version":[{"id":4057,"href":"http:\/\/spazio-news.it\/index.php?rest_route=\/wp\/v2\/posts\/2650\/revisions\/4057"}],"wp:featuredmedia":[{"embeddable":true,"href":"http:\/\/spazio-news.it\/index.php?rest_route=\/wp\/v2\/media\/2651"}],"wp:attachment":[{"href":"http:\/\/spazio-news.it\/index.php?rest_route=%2Fwp%2Fv2%2Fmedia&parent=2650"}],"wp:term":[{"taxonomy":"category","embeddable":true,"href":"http:\/\/spazio-news.it\/index.php?rest_route=%2Fwp%2Fv2%2Fcategories&post=2650"},{"taxonomy":"post_tag","embeddable":true,"href":"http:\/\/spazio-news.it\/index.php?rest_route=%2Fwp%2Fv2%2Ftags&post=2650"}],"curies":[{"name":"wp","href":"https:\/\/api.w.org\/{rel}","templated":true}]}}