{"id":2712,"date":"2018-12-18T21:09:43","date_gmt":"2018-12-18T20:09:43","guid":{"rendered":"http:\/\/spazio-news.it\/?p=2712"},"modified":"2018-12-17T08:40:35","modified_gmt":"2018-12-17T07:40:35","slug":"tap-air-nuovi-voli-per-san-francisco-dallestate","status":"publish","type":"post","link":"http:\/\/spazio-news.it\/?p=2712","title":{"rendered":"TAP AIR: NUOVI VOLI PER SAN FRANCISCO DALL\u2019ESTATE"},"content":{"rendered":"\n<p>Dopo il lancio di Chicago e Washington, <a href=\"https:\/\/www.flytap.com\/it-it\/\">TAP AIR<\/a> annuncia una nuova destinazione negli Stati Uniti, a partire dal 10 giugno: <strong>San Francisco<\/strong>, che sar\u00e0  l&#8217;ottava destinazione in Nord America. I voli saranno  operati 5 volte a settimana (luned\u00ec, marted\u00ec, gioved\u00ec, sabato e domenica) con il nuovo <a rel=\"noreferrer noopener\" aria-label=\"Dopo il lancio di Chicago e Washington, TAP AIR annuncia una nuova destinazione negli Stati Uniti, a partire dal 10 giugno: San Francisco, che sar\u00e0  l'ottava destinazione in Nord America. I voli saranno  operati 5 volte a settimana (luned\u00ec, marted\u00ec, gioved\u00ec, sabato e domenica) con il nuovo Airbus A330neo.\nNel 2015 erano 3 le rotte servite da TAP nel mercato nordamericano, mentre dal prossimo giugno saliranno a 9, con il conseguente aumento delle frequenze settimanali da 16 a 56. La compagnia portoghese ha inoltre rafforzato il numero di voli settimanali da Porto a Newark, passando da 2 a 6. La nuova mappa del presidio strategico di TAP nel Nord Atlantico si compone quindi di: San Francisco, Washington, Chicago, New York-JFK, New York-Newark, Boston e Miami con partenze da Lisbona (in aggiunta a New York-Newark con partenze da Porto) oltre a Toronto in Canada.\n&quot;TAP sta seguendo il proprio piano di espansione negli Stati Uniti - ha dichiarato Antonoaldo Neves, Ceo di TAP -. Sappiamo che resta ancora molta strada da fare, ma siamo anche pi\u00f9 vicini a rendere questo mercato uno dei pi\u00f9 rilevanti per TAP, insieme al Brasile\u201d.\nQuesta crescita si \u00e8 resa possibile anche a seguito del rinnovamento della flotta. Quest'anno TAP ha infatti ricevuto sette aeromobili Airbus, e ulteriori arrivi sono previsti nel corso dei prossimi anni, per un totale di 71 entro il 2025. Il primo nuovo aeromobile che la compagnia ha ricevuto \u00e8 stato un Airbus A320neo, in servizio da giugno. Lo scorso settembre si sono aggiunti due Airbus A321neo e in questi giorni \u00e8 arrivato a Lisbona il nuovissimo Airbus A330neo, con la cabina Airspace by Airbus, di cui TAP \u00e8 vettore lancio e sar\u00e0 quindi la prima a livello globale a utilizzarlo. I primi di dicembre sono inoltre entrati in flotta 2 Airbus A321neo.  (si apre in una nuova scheda)\" href=\"http:\/\/www.airbus.com\" target=\"_blank\">Airbus<\/a> <strong>A330neo<\/strong>.<br>Nel 2015 erano 3 le rotte servite da TAP nel mercato nordamericano, mentre dal prossimo giugno saliranno a 9, con il conseguente aumento delle frequenze settimanali da 16 a 56. La compagnia portoghese ha inoltre rafforzato il numero di voli settimanali da Porto a Newark, passando da 2 a 6. La nuova mappa del presidio strategico di TAP nel Nord Atlantico si compone quindi di: San Francisco, Washington, Chicago, New York-JFK, New York-Newark, Boston e Miami con partenze da Lisbona (in aggiunta a New York-Newark con partenze da Porto) oltre a Toronto in Canada.<br><br><em>&#8220;TAP sta seguendo il proprio piano di espansione negli Stati Uniti<\/em> &#8211; ha dichiaratoil Ceo&nbsp;<strong>Antonoaldo Neves<\/strong>&nbsp;-. S<em>appiamo che resta ancora molta strada da fare, ma siamo anche pi\u00f9 vicini a rendere questo mercato uno dei pi\u00f9 rilevanti per TAP, insieme al Brasile\u201d.<\/em><br><br>Questa crescita si \u00e8 resa possibile anche a seguito del rinnovamento della flotta. Quest&#8217;anno TAP ha infatti ricevuto sette aeromobili Airbus, e ulteriori arrivi sono previsti nel corso dei prossimi anni, per un totale di 71 entro il 2025. Il primo nuovo aeromobile che la compagnia ha ricevuto \u00e8 stato un Airbus <strong>A320neo<\/strong>, in servizio da giugno. Lo scorso settembre si sono aggiunti due Airbus A321neo e in questi giorni \u00e8 arrivato a Lisbona il nuovissimo Airbus A330neo, con la cabina Airspace by Airbus, di cui TAP \u00e8 vettore lancio e sar\u00e0 quindi la prima a livello globale a utilizzarlo. I primi di dicembre sono inoltre entrati in flotta 2 Airbus <strong>A321neo<\/strong>. <\/p>\n","protected":false},"excerpt":{"rendered":"<p>Dopo il lancio di Chicago e Washington, TAP AIR annuncia una nuova destinazione negli Stati Uniti, a partire dal 10<\/p>\n","protected":false},"author":1,"featured_media":2489,"comment_status":"closed","ping_status":"open","sticky":false,"template":"","format":"standard","meta":{"colormag_page_container_layout":"default_layout","colormag_page_sidebar_layout":"default_layout","footnotes":""},"categories":[32,3,1],"tags":[33,1544,376,789,1542],"class_list":["post-2712","post","type-post","status-publish","format-standard","has-post-thumbnail","hentry","category-prima-pagina","category-industria","category-notizie-di-servizio","tag-airbus","tag-antonoaldo-neves","tag-compagnie-aeree","tag-summer-schedule-19","tag-tap-air-portugal"],"yoast_head":"<!-- This site is optimized with the Yoast SEO plugin v26.8 - https:\/\/yoast.com\/product\/yoast-seo-wordpress\/ -->\n<title>TAP AIR: NUOVI VOLI PER SAN FRANCISCO DALL\u2019ESTATE &#187; Spazio-News Magazine<\/title>\n<meta name=\"description\" content=\"Da giugno nuovo voli TAP AIr da Lisbona a San Francisco, terza nuova rotta aperta dalla compagnia verso gli Usa e ottava in Nord America\" \/>\n<meta name=\"robots\" content=\"index, follow, max-snippet:-1, max-image-preview:large, max-video-preview:-1\" \/>\n<link rel=\"canonical\" href=\"http:\/\/spazio-news.it\/?p=2712\" \/>\n<meta property=\"og:locale\" content=\"it_IT\" \/>\n<meta property=\"og:type\" content=\"article\" \/>\n<meta property=\"og:title\" content=\"TAP AIR: NUOVI VOLI PER SAN FRANCISCO DALL\u2019ESTATE &#187; Spazio-News Magazine\" \/>\n<meta property=\"og:description\" content=\"Da giugno nuovo voli TAP AIr da Lisbona a San Francisco, terza nuova rotta aperta dalla compagnia verso gli Usa e ottava in Nord America\" \/>\n<meta property=\"og:url\" content=\"http:\/\/spazio-news.it\/?p=2712\" \/>\n<meta property=\"og:site_name\" content=\"Spazio-News Magazine\" \/>\n<meta property=\"article:publisher\" content=\"https:\/\/m.facebook.com\/spazio-news-magazine\" \/>\n<meta property=\"article:author\" content=\"@SpazioNewsMagazine\" \/>\n<meta property=\"article:published_time\" content=\"2018-12-18T20:09:43+00:00\" \/>\n<meta property=\"og:image\" content=\"http:\/\/spazio-news.it\/wp-content\/uploads\/2018\/12\/TAP_A330neo_spazio-news.jpg\" \/>\n\t<meta property=\"og:image:width\" content=\"800\" \/>\n\t<meta property=\"og:image:height\" content=\"445\" \/>\n\t<meta property=\"og:image:type\" content=\"image\/jpeg\" \/>\n<meta name=\"author\" content=\"Redazione\" \/>\n<meta name=\"twitter:card\" content=\"summary_large_image\" \/>\n<meta name=\"twitter:creator\" content=\"@news_spazio\" \/>\n<meta name=\"twitter:site\" content=\"@News_spazio\" \/>\n<meta name=\"twitter:label1\" content=\"Scritto da\" \/>\n\t<meta name=\"twitter:data1\" content=\"Redazione\" \/>\n\t<meta name=\"twitter:label2\" content=\"Tempo di lettura stimato\" \/>\n\t<meta name=\"twitter:data2\" content=\"1 minuto\" \/>\n<script type=\"application\/ld+json\" class=\"yoast-schema-graph\">{\"@context\":\"https:\/\/schema.org\",\"@graph\":[{\"@type\":\"NewsArticle\",\"@id\":\"http:\/\/spazio-news.it\/?p=2712#article\",\"isPartOf\":{\"@id\":\"http:\/\/spazio-news.it\/?p=2712\"},\"author\":{\"name\":\"Redazione\",\"@id\":\"http:\/\/spazio-news.it\/#\/schema\/person\/c600904e882e9e166ed8e5e3773d37b3\"},\"headline\":\"TAP AIR: NUOVI VOLI PER SAN FRANCISCO DALL\u2019ESTATE\",\"datePublished\":\"2018-12-18T20:09:43+00:00\",\"mainEntityOfPage\":{\"@id\":\"http:\/\/spazio-news.it\/?p=2712\"},\"wordCount\":301,\"publisher\":{\"@id\":\"http:\/\/spazio-news.it\/#organization\"},\"image\":{\"@id\":\"http:\/\/spazio-news.it\/?p=2712#primaryimage\"},\"thumbnailUrl\":\"http:\/\/spazio-news.it\/wp-content\/uploads\/2018\/12\/TAP_A330neo_spazio-news.jpg\",\"keywords\":[\"Airbus\",\"Antonoaldo Neves\",\"Compagnie aeree\",\"Summer schedule 19\",\"TAP Air Portugal\"],\"articleSection\":[\"01 - PRIMA PAGINA\",\"02 - INDUSTRIA\",\"08 - NOTIZIE DI SERVIZIO\"],\"inLanguage\":\"it-IT\"},{\"@type\":\"WebPage\",\"@id\":\"http:\/\/spazio-news.it\/?p=2712\",\"url\":\"http:\/\/spazio-news.it\/?p=2712\",\"name\":\"TAP AIR: NUOVI VOLI PER SAN FRANCISCO DALL\u2019ESTATE &#187; Spazio-News Magazine\",\"isPartOf\":{\"@id\":\"http:\/\/spazio-news.it\/#website\"},\"primaryImageOfPage\":{\"@id\":\"http:\/\/spazio-news.it\/?p=2712#primaryimage\"},\"image\":{\"@id\":\"http:\/\/spazio-news.it\/?p=2712#primaryimage\"},\"thumbnailUrl\":\"http:\/\/spazio-news.it\/wp-content\/uploads\/2018\/12\/TAP_A330neo_spazio-news.jpg\",\"datePublished\":\"2018-12-18T20:09:43+00:00\",\"description\":\"Da giugno nuovo voli TAP AIr da Lisbona a San Francisco, terza nuova rotta aperta dalla compagnia verso gli Usa e ottava in Nord America\",\"breadcrumb\":{\"@id\":\"http:\/\/spazio-news.it\/?p=2712#breadcrumb\"},\"inLanguage\":\"it-IT\",\"potentialAction\":[{\"@type\":\"ReadAction\",\"target\":[\"http:\/\/spazio-news.it\/?p=2712\"]}]},{\"@type\":\"ImageObject\",\"inLanguage\":\"it-IT\",\"@id\":\"http:\/\/spazio-news.it\/?p=2712#primaryimage\",\"url\":\"http:\/\/spazio-news.it\/wp-content\/uploads\/2018\/12\/TAP_A330neo_spazio-news.jpg\",\"contentUrl\":\"http:\/\/spazio-news.it\/wp-content\/uploads\/2018\/12\/TAP_A330neo_spazio-news.jpg\",\"width\":800,\"height\":445,\"caption\":\"TAP_A330neo_spazio-news\"},{\"@type\":\"BreadcrumbList\",\"@id\":\"http:\/\/spazio-news.it\/?p=2712#breadcrumb\",\"itemListElement\":[{\"@type\":\"ListItem\",\"position\":1,\"name\":\"Home\",\"item\":\"http:\/\/spazio-news.it\/\"},{\"@type\":\"ListItem\",\"position\":2,\"name\":\"TAP AIR: NUOVI VOLI PER SAN FRANCISCO DALL\u2019ESTATE\"}]},{\"@type\":\"WebSite\",\"@id\":\"http:\/\/spazio-news.it\/#website\",\"url\":\"http:\/\/spazio-news.it\/\",\"name\":\"Spazio-News Magazine\",\"description\":\"La guida che sfida la complessit\u00e0 del mondo industriale\",\"publisher\":{\"@id\":\"http:\/\/spazio-news.it\/#organization\"},\"alternateName\":\"Spazio-news.it\",\"potentialAction\":[{\"@type\":\"SearchAction\",\"target\":{\"@type\":\"EntryPoint\",\"urlTemplate\":\"http:\/\/spazio-news.it\/?s={search_term_string}\"},\"query-input\":{\"@type\":\"PropertyValueSpecification\",\"valueRequired\":true,\"valueName\":\"search_term_string\"}}],\"inLanguage\":\"it-IT\"},{\"@type\":\"Organization\",\"@id\":\"http:\/\/spazio-news.it\/#organization\",\"name\":\"Spazio-News Magazine\",\"url\":\"http:\/\/spazio-news.it\/\",\"logo\":{\"@type\":\"ImageObject\",\"inLanguage\":\"it-IT\",\"@id\":\"http:\/\/spazio-news.it\/#\/schema\/logo\/image\/\",\"url\":\"http:\/\/spazio-news.it\/wp-content\/uploads\/2023\/09\/Logo-Spazio-News-512-x-512-NO-testo.jpg\",\"contentUrl\":\"http:\/\/spazio-news.it\/wp-content\/uploads\/2023\/09\/Logo-Spazio-News-512-x-512-NO-testo.jpg\",\"width\":512,\"height\":512,\"caption\":\"Spazio-News Magazine\"},\"image\":{\"@id\":\"http:\/\/spazio-news.it\/#\/schema\/logo\/image\/\"},\"sameAs\":[\"https:\/\/m.facebook.com\/spazio-news-magazine\",\"https:\/\/x.com\/News_spazio\"]},{\"@type\":\"Person\",\"@id\":\"http:\/\/spazio-news.it\/#\/schema\/person\/c600904e882e9e166ed8e5e3773d37b3\",\"name\":\"Redazione\",\"sameAs\":[\"http:\/\/spazio-news.it\",\"@SpazioNewsMagazine\",\"https:\/\/x.com\/@news_spazio\"],\"url\":\"http:\/\/spazio-news.it\/?author=1\"}]}<\/script>\n<!-- \/ Yoast SEO plugin. -->","yoast_head_json":{"title":"TAP AIR: NUOVI VOLI PER SAN FRANCISCO DALL\u2019ESTATE &#187; Spazio-News Magazine","description":"Da giugno nuovo voli TAP AIr da Lisbona a San Francisco, terza nuova rotta aperta dalla compagnia verso gli Usa e ottava in Nord America","robots":{"index":"index","follow":"follow","max-snippet":"max-snippet:-1","max-image-preview":"max-image-preview:large","max-video-preview":"max-video-preview:-1"},"canonical":"http:\/\/spazio-news.it\/?p=2712","og_locale":"it_IT","og_type":"article","og_title":"TAP AIR: NUOVI VOLI PER SAN FRANCISCO DALL\u2019ESTATE &#187; Spazio-News Magazine","og_description":"Da giugno nuovo voli TAP AIr da Lisbona a San Francisco, terza nuova rotta aperta dalla compagnia verso gli Usa e ottava in Nord America","og_url":"http:\/\/spazio-news.it\/?p=2712","og_site_name":"Spazio-News Magazine","article_publisher":"https:\/\/m.facebook.com\/spazio-news-magazine","article_author":"@SpazioNewsMagazine","article_published_time":"2018-12-18T20:09:43+00:00","og_image":[{"width":800,"height":445,"url":"http:\/\/spazio-news.it\/wp-content\/uploads\/2018\/12\/TAP_A330neo_spazio-news.jpg","type":"image\/jpeg"}],"author":"Redazione","twitter_card":"summary_large_image","twitter_creator":"@news_spazio","twitter_site":"@News_spazio","twitter_misc":{"Scritto da":"Redazione","Tempo di lettura stimato":"1 minuto"},"schema":{"@context":"https:\/\/schema.org","@graph":[{"@type":"NewsArticle","@id":"http:\/\/spazio-news.it\/?p=2712#article","isPartOf":{"@id":"http:\/\/spazio-news.it\/?p=2712"},"author":{"name":"Redazione","@id":"http:\/\/spazio-news.it\/#\/schema\/person\/c600904e882e9e166ed8e5e3773d37b3"},"headline":"TAP AIR: NUOVI VOLI PER SAN FRANCISCO DALL\u2019ESTATE","datePublished":"2018-12-18T20:09:43+00:00","mainEntityOfPage":{"@id":"http:\/\/spazio-news.it\/?p=2712"},"wordCount":301,"publisher":{"@id":"http:\/\/spazio-news.it\/#organization"},"image":{"@id":"http:\/\/spazio-news.it\/?p=2712#primaryimage"},"thumbnailUrl":"http:\/\/spazio-news.it\/wp-content\/uploads\/2018\/12\/TAP_A330neo_spazio-news.jpg","keywords":["Airbus","Antonoaldo Neves","Compagnie aeree","Summer schedule 19","TAP Air Portugal"],"articleSection":["01 - PRIMA PAGINA","02 - INDUSTRIA","08 - NOTIZIE DI SERVIZIO"],"inLanguage":"it-IT"},{"@type":"WebPage","@id":"http:\/\/spazio-news.it\/?p=2712","url":"http:\/\/spazio-news.it\/?p=2712","name":"TAP AIR: NUOVI VOLI PER SAN FRANCISCO DALL\u2019ESTATE &#187; Spazio-News Magazine","isPartOf":{"@id":"http:\/\/spazio-news.it\/#website"},"primaryImageOfPage":{"@id":"http:\/\/spazio-news.it\/?p=2712#primaryimage"},"image":{"@id":"http:\/\/spazio-news.it\/?p=2712#primaryimage"},"thumbnailUrl":"http:\/\/spazio-news.it\/wp-content\/uploads\/2018\/12\/TAP_A330neo_spazio-news.jpg","datePublished":"2018-12-18T20:09:43+00:00","description":"Da giugno nuovo voli TAP AIr da Lisbona a San Francisco, terza nuova rotta aperta dalla compagnia verso gli Usa e ottava in Nord America","breadcrumb":{"@id":"http:\/\/spazio-news.it\/?p=2712#breadcrumb"},"inLanguage":"it-IT","potentialAction":[{"@type":"ReadAction","target":["http:\/\/spazio-news.it\/?p=2712"]}]},{"@type":"ImageObject","inLanguage":"it-IT","@id":"http:\/\/spazio-news.it\/?p=2712#primaryimage","url":"http:\/\/spazio-news.it\/wp-content\/uploads\/2018\/12\/TAP_A330neo_spazio-news.jpg","contentUrl":"http:\/\/spazio-news.it\/wp-content\/uploads\/2018\/12\/TAP_A330neo_spazio-news.jpg","width":800,"height":445,"caption":"TAP_A330neo_spazio-news"},{"@type":"BreadcrumbList","@id":"http:\/\/spazio-news.it\/?p=2712#breadcrumb","itemListElement":[{"@type":"ListItem","position":1,"name":"Home","item":"http:\/\/spazio-news.it\/"},{"@type":"ListItem","position":2,"name":"TAP AIR: NUOVI VOLI PER SAN FRANCISCO DALL\u2019ESTATE"}]},{"@type":"WebSite","@id":"http:\/\/spazio-news.it\/#website","url":"http:\/\/spazio-news.it\/","name":"Spazio-News Magazine","description":"La guida che sfida la complessit\u00e0 del mondo industriale","publisher":{"@id":"http:\/\/spazio-news.it\/#organization"},"alternateName":"Spazio-news.it","potentialAction":[{"@type":"SearchAction","target":{"@type":"EntryPoint","urlTemplate":"http:\/\/spazio-news.it\/?s={search_term_string}"},"query-input":{"@type":"PropertyValueSpecification","valueRequired":true,"valueName":"search_term_string"}}],"inLanguage":"it-IT"},{"@type":"Organization","@id":"http:\/\/spazio-news.it\/#organization","name":"Spazio-News Magazine","url":"http:\/\/spazio-news.it\/","logo":{"@type":"ImageObject","inLanguage":"it-IT","@id":"http:\/\/spazio-news.it\/#\/schema\/logo\/image\/","url":"http:\/\/spazio-news.it\/wp-content\/uploads\/2023\/09\/Logo-Spazio-News-512-x-512-NO-testo.jpg","contentUrl":"http:\/\/spazio-news.it\/wp-content\/uploads\/2023\/09\/Logo-Spazio-News-512-x-512-NO-testo.jpg","width":512,"height":512,"caption":"Spazio-News Magazine"},"image":{"@id":"http:\/\/spazio-news.it\/#\/schema\/logo\/image\/"},"sameAs":["https:\/\/m.facebook.com\/spazio-news-magazine","https:\/\/x.com\/News_spazio"]},{"@type":"Person","@id":"http:\/\/spazio-news.it\/#\/schema\/person\/c600904e882e9e166ed8e5e3773d37b3","name":"Redazione","sameAs":["http:\/\/spazio-news.it","@SpazioNewsMagazine","https:\/\/x.com\/@news_spazio"],"url":"http:\/\/spazio-news.it\/?author=1"}]}},"_links":{"self":[{"href":"http:\/\/spazio-news.it\/index.php?rest_route=\/wp\/v2\/posts\/2712","targetHints":{"allow":["GET"]}}],"collection":[{"href":"http:\/\/spazio-news.it\/index.php?rest_route=\/wp\/v2\/posts"}],"about":[{"href":"http:\/\/spazio-news.it\/index.php?rest_route=\/wp\/v2\/types\/post"}],"author":[{"embeddable":true,"href":"http:\/\/spazio-news.it\/index.php?rest_route=\/wp\/v2\/users\/1"}],"replies":[{"embeddable":true,"href":"http:\/\/spazio-news.it\/index.php?rest_route=%2Fwp%2Fv2%2Fcomments&post=2712"}],"version-history":[{"count":2,"href":"http:\/\/spazio-news.it\/index.php?rest_route=\/wp\/v2\/posts\/2712\/revisions"}],"predecessor-version":[{"id":2715,"href":"http:\/\/spazio-news.it\/index.php?rest_route=\/wp\/v2\/posts\/2712\/revisions\/2715"}],"wp:featuredmedia":[{"embeddable":true,"href":"http:\/\/spazio-news.it\/index.php?rest_route=\/wp\/v2\/media\/2489"}],"wp:attachment":[{"href":"http:\/\/spazio-news.it\/index.php?rest_route=%2Fwp%2Fv2%2Fmedia&parent=2712"}],"wp:term":[{"taxonomy":"category","embeddable":true,"href":"http:\/\/spazio-news.it\/index.php?rest_route=%2Fwp%2Fv2%2Fcategories&post=2712"},{"taxonomy":"post_tag","embeddable":true,"href":"http:\/\/spazio-news.it\/index.php?rest_route=%2Fwp%2Fv2%2Ftags&post=2712"}],"curies":[{"name":"wp","href":"https:\/\/api.w.org\/{rel}","templated":true}]}}