{"id":2729,"date":"2018-12-19T08:44:48","date_gmt":"2018-12-19T07:44:48","guid":{"rendered":"http:\/\/spazio-news.it\/?p=2729"},"modified":"2018-12-19T19:17:19","modified_gmt":"2018-12-19T18:17:19","slug":"aeroporto-di-venezia-presentato-progetto-di-ampliamento","status":"publish","type":"post","link":"http:\/\/spazio-news.it\/?p=2729","title":{"rendered":"AEROPORTO DI VENEZIA: VIA A PROGETTO DI AMPLIAMENTO"},"content":{"rendered":"\n<p>L\u2019<strong>Aeroporto di Venezia<\/strong> ha presentato il progetto del nuovo ampliamento del terminal passeggeri area Schengen, che ha ricevuto l\u2019approvazione dell\u2019<a rel=\"noreferrer noopener\" label=\"L\u2019Aeroporto di Venezia ha presentato il progetto del nuovo ampliamento del terminal passeggeri area Schengen, che ha ricevuto l\u2019approvazione dell\u2019ENAC. L\u2019intervento, dal costo complessivo di circa 350 milioni di euro, si svilupper\u00e0 sul lato nord dell\u2019attuale terminal per una superficie lorda totale di oltre 59.000 mq. L\u2019opera sar\u00e0 parzialmente finanziata con 150 milioni di euro dalla Banca Europea per gli Investimenti. \n\u201cCon la presentazione odierna si chiude un anno importante per l\u2019aeroporto di Venezia, caratterizzato da un forte incremento del traffico, che a fine dicembre superer\u00e0 11milioni di passeggeri, e dalla continuit\u00e0 progettuale ed esecutiva che da anni contraddistingue il nostro scalo \u2013 ha dichiarato Enrico Marchi, Presidente di SAVE \u2013. L\u2019approvazione da parte di ENAC del progetto esecutivo del nuovo ampliamento del terminal ci ha permesso di procedere con la gara di affidamento dei lavori. Nel contempo, il finanziamento da parte della Banca Europea per gli Investimenti, nel riconoscere l\u2019eligibilit\u00e0 dei nostri progetti, conferma il ruolo dell\u2019Aeroporto di Venezia quale infrastruttura di riferimento per la mobilit\u00e0 e lo sviluppo economico-sociale del territorio\u201d. \n I lavori saranno suddivisi in tre fasi che per alcuni periodi si intersecheranno: la prima fase inizier\u00e0 a maggio 2019 e terminer\u00e0 ad aprile 2021; la seconda fase partir\u00e0 a maggio 2019 e finir\u00e0 ad aprile 2023; la terza fase sar\u00e0 avviata a marzo 2023 e si concluder\u00e0 a maggio 2025. L\u2019opera verr\u00e0 progressivamente aperta al pubblico con rilasci parziali coincidenti con il completamento di ogni singola fase. I principali interventi riguardano: nuova sala imbarchi remoti Schengen; ampliamento del corridoio arrivi Schengen al piano mezzanino; nuovo impianto di smistamento bagagli (BHS); ampliamento della hall partenze landside e check-in; realizzazione della nuova zona security; ampliamento della sala imbarchi Schengen; realizzazione di 5 nuovi pontili di imbarco a servizio dei voli Schengen; realizzazione di nuovi locali impianti al piano secondo; realizzazione di un fabbricato esterno a nord destinato alla logistica per l\u2019approvvigionamento delle merci e la gestione dei rifiuti; nuovo livello interrato destinato a funzioni tecniche di supporto all\u2019attivit\u00e0 aeroportuale. \n\u201cSi tratta di un ulteriore potenziamento di uno dei pi\u00f9 importanti scali d\u2019Italia \u2013 ha commentato il Direttore Generale dell\u2019ENAC Alessio Quaranta \u2013. Il progetto si inserisce nella visione di sviluppo della competitivit\u00e0 dei nostri aeroporti. Contribuir\u00e0 a incrementare la capacit\u00e0 operativa del terminal e a innalzare gli standard qualitativi dei servizi offerti sia ai passeggeri, sia agli operatori, secondo le migliori pratiche internazionali. Nello svolgimento del suo ruolo istituzionale, l\u2019ENAC vigila sull\u2019esecuzione degli interventi e affianca i gestori nella progettazione verificando che le opere rispondano pienamente ai requisiti di sicurezza aeronautica e, al contempo, offrano ai passeggeri un ambiente confortevole e pregevole sotto il profilo architettonico\u201d.  (si apre in una nuova scheda)\" href=\"http:\/\/www.enac.gov.it\" target=\"_blank\">ENAC<\/a>. L\u2019intervento, dal costo complessivo di circa <strong>350 milioni di euro<\/strong>, si svilupper\u00e0 sul lato nord dell\u2019attuale terminal per una superficie lorda totale di oltre 59.000 mq. L\u2019opera sar\u00e0 parzialmente finanziata con 150 milioni di euro dalla <strong>Banca Europea per gli Investimenti<\/strong>. <br><br><em>\u201cCon la presentazione odierna si chiude un anno importante per l\u2019aeroporto di Venezia, caratterizzato da un forte incremento del traffico, che a fine dicembre superer\u00e0 11milioni di passeggeri, e dalla continuit\u00e0 progettuale ed esecutiva che da anni contraddistingue il nostro scalo<\/em> \u2013 ha dichiarato <strong>Enrico Marchi<\/strong>, Presidente di SAVE \u2013. <em>L\u2019approvazione da parte di ENAC del progetto esecutivo del nuovo ampliamento del terminal ci ha permesso di procedere con la gara di affidamento dei lavori. Nel contempo, il finanziamento da parte della Banca Europea per gli Investimenti, nel riconoscere l\u2019eligibilit\u00e0 dei nostri progetti, conferma il ruolo dell\u2019Aeroporto di Venezia quale infrastruttura di riferimento per la mobilit\u00e0 e lo sviluppo economico-sociale del territorio\u201d<\/em>. <br><br> I lavori saranno suddivisi in tre fasi che per alcuni periodi si intersecheranno: la prima fase inizier\u00e0 a maggio 2019 e terminer\u00e0 ad aprile 2021; la seconda fase partir\u00e0 a maggio 2019 e finir\u00e0 ad aprile 2023; la terza fase sar\u00e0 avviata a marzo 2023 e si concluder\u00e0 a maggio 2025. L\u2019opera verr\u00e0 progressivamente aperta al pubblico con rilasci parziali coincidenti con il completamento di ogni singola fase. I principali interventi riguardano: nuova sala imbarchi remoti Schengen; ampliamento del corridoio arrivi Schengen al piano mezzanino; nuovo impianto di smistamento bagagli (BHS); ampliamento della hall partenze landside e check-in; realizzazione della nuova zona security; ampliamento della sala imbarchi Schengen; realizzazione di 5 nuovi pontili di imbarco a servizio dei voli Schengen; realizzazione di nuovi locali impianti al piano secondo; realizzazione di un fabbricato esterno a nord destinato alla logistica per l\u2019approvvigionamento delle merci e la gestione dei rifiuti; nuovo livello interrato destinato a funzioni tecniche di supporto all\u2019attivit\u00e0 aeroportuale. <br><br><em>\u201cSi tratta di un ulteriore potenziamento di uno dei pi\u00f9 importanti scali d\u2019Italia<\/em> \u2013 ha commentato il Direttore Generale dell\u2019ENAC <strong>Alessio Quaranta<\/strong> \u2013. <em>Il progetto si inserisce nella visione di sviluppo della competitivit\u00e0 dei nostri aeroporti. Contribuir\u00e0 a incrementare la capacit\u00e0 operativa del terminal e a innalzare gli standard qualitativi dei servizi offerti sia ai passeggeri, sia agli operatori, secondo le migliori pratiche internazionali. Nello svolgimento del suo ruolo istituzionale, l\u2019ENAC vigila sull\u2019esecuzione degli interventi e affianca i gestori nella progettazione verificando che le opere rispondano pienamente ai requisiti di sicurezza aeronautica e, al contempo, offrano ai passeggeri un ambiente confortevole e pregevole sotto il profilo architettonico\u201d<\/em>. <\/p>\n","protected":false},"excerpt":{"rendered":"<p>L\u2019Aeroporto di Venezia ha presentato il progetto del nuovo ampliamento del terminal passeggeri area Schengen, che ha ricevuto l\u2019approvazione dell\u2019ENAC.<\/p>\n","protected":false},"author":1,"featured_media":2730,"comment_status":"closed","ping_status":"open","sticky":false,"template":"","format":"standard","meta":{"colormag_page_container_layout":"default_layout","colormag_page_sidebar_layout":"default_layout","footnotes":""},"categories":[32,3],"tags":[1058,923,1582,1759,1758],"class_list":["post-2729","post","type-post","status-publish","format-standard","has-post-thumbnail","hentry","category-prima-pagina","category-industria","tag-aeroporto-di-venezia","tag-alessio-quaranta","tag-banca-europea-per-gli-investimenti-bei","tag-enrico-marchi","tag-save"],"yoast_head":"<!-- This site is optimized with the Yoast SEO plugin v26.8 - https:\/\/yoast.com\/product\/yoast-seo-wordpress\/ -->\n<title>AEROPORTO DI VENEZIA: VIA A PROGETTO DI AMPLIAMENTO &#187; Spazio-News Magazine<\/title>\n<meta name=\"description\" content=\"All&#039;Aeroporto di Venezia resentato progetto di ampliamento del terminal passeggeri area Schengen, che ha ricevuto l\u2019approvazione dell\u2019ENAC\" \/>\n<meta name=\"robots\" content=\"index, follow, max-snippet:-1, max-image-preview:large, max-video-preview:-1\" \/>\n<link rel=\"canonical\" href=\"http:\/\/spazio-news.it\/?p=2729\" \/>\n<meta property=\"og:locale\" content=\"it_IT\" \/>\n<meta property=\"og:type\" content=\"article\" \/>\n<meta property=\"og:title\" content=\"AEROPORTO DI VENEZIA: VIA A PROGETTO DI AMPLIAMENTO &#187; Spazio-News Magazine\" \/>\n<meta property=\"og:description\" content=\"All&#039;Aeroporto di Venezia resentato progetto di ampliamento del terminal passeggeri area Schengen, che ha ricevuto l\u2019approvazione dell\u2019ENAC\" \/>\n<meta property=\"og:url\" content=\"http:\/\/spazio-news.it\/?p=2729\" \/>\n<meta property=\"og:site_name\" content=\"Spazio-News Magazine\" \/>\n<meta property=\"article:publisher\" content=\"https:\/\/m.facebook.com\/spazio-news-magazine\" \/>\n<meta property=\"article:author\" content=\"@SpazioNewsMagazine\" \/>\n<meta property=\"article:published_time\" content=\"2018-12-19T07:44:48+00:00\" \/>\n<meta property=\"article:modified_time\" content=\"2018-12-19T18:17:19+00:00\" \/>\n<meta property=\"og:image\" content=\"http:\/\/spazio-news.it\/wp-content\/uploads\/2018\/12\/Aeroporto_Venezia_spazio-news-e1547902751579.jpg\" \/>\n\t<meta property=\"og:image:width\" content=\"800\" \/>\n\t<meta property=\"og:image:height\" content=\"446\" \/>\n\t<meta property=\"og:image:type\" content=\"image\/jpeg\" \/>\n<meta name=\"author\" content=\"Redazione\" \/>\n<meta name=\"twitter:card\" content=\"summary_large_image\" \/>\n<meta name=\"twitter:creator\" content=\"@news_spazio\" \/>\n<meta name=\"twitter:site\" content=\"@News_spazio\" \/>\n<meta name=\"twitter:label1\" content=\"Scritto da\" \/>\n\t<meta name=\"twitter:data1\" content=\"Redazione\" \/>\n\t<meta name=\"twitter:label2\" content=\"Tempo di lettura stimato\" \/>\n\t<meta name=\"twitter:data2\" content=\"2 minuti\" \/>\n<script type=\"application\/ld+json\" class=\"yoast-schema-graph\">{\"@context\":\"https:\/\/schema.org\",\"@graph\":[{\"@type\":\"NewsArticle\",\"@id\":\"http:\/\/spazio-news.it\/?p=2729#article\",\"isPartOf\":{\"@id\":\"http:\/\/spazio-news.it\/?p=2729\"},\"author\":{\"name\":\"Redazione\",\"@id\":\"http:\/\/spazio-news.it\/#\/schema\/person\/c600904e882e9e166ed8e5e3773d37b3\"},\"headline\":\"AEROPORTO DI VENEZIA: VIA A PROGETTO DI AMPLIAMENTO\",\"datePublished\":\"2018-12-19T07:44:48+00:00\",\"dateModified\":\"2018-12-19T18:17:19+00:00\",\"mainEntityOfPage\":{\"@id\":\"http:\/\/spazio-news.it\/?p=2729\"},\"wordCount\":449,\"publisher\":{\"@id\":\"http:\/\/spazio-news.it\/#organization\"},\"image\":{\"@id\":\"http:\/\/spazio-news.it\/?p=2729#primaryimage\"},\"thumbnailUrl\":\"http:\/\/spazio-news.it\/wp-content\/uploads\/2018\/12\/Aeroporto_Venezia_spazio-news-e1547902751579.jpg\",\"keywords\":[\"Aeroporto di Venezia\",\"Alessio Quaranta\",\"Banca Europea per gli Investimenti - BEI\",\"Enrico Marchi\",\"SAVE\"],\"articleSection\":[\"01 - PRIMA PAGINA\",\"02 - INDUSTRIA\"],\"inLanguage\":\"it-IT\"},{\"@type\":\"WebPage\",\"@id\":\"http:\/\/spazio-news.it\/?p=2729\",\"url\":\"http:\/\/spazio-news.it\/?p=2729\",\"name\":\"AEROPORTO DI VENEZIA: VIA A PROGETTO DI AMPLIAMENTO &#187; Spazio-News Magazine\",\"isPartOf\":{\"@id\":\"http:\/\/spazio-news.it\/#website\"},\"primaryImageOfPage\":{\"@id\":\"http:\/\/spazio-news.it\/?p=2729#primaryimage\"},\"image\":{\"@id\":\"http:\/\/spazio-news.it\/?p=2729#primaryimage\"},\"thumbnailUrl\":\"http:\/\/spazio-news.it\/wp-content\/uploads\/2018\/12\/Aeroporto_Venezia_spazio-news-e1547902751579.jpg\",\"datePublished\":\"2018-12-19T07:44:48+00:00\",\"dateModified\":\"2018-12-19T18:17:19+00:00\",\"description\":\"All'Aeroporto di Venezia resentato progetto di ampliamento del terminal passeggeri area Schengen, che ha ricevuto l\u2019approvazione dell\u2019ENAC\",\"breadcrumb\":{\"@id\":\"http:\/\/spazio-news.it\/?p=2729#breadcrumb\"},\"inLanguage\":\"it-IT\",\"potentialAction\":[{\"@type\":\"ReadAction\",\"target\":[\"http:\/\/spazio-news.it\/?p=2729\"]}]},{\"@type\":\"ImageObject\",\"inLanguage\":\"it-IT\",\"@id\":\"http:\/\/spazio-news.it\/?p=2729#primaryimage\",\"url\":\"http:\/\/spazio-news.it\/wp-content\/uploads\/2018\/12\/Aeroporto_Venezia_spazio-news-e1547902751579.jpg\",\"contentUrl\":\"http:\/\/spazio-news.it\/wp-content\/uploads\/2018\/12\/Aeroporto_Venezia_spazio-news-e1547902751579.jpg\",\"width\":800,\"height\":446,\"caption\":\"Aeroporto_Venezia_spazio-news\"},{\"@type\":\"BreadcrumbList\",\"@id\":\"http:\/\/spazio-news.it\/?p=2729#breadcrumb\",\"itemListElement\":[{\"@type\":\"ListItem\",\"position\":1,\"name\":\"Home\",\"item\":\"http:\/\/spazio-news.it\/\"},{\"@type\":\"ListItem\",\"position\":2,\"name\":\"AEROPORTO DI VENEZIA: VIA A PROGETTO DI AMPLIAMENTO\"}]},{\"@type\":\"WebSite\",\"@id\":\"http:\/\/spazio-news.it\/#website\",\"url\":\"http:\/\/spazio-news.it\/\",\"name\":\"Spazio-News Magazine\",\"description\":\"La guida che sfida la complessit\u00e0 del mondo industriale\",\"publisher\":{\"@id\":\"http:\/\/spazio-news.it\/#organization\"},\"alternateName\":\"Spazio-news.it\",\"potentialAction\":[{\"@type\":\"SearchAction\",\"target\":{\"@type\":\"EntryPoint\",\"urlTemplate\":\"http:\/\/spazio-news.it\/?s={search_term_string}\"},\"query-input\":{\"@type\":\"PropertyValueSpecification\",\"valueRequired\":true,\"valueName\":\"search_term_string\"}}],\"inLanguage\":\"it-IT\"},{\"@type\":\"Organization\",\"@id\":\"http:\/\/spazio-news.it\/#organization\",\"name\":\"Spazio-News Magazine\",\"url\":\"http:\/\/spazio-news.it\/\",\"logo\":{\"@type\":\"ImageObject\",\"inLanguage\":\"it-IT\",\"@id\":\"http:\/\/spazio-news.it\/#\/schema\/logo\/image\/\",\"url\":\"http:\/\/spazio-news.it\/wp-content\/uploads\/2023\/09\/Logo-Spazio-News-512-x-512-NO-testo.jpg\",\"contentUrl\":\"http:\/\/spazio-news.it\/wp-content\/uploads\/2023\/09\/Logo-Spazio-News-512-x-512-NO-testo.jpg\",\"width\":512,\"height\":512,\"caption\":\"Spazio-News Magazine\"},\"image\":{\"@id\":\"http:\/\/spazio-news.it\/#\/schema\/logo\/image\/\"},\"sameAs\":[\"https:\/\/m.facebook.com\/spazio-news-magazine\",\"https:\/\/x.com\/News_spazio\"]},{\"@type\":\"Person\",\"@id\":\"http:\/\/spazio-news.it\/#\/schema\/person\/c600904e882e9e166ed8e5e3773d37b3\",\"name\":\"Redazione\",\"sameAs\":[\"http:\/\/spazio-news.it\",\"@SpazioNewsMagazine\",\"https:\/\/x.com\/@news_spazio\"],\"url\":\"http:\/\/spazio-news.it\/?author=1\"}]}<\/script>\n<!-- \/ Yoast SEO plugin. -->","yoast_head_json":{"title":"AEROPORTO DI VENEZIA: VIA A PROGETTO DI AMPLIAMENTO &#187; Spazio-News Magazine","description":"All'Aeroporto di Venezia resentato progetto di ampliamento del terminal passeggeri area Schengen, che ha ricevuto l\u2019approvazione dell\u2019ENAC","robots":{"index":"index","follow":"follow","max-snippet":"max-snippet:-1","max-image-preview":"max-image-preview:large","max-video-preview":"max-video-preview:-1"},"canonical":"http:\/\/spazio-news.it\/?p=2729","og_locale":"it_IT","og_type":"article","og_title":"AEROPORTO DI VENEZIA: VIA A PROGETTO DI AMPLIAMENTO &#187; Spazio-News Magazine","og_description":"All'Aeroporto di Venezia resentato progetto di ampliamento del terminal passeggeri area Schengen, che ha ricevuto l\u2019approvazione dell\u2019ENAC","og_url":"http:\/\/spazio-news.it\/?p=2729","og_site_name":"Spazio-News Magazine","article_publisher":"https:\/\/m.facebook.com\/spazio-news-magazine","article_author":"@SpazioNewsMagazine","article_published_time":"2018-12-19T07:44:48+00:00","article_modified_time":"2018-12-19T18:17:19+00:00","og_image":[{"width":800,"height":446,"url":"http:\/\/spazio-news.it\/wp-content\/uploads\/2018\/12\/Aeroporto_Venezia_spazio-news-e1547902751579.jpg","type":"image\/jpeg"}],"author":"Redazione","twitter_card":"summary_large_image","twitter_creator":"@news_spazio","twitter_site":"@News_spazio","twitter_misc":{"Scritto da":"Redazione","Tempo di lettura stimato":"2 minuti"},"schema":{"@context":"https:\/\/schema.org","@graph":[{"@type":"NewsArticle","@id":"http:\/\/spazio-news.it\/?p=2729#article","isPartOf":{"@id":"http:\/\/spazio-news.it\/?p=2729"},"author":{"name":"Redazione","@id":"http:\/\/spazio-news.it\/#\/schema\/person\/c600904e882e9e166ed8e5e3773d37b3"},"headline":"AEROPORTO DI VENEZIA: VIA A PROGETTO DI AMPLIAMENTO","datePublished":"2018-12-19T07:44:48+00:00","dateModified":"2018-12-19T18:17:19+00:00","mainEntityOfPage":{"@id":"http:\/\/spazio-news.it\/?p=2729"},"wordCount":449,"publisher":{"@id":"http:\/\/spazio-news.it\/#organization"},"image":{"@id":"http:\/\/spazio-news.it\/?p=2729#primaryimage"},"thumbnailUrl":"http:\/\/spazio-news.it\/wp-content\/uploads\/2018\/12\/Aeroporto_Venezia_spazio-news-e1547902751579.jpg","keywords":["Aeroporto di Venezia","Alessio Quaranta","Banca Europea per gli Investimenti - BEI","Enrico Marchi","SAVE"],"articleSection":["01 - PRIMA PAGINA","02 - INDUSTRIA"],"inLanguage":"it-IT"},{"@type":"WebPage","@id":"http:\/\/spazio-news.it\/?p=2729","url":"http:\/\/spazio-news.it\/?p=2729","name":"AEROPORTO DI VENEZIA: VIA A PROGETTO DI AMPLIAMENTO &#187; Spazio-News Magazine","isPartOf":{"@id":"http:\/\/spazio-news.it\/#website"},"primaryImageOfPage":{"@id":"http:\/\/spazio-news.it\/?p=2729#primaryimage"},"image":{"@id":"http:\/\/spazio-news.it\/?p=2729#primaryimage"},"thumbnailUrl":"http:\/\/spazio-news.it\/wp-content\/uploads\/2018\/12\/Aeroporto_Venezia_spazio-news-e1547902751579.jpg","datePublished":"2018-12-19T07:44:48+00:00","dateModified":"2018-12-19T18:17:19+00:00","description":"All'Aeroporto di Venezia resentato progetto di ampliamento del terminal passeggeri area Schengen, che ha ricevuto l\u2019approvazione dell\u2019ENAC","breadcrumb":{"@id":"http:\/\/spazio-news.it\/?p=2729#breadcrumb"},"inLanguage":"it-IT","potentialAction":[{"@type":"ReadAction","target":["http:\/\/spazio-news.it\/?p=2729"]}]},{"@type":"ImageObject","inLanguage":"it-IT","@id":"http:\/\/spazio-news.it\/?p=2729#primaryimage","url":"http:\/\/spazio-news.it\/wp-content\/uploads\/2018\/12\/Aeroporto_Venezia_spazio-news-e1547902751579.jpg","contentUrl":"http:\/\/spazio-news.it\/wp-content\/uploads\/2018\/12\/Aeroporto_Venezia_spazio-news-e1547902751579.jpg","width":800,"height":446,"caption":"Aeroporto_Venezia_spazio-news"},{"@type":"BreadcrumbList","@id":"http:\/\/spazio-news.it\/?p=2729#breadcrumb","itemListElement":[{"@type":"ListItem","position":1,"name":"Home","item":"http:\/\/spazio-news.it\/"},{"@type":"ListItem","position":2,"name":"AEROPORTO DI VENEZIA: VIA A PROGETTO DI AMPLIAMENTO"}]},{"@type":"WebSite","@id":"http:\/\/spazio-news.it\/#website","url":"http:\/\/spazio-news.it\/","name":"Spazio-News Magazine","description":"La guida che sfida la complessit\u00e0 del mondo industriale","publisher":{"@id":"http:\/\/spazio-news.it\/#organization"},"alternateName":"Spazio-news.it","potentialAction":[{"@type":"SearchAction","target":{"@type":"EntryPoint","urlTemplate":"http:\/\/spazio-news.it\/?s={search_term_string}"},"query-input":{"@type":"PropertyValueSpecification","valueRequired":true,"valueName":"search_term_string"}}],"inLanguage":"it-IT"},{"@type":"Organization","@id":"http:\/\/spazio-news.it\/#organization","name":"Spazio-News Magazine","url":"http:\/\/spazio-news.it\/","logo":{"@type":"ImageObject","inLanguage":"it-IT","@id":"http:\/\/spazio-news.it\/#\/schema\/logo\/image\/","url":"http:\/\/spazio-news.it\/wp-content\/uploads\/2023\/09\/Logo-Spazio-News-512-x-512-NO-testo.jpg","contentUrl":"http:\/\/spazio-news.it\/wp-content\/uploads\/2023\/09\/Logo-Spazio-News-512-x-512-NO-testo.jpg","width":512,"height":512,"caption":"Spazio-News Magazine"},"image":{"@id":"http:\/\/spazio-news.it\/#\/schema\/logo\/image\/"},"sameAs":["https:\/\/m.facebook.com\/spazio-news-magazine","https:\/\/x.com\/News_spazio"]},{"@type":"Person","@id":"http:\/\/spazio-news.it\/#\/schema\/person\/c600904e882e9e166ed8e5e3773d37b3","name":"Redazione","sameAs":["http:\/\/spazio-news.it","@SpazioNewsMagazine","https:\/\/x.com\/@news_spazio"],"url":"http:\/\/spazio-news.it\/?author=1"}]}},"_links":{"self":[{"href":"http:\/\/spazio-news.it\/index.php?rest_route=\/wp\/v2\/posts\/2729","targetHints":{"allow":["GET"]}}],"collection":[{"href":"http:\/\/spazio-news.it\/index.php?rest_route=\/wp\/v2\/posts"}],"about":[{"href":"http:\/\/spazio-news.it\/index.php?rest_route=\/wp\/v2\/types\/post"}],"author":[{"embeddable":true,"href":"http:\/\/spazio-news.it\/index.php?rest_route=\/wp\/v2\/users\/1"}],"replies":[{"embeddable":true,"href":"http:\/\/spazio-news.it\/index.php?rest_route=%2Fwp%2Fv2%2Fcomments&post=2729"}],"version-history":[{"count":3,"href":"http:\/\/spazio-news.it\/index.php?rest_route=\/wp\/v2\/posts\/2729\/revisions"}],"predecessor-version":[{"id":2768,"href":"http:\/\/spazio-news.it\/index.php?rest_route=\/wp\/v2\/posts\/2729\/revisions\/2768"}],"wp:featuredmedia":[{"embeddable":true,"href":"http:\/\/spazio-news.it\/index.php?rest_route=\/wp\/v2\/media\/2730"}],"wp:attachment":[{"href":"http:\/\/spazio-news.it\/index.php?rest_route=%2Fwp%2Fv2%2Fmedia&parent=2729"}],"wp:term":[{"taxonomy":"category","embeddable":true,"href":"http:\/\/spazio-news.it\/index.php?rest_route=%2Fwp%2Fv2%2Fcategories&post=2729"},{"taxonomy":"post_tag","embeddable":true,"href":"http:\/\/spazio-news.it\/index.php?rest_route=%2Fwp%2Fv2%2Ftags&post=2729"}],"curies":[{"name":"wp","href":"https:\/\/api.w.org\/{rel}","templated":true}]}}