{"id":2900,"date":"2019-01-15T12:25:14","date_gmt":"2019-01-15T11:25:14","guid":{"rendered":"http:\/\/spazio-news.it\/?p=2900"},"modified":"2026-01-29T19:41:43","modified_gmt":"2026-01-29T18:41:43","slug":"wizz-air-nuova-rotta-da-milano-a-ohrid","status":"publish","type":"post","link":"http:\/\/spazio-news.it\/?p=2900","title":{"rendered":"WIZZ AIR: NUOVA ROTTA DA MILANO A OHRID"},"content":{"rendered":"\n<p>Partir\u00e0 il 18 marzo il nuovo collegamento operato da <a rel=\"noreferrer noopener\" label=\"Wizz Air (si apre in una nuova scheda)\" href=\"https:\/\/www.wizzair.com\/it-it\" target=\"_blank\">Wizz Air<\/a> tra Milano Malpensa e Ohrid, in Macedonia, con due frequenze settimanali il marted\u00ec e il sabato (luned\u00ec e venerd\u00ec dal 1\u00b0 aprile).<br><strong>Ohrid<\/strong> \u00e8 una delle destinazioni pi\u00f9 visitate della Macedonia: si affaccia sul meraviglioso Lago di Ohrid, che collega l\u2019Albania alla Macedonia ed \u00e8 a solo un\u2019ora dalla Grecia. <br><br>La compagnia low cost offre attualmente un totale di 8 rotte verso 6 Paesi dall\u2019Aeroporto di Milano Malpensa. Con due voli settimanali, collega anche Milano a Skopje, la capitale macedone.<br><br><em>\u201cSiamo lieti di espandere il nostro network italiano collegando Milano con le pi\u00f9 belle citt\u00e0 del Mediterraneo<\/em> \u2013 ha dichiarato <strong>Andr\u00e1s Rad\u00f3<\/strong>, Corporate Communications Manager di Wizz Air \u2013. <em>La nostra nuova rotta adesso collega Milano Malpensa con Ohrid, in Macedonia, la meravigliosa citt\u00e0 affacciata sul lago al confine con l\u2019Albania. \u00c8 una meta perfetta per il weekend o anche per una viaggio pi\u00f9 lungo, con la sua atmosfera rilassante. Ci auguriamo che i nostri passeggeri apprezzino la visita di questa splendida citt\u00e0. Il nostro ospitale personale di bordo non vede l\u2019ora di accoglierli a bordo!\u201d.<\/em><\/p>\n","protected":false},"excerpt":{"rendered":"<p>Partir\u00e0 il 18 marzo il nuovo collegamento operato da Wizz Air tra Milano Malpensa e Ohrid, in Macedonia, con due<\/p>\n","protected":false},"author":1,"featured_media":1316,"comment_status":"closed","ping_status":"open","sticky":false,"template":"","format":"standard","meta":{"colormag_page_container_layout":"default_layout","colormag_page_sidebar_layout":"default_layout","footnotes":""},"categories":[32,3],"tags":[1839,1840,652,1512],"class_list":["post-2900","post","type-post","status-publish","format-standard","has-post-thumbnail","hentry","category-prima-pagina","category-industria","tag-aeroporto-di-milano-malpensa","tag-andras-rado","tag-low-cost","tag-wizz-air"],"yoast_head":"<!-- This site is optimized with the Yoast SEO plugin v26.8 - https:\/\/yoast.com\/product\/yoast-seo-wordpress\/ -->\n<title>WIZZ AIR: NUOVA ROTTA DA MILANO A OHRID &#187; Spazio-News Magazine<\/title>\n<meta name=\"description\" content=\"Attivo dal 18 marzo il nuovo collegamento operato da Wizz Air tra Milano Malpensa e Ohrid, in Macedonia due volte a settimana.\" \/>\n<meta name=\"robots\" content=\"index, follow, max-snippet:-1, max-image-preview:large, max-video-preview:-1\" \/>\n<link rel=\"canonical\" href=\"http:\/\/spazio-news.it\/?p=2900\" \/>\n<meta property=\"og:locale\" content=\"it_IT\" \/>\n<meta property=\"og:type\" content=\"article\" \/>\n<meta property=\"og:title\" content=\"WIZZ AIR: NUOVA ROTTA DA MILANO A OHRID &#187; Spazio-News Magazine\" \/>\n<meta property=\"og:description\" content=\"Attivo dal 18 marzo il nuovo collegamento operato da Wizz Air tra Milano Malpensa e Ohrid, in Macedonia due volte a settimana.\" \/>\n<meta property=\"og:url\" content=\"http:\/\/spazio-news.it\/?p=2900\" \/>\n<meta property=\"og:site_name\" content=\"Spazio-News Magazine\" \/>\n<meta property=\"article:publisher\" content=\"https:\/\/m.facebook.com\/spazio-news-magazine\" \/>\n<meta property=\"article:author\" content=\"@SpazioNewsMagazine\" \/>\n<meta property=\"article:published_time\" content=\"2019-01-15T11:25:14+00:00\" \/>\n<meta property=\"article:modified_time\" content=\"2026-01-29T18:41:43+00:00\" \/>\n<meta property=\"og:image\" content=\"http:\/\/spazio-news.it\/wp-content\/uploads\/2018\/10\/wizz-air-a321_Spazio-news.jpg\" \/>\n\t<meta property=\"og:image:width\" content=\"800\" \/>\n\t<meta property=\"og:image:height\" content=\"439\" \/>\n\t<meta property=\"og:image:type\" content=\"image\/jpeg\" \/>\n<meta name=\"author\" content=\"Redazione\" \/>\n<meta name=\"twitter:card\" content=\"summary_large_image\" \/>\n<meta name=\"twitter:creator\" content=\"@news_spazio\" \/>\n<meta name=\"twitter:site\" content=\"@News_spazio\" \/>\n<meta name=\"twitter:label1\" content=\"Scritto da\" \/>\n\t<meta name=\"twitter:data1\" content=\"Redazione\" \/>\n\t<meta name=\"twitter:label2\" content=\"Tempo di lettura stimato\" \/>\n\t<meta name=\"twitter:data2\" content=\"1 minuto\" \/>\n<script type=\"application\/ld+json\" class=\"yoast-schema-graph\">{\"@context\":\"https:\/\/schema.org\",\"@graph\":[{\"@type\":\"NewsArticle\",\"@id\":\"http:\/\/spazio-news.it\/?p=2900#article\",\"isPartOf\":{\"@id\":\"http:\/\/spazio-news.it\/?p=2900\"},\"author\":{\"name\":\"Redazione\",\"@id\":\"http:\/\/spazio-news.it\/#\/schema\/person\/c600904e882e9e166ed8e5e3773d37b3\"},\"headline\":\"WIZZ AIR: NUOVA ROTTA DA MILANO A OHRID\",\"datePublished\":\"2019-01-15T11:25:14+00:00\",\"dateModified\":\"2026-01-29T18:41:43+00:00\",\"mainEntityOfPage\":{\"@id\":\"http:\/\/spazio-news.it\/?p=2900\"},\"wordCount\":192,\"publisher\":{\"@id\":\"http:\/\/spazio-news.it\/#organization\"},\"image\":{\"@id\":\"http:\/\/spazio-news.it\/?p=2900#primaryimage\"},\"thumbnailUrl\":\"http:\/\/spazio-news.it\/wp-content\/uploads\/2018\/10\/wizz-air-a321_Spazio-news.jpg\",\"keywords\":[\"Aeroporto di Milano Malpensa\",\"Andr\u00e1s Rad\u00f3\",\"Low cost\",\"Wizz Air\"],\"articleSection\":[\"01 - PRIMA PAGINA\",\"02 - INDUSTRIA\"],\"inLanguage\":\"it-IT\"},{\"@type\":\"WebPage\",\"@id\":\"http:\/\/spazio-news.it\/?p=2900\",\"url\":\"http:\/\/spazio-news.it\/?p=2900\",\"name\":\"WIZZ AIR: NUOVA ROTTA DA MILANO A OHRID &#187; Spazio-News Magazine\",\"isPartOf\":{\"@id\":\"http:\/\/spazio-news.it\/#website\"},\"primaryImageOfPage\":{\"@id\":\"http:\/\/spazio-news.it\/?p=2900#primaryimage\"},\"image\":{\"@id\":\"http:\/\/spazio-news.it\/?p=2900#primaryimage\"},\"thumbnailUrl\":\"http:\/\/spazio-news.it\/wp-content\/uploads\/2018\/10\/wizz-air-a321_Spazio-news.jpg\",\"datePublished\":\"2019-01-15T11:25:14+00:00\",\"dateModified\":\"2026-01-29T18:41:43+00:00\",\"description\":\"Attivo dal 18 marzo il nuovo collegamento operato da Wizz Air tra Milano Malpensa e Ohrid, in Macedonia due volte a settimana.\",\"breadcrumb\":{\"@id\":\"http:\/\/spazio-news.it\/?p=2900#breadcrumb\"},\"inLanguage\":\"it-IT\",\"potentialAction\":[{\"@type\":\"ReadAction\",\"target\":[\"http:\/\/spazio-news.it\/?p=2900\"]}]},{\"@type\":\"ImageObject\",\"inLanguage\":\"it-IT\",\"@id\":\"http:\/\/spazio-news.it\/?p=2900#primaryimage\",\"url\":\"http:\/\/spazio-news.it\/wp-content\/uploads\/2018\/10\/wizz-air-a321_Spazio-news.jpg\",\"contentUrl\":\"http:\/\/spazio-news.it\/wp-content\/uploads\/2018\/10\/wizz-air-a321_Spazio-news.jpg\",\"width\":800,\"height\":439,\"caption\":\"wizz-air-a321_Spazio-news\"},{\"@type\":\"BreadcrumbList\",\"@id\":\"http:\/\/spazio-news.it\/?p=2900#breadcrumb\",\"itemListElement\":[{\"@type\":\"ListItem\",\"position\":1,\"name\":\"Home\",\"item\":\"http:\/\/spazio-news.it\/\"},{\"@type\":\"ListItem\",\"position\":2,\"name\":\"WIZZ AIR: NUOVA ROTTA DA MILANO A OHRID\"}]},{\"@type\":\"WebSite\",\"@id\":\"http:\/\/spazio-news.it\/#website\",\"url\":\"http:\/\/spazio-news.it\/\",\"name\":\"Spazio-News Magazine\",\"description\":\"La guida che sfida la complessit\u00e0 del mondo industriale\",\"publisher\":{\"@id\":\"http:\/\/spazio-news.it\/#organization\"},\"alternateName\":\"Spazio-news.it\",\"potentialAction\":[{\"@type\":\"SearchAction\",\"target\":{\"@type\":\"EntryPoint\",\"urlTemplate\":\"http:\/\/spazio-news.it\/?s={search_term_string}\"},\"query-input\":{\"@type\":\"PropertyValueSpecification\",\"valueRequired\":true,\"valueName\":\"search_term_string\"}}],\"inLanguage\":\"it-IT\"},{\"@type\":\"Organization\",\"@id\":\"http:\/\/spazio-news.it\/#organization\",\"name\":\"Spazio-News Magazine\",\"url\":\"http:\/\/spazio-news.it\/\",\"logo\":{\"@type\":\"ImageObject\",\"inLanguage\":\"it-IT\",\"@id\":\"http:\/\/spazio-news.it\/#\/schema\/logo\/image\/\",\"url\":\"http:\/\/spazio-news.it\/wp-content\/uploads\/2023\/09\/Logo-Spazio-News-512-x-512-NO-testo.jpg\",\"contentUrl\":\"http:\/\/spazio-news.it\/wp-content\/uploads\/2023\/09\/Logo-Spazio-News-512-x-512-NO-testo.jpg\",\"width\":512,\"height\":512,\"caption\":\"Spazio-News Magazine\"},\"image\":{\"@id\":\"http:\/\/spazio-news.it\/#\/schema\/logo\/image\/\"},\"sameAs\":[\"https:\/\/m.facebook.com\/spazio-news-magazine\",\"https:\/\/x.com\/News_spazio\"]},{\"@type\":\"Person\",\"@id\":\"http:\/\/spazio-news.it\/#\/schema\/person\/c600904e882e9e166ed8e5e3773d37b3\",\"name\":\"Redazione\",\"sameAs\":[\"http:\/\/spazio-news.it\",\"@SpazioNewsMagazine\",\"https:\/\/x.com\/@news_spazio\"],\"url\":\"http:\/\/spazio-news.it\/?author=1\"}]}<\/script>\n<!-- \/ Yoast SEO plugin. -->","yoast_head_json":{"title":"WIZZ AIR: NUOVA ROTTA DA MILANO A OHRID &#187; Spazio-News Magazine","description":"Attivo dal 18 marzo il nuovo collegamento operato da Wizz Air tra Milano Malpensa e Ohrid, in Macedonia due volte a settimana.","robots":{"index":"index","follow":"follow","max-snippet":"max-snippet:-1","max-image-preview":"max-image-preview:large","max-video-preview":"max-video-preview:-1"},"canonical":"http:\/\/spazio-news.it\/?p=2900","og_locale":"it_IT","og_type":"article","og_title":"WIZZ AIR: NUOVA ROTTA DA MILANO A OHRID &#187; Spazio-News Magazine","og_description":"Attivo dal 18 marzo il nuovo collegamento operato da Wizz Air tra Milano Malpensa e Ohrid, in Macedonia due volte a settimana.","og_url":"http:\/\/spazio-news.it\/?p=2900","og_site_name":"Spazio-News Magazine","article_publisher":"https:\/\/m.facebook.com\/spazio-news-magazine","article_author":"@SpazioNewsMagazine","article_published_time":"2019-01-15T11:25:14+00:00","article_modified_time":"2026-01-29T18:41:43+00:00","og_image":[{"width":800,"height":439,"url":"http:\/\/spazio-news.it\/wp-content\/uploads\/2018\/10\/wizz-air-a321_Spazio-news.jpg","type":"image\/jpeg"}],"author":"Redazione","twitter_card":"summary_large_image","twitter_creator":"@news_spazio","twitter_site":"@News_spazio","twitter_misc":{"Scritto da":"Redazione","Tempo di lettura stimato":"1 minuto"},"schema":{"@context":"https:\/\/schema.org","@graph":[{"@type":"NewsArticle","@id":"http:\/\/spazio-news.it\/?p=2900#article","isPartOf":{"@id":"http:\/\/spazio-news.it\/?p=2900"},"author":{"name":"Redazione","@id":"http:\/\/spazio-news.it\/#\/schema\/person\/c600904e882e9e166ed8e5e3773d37b3"},"headline":"WIZZ AIR: NUOVA ROTTA DA MILANO A OHRID","datePublished":"2019-01-15T11:25:14+00:00","dateModified":"2026-01-29T18:41:43+00:00","mainEntityOfPage":{"@id":"http:\/\/spazio-news.it\/?p=2900"},"wordCount":192,"publisher":{"@id":"http:\/\/spazio-news.it\/#organization"},"image":{"@id":"http:\/\/spazio-news.it\/?p=2900#primaryimage"},"thumbnailUrl":"http:\/\/spazio-news.it\/wp-content\/uploads\/2018\/10\/wizz-air-a321_Spazio-news.jpg","keywords":["Aeroporto di Milano Malpensa","Andr\u00e1s Rad\u00f3","Low cost","Wizz Air"],"articleSection":["01 - PRIMA PAGINA","02 - INDUSTRIA"],"inLanguage":"it-IT"},{"@type":"WebPage","@id":"http:\/\/spazio-news.it\/?p=2900","url":"http:\/\/spazio-news.it\/?p=2900","name":"WIZZ AIR: NUOVA ROTTA DA MILANO A OHRID &#187; Spazio-News Magazine","isPartOf":{"@id":"http:\/\/spazio-news.it\/#website"},"primaryImageOfPage":{"@id":"http:\/\/spazio-news.it\/?p=2900#primaryimage"},"image":{"@id":"http:\/\/spazio-news.it\/?p=2900#primaryimage"},"thumbnailUrl":"http:\/\/spazio-news.it\/wp-content\/uploads\/2018\/10\/wizz-air-a321_Spazio-news.jpg","datePublished":"2019-01-15T11:25:14+00:00","dateModified":"2026-01-29T18:41:43+00:00","description":"Attivo dal 18 marzo il nuovo collegamento operato da Wizz Air tra Milano Malpensa e Ohrid, in Macedonia due volte a settimana.","breadcrumb":{"@id":"http:\/\/spazio-news.it\/?p=2900#breadcrumb"},"inLanguage":"it-IT","potentialAction":[{"@type":"ReadAction","target":["http:\/\/spazio-news.it\/?p=2900"]}]},{"@type":"ImageObject","inLanguage":"it-IT","@id":"http:\/\/spazio-news.it\/?p=2900#primaryimage","url":"http:\/\/spazio-news.it\/wp-content\/uploads\/2018\/10\/wizz-air-a321_Spazio-news.jpg","contentUrl":"http:\/\/spazio-news.it\/wp-content\/uploads\/2018\/10\/wizz-air-a321_Spazio-news.jpg","width":800,"height":439,"caption":"wizz-air-a321_Spazio-news"},{"@type":"BreadcrumbList","@id":"http:\/\/spazio-news.it\/?p=2900#breadcrumb","itemListElement":[{"@type":"ListItem","position":1,"name":"Home","item":"http:\/\/spazio-news.it\/"},{"@type":"ListItem","position":2,"name":"WIZZ AIR: NUOVA ROTTA DA MILANO A OHRID"}]},{"@type":"WebSite","@id":"http:\/\/spazio-news.it\/#website","url":"http:\/\/spazio-news.it\/","name":"Spazio-News Magazine","description":"La guida che sfida la complessit\u00e0 del mondo industriale","publisher":{"@id":"http:\/\/spazio-news.it\/#organization"},"alternateName":"Spazio-news.it","potentialAction":[{"@type":"SearchAction","target":{"@type":"EntryPoint","urlTemplate":"http:\/\/spazio-news.it\/?s={search_term_string}"},"query-input":{"@type":"PropertyValueSpecification","valueRequired":true,"valueName":"search_term_string"}}],"inLanguage":"it-IT"},{"@type":"Organization","@id":"http:\/\/spazio-news.it\/#organization","name":"Spazio-News Magazine","url":"http:\/\/spazio-news.it\/","logo":{"@type":"ImageObject","inLanguage":"it-IT","@id":"http:\/\/spazio-news.it\/#\/schema\/logo\/image\/","url":"http:\/\/spazio-news.it\/wp-content\/uploads\/2023\/09\/Logo-Spazio-News-512-x-512-NO-testo.jpg","contentUrl":"http:\/\/spazio-news.it\/wp-content\/uploads\/2023\/09\/Logo-Spazio-News-512-x-512-NO-testo.jpg","width":512,"height":512,"caption":"Spazio-News Magazine"},"image":{"@id":"http:\/\/spazio-news.it\/#\/schema\/logo\/image\/"},"sameAs":["https:\/\/m.facebook.com\/spazio-news-magazine","https:\/\/x.com\/News_spazio"]},{"@type":"Person","@id":"http:\/\/spazio-news.it\/#\/schema\/person\/c600904e882e9e166ed8e5e3773d37b3","name":"Redazione","sameAs":["http:\/\/spazio-news.it","@SpazioNewsMagazine","https:\/\/x.com\/@news_spazio"],"url":"http:\/\/spazio-news.it\/?author=1"}]}},"_links":{"self":[{"href":"http:\/\/spazio-news.it\/index.php?rest_route=\/wp\/v2\/posts\/2900","targetHints":{"allow":["GET"]}}],"collection":[{"href":"http:\/\/spazio-news.it\/index.php?rest_route=\/wp\/v2\/posts"}],"about":[{"href":"http:\/\/spazio-news.it\/index.php?rest_route=\/wp\/v2\/types\/post"}],"author":[{"embeddable":true,"href":"http:\/\/spazio-news.it\/index.php?rest_route=\/wp\/v2\/users\/1"}],"replies":[{"embeddable":true,"href":"http:\/\/spazio-news.it\/index.php?rest_route=%2Fwp%2Fv2%2Fcomments&post=2900"}],"version-history":[{"count":2,"href":"http:\/\/spazio-news.it\/index.php?rest_route=\/wp\/v2\/posts\/2900\/revisions"}],"predecessor-version":[{"id":12502,"href":"http:\/\/spazio-news.it\/index.php?rest_route=\/wp\/v2\/posts\/2900\/revisions\/12502"}],"wp:featuredmedia":[{"embeddable":true,"href":"http:\/\/spazio-news.it\/index.php?rest_route=\/wp\/v2\/media\/1316"}],"wp:attachment":[{"href":"http:\/\/spazio-news.it\/index.php?rest_route=%2Fwp%2Fv2%2Fmedia&parent=2900"}],"wp:term":[{"taxonomy":"category","embeddable":true,"href":"http:\/\/spazio-news.it\/index.php?rest_route=%2Fwp%2Fv2%2Fcategories&post=2900"},{"taxonomy":"post_tag","embeddable":true,"href":"http:\/\/spazio-news.it\/index.php?rest_route=%2Fwp%2Fv2%2Ftags&post=2900"}],"curies":[{"name":"wp","href":"https:\/\/api.w.org\/{rel}","templated":true}]}}