{"id":2907,"date":"2019-01-16T04:06:53","date_gmt":"2019-01-16T03:06:53","guid":{"rendered":"http:\/\/spazio-news.it\/?p=2907"},"modified":"2026-01-29T19:49:53","modified_gmt":"2026-01-29T18:49:53","slug":"agenzia-industrie-difesa-al-cedecu-lexcellence-awards","status":"publish","type":"post","link":"http:\/\/spazio-news.it\/?p=2907","title":{"rendered":"AGENZIA INDUSTRIE DIFESA: AL CEDECU L\u2019EXCELLENCE AWARDS"},"content":{"rendered":"<p>Un riconoscimento che rappresenta un <em>\u201cchiaro segnale di attenzione del Dicastero verso le attuali esigenze di snellezza ed efficienza delle proprie procedure operative\u201d.<\/em><\/p>\n<p>Cos\u00ec il <strong>Ministro della Difesa<\/strong>,  Elisabetta Trenta, in occasione della cerimonia di conferimento dell\u2019<strong>Excellence Awards<\/strong> assegnato da <a href=\"https:\/\/www.certiquality.it\/\"> Certiquality<\/a> al <a href=\"https:\/\/www.agenziaindustriedifesa.it\/gaeta\/\"> Centro di Dematerializzazione e Conservazione Unico della Difesa &#8211; CEDECU<\/a> di Gaeta, che si \u00e8 svolta nella sala conferenze di <strong>Palazzo Guidoni<\/strong>, sede del  Segretariato Generale della Difesa e Direzione Nazionale degli Armamenti.<\/p>\n<p>Alla cerimonia hanno preso parte il S<strong>egretariato Generale della Difesa e Direttore Nazionale degli Armamenti<\/strong>, <strong>Generale Nicol\u00f2 Falsaperna<\/strong>, il <strong>Direttore Generale Agenzia Industrie Difesa &#8211; AID<\/strong>, <strong>Giancarlo Anselmino<\/strong>, e il <strong>Presidente di Certiquality<\/strong>, <strong>Cesare Puccioni<\/strong>.<\/p>\n<p>Il riconoscimento \u00e8 stato assegnato a soli <strong>tre anni dalla nascita del Centro<\/strong>, costituito con <strong>Decreto Ministeriale del 25 giugno 2015<\/strong>.<\/p>\n<p>Centro che, come ha sottolineato il <strong>Ministro Trenta<\/strong>, rappresenta un <em>\u201cprezioso modello di riferimento per future sinergie tra la Difesa, l\u2019Agenzia Industrie Difesa e l\u2019industria privata\u201d.<\/em><\/p>\n<p><em>\u201cGrazie ad un impegnativo percorso di riconversione industriale, ha contribuito in modo fattivo a quel cambiamento di approccio concettuale al mondo della Difesa necessario per poter disporre, in futuro, di una organizzazione pi\u00f9 efficace e pi\u00f9 efficiente e, pi\u00f9 in generale, al processo di modernizzazione del Paese\u201d<\/em> ha aggiunto.<\/p>\n<p>Sull\u2019importanza della <strong>dematerializzazione dei documenti<\/strong> si \u00e8 soffermato anche il <strong>Generale Falsaperna<\/strong>: <em>\u201cla digitalizzazione e conservazione digitale degli archivi dell\u2019Amministrazione della Difesa consente di ottimizzare i procedimenti ed essere pi\u00f9 vicini ai cittadini. Al contempo, permette di liberare spazi e infrastrutture che potranno essere destinati ad altr<\/em><\/p>\n","protected":false},"excerpt":{"rendered":"<p>Un riconoscimento che rappresenta un \u201cchiaro segnale di attenzione del Dicastero verso le attuali esigenze di snellezza ed efficienza delle<\/p>\n","protected":false},"author":1,"featured_media":2908,"comment_status":"closed","ping_status":"open","sticky":false,"template":"","format":"standard","meta":{"colormag_page_container_layout":"default_layout","colormag_page_sidebar_layout":"default_layout","footnotes":""},"categories":[32,4],"tags":[1843,1842,432,1841,1844,105],"class_list":["post-2907","post","type-post","status-publish","format-standard","has-post-thumbnail","hentry","category-prima-pagina","category-istituzioni","tag-centro-di-dematerializzazione-e-conservazione-unico-della-difesa-cedecu","tag-certiquality","tag-elisabetta-trenta","tag-excellence-awards","tag-gaeta","tag-ministero-della-difesa"],"yoast_head":"<!-- This site is optimized with the Yoast SEO plugin v26.8 - https:\/\/yoast.com\/product\/yoast-seo-wordpress\/ -->\n<title>AGENZIA INDUSTRIE DIFESA: AL CEDECU L\u2019EXCELLENCE AWARDS &#187; Spazio-News Magazine<\/title>\n<meta name=\"description\" content=\"Un riconoscimento che rappresenta un \u201cchiaro segnale di attenzione del Dicastero verso le attuali esigenze di snellezza ed efficienza\" \/>\n<meta name=\"robots\" content=\"index, follow, max-snippet:-1, max-image-preview:large, max-video-preview:-1\" \/>\n<link rel=\"canonical\" href=\"http:\/\/spazio-news.it\/?p=2907\" \/>\n<meta property=\"og:locale\" content=\"it_IT\" \/>\n<meta property=\"og:type\" content=\"article\" \/>\n<meta property=\"og:title\" content=\"AGENZIA INDUSTRIE DIFESA: AL CEDECU L\u2019EXCELLENCE AWARDS &#187; Spazio-News Magazine\" \/>\n<meta property=\"og:description\" content=\"Un riconoscimento che rappresenta un \u201cchiaro segnale di attenzione del Dicastero verso le attuali esigenze di snellezza ed efficienza\" \/>\n<meta property=\"og:url\" content=\"http:\/\/spazio-news.it\/?p=2907\" \/>\n<meta property=\"og:site_name\" content=\"Spazio-News Magazine\" \/>\n<meta property=\"article:publisher\" content=\"https:\/\/m.facebook.com\/spazio-news-magazine\" \/>\n<meta property=\"article:author\" content=\"@SpazioNewsMagazine\" \/>\n<meta property=\"article:published_time\" content=\"2019-01-16T03:06:53+00:00\" \/>\n<meta property=\"article:modified_time\" content=\"2026-01-29T18:49:53+00:00\" \/>\n<meta property=\"og:image\" content=\"http:\/\/spazio-news.it\/wp-content\/uploads\/2019\/01\/Ministro-della-Difesa-Elisabetta-Trenta-spazio-news.it_.png\" \/>\n\t<meta property=\"og:image:width\" content=\"800\" \/>\n\t<meta property=\"og:image:height\" content=\"446\" \/>\n\t<meta property=\"og:image:type\" content=\"image\/png\" \/>\n<meta name=\"author\" content=\"Redazione\" \/>\n<meta name=\"twitter:card\" content=\"summary_large_image\" \/>\n<meta name=\"twitter:creator\" content=\"@news_spazio\" \/>\n<meta name=\"twitter:site\" content=\"@News_spazio\" \/>\n<meta name=\"twitter:label1\" content=\"Scritto da\" \/>\n\t<meta name=\"twitter:data1\" content=\"Redazione\" \/>\n\t<meta name=\"twitter:label2\" content=\"Tempo di lettura stimato\" \/>\n\t<meta name=\"twitter:data2\" content=\"1 minuto\" \/>\n<script type=\"application\/ld+json\" class=\"yoast-schema-graph\">{\"@context\":\"https:\/\/schema.org\",\"@graph\":[{\"@type\":\"NewsArticle\",\"@id\":\"http:\/\/spazio-news.it\/?p=2907#article\",\"isPartOf\":{\"@id\":\"http:\/\/spazio-news.it\/?p=2907\"},\"author\":{\"name\":\"Redazione\",\"@id\":\"http:\/\/spazio-news.it\/#\/schema\/person\/c600904e882e9e166ed8e5e3773d37b3\"},\"headline\":\"AGENZIA INDUSTRIE DIFESA: AL CEDECU L\u2019EXCELLENCE AWARDS\",\"datePublished\":\"2019-01-16T03:06:53+00:00\",\"dateModified\":\"2026-01-29T18:49:53+00:00\",\"mainEntityOfPage\":{\"@id\":\"http:\/\/spazio-news.it\/?p=2907\"},\"wordCount\":261,\"publisher\":{\"@id\":\"http:\/\/spazio-news.it\/#organization\"},\"image\":{\"@id\":\"http:\/\/spazio-news.it\/?p=2907#primaryimage\"},\"thumbnailUrl\":\"http:\/\/spazio-news.it\/wp-content\/uploads\/2019\/01\/Ministro-della-Difesa-Elisabetta-Trenta-spazio-news.it_.png\",\"keywords\":[\"Centro di Dematerializzazione e Conservazione Unico della Difesa - CEDECU\",\"Certiquality\",\"Elisabetta Trenta\",\"Excellence Awards\",\"Gaeta\",\"Ministero della Difesa\"],\"articleSection\":[\"01 - PRIMA PAGINA\",\"03 - ISTITUZIONI\"],\"inLanguage\":\"it-IT\"},{\"@type\":\"WebPage\",\"@id\":\"http:\/\/spazio-news.it\/?p=2907\",\"url\":\"http:\/\/spazio-news.it\/?p=2907\",\"name\":\"AGENZIA INDUSTRIE DIFESA: AL CEDECU L\u2019EXCELLENCE AWARDS &#187; Spazio-News Magazine\",\"isPartOf\":{\"@id\":\"http:\/\/spazio-news.it\/#website\"},\"primaryImageOfPage\":{\"@id\":\"http:\/\/spazio-news.it\/?p=2907#primaryimage\"},\"image\":{\"@id\":\"http:\/\/spazio-news.it\/?p=2907#primaryimage\"},\"thumbnailUrl\":\"http:\/\/spazio-news.it\/wp-content\/uploads\/2019\/01\/Ministro-della-Difesa-Elisabetta-Trenta-spazio-news.it_.png\",\"datePublished\":\"2019-01-16T03:06:53+00:00\",\"dateModified\":\"2026-01-29T18:49:53+00:00\",\"description\":\"Un riconoscimento che rappresenta un \u201cchiaro segnale di attenzione del Dicastero verso le attuali esigenze di snellezza ed efficienza\",\"breadcrumb\":{\"@id\":\"http:\/\/spazio-news.it\/?p=2907#breadcrumb\"},\"inLanguage\":\"it-IT\",\"potentialAction\":[{\"@type\":\"ReadAction\",\"target\":[\"http:\/\/spazio-news.it\/?p=2907\"]}]},{\"@type\":\"ImageObject\",\"inLanguage\":\"it-IT\",\"@id\":\"http:\/\/spazio-news.it\/?p=2907#primaryimage\",\"url\":\"http:\/\/spazio-news.it\/wp-content\/uploads\/2019\/01\/Ministro-della-Difesa-Elisabetta-Trenta-spazio-news.it_.png\",\"contentUrl\":\"http:\/\/spazio-news.it\/wp-content\/uploads\/2019\/01\/Ministro-della-Difesa-Elisabetta-Trenta-spazio-news.it_.png\",\"width\":800,\"height\":446,\"caption\":\"Ministro della Difesa, Elisabetta Trenta spazio-news.it\"},{\"@type\":\"BreadcrumbList\",\"@id\":\"http:\/\/spazio-news.it\/?p=2907#breadcrumb\",\"itemListElement\":[{\"@type\":\"ListItem\",\"position\":1,\"name\":\"Home\",\"item\":\"http:\/\/spazio-news.it\/\"},{\"@type\":\"ListItem\",\"position\":2,\"name\":\"AGENZIA INDUSTRIE DIFESA: AL CEDECU L\u2019EXCELLENCE AWARDS\"}]},{\"@type\":\"WebSite\",\"@id\":\"http:\/\/spazio-news.it\/#website\",\"url\":\"http:\/\/spazio-news.it\/\",\"name\":\"Spazio-News Magazine\",\"description\":\"La guida che sfida la complessit\u00e0 del mondo industriale\",\"publisher\":{\"@id\":\"http:\/\/spazio-news.it\/#organization\"},\"alternateName\":\"Spazio-news.it\",\"potentialAction\":[{\"@type\":\"SearchAction\",\"target\":{\"@type\":\"EntryPoint\",\"urlTemplate\":\"http:\/\/spazio-news.it\/?s={search_term_string}\"},\"query-input\":{\"@type\":\"PropertyValueSpecification\",\"valueRequired\":true,\"valueName\":\"search_term_string\"}}],\"inLanguage\":\"it-IT\"},{\"@type\":\"Organization\",\"@id\":\"http:\/\/spazio-news.it\/#organization\",\"name\":\"Spazio-News Magazine\",\"url\":\"http:\/\/spazio-news.it\/\",\"logo\":{\"@type\":\"ImageObject\",\"inLanguage\":\"it-IT\",\"@id\":\"http:\/\/spazio-news.it\/#\/schema\/logo\/image\/\",\"url\":\"http:\/\/spazio-news.it\/wp-content\/uploads\/2023\/09\/Logo-Spazio-News-512-x-512-NO-testo.jpg\",\"contentUrl\":\"http:\/\/spazio-news.it\/wp-content\/uploads\/2023\/09\/Logo-Spazio-News-512-x-512-NO-testo.jpg\",\"width\":512,\"height\":512,\"caption\":\"Spazio-News Magazine\"},\"image\":{\"@id\":\"http:\/\/spazio-news.it\/#\/schema\/logo\/image\/\"},\"sameAs\":[\"https:\/\/m.facebook.com\/spazio-news-magazine\",\"https:\/\/x.com\/News_spazio\"]},{\"@type\":\"Person\",\"@id\":\"http:\/\/spazio-news.it\/#\/schema\/person\/c600904e882e9e166ed8e5e3773d37b3\",\"name\":\"Redazione\",\"sameAs\":[\"http:\/\/spazio-news.it\",\"@SpazioNewsMagazine\",\"https:\/\/x.com\/@news_spazio\"],\"url\":\"http:\/\/spazio-news.it\/?author=1\"}]}<\/script>\n<!-- \/ Yoast SEO plugin. -->","yoast_head_json":{"title":"AGENZIA INDUSTRIE DIFESA: AL CEDECU L\u2019EXCELLENCE AWARDS &#187; Spazio-News Magazine","description":"Un riconoscimento che rappresenta un \u201cchiaro segnale di attenzione del Dicastero verso le attuali esigenze di snellezza ed efficienza","robots":{"index":"index","follow":"follow","max-snippet":"max-snippet:-1","max-image-preview":"max-image-preview:large","max-video-preview":"max-video-preview:-1"},"canonical":"http:\/\/spazio-news.it\/?p=2907","og_locale":"it_IT","og_type":"article","og_title":"AGENZIA INDUSTRIE DIFESA: AL CEDECU L\u2019EXCELLENCE AWARDS &#187; Spazio-News Magazine","og_description":"Un riconoscimento che rappresenta un \u201cchiaro segnale di attenzione del Dicastero verso le attuali esigenze di snellezza ed efficienza","og_url":"http:\/\/spazio-news.it\/?p=2907","og_site_name":"Spazio-News Magazine","article_publisher":"https:\/\/m.facebook.com\/spazio-news-magazine","article_author":"@SpazioNewsMagazine","article_published_time":"2019-01-16T03:06:53+00:00","article_modified_time":"2026-01-29T18:49:53+00:00","og_image":[{"width":800,"height":446,"url":"http:\/\/spazio-news.it\/wp-content\/uploads\/2019\/01\/Ministro-della-Difesa-Elisabetta-Trenta-spazio-news.it_.png","type":"image\/png"}],"author":"Redazione","twitter_card":"summary_large_image","twitter_creator":"@news_spazio","twitter_site":"@News_spazio","twitter_misc":{"Scritto da":"Redazione","Tempo di lettura stimato":"1 minuto"},"schema":{"@context":"https:\/\/schema.org","@graph":[{"@type":"NewsArticle","@id":"http:\/\/spazio-news.it\/?p=2907#article","isPartOf":{"@id":"http:\/\/spazio-news.it\/?p=2907"},"author":{"name":"Redazione","@id":"http:\/\/spazio-news.it\/#\/schema\/person\/c600904e882e9e166ed8e5e3773d37b3"},"headline":"AGENZIA INDUSTRIE DIFESA: AL CEDECU L\u2019EXCELLENCE AWARDS","datePublished":"2019-01-16T03:06:53+00:00","dateModified":"2026-01-29T18:49:53+00:00","mainEntityOfPage":{"@id":"http:\/\/spazio-news.it\/?p=2907"},"wordCount":261,"publisher":{"@id":"http:\/\/spazio-news.it\/#organization"},"image":{"@id":"http:\/\/spazio-news.it\/?p=2907#primaryimage"},"thumbnailUrl":"http:\/\/spazio-news.it\/wp-content\/uploads\/2019\/01\/Ministro-della-Difesa-Elisabetta-Trenta-spazio-news.it_.png","keywords":["Centro di Dematerializzazione e Conservazione Unico della Difesa - CEDECU","Certiquality","Elisabetta Trenta","Excellence Awards","Gaeta","Ministero della Difesa"],"articleSection":["01 - PRIMA PAGINA","03 - ISTITUZIONI"],"inLanguage":"it-IT"},{"@type":"WebPage","@id":"http:\/\/spazio-news.it\/?p=2907","url":"http:\/\/spazio-news.it\/?p=2907","name":"AGENZIA INDUSTRIE DIFESA: AL CEDECU L\u2019EXCELLENCE AWARDS &#187; Spazio-News Magazine","isPartOf":{"@id":"http:\/\/spazio-news.it\/#website"},"primaryImageOfPage":{"@id":"http:\/\/spazio-news.it\/?p=2907#primaryimage"},"image":{"@id":"http:\/\/spazio-news.it\/?p=2907#primaryimage"},"thumbnailUrl":"http:\/\/spazio-news.it\/wp-content\/uploads\/2019\/01\/Ministro-della-Difesa-Elisabetta-Trenta-spazio-news.it_.png","datePublished":"2019-01-16T03:06:53+00:00","dateModified":"2026-01-29T18:49:53+00:00","description":"Un riconoscimento che rappresenta un \u201cchiaro segnale di attenzione del Dicastero verso le attuali esigenze di snellezza ed efficienza","breadcrumb":{"@id":"http:\/\/spazio-news.it\/?p=2907#breadcrumb"},"inLanguage":"it-IT","potentialAction":[{"@type":"ReadAction","target":["http:\/\/spazio-news.it\/?p=2907"]}]},{"@type":"ImageObject","inLanguage":"it-IT","@id":"http:\/\/spazio-news.it\/?p=2907#primaryimage","url":"http:\/\/spazio-news.it\/wp-content\/uploads\/2019\/01\/Ministro-della-Difesa-Elisabetta-Trenta-spazio-news.it_.png","contentUrl":"http:\/\/spazio-news.it\/wp-content\/uploads\/2019\/01\/Ministro-della-Difesa-Elisabetta-Trenta-spazio-news.it_.png","width":800,"height":446,"caption":"Ministro della Difesa, Elisabetta Trenta spazio-news.it"},{"@type":"BreadcrumbList","@id":"http:\/\/spazio-news.it\/?p=2907#breadcrumb","itemListElement":[{"@type":"ListItem","position":1,"name":"Home","item":"http:\/\/spazio-news.it\/"},{"@type":"ListItem","position":2,"name":"AGENZIA INDUSTRIE DIFESA: AL CEDECU L\u2019EXCELLENCE AWARDS"}]},{"@type":"WebSite","@id":"http:\/\/spazio-news.it\/#website","url":"http:\/\/spazio-news.it\/","name":"Spazio-News Magazine","description":"La guida che sfida la complessit\u00e0 del mondo industriale","publisher":{"@id":"http:\/\/spazio-news.it\/#organization"},"alternateName":"Spazio-news.it","potentialAction":[{"@type":"SearchAction","target":{"@type":"EntryPoint","urlTemplate":"http:\/\/spazio-news.it\/?s={search_term_string}"},"query-input":{"@type":"PropertyValueSpecification","valueRequired":true,"valueName":"search_term_string"}}],"inLanguage":"it-IT"},{"@type":"Organization","@id":"http:\/\/spazio-news.it\/#organization","name":"Spazio-News Magazine","url":"http:\/\/spazio-news.it\/","logo":{"@type":"ImageObject","inLanguage":"it-IT","@id":"http:\/\/spazio-news.it\/#\/schema\/logo\/image\/","url":"http:\/\/spazio-news.it\/wp-content\/uploads\/2023\/09\/Logo-Spazio-News-512-x-512-NO-testo.jpg","contentUrl":"http:\/\/spazio-news.it\/wp-content\/uploads\/2023\/09\/Logo-Spazio-News-512-x-512-NO-testo.jpg","width":512,"height":512,"caption":"Spazio-News Magazine"},"image":{"@id":"http:\/\/spazio-news.it\/#\/schema\/logo\/image\/"},"sameAs":["https:\/\/m.facebook.com\/spazio-news-magazine","https:\/\/x.com\/News_spazio"]},{"@type":"Person","@id":"http:\/\/spazio-news.it\/#\/schema\/person\/c600904e882e9e166ed8e5e3773d37b3","name":"Redazione","sameAs":["http:\/\/spazio-news.it","@SpazioNewsMagazine","https:\/\/x.com\/@news_spazio"],"url":"http:\/\/spazio-news.it\/?author=1"}]}},"_links":{"self":[{"href":"http:\/\/spazio-news.it\/index.php?rest_route=\/wp\/v2\/posts\/2907","targetHints":{"allow":["GET"]}}],"collection":[{"href":"http:\/\/spazio-news.it\/index.php?rest_route=\/wp\/v2\/posts"}],"about":[{"href":"http:\/\/spazio-news.it\/index.php?rest_route=\/wp\/v2\/types\/post"}],"author":[{"embeddable":true,"href":"http:\/\/spazio-news.it\/index.php?rest_route=\/wp\/v2\/users\/1"}],"replies":[{"embeddable":true,"href":"http:\/\/spazio-news.it\/index.php?rest_route=%2Fwp%2Fv2%2Fcomments&post=2907"}],"version-history":[{"count":5,"href":"http:\/\/spazio-news.it\/index.php?rest_route=\/wp\/v2\/posts\/2907\/revisions"}],"predecessor-version":[{"id":12828,"href":"http:\/\/spazio-news.it\/index.php?rest_route=\/wp\/v2\/posts\/2907\/revisions\/12828"}],"wp:featuredmedia":[{"embeddable":true,"href":"http:\/\/spazio-news.it\/index.php?rest_route=\/wp\/v2\/media\/2908"}],"wp:attachment":[{"href":"http:\/\/spazio-news.it\/index.php?rest_route=%2Fwp%2Fv2%2Fmedia&parent=2907"}],"wp:term":[{"taxonomy":"category","embeddable":true,"href":"http:\/\/spazio-news.it\/index.php?rest_route=%2Fwp%2Fv2%2Fcategories&post=2907"},{"taxonomy":"post_tag","embeddable":true,"href":"http:\/\/spazio-news.it\/index.php?rest_route=%2Fwp%2Fv2%2Ftags&post=2907"}],"curies":[{"name":"wp","href":"https:\/\/api.w.org\/{rel}","templated":true}]}}