{"id":3016,"date":"2019-01-24T13:59:28","date_gmt":"2019-01-24T12:59:28","guid":{"rendered":"http:\/\/spazio-news.it\/?p=3016"},"modified":"2026-01-29T19:50:16","modified_gmt":"2026-01-29T18:50:16","slug":"ibar-ana-air-europa-e-vueling-nuove-associate","status":"publish","type":"post","link":"http:\/\/spazio-news.it\/?p=3016","title":{"rendered":"IBAR: ANA, AIR EUROPA E VUELING NUOVE ASSOCIATE"},"content":{"rendered":"\n<p>Inizio d\u2019anno con tre nuove compagnie che si associano a <a rel=\"noreferrer noopener\" aria-label=\"Ibar (si apre in una nuova scheda)\" href=\"https:\/\/ibarair.eu\/\" target=\"_blank\">Ibar<\/a>. <strong>ANA (All Nippon Airways)<\/strong>, <strong>Air Europa<\/strong> e <strong>Vueling<\/strong> entrano a far parte dell\u2019<strong>Associazione delle Compagnie Aeree operanti in Italia<\/strong>.<br><br><em>\u201cInterpretiamo queste nuove adesioni come il riconoscimento di un lavoro ben fatto e un incoraggiamento a proseguire nel percorso che ci vede costantemente impegnati nella tutela degli interessi delle compagnie aeree e dei loro clienti<\/em> \u2013 ha dichiarato il presidente <strong>Benito Negrini<\/strong>, appena rieletto \u2013. <em>In un mercato aperto come quello del trasporto aereo i singoli attori si impegnano al massimo e competono tra di loro per conquistare e mantenere quote di mercato ma condividono l\u2019obiettivo di operare in un quadro normativo chiaro e stabile, come quello di poter contare su una adeguata rappresentanza a tutela degli interessi comuni\u201d<\/em>.<br><br>Fondata nel 1952, All Nippon Airways \u00e8 diventata la pi\u00f9 grande compagnia aerea in Giappone e una delle pi\u00f9 importanti in Asia, con 78 rotte internazionali e 118 rotte domestiche. <br>I passeggeri italiani, grazie a comode coincidenze da numerose citt\u00e0 italiane fra cui Roma, Milano, Firenze, Bologna, Venezia, Napoli e Torino, possono volare oggi a Tokyo Haneda via Francoforte, Monaco di Baviera e Vienna, e a Tokyo Narita via D\u00fcsseldorf e Bruxelles.<br> Il Gruppo ANA, membro di Star Alliance dal 1999, ha trasportato 53,8 milioni di passeggeri nell\u2019anno finanziario 2017\/2018 e opera con una flotta di 260 aeromobili.<\/p>\n\n\n\n<p><a rel=\"noreferrer noopener\" label=\"Air Europa (si apre in una nuova scheda)\" href=\"https:\/\/www.aireuropa.com\" target=\"_blank\">Air Europa<\/a> \u00e8 una compagnia aerea controllata dalla holding Globalia Corporaci\u00f3n, il maggior gruppo turistico di Spagna. Il suo network comprende 93 destinazioni in 30 paesi. Dall\u2019Italia effettua un triplo servizio giornaliero per l\u2019hub di Madrid da Milano Malpensa e Roma Fiumicino, in codeshare con Alitalia, e doppia frequenza da Venezia Marco Polo. Prevede coincidenze per le 23 destinazioni long-haul in Nord America, Sud America e Caraibi. Fondata nel 1986, oggi \u00e8 il secondo vettore di Spagna con oltre 10 milioni di passeggeri trasportati nel 2017.<br><br>La compagnia Vueling fa parte parte di IAG, uno dei principali gruppi aerei al mondo, e in tutto il suo network \u00e8 operativa complessivamente con oltre 330 rotte verso pi\u00f9 di 120 destinazioni in tutta Europa, Medio Oriente e Africa. Conta su una flotta di 114 aeromobili modello A319, A320, A320neo e A321. Nel 2004 ha iniziato le operazioni in Italia, che \u00e8 diventata il 2\u00b0 mercato internazionale per capacit\u00e0 dopo la Spagna. Nel nostro Paese Vueling \u00e8 presente in 17 aeroporti e ha 12 aerei basati, di cui 10 presso l\u2019hub di Roma Fiumicino &#8211; il secondo hub internazionale della compagnia aerea dopo quello principale di Barcellona El-Prat &#8211; e 2 presso Firenze. Per la prossima stagione estiva, i passeggeri italiani hanno a disposizione 80 rotte dirette di cui 5 nuove in partenza dall\u2019Italia: Firenze-Praga, Firenze-Vienna, Firenze-Monaco, Firenze-Bilbao e Catania-Valencia.<\/p>\n","protected":false},"excerpt":{"rendered":"<p>Inizio d\u2019anno con tre nuove compagnie che si associano a Ibar. ANA (All Nippon Airways), Air Europa e Vueling entrano<\/p>\n","protected":false},"author":1,"featured_media":1828,"comment_status":"closed","ping_status":"open","sticky":false,"template":"","format":"standard","meta":{"colormag_page_container_layout":"default_layout","colormag_page_sidebar_layout":"default_layout","footnotes":""},"categories":[32,3,1],"tags":[1449,829,376,1770,500],"class_list":["post-3016","post","type-post","status-publish","format-standard","has-post-thumbnail","hentry","category-prima-pagina","category-industria","category-notizie-di-servizio","tag-air-europa","tag-all-nippon-airways-ana","tag-compagnie-aeree","tag-ibar","tag-vueling"],"yoast_head":"<!-- This site is optimized with the Yoast SEO plugin v26.8 - https:\/\/yoast.com\/product\/yoast-seo-wordpress\/ -->\n<title>IBAR: ANA, AIR EUROPA E VUELING NUOVE ASSOCIATE &#187; Spazio-News Magazine<\/title>\n<meta name=\"description\" content=\"ANA, Vueling ed Air Europa entrano a far parte di IBAR, associazione delle conmpagnie aree straniere operanti in Italia\" \/>\n<meta name=\"robots\" content=\"index, follow, max-snippet:-1, max-image-preview:large, max-video-preview:-1\" \/>\n<link rel=\"canonical\" href=\"http:\/\/spazio-news.it\/?p=3016\" \/>\n<meta property=\"og:locale\" content=\"it_IT\" \/>\n<meta property=\"og:type\" content=\"article\" \/>\n<meta property=\"og:title\" content=\"IBAR: ANA, AIR EUROPA E VUELING NUOVE ASSOCIATE &#187; Spazio-News Magazine\" \/>\n<meta property=\"og:description\" content=\"ANA, Vueling ed Air Europa entrano a far parte di IBAR, associazione delle conmpagnie aree straniere operanti in Italia\" \/>\n<meta property=\"og:url\" content=\"http:\/\/spazio-news.it\/?p=3016\" \/>\n<meta property=\"og:site_name\" content=\"Spazio-News Magazine\" \/>\n<meta property=\"article:publisher\" content=\"https:\/\/m.facebook.com\/spazio-news-magazine\" \/>\n<meta property=\"article:author\" content=\"@SpazioNewsMagazine\" \/>\n<meta property=\"article:published_time\" content=\"2019-01-24T12:59:28+00:00\" \/>\n<meta property=\"article:modified_time\" content=\"2026-01-29T18:50:16+00:00\" \/>\n<meta property=\"og:image\" content=\"http:\/\/spazio-news.it\/wp-content\/uploads\/2018\/10\/Vueling_Spazio-news-e1540631808833.jpg\" \/>\n\t<meta property=\"og:image:width\" content=\"800\" \/>\n\t<meta property=\"og:image:height\" content=\"446\" \/>\n\t<meta property=\"og:image:type\" content=\"image\/jpeg\" \/>\n<meta name=\"author\" content=\"Redazione\" \/>\n<meta name=\"twitter:card\" content=\"summary_large_image\" \/>\n<meta name=\"twitter:creator\" content=\"@news_spazio\" \/>\n<meta name=\"twitter:site\" content=\"@News_spazio\" \/>\n<meta name=\"twitter:label1\" content=\"Scritto da\" \/>\n\t<meta name=\"twitter:data1\" content=\"Redazione\" \/>\n\t<meta name=\"twitter:label2\" content=\"Tempo di lettura stimato\" \/>\n\t<meta name=\"twitter:data2\" content=\"2 minuti\" \/>\n<script type=\"application\/ld+json\" class=\"yoast-schema-graph\">{\"@context\":\"https:\/\/schema.org\",\"@graph\":[{\"@type\":\"NewsArticle\",\"@id\":\"http:\/\/spazio-news.it\/?p=3016#article\",\"isPartOf\":{\"@id\":\"http:\/\/spazio-news.it\/?p=3016\"},\"author\":{\"name\":\"Redazione\",\"@id\":\"https:\/\/spazio-news.it\/#\/schema\/person\/c600904e882e9e166ed8e5e3773d37b3\"},\"headline\":\"IBAR: ANA, AIR EUROPA E VUELING NUOVE ASSOCIATE\",\"datePublished\":\"2019-01-24T12:59:28+00:00\",\"dateModified\":\"2026-01-29T18:50:16+00:00\",\"mainEntityOfPage\":{\"@id\":\"http:\/\/spazio-news.it\/?p=3016\"},\"wordCount\":441,\"publisher\":{\"@id\":\"https:\/\/spazio-news.it\/#organization\"},\"image\":{\"@id\":\"http:\/\/spazio-news.it\/?p=3016#primaryimage\"},\"thumbnailUrl\":\"http:\/\/spazio-news.it\/wp-content\/uploads\/2018\/10\/Vueling_Spazio-news-e1540631808833.jpg\",\"keywords\":[\"Air Europa\",\"All Nippon Airways - ANA\",\"Compagnie aeree\",\"IBAR\",\"Vueling\"],\"articleSection\":[\"01 - PRIMA PAGINA\",\"02 - INDUSTRIA\",\"08 - NOTIZIE DI SERVIZIO\"],\"inLanguage\":\"it-IT\"},{\"@type\":\"WebPage\",\"@id\":\"http:\/\/spazio-news.it\/?p=3016\",\"url\":\"http:\/\/spazio-news.it\/?p=3016\",\"name\":\"IBAR: ANA, AIR EUROPA E VUELING NUOVE ASSOCIATE &#187; Spazio-News Magazine\",\"isPartOf\":{\"@id\":\"https:\/\/spazio-news.it\/#website\"},\"primaryImageOfPage\":{\"@id\":\"http:\/\/spazio-news.it\/?p=3016#primaryimage\"},\"image\":{\"@id\":\"http:\/\/spazio-news.it\/?p=3016#primaryimage\"},\"thumbnailUrl\":\"http:\/\/spazio-news.it\/wp-content\/uploads\/2018\/10\/Vueling_Spazio-news-e1540631808833.jpg\",\"datePublished\":\"2019-01-24T12:59:28+00:00\",\"dateModified\":\"2026-01-29T18:50:16+00:00\",\"description\":\"ANA, Vueling ed Air Europa entrano a far parte di IBAR, associazione delle conmpagnie aree straniere operanti in Italia\",\"breadcrumb\":{\"@id\":\"http:\/\/spazio-news.it\/?p=3016#breadcrumb\"},\"inLanguage\":\"it-IT\",\"potentialAction\":[{\"@type\":\"ReadAction\",\"target\":[\"http:\/\/spazio-news.it\/?p=3016\"]}]},{\"@type\":\"ImageObject\",\"inLanguage\":\"it-IT\",\"@id\":\"http:\/\/spazio-news.it\/?p=3016#primaryimage\",\"url\":\"http:\/\/spazio-news.it\/wp-content\/uploads\/2018\/10\/Vueling_Spazio-news-e1540631808833.jpg\",\"contentUrl\":\"http:\/\/spazio-news.it\/wp-content\/uploads\/2018\/10\/Vueling_Spazio-news-e1540631808833.jpg\",\"width\":800,\"height\":446,\"caption\":\"Vueling_Spazio-news\"},{\"@type\":\"BreadcrumbList\",\"@id\":\"http:\/\/spazio-news.it\/?p=3016#breadcrumb\",\"itemListElement\":[{\"@type\":\"ListItem\",\"position\":1,\"name\":\"Home\",\"item\":\"https:\/\/spazio-news.it\/\"},{\"@type\":\"ListItem\",\"position\":2,\"name\":\"IBAR: ANA, AIR EUROPA E VUELING NUOVE ASSOCIATE\"}]},{\"@type\":\"WebSite\",\"@id\":\"https:\/\/spazio-news.it\/#website\",\"url\":\"https:\/\/spazio-news.it\/\",\"name\":\"Spazio-News Magazine\",\"description\":\"La guida che sfida la complessit\u00e0 del mondo industriale\",\"publisher\":{\"@id\":\"https:\/\/spazio-news.it\/#organization\"},\"alternateName\":\"Spazio-news.it\",\"potentialAction\":[{\"@type\":\"SearchAction\",\"target\":{\"@type\":\"EntryPoint\",\"urlTemplate\":\"https:\/\/spazio-news.it\/?s={search_term_string}\"},\"query-input\":{\"@type\":\"PropertyValueSpecification\",\"valueRequired\":true,\"valueName\":\"search_term_string\"}}],\"inLanguage\":\"it-IT\"},{\"@type\":\"Organization\",\"@id\":\"https:\/\/spazio-news.it\/#organization\",\"name\":\"Spazio-News Magazine\",\"url\":\"https:\/\/spazio-news.it\/\",\"logo\":{\"@type\":\"ImageObject\",\"inLanguage\":\"it-IT\",\"@id\":\"https:\/\/spazio-news.it\/#\/schema\/logo\/image\/\",\"url\":\"http:\/\/spazio-news.it\/wp-content\/uploads\/2023\/09\/Logo-Spazio-News-512-x-512-NO-testo.jpg\",\"contentUrl\":\"http:\/\/spazio-news.it\/wp-content\/uploads\/2023\/09\/Logo-Spazio-News-512-x-512-NO-testo.jpg\",\"width\":512,\"height\":512,\"caption\":\"Spazio-News Magazine\"},\"image\":{\"@id\":\"https:\/\/spazio-news.it\/#\/schema\/logo\/image\/\"},\"sameAs\":[\"https:\/\/m.facebook.com\/spazio-news-magazine\",\"https:\/\/x.com\/News_spazio\"]},{\"@type\":\"Person\",\"@id\":\"https:\/\/spazio-news.it\/#\/schema\/person\/c600904e882e9e166ed8e5e3773d37b3\",\"name\":\"Redazione\",\"sameAs\":[\"http:\/\/spazio-news.it\",\"@SpazioNewsMagazine\",\"https:\/\/x.com\/@news_spazio\"],\"url\":\"http:\/\/spazio-news.it\/?author=1\"}]}<\/script>\n<!-- \/ Yoast SEO plugin. -->","yoast_head_json":{"title":"IBAR: ANA, AIR EUROPA E VUELING NUOVE ASSOCIATE &#187; Spazio-News Magazine","description":"ANA, Vueling ed Air Europa entrano a far parte di IBAR, associazione delle conmpagnie aree straniere operanti in Italia","robots":{"index":"index","follow":"follow","max-snippet":"max-snippet:-1","max-image-preview":"max-image-preview:large","max-video-preview":"max-video-preview:-1"},"canonical":"http:\/\/spazio-news.it\/?p=3016","og_locale":"it_IT","og_type":"article","og_title":"IBAR: ANA, AIR EUROPA E VUELING NUOVE ASSOCIATE &#187; Spazio-News Magazine","og_description":"ANA, Vueling ed Air Europa entrano a far parte di IBAR, associazione delle conmpagnie aree straniere operanti in Italia","og_url":"http:\/\/spazio-news.it\/?p=3016","og_site_name":"Spazio-News Magazine","article_publisher":"https:\/\/m.facebook.com\/spazio-news-magazine","article_author":"@SpazioNewsMagazine","article_published_time":"2019-01-24T12:59:28+00:00","article_modified_time":"2026-01-29T18:50:16+00:00","og_image":[{"width":800,"height":446,"url":"http:\/\/spazio-news.it\/wp-content\/uploads\/2018\/10\/Vueling_Spazio-news-e1540631808833.jpg","type":"image\/jpeg"}],"author":"Redazione","twitter_card":"summary_large_image","twitter_creator":"@news_spazio","twitter_site":"@News_spazio","twitter_misc":{"Scritto da":"Redazione","Tempo di lettura stimato":"2 minuti"},"schema":{"@context":"https:\/\/schema.org","@graph":[{"@type":"NewsArticle","@id":"http:\/\/spazio-news.it\/?p=3016#article","isPartOf":{"@id":"http:\/\/spazio-news.it\/?p=3016"},"author":{"name":"Redazione","@id":"https:\/\/spazio-news.it\/#\/schema\/person\/c600904e882e9e166ed8e5e3773d37b3"},"headline":"IBAR: ANA, AIR EUROPA E VUELING NUOVE ASSOCIATE","datePublished":"2019-01-24T12:59:28+00:00","dateModified":"2026-01-29T18:50:16+00:00","mainEntityOfPage":{"@id":"http:\/\/spazio-news.it\/?p=3016"},"wordCount":441,"publisher":{"@id":"https:\/\/spazio-news.it\/#organization"},"image":{"@id":"http:\/\/spazio-news.it\/?p=3016#primaryimage"},"thumbnailUrl":"http:\/\/spazio-news.it\/wp-content\/uploads\/2018\/10\/Vueling_Spazio-news-e1540631808833.jpg","keywords":["Air Europa","All Nippon Airways - ANA","Compagnie aeree","IBAR","Vueling"],"articleSection":["01 - PRIMA PAGINA","02 - INDUSTRIA","08 - NOTIZIE DI SERVIZIO"],"inLanguage":"it-IT"},{"@type":"WebPage","@id":"http:\/\/spazio-news.it\/?p=3016","url":"http:\/\/spazio-news.it\/?p=3016","name":"IBAR: ANA, AIR EUROPA E VUELING NUOVE ASSOCIATE &#187; Spazio-News Magazine","isPartOf":{"@id":"https:\/\/spazio-news.it\/#website"},"primaryImageOfPage":{"@id":"http:\/\/spazio-news.it\/?p=3016#primaryimage"},"image":{"@id":"http:\/\/spazio-news.it\/?p=3016#primaryimage"},"thumbnailUrl":"http:\/\/spazio-news.it\/wp-content\/uploads\/2018\/10\/Vueling_Spazio-news-e1540631808833.jpg","datePublished":"2019-01-24T12:59:28+00:00","dateModified":"2026-01-29T18:50:16+00:00","description":"ANA, Vueling ed Air Europa entrano a far parte di IBAR, associazione delle conmpagnie aree straniere operanti in Italia","breadcrumb":{"@id":"http:\/\/spazio-news.it\/?p=3016#breadcrumb"},"inLanguage":"it-IT","potentialAction":[{"@type":"ReadAction","target":["http:\/\/spazio-news.it\/?p=3016"]}]},{"@type":"ImageObject","inLanguage":"it-IT","@id":"http:\/\/spazio-news.it\/?p=3016#primaryimage","url":"http:\/\/spazio-news.it\/wp-content\/uploads\/2018\/10\/Vueling_Spazio-news-e1540631808833.jpg","contentUrl":"http:\/\/spazio-news.it\/wp-content\/uploads\/2018\/10\/Vueling_Spazio-news-e1540631808833.jpg","width":800,"height":446,"caption":"Vueling_Spazio-news"},{"@type":"BreadcrumbList","@id":"http:\/\/spazio-news.it\/?p=3016#breadcrumb","itemListElement":[{"@type":"ListItem","position":1,"name":"Home","item":"https:\/\/spazio-news.it\/"},{"@type":"ListItem","position":2,"name":"IBAR: ANA, AIR EUROPA E VUELING NUOVE ASSOCIATE"}]},{"@type":"WebSite","@id":"https:\/\/spazio-news.it\/#website","url":"https:\/\/spazio-news.it\/","name":"Spazio-News Magazine","description":"La guida che sfida la complessit\u00e0 del mondo industriale","publisher":{"@id":"https:\/\/spazio-news.it\/#organization"},"alternateName":"Spazio-news.it","potentialAction":[{"@type":"SearchAction","target":{"@type":"EntryPoint","urlTemplate":"https:\/\/spazio-news.it\/?s={search_term_string}"},"query-input":{"@type":"PropertyValueSpecification","valueRequired":true,"valueName":"search_term_string"}}],"inLanguage":"it-IT"},{"@type":"Organization","@id":"https:\/\/spazio-news.it\/#organization","name":"Spazio-News Magazine","url":"https:\/\/spazio-news.it\/","logo":{"@type":"ImageObject","inLanguage":"it-IT","@id":"https:\/\/spazio-news.it\/#\/schema\/logo\/image\/","url":"http:\/\/spazio-news.it\/wp-content\/uploads\/2023\/09\/Logo-Spazio-News-512-x-512-NO-testo.jpg","contentUrl":"http:\/\/spazio-news.it\/wp-content\/uploads\/2023\/09\/Logo-Spazio-News-512-x-512-NO-testo.jpg","width":512,"height":512,"caption":"Spazio-News Magazine"},"image":{"@id":"https:\/\/spazio-news.it\/#\/schema\/logo\/image\/"},"sameAs":["https:\/\/m.facebook.com\/spazio-news-magazine","https:\/\/x.com\/News_spazio"]},{"@type":"Person","@id":"https:\/\/spazio-news.it\/#\/schema\/person\/c600904e882e9e166ed8e5e3773d37b3","name":"Redazione","sameAs":["http:\/\/spazio-news.it","@SpazioNewsMagazine","https:\/\/x.com\/@news_spazio"],"url":"http:\/\/spazio-news.it\/?author=1"}]}},"_links":{"self":[{"href":"http:\/\/spazio-news.it\/index.php?rest_route=\/wp\/v2\/posts\/3016","targetHints":{"allow":["GET"]}}],"collection":[{"href":"http:\/\/spazio-news.it\/index.php?rest_route=\/wp\/v2\/posts"}],"about":[{"href":"http:\/\/spazio-news.it\/index.php?rest_route=\/wp\/v2\/types\/post"}],"author":[{"embeddable":true,"href":"http:\/\/spazio-news.it\/index.php?rest_route=\/wp\/v2\/users\/1"}],"replies":[{"embeddable":true,"href":"http:\/\/spazio-news.it\/index.php?rest_route=%2Fwp%2Fv2%2Fcomments&post=3016"}],"version-history":[{"count":4,"href":"http:\/\/spazio-news.it\/index.php?rest_route=\/wp\/v2\/posts\/3016\/revisions"}],"predecessor-version":[{"id":12858,"href":"http:\/\/spazio-news.it\/index.php?rest_route=\/wp\/v2\/posts\/3016\/revisions\/12858"}],"wp:featuredmedia":[{"embeddable":true,"href":"http:\/\/spazio-news.it\/index.php?rest_route=\/wp\/v2\/media\/1828"}],"wp:attachment":[{"href":"http:\/\/spazio-news.it\/index.php?rest_route=%2Fwp%2Fv2%2Fmedia&parent=3016"}],"wp:term":[{"taxonomy":"category","embeddable":true,"href":"http:\/\/spazio-news.it\/index.php?rest_route=%2Fwp%2Fv2%2Fcategories&post=3016"},{"taxonomy":"post_tag","embeddable":true,"href":"http:\/\/spazio-news.it\/index.php?rest_route=%2Fwp%2Fv2%2Ftags&post=3016"}],"curies":[{"name":"wp","href":"https:\/\/api.w.org\/{rel}","templated":true}]}}