{"id":3088,"date":"2019-01-30T04:50:06","date_gmt":"2019-01-30T03:50:06","guid":{"rendered":"http:\/\/spazio-news.it\/?p=3088"},"modified":"2019-01-27T16:37:40","modified_gmt":"2019-01-27T15:37:40","slug":"fiat-500-nel-2018-record-di-vendita-in-ue","status":"publish","type":"post","link":"http:\/\/spazio-news.it\/?p=3088","title":{"rendered":"FIAT 500: NEL 2018 RECORD DI VENDITA IN UE"},"content":{"rendered":"<p>Simbolo del &#8220;Made in Italy&#8221; nel mondo, la <strong>Fiat 500<\/strong> continua a far parlare di s\u00e9 registrando, nel suo <strong>undicesimo anno di vita<\/strong>, il miglior progressivo di sempre con quasi <strong>194.000 unit\u00e0 immatricolate in Europa<\/strong> nel <strong>2018<\/strong> (totale <a href=\"https:\/\/www.fiat.it\/fiat-500\">Fiat 500<\/a> e <a href=\"https:\/\/www.abarth.it\/\">Abarth 500<\/a>). Si tratta dell&#8217;ennesimo <strong>record<\/strong> conquistato dalla vettura pi\u00f9 venduta del suo segmento dove segna anche la sua seconda migliore quota di sempre con circa il 15%.<\/p>\n<p><em>\u201cQuesto record di vendita \u00e8 la testimonianza di quanto la 500, sia una vera icona senza tempo nell&#8217;automotive e non solo per il marchio Fiat<\/em> \u2013 ha commentato <strong>Luca Napolitano<\/strong>, <strong>Head of EMEA Fiat and Abarth brand<\/strong> -. <em>Sono molto orgoglioso di questo risultato che vede la 500 leader di vendita in 11 Paesi europei e sul podio in altri quattro. In questi 11 anni di vita, la 500 non \u00e8 mai passata di moda e si \u00e8 affermata ovunque come simbolo del made in Italy che, senza mai perdere la propria identit\u00e0, ha saputo reinterpretarsi legandosi a brand iconici, dalla moda alla nautica di lusso, dalla tecnologia all&#8217;heritage, realizzando cos\u00ec oltre 30 serie speciali con le quali esplorare territori inusuali per una city-car. Insomma, come la sua illustre antesignana, la nuova 500 ha saputo colorare la quotidianit\u00e0 e le strade di tutto il mondo divenendo una risposta cool alle esigenze di mobilit\u00e0 urbana internazionale. Oggi \u00e8 la vettura Fiat pi\u00f9 globale con oltre 100 Paesi nel mondo in cui \u00e8 commercializzata e l&#8217;80% dei volumi realizzati&nbsp;fuori dall&#8217;Italia. Complessivamente, dal 2007 a oggi, sono oltre 2 milioni e 110 mila le Fiat 500 prodotte che diventano oltre 6 milioni se sommate a quelle dell&#8217;antesignana, realizzata dal 1957 al 1977, tanto da essere uno dei modelli Fiat pi\u00f9 venduti di tutti i tempi\u201d.<\/em><\/p>\n<p>L&#8217;iconica 500 continua dunque a stupire con il suo stile senza tempo e la sua essenza POP che fa nascere un sorriso di complicit\u00e0 sulle strade di tutto il mondo, anche grazie alla sua linea morbida e arrotondata.<\/p>\n<p>Tra i segreti del successo ci sono certamente le oltre <strong>30 serie speciali<\/strong>, su base <strong>Fiat 500<\/strong> e <strong>Abarth 595<\/strong>, che si sono succedute dal <strong>2007<\/strong> a oggi.<\/p>\n<p>Infatti, pur rimanendo sempre fedele a se stessa, la Fiat 500 si \u00e8 saputa trasformare ed \u00e8 cos\u00ec entrata in territori sempre nuovi come, ad esempio, quello della tecnologia, della moda, del design della nautica di lusso e, di conseguenza, ha avuto occasione di incontrare nuovi target, rinnovandosi continuamente ma rimanendo sempre un&#8217;icona intramontabile.<\/p>\n<p>E la <strong>strategia<\/strong> vincente si \u00e8 confermata anche nel 2018 con le <strong>serie speciali 500 Mirror<\/strong>, <strong>500 Collezione<\/strong> e <strong>500 Spiaggina &#8217;58<\/strong>.<\/p>\n<p>Infine, a coronamento di uno straordinario 2018, lo scorso <strong>dicembre<\/strong>&nbsp;\u00e8 stato annunciato che il <strong>10 febbraio<\/strong>, in occasione della <strong>mostra<\/strong> &#8220;<strong>The Value of Good Design<\/strong><em>&#8220;, <\/em>sar\u00e0 esposta, per la prima volta al pubblico, l&#8217;esemplare storico di <strong>Fiat 500 serie F<\/strong> acquistato dal <strong>MoMA<\/strong> di <strong>New York<\/strong>, a conferma della sua valenza simbolica nel campo del <strong>design mondiale<\/strong><em>.<\/em><\/p>\n","protected":false},"excerpt":{"rendered":"<p>Simbolo del &#8220;Made in Italy&#8221; nel mondo, la Fiat 500 continua a far parlare di s\u00e9 registrando, nel suo undicesimo<\/p>\n","protected":false},"author":1,"featured_media":3089,"comment_status":"closed","ping_status":"open","sticky":false,"template":"","format":"standard","meta":{"colormag_page_container_layout":"default_layout","colormag_page_sidebar_layout":"default_layout","footnotes":""},"categories":[32,3],"tags":[1952,1951,1955,1950,1953,1957,1954],"class_list":["post-3088","post","type-post","status-publish","format-standard","has-post-thumbnail","hentry","category-prima-pagina","category-industria","tag-abart-595","tag-abarth-500","tag-fca-group","tag-fiat-500","tag-fiat-500-serie-f","tag-fiat-luca-napolitano","tag-moma-di-new-york"],"yoast_head":"<!-- This site is optimized with the Yoast SEO plugin v26.8 - https:\/\/yoast.com\/product\/yoast-seo-wordpress\/ -->\n<title>FIAT 500: NEL 2018 RECORD DI VENDITA IN UE &#187; Spazio-News Magazine<\/title>\n<meta name=\"description\" content=\"Simbolo del &quot;Made in Italy&quot; la Fiat 500 continua a far parlare di s\u00e9 registrando, nel suo undicesimo anno di vita, il miglior progressivo\" \/>\n<meta name=\"robots\" content=\"index, follow, max-snippet:-1, max-image-preview:large, max-video-preview:-1\" \/>\n<link rel=\"canonical\" href=\"http:\/\/spazio-news.it\/?p=3088\" \/>\n<meta property=\"og:locale\" content=\"it_IT\" \/>\n<meta property=\"og:type\" content=\"article\" \/>\n<meta property=\"og:title\" content=\"FIAT 500: NEL 2018 RECORD DI VENDITA IN UE &#187; Spazio-News Magazine\" \/>\n<meta property=\"og:description\" content=\"Simbolo del &quot;Made in Italy&quot; la Fiat 500 continua a far parlare di s\u00e9 registrando, nel suo undicesimo anno di vita, il miglior progressivo\" \/>\n<meta property=\"og:url\" content=\"http:\/\/spazio-news.it\/?p=3088\" \/>\n<meta property=\"og:site_name\" content=\"Spazio-News Magazine\" \/>\n<meta property=\"article:publisher\" content=\"https:\/\/m.facebook.com\/spazio-news-magazine\" \/>\n<meta property=\"article:author\" content=\"@SpazioNewsMagazine\" \/>\n<meta property=\"article:published_time\" content=\"2019-01-30T03:50:06+00:00\" \/>\n<meta property=\"og:image\" content=\"http:\/\/spazio-news.it\/wp-content\/uploads\/2019\/01\/Fiat-500-FCA-Group-Fiat-Serie-F-MoMA-New-York-Spazio-News.it_.png\" \/>\n\t<meta property=\"og:image:width\" content=\"800\" \/>\n\t<meta property=\"og:image:height\" content=\"446\" \/>\n\t<meta property=\"og:image:type\" content=\"image\/png\" \/>\n<meta name=\"author\" content=\"Redazione\" \/>\n<meta name=\"twitter:card\" content=\"summary_large_image\" \/>\n<meta name=\"twitter:creator\" content=\"@news_spazio\" \/>\n<meta name=\"twitter:site\" content=\"@News_spazio\" \/>\n<meta name=\"twitter:label1\" content=\"Scritto da\" \/>\n\t<meta name=\"twitter:data1\" content=\"Redazione\" \/>\n\t<meta name=\"twitter:label2\" content=\"Tempo di lettura stimato\" \/>\n\t<meta name=\"twitter:data2\" content=\"2 minuti\" \/>\n<script type=\"application\/ld+json\" class=\"yoast-schema-graph\">{\"@context\":\"https:\/\/schema.org\",\"@graph\":[{\"@type\":\"NewsArticle\",\"@id\":\"http:\/\/spazio-news.it\/?p=3088#article\",\"isPartOf\":{\"@id\":\"http:\/\/spazio-news.it\/?p=3088\"},\"author\":{\"name\":\"Redazione\",\"@id\":\"https:\/\/spazio-news.it\/#\/schema\/person\/c600904e882e9e166ed8e5e3773d37b3\"},\"headline\":\"FIAT 500: NEL 2018 RECORD DI VENDITA IN UE\",\"datePublished\":\"2019-01-30T03:50:06+00:00\",\"mainEntityOfPage\":{\"@id\":\"http:\/\/spazio-news.it\/?p=3088\"},\"wordCount\":464,\"publisher\":{\"@id\":\"https:\/\/spazio-news.it\/#organization\"},\"image\":{\"@id\":\"http:\/\/spazio-news.it\/?p=3088#primaryimage\"},\"thumbnailUrl\":\"http:\/\/spazio-news.it\/wp-content\/uploads\/2019\/01\/Fiat-500-FCA-Group-Fiat-Serie-F-MoMA-New-York-Spazio-News.it_.png\",\"keywords\":[\"Abart 595\",\"Abarth 500\",\"FCA Group\",\"Fiat 500\",\"Fiat 500 Serie F\",\"Fiat Luca Napolitano\",\"MoMA di New York\"],\"articleSection\":[\"01 - PRIMA PAGINA\",\"02 - INDUSTRIA\"],\"inLanguage\":\"it-IT\"},{\"@type\":\"WebPage\",\"@id\":\"http:\/\/spazio-news.it\/?p=3088\",\"url\":\"http:\/\/spazio-news.it\/?p=3088\",\"name\":\"FIAT 500: NEL 2018 RECORD DI VENDITA IN UE &#187; Spazio-News Magazine\",\"isPartOf\":{\"@id\":\"https:\/\/spazio-news.it\/#website\"},\"primaryImageOfPage\":{\"@id\":\"http:\/\/spazio-news.it\/?p=3088#primaryimage\"},\"image\":{\"@id\":\"http:\/\/spazio-news.it\/?p=3088#primaryimage\"},\"thumbnailUrl\":\"http:\/\/spazio-news.it\/wp-content\/uploads\/2019\/01\/Fiat-500-FCA-Group-Fiat-Serie-F-MoMA-New-York-Spazio-News.it_.png\",\"datePublished\":\"2019-01-30T03:50:06+00:00\",\"description\":\"Simbolo del \\\"Made in Italy\\\" la Fiat 500 continua a far parlare di s\u00e9 registrando, nel suo undicesimo anno di vita, il miglior progressivo\",\"breadcrumb\":{\"@id\":\"http:\/\/spazio-news.it\/?p=3088#breadcrumb\"},\"inLanguage\":\"it-IT\",\"potentialAction\":[{\"@type\":\"ReadAction\",\"target\":[\"http:\/\/spazio-news.it\/?p=3088\"]}]},{\"@type\":\"ImageObject\",\"inLanguage\":\"it-IT\",\"@id\":\"http:\/\/spazio-news.it\/?p=3088#primaryimage\",\"url\":\"http:\/\/spazio-news.it\/wp-content\/uploads\/2019\/01\/Fiat-500-FCA-Group-Fiat-Serie-F-MoMA-New-York-Spazio-News.it_.png\",\"contentUrl\":\"http:\/\/spazio-news.it\/wp-content\/uploads\/2019\/01\/Fiat-500-FCA-Group-Fiat-Serie-F-MoMA-New-York-Spazio-News.it_.png\",\"width\":800,\"height\":446,\"caption\":\"Fiat 500 FCA Group Fiat Serie F MoMA New York www.Spazio-News.it\"},{\"@type\":\"BreadcrumbList\",\"@id\":\"http:\/\/spazio-news.it\/?p=3088#breadcrumb\",\"itemListElement\":[{\"@type\":\"ListItem\",\"position\":1,\"name\":\"Home\",\"item\":\"https:\/\/spazio-news.it\/\"},{\"@type\":\"ListItem\",\"position\":2,\"name\":\"FIAT 500: NEL 2018 RECORD DI VENDITA IN UE\"}]},{\"@type\":\"WebSite\",\"@id\":\"https:\/\/spazio-news.it\/#website\",\"url\":\"https:\/\/spazio-news.it\/\",\"name\":\"Spazio-News Magazine\",\"description\":\"La guida che sfida la complessit\u00e0 del mondo industriale\",\"publisher\":{\"@id\":\"https:\/\/spazio-news.it\/#organization\"},\"alternateName\":\"Spazio-news.it\",\"potentialAction\":[{\"@type\":\"SearchAction\",\"target\":{\"@type\":\"EntryPoint\",\"urlTemplate\":\"https:\/\/spazio-news.it\/?s={search_term_string}\"},\"query-input\":{\"@type\":\"PropertyValueSpecification\",\"valueRequired\":true,\"valueName\":\"search_term_string\"}}],\"inLanguage\":\"it-IT\"},{\"@type\":\"Organization\",\"@id\":\"https:\/\/spazio-news.it\/#organization\",\"name\":\"Spazio-News Magazine\",\"url\":\"https:\/\/spazio-news.it\/\",\"logo\":{\"@type\":\"ImageObject\",\"inLanguage\":\"it-IT\",\"@id\":\"https:\/\/spazio-news.it\/#\/schema\/logo\/image\/\",\"url\":\"http:\/\/spazio-news.it\/wp-content\/uploads\/2023\/09\/Logo-Spazio-News-512-x-512-NO-testo.jpg\",\"contentUrl\":\"http:\/\/spazio-news.it\/wp-content\/uploads\/2023\/09\/Logo-Spazio-News-512-x-512-NO-testo.jpg\",\"width\":512,\"height\":512,\"caption\":\"Spazio-News Magazine\"},\"image\":{\"@id\":\"https:\/\/spazio-news.it\/#\/schema\/logo\/image\/\"},\"sameAs\":[\"https:\/\/m.facebook.com\/spazio-news-magazine\",\"https:\/\/x.com\/News_spazio\"]},{\"@type\":\"Person\",\"@id\":\"https:\/\/spazio-news.it\/#\/schema\/person\/c600904e882e9e166ed8e5e3773d37b3\",\"name\":\"Redazione\",\"sameAs\":[\"http:\/\/spazio-news.it\",\"@SpazioNewsMagazine\",\"https:\/\/x.com\/@news_spazio\"],\"url\":\"http:\/\/spazio-news.it\/?author=1\"}]}<\/script>\n<!-- \/ Yoast SEO plugin. -->","yoast_head_json":{"title":"FIAT 500: NEL 2018 RECORD DI VENDITA IN UE &#187; Spazio-News Magazine","description":"Simbolo del \"Made in Italy\" la Fiat 500 continua a far parlare di s\u00e9 registrando, nel suo undicesimo anno di vita, il miglior progressivo","robots":{"index":"index","follow":"follow","max-snippet":"max-snippet:-1","max-image-preview":"max-image-preview:large","max-video-preview":"max-video-preview:-1"},"canonical":"http:\/\/spazio-news.it\/?p=3088","og_locale":"it_IT","og_type":"article","og_title":"FIAT 500: NEL 2018 RECORD DI VENDITA IN UE &#187; Spazio-News Magazine","og_description":"Simbolo del \"Made in Italy\" la Fiat 500 continua a far parlare di s\u00e9 registrando, nel suo undicesimo anno di vita, il miglior progressivo","og_url":"http:\/\/spazio-news.it\/?p=3088","og_site_name":"Spazio-News Magazine","article_publisher":"https:\/\/m.facebook.com\/spazio-news-magazine","article_author":"@SpazioNewsMagazine","article_published_time":"2019-01-30T03:50:06+00:00","og_image":[{"width":800,"height":446,"url":"http:\/\/spazio-news.it\/wp-content\/uploads\/2019\/01\/Fiat-500-FCA-Group-Fiat-Serie-F-MoMA-New-York-Spazio-News.it_.png","type":"image\/png"}],"author":"Redazione","twitter_card":"summary_large_image","twitter_creator":"@news_spazio","twitter_site":"@News_spazio","twitter_misc":{"Scritto da":"Redazione","Tempo di lettura stimato":"2 minuti"},"schema":{"@context":"https:\/\/schema.org","@graph":[{"@type":"NewsArticle","@id":"http:\/\/spazio-news.it\/?p=3088#article","isPartOf":{"@id":"http:\/\/spazio-news.it\/?p=3088"},"author":{"name":"Redazione","@id":"https:\/\/spazio-news.it\/#\/schema\/person\/c600904e882e9e166ed8e5e3773d37b3"},"headline":"FIAT 500: NEL 2018 RECORD DI VENDITA IN UE","datePublished":"2019-01-30T03:50:06+00:00","mainEntityOfPage":{"@id":"http:\/\/spazio-news.it\/?p=3088"},"wordCount":464,"publisher":{"@id":"https:\/\/spazio-news.it\/#organization"},"image":{"@id":"http:\/\/spazio-news.it\/?p=3088#primaryimage"},"thumbnailUrl":"http:\/\/spazio-news.it\/wp-content\/uploads\/2019\/01\/Fiat-500-FCA-Group-Fiat-Serie-F-MoMA-New-York-Spazio-News.it_.png","keywords":["Abart 595","Abarth 500","FCA Group","Fiat 500","Fiat 500 Serie F","Fiat Luca Napolitano","MoMA di New York"],"articleSection":["01 - PRIMA PAGINA","02 - INDUSTRIA"],"inLanguage":"it-IT"},{"@type":"WebPage","@id":"http:\/\/spazio-news.it\/?p=3088","url":"http:\/\/spazio-news.it\/?p=3088","name":"FIAT 500: NEL 2018 RECORD DI VENDITA IN UE &#187; Spazio-News Magazine","isPartOf":{"@id":"https:\/\/spazio-news.it\/#website"},"primaryImageOfPage":{"@id":"http:\/\/spazio-news.it\/?p=3088#primaryimage"},"image":{"@id":"http:\/\/spazio-news.it\/?p=3088#primaryimage"},"thumbnailUrl":"http:\/\/spazio-news.it\/wp-content\/uploads\/2019\/01\/Fiat-500-FCA-Group-Fiat-Serie-F-MoMA-New-York-Spazio-News.it_.png","datePublished":"2019-01-30T03:50:06+00:00","description":"Simbolo del \"Made in Italy\" la Fiat 500 continua a far parlare di s\u00e9 registrando, nel suo undicesimo anno di vita, il miglior progressivo","breadcrumb":{"@id":"http:\/\/spazio-news.it\/?p=3088#breadcrumb"},"inLanguage":"it-IT","potentialAction":[{"@type":"ReadAction","target":["http:\/\/spazio-news.it\/?p=3088"]}]},{"@type":"ImageObject","inLanguage":"it-IT","@id":"http:\/\/spazio-news.it\/?p=3088#primaryimage","url":"http:\/\/spazio-news.it\/wp-content\/uploads\/2019\/01\/Fiat-500-FCA-Group-Fiat-Serie-F-MoMA-New-York-Spazio-News.it_.png","contentUrl":"http:\/\/spazio-news.it\/wp-content\/uploads\/2019\/01\/Fiat-500-FCA-Group-Fiat-Serie-F-MoMA-New-York-Spazio-News.it_.png","width":800,"height":446,"caption":"Fiat 500 FCA Group Fiat Serie F MoMA New York www.Spazio-News.it"},{"@type":"BreadcrumbList","@id":"http:\/\/spazio-news.it\/?p=3088#breadcrumb","itemListElement":[{"@type":"ListItem","position":1,"name":"Home","item":"https:\/\/spazio-news.it\/"},{"@type":"ListItem","position":2,"name":"FIAT 500: NEL 2018 RECORD DI VENDITA IN UE"}]},{"@type":"WebSite","@id":"https:\/\/spazio-news.it\/#website","url":"https:\/\/spazio-news.it\/","name":"Spazio-News Magazine","description":"La guida che sfida la complessit\u00e0 del mondo industriale","publisher":{"@id":"https:\/\/spazio-news.it\/#organization"},"alternateName":"Spazio-news.it","potentialAction":[{"@type":"SearchAction","target":{"@type":"EntryPoint","urlTemplate":"https:\/\/spazio-news.it\/?s={search_term_string}"},"query-input":{"@type":"PropertyValueSpecification","valueRequired":true,"valueName":"search_term_string"}}],"inLanguage":"it-IT"},{"@type":"Organization","@id":"https:\/\/spazio-news.it\/#organization","name":"Spazio-News Magazine","url":"https:\/\/spazio-news.it\/","logo":{"@type":"ImageObject","inLanguage":"it-IT","@id":"https:\/\/spazio-news.it\/#\/schema\/logo\/image\/","url":"http:\/\/spazio-news.it\/wp-content\/uploads\/2023\/09\/Logo-Spazio-News-512-x-512-NO-testo.jpg","contentUrl":"http:\/\/spazio-news.it\/wp-content\/uploads\/2023\/09\/Logo-Spazio-News-512-x-512-NO-testo.jpg","width":512,"height":512,"caption":"Spazio-News Magazine"},"image":{"@id":"https:\/\/spazio-news.it\/#\/schema\/logo\/image\/"},"sameAs":["https:\/\/m.facebook.com\/spazio-news-magazine","https:\/\/x.com\/News_spazio"]},{"@type":"Person","@id":"https:\/\/spazio-news.it\/#\/schema\/person\/c600904e882e9e166ed8e5e3773d37b3","name":"Redazione","sameAs":["http:\/\/spazio-news.it","@SpazioNewsMagazine","https:\/\/x.com\/@news_spazio"],"url":"http:\/\/spazio-news.it\/?author=1"}]}},"_links":{"self":[{"href":"http:\/\/spazio-news.it\/index.php?rest_route=\/wp\/v2\/posts\/3088","targetHints":{"allow":["GET"]}}],"collection":[{"href":"http:\/\/spazio-news.it\/index.php?rest_route=\/wp\/v2\/posts"}],"about":[{"href":"http:\/\/spazio-news.it\/index.php?rest_route=\/wp\/v2\/types\/post"}],"author":[{"embeddable":true,"href":"http:\/\/spazio-news.it\/index.php?rest_route=\/wp\/v2\/users\/1"}],"replies":[{"embeddable":true,"href":"http:\/\/spazio-news.it\/index.php?rest_route=%2Fwp%2Fv2%2Fcomments&post=3088"}],"version-history":[{"count":3,"href":"http:\/\/spazio-news.it\/index.php?rest_route=\/wp\/v2\/posts\/3088\/revisions"}],"predecessor-version":[{"id":3160,"href":"http:\/\/spazio-news.it\/index.php?rest_route=\/wp\/v2\/posts\/3088\/revisions\/3160"}],"wp:featuredmedia":[{"embeddable":true,"href":"http:\/\/spazio-news.it\/index.php?rest_route=\/wp\/v2\/media\/3089"}],"wp:attachment":[{"href":"http:\/\/spazio-news.it\/index.php?rest_route=%2Fwp%2Fv2%2Fmedia&parent=3088"}],"wp:term":[{"taxonomy":"category","embeddable":true,"href":"http:\/\/spazio-news.it\/index.php?rest_route=%2Fwp%2Fv2%2Fcategories&post=3088"},{"taxonomy":"post_tag","embeddable":true,"href":"http:\/\/spazio-news.it\/index.php?rest_route=%2Fwp%2Fv2%2Ftags&post=3088"}],"curies":[{"name":"wp","href":"https:\/\/api.w.org\/{rel}","templated":true}]}}